{"id":27057,"date":"2021-06-17T16:32:17","date_gmt":"2021-06-17T14:32:17","guid":{"rendered":"https:\/\/blog.brand-architecture.at\/2021\/06\/17\/agenda-abrangente-na-assembleia-geral-do-spc\/"},"modified":"2025-12-15T13:08:10","modified_gmt":"2025-12-15T12:08:10","slug":"agenda-abrangente-na-assembleia-geral-do-spc","status":"publish","type":"post","link":"https:\/\/loginfo24.com\/pt-pt\/2021\/06\/17\/agenda-abrangente-na-assembleia-geral-do-spc\/","title":{"rendered":"Agenda abrangente na assembleia geral do spc"},"content":{"rendered":"<p>A associa\u00e7\u00e3o para a promo\u00e7\u00e3o do transporte mar\u00edtimo de curta dist\u00e2ncia e.V. como operadora do Shortseashipping Inland Waterway Promotion Center (spc) realizou a assembleia geral no 20\u00ba ano de sua exist\u00eancia. A agenda foi abrangente. Al\u00e9m das elei\u00e7\u00f5es regulares do conselho, a delibera\u00e7\u00e3o sobre uma altera\u00e7\u00e3o estatut\u00e1ria e a autoriza\u00e7\u00e3o para a elabora\u00e7\u00e3o de uma declara\u00e7\u00e3o de miss\u00e3o estavam na pauta.<\/p>\n<p>(Hamburgo\/Bonn) Na sua assembleia geral, a associa\u00e7\u00e3o para a promo\u00e7\u00e3o do transporte mar\u00edtimo de curta dist\u00e2ncia e.V. teve uma agenda rica a ser tratada.<\/p>\n<p>Nas elei\u00e7\u00f5es do conselho, foram confirmados nos cargos: Wolfgang Nowak, HGK Shipping GmbH como presidente do conselho, Heiko Loroff, S\u00e4chsische Binnenh\u00e4fen Oberelbe GmbH e delegado da Associa\u00e7\u00e3o Federal dos Portos Internos P\u00fablicos (B\u00d6B) como vice-presidente do conselho, e Susanne Neiro, K+S Minerals and Agriculture GmbH como membro do conselho. Novos membros do conselho eleitos foram Gerd Thiebes, Am Zehnhoff-S\u00f6ns Group e Alexander Busse, W.E.C. Lines Deutschland GmbH, ambos como membros do conselho. Nowak agradeceu ao seu antecessor Knut Sander tanto em sua fun\u00e7\u00e3o como presidente do conselho quanto pessoalmente por seu grande empenho e bom trabalho. Loroff elogiou Sander como algu\u00e9m que sempre esteve totalmente comprometido e tamb\u00e9m lhe agradeceu.<\/p>\n<h5><strong>Bem-sucedidos durante a pandemia<\/strong><\/h5>\n<p>Wolfgang Nowak considerou muito positivo que a associa\u00e7\u00e3o tenha conseguido lidar bem com as turbul\u00eancias e os efeitos da pandemia de Corona at\u00e9 agora. &#8220;A transi\u00e7\u00e3o para atividades digitais est\u00e1 funcionando bem e tem recebido uma resposta muito positiva. Conseguimos acolher muitos novos contatos que n\u00e3o ter\u00edamos alcan\u00e7ado com eventos presenciais. Al\u00e9m disso, o n\u00famero de membros permaneceu constante&#8221;, disse Nowak.<\/p>\n<p>O diretor executivo do spc, Markus N\u00f6lke, anunciou para o outono a cria\u00e7\u00e3o dos grupos de trabalho de navega\u00e7\u00e3o interior, transportes mar\u00edtimos de curta dist\u00e2ncia, transporte ferrovi\u00e1rio de mercadorias e portos \/ terminais. Nos grupos de trabalho, os membros da associa\u00e7\u00e3o podem utilizar a troca de experi\u00eancias para discutir solu\u00e7\u00f5es e recomenda\u00e7\u00f5es de a\u00e7\u00e3o para problemas urgentes do setor, bem como as condi\u00e7\u00f5es estruturais. Em discuss\u00f5es t\u00e9cnicas superiores e em uma confer\u00eancia de status anual, os resultados dos grupos de trabalho devem, ent\u00e3o, culminar em recomenda\u00e7\u00f5es concretas com foco em cadeias de transporte multimodais. &#8220;Com essa estrutura, o trabalho de conte\u00fado ser\u00e1 ainda mais fortalecido, concretizado e intensificado&#8221;, disse N\u00f6lke.<\/p>\n<h5><strong>Perfil da associa\u00e7\u00e3o deve se tornar mais vis\u00edvel<\/strong><\/h5>\n<p>&#8220;A associa\u00e7\u00e3o est\u00e1 atualmente trabalhando na elabora\u00e7\u00e3o de uma declara\u00e7\u00e3o de miss\u00e3o, na qual os elementos essenciais para o trabalho do spc ser\u00e3o documentados. Isso deve tornar o perfil da associa\u00e7\u00e3o e suas tarefas mais vis\u00edveis no exterior e servir para motivar todos os atores envolvidos. Esta declara\u00e7\u00e3o de miss\u00e3o deve se tornar a vitrine da associa\u00e7\u00e3o&#8221;, disse Nowak. Isso foi precedido por uma concretiza\u00e7\u00e3o e revis\u00e3o do estatuto, que foi aprovado na assembleia geral.<\/p>\n<p>Olhando para 2022, Nowak disse que os preparativos est\u00e3o em andamento e que, no momento, est\u00e3o se preparando para um ano &#8220;normal&#8221;. No entanto, restri\u00e7\u00f5es n\u00e3o podem ser descartadas. Esperamos poder realizar novamente os eventos presenciais habituais. Isso se aplica especialmente aos Dias de ShortSeashipping, que est\u00e3o planejados para os dias 23 e 24 de mar\u00e7o em L\u00fcbeck. Al\u00e9m disso, continuaremos a realizar eventos tem\u00e1ticos digitais.<\/p>\n<p>O pr\u00f3ximo evento do spc ocorrer\u00e1 em 21 de junho de forma digital e abordar\u00e1 o tema da Rota da Seda e a quest\u00e3o da sua import\u00e2ncia para os transportes mar\u00edtimos de curta dist\u00e2ncia e navega\u00e7\u00e3o interior. Com uma noite tem\u00e1tica em Neuss no dia 16 de setembro, o spc pretende retomar seus eventos presenciais.<\/p>\n<p>Foto: \u00a9 spc \/ <strong><em>Legenda da imagem:<\/em><\/strong><em> Wolfgang Nowak<\/em><\/p>\n","protected":false},"excerpt":{"rendered":"<p>A associa\u00e7\u00e3o para a promo\u00e7\u00e3o do transporte mar\u00edtimo de curta dist\u00e2ncia e.V. como operadora do Shortseashipping Inland Waterway Promotion Center (spc) realizou a assembleia geral no<span class=\"excerpt-hellip\"> [\u2026]<\/span><\/p>\n","protected":false},"author":0,"featured_media":0,"comment_status":"open","ping_status":"open","sticky":false,"template":"","format":"standard","meta":{"_acf_changed":false,"footnotes":""},"categories":[1557,1561,1559],"tags":[],"class_list":["post-27057","post","type-post","status-publish","format-standard","hentry","category-forwarding-logistics","category-regions","category-shipping-ports"],"acf":[],"yoast_head":"<!-- This site is optimized with the Yoast SEO plugin v27.3 - https:\/\/yoast.com\/product\/yoast-seo-wordpress\/ -->\n<title>Agenda abrangente na assembleia geral do spc - Loginfo24<\/title>\n<meta name=\"robots\" content=\"index, follow, max-snippet:-1, max-image-preview:large, max-video-preview:-1\" \/>\n<link rel=\"canonical\" href=\"https:\/\/loginfo24.com\/pt-pt\/2021\/06\/17\/agenda-abrangente-na-assembleia-geral-do-spc\/\" \/>\n<meta property=\"og:locale\" content=\"pt_PT\" \/>\n<meta property=\"og:type\" content=\"article\" \/>\n<meta property=\"og:title\" content=\"Agenda abrangente na assembleia geral do spc - Loginfo24\" \/>\n<meta property=\"og:description\" content=\"A associa\u00e7\u00e3o para a promo\u00e7\u00e3o do transporte mar\u00edtimo de curta dist\u00e2ncia e.V. como operadora do Shortseashipping Inland Waterway Promotion Center (spc) realizou a assembleia geral no [\u2026]\" \/>\n<meta property=\"og:url\" content=\"https:\/\/loginfo24.com\/pt-pt\/2021\/06\/17\/agenda-abrangente-na-assembleia-geral-do-spc\/\" \/>\n<meta property=\"og:site_name\" content=\"Loginfo24\" \/>\n<meta property=\"article:publisher\" content=\"https:\/\/www.facebook.com\/people\/Loginfo24\/100057360583332\/\" \/>\n<meta property=\"article:published_time\" content=\"2021-06-17T14:32:17+00:00\" \/>\n<meta property=\"article:modified_time\" content=\"2025-12-15T12:08:10+00:00\" \/>\n<meta name=\"twitter:card\" content=\"summary_large_image\" \/>\n<meta name=\"twitter:label1\" content=\"Tempo estimado de leitura\" \/>\n\t<meta name=\"twitter:data1\" content=\"3 minutos\" \/>\n<script type=\"application\/ld+json\" class=\"yoast-schema-graph\">{\"@context\":\"https:\\\/\\\/schema.org\",\"@graph\":[{\"@type\":\"Article\",\"@id\":\"https:\\\/\\\/loginfo24.com\\\/pt-pt\\\/2021\\\/06\\\/17\\\/agenda-abrangente-na-assembleia-geral-do-spc\\\/#article\",\"isPartOf\":{\"@id\":\"https:\\\/\\\/loginfo24.com\\\/pt-pt\\\/2021\\\/06\\\/17\\\/agenda-abrangente-na-assembleia-geral-do-spc\\\/\"},\"author\":{\"name\":\"\",\"@id\":\"\"},\"headline\":\"Agenda abrangente na assembleia geral do spc\",\"datePublished\":\"2021-06-17T14:32:17+00:00\",\"dateModified\":\"2025-12-15T12:08:10+00:00\",\"mainEntityOfPage\":{\"@id\":\"https:\\\/\\\/loginfo24.com\\\/pt-pt\\\/2021\\\/06\\\/17\\\/agenda-abrangente-na-assembleia-geral-do-spc\\\/\"},\"wordCount\":672,\"commentCount\":0,\"publisher\":{\"@id\":\"https:\\\/\\\/loginfo24.com\\\/pt-pt\\\/#organization\"},\"articleSection\":[\"Forwarding &amp; Logistics\",\"Regions\",\"Shipping &amp; Ports\"],\"inLanguage\":\"pt-PT\",\"potentialAction\":[{\"@type\":\"CommentAction\",\"name\":\"Comment\",\"target\":[\"https:\\\/\\\/loginfo24.com\\\/pt-pt\\\/2021\\\/06\\\/17\\\/agenda-abrangente-na-assembleia-geral-do-spc\\\/#respond\"]}]},{\"@type\":\"WebPage\",\"@id\":\"https:\\\/\\\/loginfo24.com\\\/pt-pt\\\/2021\\\/06\\\/17\\\/agenda-abrangente-na-assembleia-geral-do-spc\\\/\",\"url\":\"https:\\\/\\\/loginfo24.com\\\/pt-pt\\\/2021\\\/06\\\/17\\\/agenda-abrangente-na-assembleia-geral-do-spc\\\/\",\"name\":\"Agenda abrangente na assembleia geral do spc - Loginfo24\",\"isPartOf\":{\"@id\":\"https:\\\/\\\/loginfo24.com\\\/pt-pt\\\/#website\"},\"datePublished\":\"2021-06-17T14:32:17+00:00\",\"dateModified\":\"2025-12-15T12:08:10+00:00\",\"breadcrumb\":{\"@id\":\"https:\\\/\\\/loginfo24.com\\\/pt-pt\\\/2021\\\/06\\\/17\\\/agenda-abrangente-na-assembleia-geral-do-spc\\\/#breadcrumb\"},\"inLanguage\":\"pt-PT\",\"potentialAction\":[{\"@type\":\"ReadAction\",\"target\":[\"https:\\\/\\\/loginfo24.com\\\/pt-pt\\\/2021\\\/06\\\/17\\\/agenda-abrangente-na-assembleia-geral-do-spc\\\/\"]}]},{\"@type\":\"BreadcrumbList\",\"@id\":\"https:\\\/\\\/loginfo24.com\\\/pt-pt\\\/2021\\\/06\\\/17\\\/agenda-abrangente-na-assembleia-geral-do-spc\\\/#breadcrumb\",\"itemListElement\":[{\"@type\":\"ListItem\",\"position\":1,\"name\":\"Startseite\",\"item\":\"https:\\\/\\\/loginfo24.com\\\/pt-pt\\\/\"},{\"@type\":\"ListItem\",\"position\":2,\"name\":\"Agenda abrangente na assembleia geral do spc\"}]},{\"@type\":\"WebSite\",\"@id\":\"https:\\\/\\\/loginfo24.com\\\/pt-pt\\\/#website\",\"url\":\"https:\\\/\\\/loginfo24.com\\\/pt-pt\\\/\",\"name\":\"Loginfo24\",\"description\":\"Loginfo24 \u00e9 a plataforma dedicada \u00e0 log\u00edstica e \u00e0s cadeias de abastecimento, com informa\u00e7\u00f5es dispon\u00edveis 24 horas por dia.\",\"publisher\":{\"@id\":\"https:\\\/\\\/loginfo24.com\\\/pt-pt\\\/#organization\"},\"potentialAction\":[{\"@type\":\"SearchAction\",\"target\":{\"@type\":\"EntryPoint\",\"urlTemplate\":\"https:\\\/\\\/loginfo24.com\\\/pt-pt\\\/?s={search_term_string}\"},\"query-input\":{\"@type\":\"PropertyValueSpecification\",\"valueRequired\":true,\"valueName\":\"search_term_string\"}}],\"inLanguage\":\"pt-PT\"},{\"@type\":\"Organization\",\"@id\":\"https:\\\/\\\/loginfo24.com\\\/pt-pt\\\/#organization\",\"name\":\"Logismedia Group AG\",\"url\":\"https:\\\/\\\/loginfo24.com\\\/pt-pt\\\/\",\"logo\":{\"@type\":\"ImageObject\",\"inLanguage\":\"pt-PT\",\"@id\":\"https:\\\/\\\/loginfo24.com\\\/pt-pt\\\/#\\\/schema\\\/logo\\\/image\\\/\",\"url\":\"https:\\\/\\\/loginfo24.com\\\/wp-content\\\/uploads\\\/sites\\\/7\\\/2026\\\/01\\\/Logo_LogInfo24.png\",\"contentUrl\":\"https:\\\/\\\/loginfo24.com\\\/wp-content\\\/uploads\\\/sites\\\/7\\\/2026\\\/01\\\/Logo_LogInfo24.png\",\"width\":938,\"height\":351,\"caption\":\"Logismedia Group AG\"},\"image\":{\"@id\":\"https:\\\/\\\/loginfo24.com\\\/pt-pt\\\/#\\\/schema\\\/logo\\\/image\\\/\"},\"sameAs\":[\"https:\\\/\\\/www.facebook.com\\\/people\\\/Loginfo24\\\/100057360583332\\\/\",\"https:\\\/\\\/www.linkedin.com\\\/company\\\/lofinfo24\\\/\"]}]}<\/script>\n<!-- \/ Yoast SEO plugin. -->","yoast_head_json":{"title":"Agenda abrangente na assembleia geral do spc - Loginfo24","robots":{"index":"index","follow":"follow","max-snippet":"max-snippet:-1","max-image-preview":"max-image-preview:large","max-video-preview":"max-video-preview:-1"},"canonical":"https:\/\/loginfo24.com\/pt-pt\/2021\/06\/17\/agenda-abrangente-na-assembleia-geral-do-spc\/","og_locale":"pt_PT","og_type":"article","og_title":"Agenda abrangente na assembleia geral do spc - Loginfo24","og_description":"A associa\u00e7\u00e3o para a promo\u00e7\u00e3o do transporte mar\u00edtimo de curta dist\u00e2ncia e.V. como operadora do Shortseashipping Inland Waterway Promotion Center (spc) realizou a assembleia geral no [\u2026]","og_url":"https:\/\/loginfo24.com\/pt-pt\/2021\/06\/17\/agenda-abrangente-na-assembleia-geral-do-spc\/","og_site_name":"Loginfo24","article_publisher":"https:\/\/www.facebook.com\/people\/Loginfo24\/100057360583332\/","article_published_time":"2021-06-17T14:32:17+00:00","article_modified_time":"2025-12-15T12:08:10+00:00","twitter_card":"summary_large_image","twitter_misc":{"Tempo estimado de leitura":"3 minutos"},"schema":{"@context":"https:\/\/schema.org","@graph":[{"@type":"Article","@id":"https:\/\/loginfo24.com\/pt-pt\/2021\/06\/17\/agenda-abrangente-na-assembleia-geral-do-spc\/#article","isPartOf":{"@id":"https:\/\/loginfo24.com\/pt-pt\/2021\/06\/17\/agenda-abrangente-na-assembleia-geral-do-spc\/"},"author":{"name":"","@id":""},"headline":"Agenda abrangente na assembleia geral do spc","datePublished":"2021-06-17T14:32:17+00:00","dateModified":"2025-12-15T12:08:10+00:00","mainEntityOfPage":{"@id":"https:\/\/loginfo24.com\/pt-pt\/2021\/06\/17\/agenda-abrangente-na-assembleia-geral-do-spc\/"},"wordCount":672,"commentCount":0,"publisher":{"@id":"https:\/\/loginfo24.com\/pt-pt\/#organization"},"articleSection":["Forwarding &amp; Logistics","Regions","Shipping &amp; Ports"],"inLanguage":"pt-PT","potentialAction":[{"@type":"CommentAction","name":"Comment","target":["https:\/\/loginfo24.com\/pt-pt\/2021\/06\/17\/agenda-abrangente-na-assembleia-geral-do-spc\/#respond"]}]},{"@type":"WebPage","@id":"https:\/\/loginfo24.com\/pt-pt\/2021\/06\/17\/agenda-abrangente-na-assembleia-geral-do-spc\/","url":"https:\/\/loginfo24.com\/pt-pt\/2021\/06\/17\/agenda-abrangente-na-assembleia-geral-do-spc\/","name":"Agenda abrangente na assembleia geral do spc - Loginfo24","isPartOf":{"@id":"https:\/\/loginfo24.com\/pt-pt\/#website"},"datePublished":"2021-06-17T14:32:17+00:00","dateModified":"2025-12-15T12:08:10+00:00","breadcrumb":{"@id":"https:\/\/loginfo24.com\/pt-pt\/2021\/06\/17\/agenda-abrangente-na-assembleia-geral-do-spc\/#breadcrumb"},"inLanguage":"pt-PT","potentialAction":[{"@type":"ReadAction","target":["https:\/\/loginfo24.com\/pt-pt\/2021\/06\/17\/agenda-abrangente-na-assembleia-geral-do-spc\/"]}]},{"@type":"BreadcrumbList","@id":"https:\/\/loginfo24.com\/pt-pt\/2021\/06\/17\/agenda-abrangente-na-assembleia-geral-do-spc\/#breadcrumb","itemListElement":[{"@type":"ListItem","position":1,"name":"Startseite","item":"https:\/\/loginfo24.com\/pt-pt\/"},{"@type":"ListItem","position":2,"name":"Agenda abrangente na assembleia geral do spc"}]},{"@type":"WebSite","@id":"https:\/\/loginfo24.com\/pt-pt\/#website","url":"https:\/\/loginfo24.com\/pt-pt\/","name":"Loginfo24","description":"Loginfo24 \u00e9 a plataforma dedicada \u00e0 log\u00edstica e \u00e0s cadeias de abastecimento, com informa\u00e7\u00f5es dispon\u00edveis 24 horas por dia.","publisher":{"@id":"https:\/\/loginfo24.com\/pt-pt\/#organization"},"potentialAction":[{"@type":"SearchAction","target":{"@type":"EntryPoint","urlTemplate":"https:\/\/loginfo24.com\/pt-pt\/?s={search_term_string}"},"query-input":{"@type":"PropertyValueSpecification","valueRequired":true,"valueName":"search_term_string"}}],"inLanguage":"pt-PT"},{"@type":"Organization","@id":"https:\/\/loginfo24.com\/pt-pt\/#organization","name":"Logismedia Group AG","url":"https:\/\/loginfo24.com\/pt-pt\/","logo":{"@type":"ImageObject","inLanguage":"pt-PT","@id":"https:\/\/loginfo24.com\/pt-pt\/#\/schema\/logo\/image\/","url":"https:\/\/loginfo24.com\/wp-content\/uploads\/sites\/7\/2026\/01\/Logo_LogInfo24.png","contentUrl":"https:\/\/loginfo24.com\/wp-content\/uploads\/sites\/7\/2026\/01\/Logo_LogInfo24.png","width":938,"height":351,"caption":"Logismedia Group AG"},"image":{"@id":"https:\/\/loginfo24.com\/pt-pt\/#\/schema\/logo\/image\/"},"sameAs":["https:\/\/www.facebook.com\/people\/Loginfo24\/100057360583332\/","https:\/\/www.linkedin.com\/company\/lofinfo24\/"]}]}},"_links":{"self":[{"href":"https:\/\/loginfo24.com\/pt-pt\/wp-json\/wp\/v2\/posts\/27057","targetHints":{"allow":["GET"]}}],"collection":[{"href":"https:\/\/loginfo24.com\/pt-pt\/wp-json\/wp\/v2\/posts"}],"about":[{"href":"https:\/\/loginfo24.com\/pt-pt\/wp-json\/wp\/v2\/types\/post"}],"replies":[{"embeddable":true,"href":"https:\/\/loginfo24.com\/pt-pt\/wp-json\/wp\/v2\/comments?post=27057"}],"version-history":[{"count":1,"href":"https:\/\/loginfo24.com\/pt-pt\/wp-json\/wp\/v2\/posts\/27057\/revisions"}],"predecessor-version":[{"id":48386,"href":"https:\/\/loginfo24.com\/pt-pt\/wp-json\/wp\/v2\/posts\/27057\/revisions\/48386"}],"wp:attachment":[{"href":"https:\/\/loginfo24.com\/pt-pt\/wp-json\/wp\/v2\/media?parent=27057"}],"wp:term":[{"taxonomy":"category","embeddable":true,"href":"https:\/\/loginfo24.com\/pt-pt\/wp-json\/wp\/v2\/categories?post=27057"},{"taxonomy":"post_tag","embeddable":true,"href":"https:\/\/loginfo24.com\/pt-pt\/wp-json\/wp\/v2\/tags?post=27057"}],"curies":[{"name":"wp","href":"https:\/\/api.w.org\/{rel}","templated":true}]}}