{"id":26962,"date":"2021-06-14T19:35:46","date_gmt":"2021-06-14T17:35:46","guid":{"rendered":"https:\/\/blog.brand-architecture.at\/2021\/06\/14\/estreia-mundial-do-mercedes-benz-eactros-a-30-de-junho\/"},"modified":"2025-12-15T13:07:41","modified_gmt":"2025-12-15T12:07:41","slug":"estreia-mundial-do-mercedes-benz-eactros-a-30-de-junho","status":"publish","type":"post","link":"https:\/\/loginfo24.com\/pt-pt\/2021\/06\/14\/estreia-mundial-do-mercedes-benz-eactros-a-30-de-junho\/","title":{"rendered":"Estreia mundial do Mercedes-Benz eActros a 30 de junho"},"content":{"rendered":"<p>A 30 de junho, a Mercedes-Benz Caminh\u00f5es celebra a estreia mundial do seu eActros totalmente el\u00e9trico para o transporte pesado de distribui\u00e7\u00e3o. Com o primeiro caminh\u00e3o el\u00e9trico de s\u00e9rie com a estrela, a Mercedes-Benz Caminh\u00f5es inicia uma nova era e sublinha o seu compromisso claro com o transporte rodovi\u00e1rio de mercadorias localmente neutro em CO2. A estreia digital ser\u00e1 transmitida na internet.<\/p>\n<p>(Estugarda) O in\u00edcio da produ\u00e7\u00e3o em s\u00e9rie do eActros est\u00e1 previsto para a segunda metade do ano na f\u00e1brica de W\u00f6rth am Rhein. Os desenvolvedores da Mercedes-Benz Caminh\u00f5es colocaram um foco especial no aspecto da &#8220;Co-Cria\u00e7\u00e3o com o Cliente&#8221; \u2013 a colabora\u00e7\u00e3o estreita com os clientes de caminh\u00f5es no desenvolvimento do produto. Protot\u00f3tipos do eActros j\u00e1 foram submetidos a testes intensivos com clientes desde 2018. Assim, os especialistas da Mercedes-Benz Caminh\u00f5es puderam considerar o feedback dos clientes sobre o caminh\u00e3o el\u00e9trico desde cedo e incorpor\u00e1-lo diretamente no desenvolvimento. At\u00e9 agora, os prot\u00f3tipos j\u00e1 percorreram mais de meia milh\u00e3o de quil\u00f4metros em estradas p\u00fablicas. Al\u00e9m disso, os engenheiros de testes da Mercedes-Benz Caminh\u00f5es submeteram o eActros a testes intensivos para garantir os altos padr\u00f5es habituais da Mercedes-Benz.<\/p>\n<p>Andreas von Wallfeld: &#8220;J\u00e1 em 2016, apresentamos pela primeira vez o nosso conceito de um caminh\u00e3o el\u00e9trico pesado. Apenas dois anos depois, come\u00e7amos os testes rigorosos com nossos prot\u00f3tipos totalmente desenvolvidos com clientes renomados. O eActros que agora apresentaremos \u00e9 o produto final de todas as nossas experi\u00eancias adquiridas na estrada e no banco de testes e reflete a capacidade de inova\u00e7\u00e3o da nossa marca Mercedes-Benz em termos de propuls\u00e3o alternativa. Ao mesmo tempo, o ve\u00edculo \u00e9 tamb\u00e9m o resultado da colabora\u00e7\u00e3o estreita e intensa com nossos clientes. Gra\u00e7as aos testes pr\u00e1ticos intensivos, trazemos ao mercado um ve\u00edculo totalmente adaptado \u00e0s necessidades dos clientes, juntamente com uma ampla gama de servi\u00e7os. Todos n\u00f3s estamos ansiosos pela estreia mundial a 30 de junho.&#8221; <\/p>\n<h5><strong>Mais de dois anos em opera\u00e7\u00e3o pr\u00e1tica com clientes<\/strong><\/h5>\n<p>Dez prot\u00f3tipos do eActros t\u00eam se mostrado como uma &#8220;frota de inova\u00e7\u00f5es&#8221; desde 2018 em opera\u00e7\u00e3o cont\u00ednua com v\u00e1rios clientes na Alemanha e em outros pa\u00edses europeus. Quase 20 clientes de teste utilizaram o eActros em duas fases de teste em vez de um caminh\u00e3o convencional em suas frotas. O eActros, como um caminh\u00e3o de 18 ou 25 toneladas, enfrentou tarefas desafiadoras em diversos setores. Ele transportou, entre outras coisas, alimentos perec\u00edveis com um caminh\u00e3o refrigerado el\u00e9trico para o abastecimento de filiais de supermercados, entregou componentes para a produ\u00e7\u00e3o em opera\u00e7\u00f5es de f\u00e1brica, realizou o servi\u00e7o de troca de cont\u00eaineres de lixo e transportou cinzas volantes em uma estrutura de silo para a fabrica\u00e7\u00e3o de concreto. Fora da Alemanha, clientes na Su\u00ed\u00e7a, B\u00e9lgica e Pa\u00edses Baixos tamb\u00e9m testaram o caminh\u00e3o el\u00e9trico.<\/p>\n<h5><strong>Motoristas do eActros est\u00e3o convencidos do caminh\u00e3o el\u00e9trico<\/strong><\/h5>\n<p>Antes da conclus\u00e3o do uso cont\u00ednuo dos prot\u00f3tipos, est\u00e1 claro: o eActros n\u00e3o fica atr\u00e1s de um caminh\u00e3o diesel convencional em termos de disponibilidade e desempenho no tr\u00e1fego urbano, em viagens de autoestrada ou interurbanas. Os motoristas est\u00e3o muito satisfeitos com a disponibilidade cont\u00ednua do torque em toda a faixa de velocidade. Al\u00e9m disso, eles relatam especialmente a condu\u00e7\u00e3o silenciosa e uma experi\u00eancia de condu\u00e7\u00e3o agrad\u00e1vel e tranquila. Al\u00e9m disso, com uma condu\u00e7\u00e3o previs\u00edvel, \u00e9 poss\u00edvel recuperar energia el\u00e9trica atrav\u00e9s da regenera\u00e7\u00e3o.<\/p>\n<p>O eActros de s\u00e9rie ser\u00e1 claramente superior ao prot\u00f3tipo anterior da frota de inova\u00e7\u00f5es em algumas caracter\u00edsticas centrais \u2013 como, por exemplo, alcance, pot\u00eancia de tra\u00e7\u00e3o e equipamentos de seguran\u00e7a. Al\u00e9m disso, a Mercedes-Benz Caminh\u00f5es integrar\u00e1 o ve\u00edculo em um ecossistema abrangente que tamb\u00e9m inclui ofertas de consultoria para clientes em torno da mobilidade el\u00e9trica.<\/p>\n<h5><strong>Testes intensivos antes do in\u00edcio da produ\u00e7\u00e3o em s\u00e9rie<\/strong><\/h5>\n<p>Antes do in\u00edcio da produ\u00e7\u00e3o em s\u00e9rie, os desenvolvedores do eActros \u2013 assim como em caminh\u00f5es convencionais \u2013 realizaram testes para garantir a seguran\u00e7a, desempenho e durabilidade. O sistema de refrigera\u00e7\u00e3o para a carga, assim como o ar condicionado \u2013 ambos el\u00e9tricos \u2013 funcionaram de forma confi\u00e1vel tanto em calor extremo quanto em condi\u00e7\u00f5es de inverno. Tamb\u00e9m nos testes de inverno, os engenheiros de testes examinaram o eActros minuciosamente. A aten\u00e7\u00e3o especial foi dada ao comportamento das baterias e do sistema de propuls\u00e3o el\u00e9trica em condi\u00e7\u00f5es clim\u00e1ticas adversas. Al\u00e9m disso, o eActros foi submetido a outros conceitos de teste, como medi\u00e7\u00f5es de ru\u00eddo em um banco de testes de ru\u00eddo externo e compatibilidade eletromagn\u00e9tica (EMV) em uma sala de testes especialmente designada para isso. Os resultados mostram: o eActros \u00e9 adequado para o uso di\u00e1rio e atende aos requisitos exigidos para a opera\u00e7\u00e3o.<\/p>\n<h5><strong>Eletrifica\u00e7\u00e3o do portf\u00f3lio com bateria e c\u00e9lula de combust\u00edvel<\/strong><\/h5>\n<p>A Daimler Truck AG persegue uma estrat\u00e9gia empresarial sustent\u00e1vel e tem a ambi\u00e7\u00e3o de oferecer at\u00e9 2039 na Europa, Jap\u00e3o e Am\u00e9rica do Norte apenas ve\u00edculos novos que sejam neutros em CO2 durante a opera\u00e7\u00e3o (&#8220;tank-to-wheel&#8221;). At\u00e9 2022, o portf\u00f3lio de ve\u00edculos da Daimler Truck AG deve incluir ve\u00edculos de s\u00e9rie com propuls\u00e3o el\u00e9trica a bateria nas principais regi\u00f5es de vendas da Europa, EUA e Jap\u00e3o. A partir de 2027, a empresa pretende complementar sua oferta de ve\u00edculos com ve\u00edculos de s\u00e9rie com propuls\u00e3o a c\u00e9lula de combust\u00edvel baseada em hidrog\u00eanio. Um transporte neutro em CO2 nas estradas at\u00e9 2050 \u00e9 o objetivo final.<\/p>\n<p>Foto: \u00a9 Mercedes-Benz Truck<\/p>\n","protected":false},"excerpt":{"rendered":"<p>A 30 de junho, a Mercedes-Benz Caminh\u00f5es celebra a estreia mundial do seu eActros totalmente el\u00e9trico para o transporte pesado de distribui\u00e7\u00e3o. Com o primeiro caminh\u00e3o<span class=\"excerpt-hellip\"> [\u2026]<\/span><\/p>\n","protected":false},"author":0,"featured_media":0,"comment_status":"open","ping_status":"open","sticky":false,"template":"","format":"standard","meta":{"_acf_changed":false,"footnotes":""},"categories":[1557,1561],"tags":[],"class_list":["post-26962","post","type-post","status-publish","format-standard","hentry","category-forwarding-logistics","category-regions"],"acf":[],"yoast_head":"<!-- This site is optimized with the Yoast SEO plugin v27.3 - https:\/\/yoast.com\/product\/yoast-seo-wordpress\/ -->\n<title>Estreia mundial do Mercedes-Benz eActros a 30 de junho - Loginfo24<\/title>\n<meta name=\"robots\" content=\"index, follow, max-snippet:-1, max-image-preview:large, max-video-preview:-1\" \/>\n<link rel=\"canonical\" href=\"https:\/\/loginfo24.com\/pt-pt\/2021\/06\/14\/estreia-mundial-do-mercedes-benz-eactros-a-30-de-junho\/\" \/>\n<meta property=\"og:locale\" content=\"pt_PT\" \/>\n<meta property=\"og:type\" content=\"article\" \/>\n<meta property=\"og:title\" content=\"Estreia mundial do Mercedes-Benz eActros a 30 de junho - Loginfo24\" \/>\n<meta property=\"og:description\" content=\"A 30 de junho, a Mercedes-Benz Caminh\u00f5es celebra a estreia mundial do seu eActros totalmente el\u00e9trico para o transporte pesado de distribui\u00e7\u00e3o. Com o primeiro caminh\u00e3o [\u2026]\" \/>\n<meta property=\"og:url\" content=\"https:\/\/loginfo24.com\/pt-pt\/2021\/06\/14\/estreia-mundial-do-mercedes-benz-eactros-a-30-de-junho\/\" \/>\n<meta property=\"og:site_name\" content=\"Loginfo24\" \/>\n<meta property=\"article:publisher\" content=\"https:\/\/www.facebook.com\/people\/Loginfo24\/100057360583332\/\" \/>\n<meta property=\"article:published_time\" content=\"2021-06-14T17:35:46+00:00\" \/>\n<meta property=\"article:modified_time\" content=\"2025-12-15T12:07:41+00:00\" \/>\n<meta name=\"twitter:card\" content=\"summary_large_image\" \/>\n<meta name=\"twitter:label1\" content=\"Tempo estimado de leitura\" \/>\n\t<meta name=\"twitter:data1\" content=\"5 minutos\" \/>\n<script type=\"application\/ld+json\" class=\"yoast-schema-graph\">{\"@context\":\"https:\\\/\\\/schema.org\",\"@graph\":[{\"@type\":\"Article\",\"@id\":\"https:\\\/\\\/loginfo24.com\\\/pt-pt\\\/2021\\\/06\\\/14\\\/estreia-mundial-do-mercedes-benz-eactros-a-30-de-junho\\\/#article\",\"isPartOf\":{\"@id\":\"https:\\\/\\\/loginfo24.com\\\/pt-pt\\\/2021\\\/06\\\/14\\\/estreia-mundial-do-mercedes-benz-eactros-a-30-de-junho\\\/\"},\"author\":{\"name\":\"\",\"@id\":\"\"},\"headline\":\"Estreia mundial do Mercedes-Benz eActros a 30 de junho\",\"datePublished\":\"2021-06-14T17:35:46+00:00\",\"dateModified\":\"2025-12-15T12:07:41+00:00\",\"mainEntityOfPage\":{\"@id\":\"https:\\\/\\\/loginfo24.com\\\/pt-pt\\\/2021\\\/06\\\/14\\\/estreia-mundial-do-mercedes-benz-eactros-a-30-de-junho\\\/\"},\"wordCount\":1005,\"commentCount\":0,\"publisher\":{\"@id\":\"https:\\\/\\\/loginfo24.com\\\/pt-pt\\\/#organization\"},\"articleSection\":[\"Forwarding &amp; Logistics\",\"Regions\"],\"inLanguage\":\"pt-PT\",\"potentialAction\":[{\"@type\":\"CommentAction\",\"name\":\"Comment\",\"target\":[\"https:\\\/\\\/loginfo24.com\\\/pt-pt\\\/2021\\\/06\\\/14\\\/estreia-mundial-do-mercedes-benz-eactros-a-30-de-junho\\\/#respond\"]}]},{\"@type\":\"WebPage\",\"@id\":\"https:\\\/\\\/loginfo24.com\\\/pt-pt\\\/2021\\\/06\\\/14\\\/estreia-mundial-do-mercedes-benz-eactros-a-30-de-junho\\\/\",\"url\":\"https:\\\/\\\/loginfo24.com\\\/pt-pt\\\/2021\\\/06\\\/14\\\/estreia-mundial-do-mercedes-benz-eactros-a-30-de-junho\\\/\",\"name\":\"Estreia mundial do Mercedes-Benz eActros a 30 de junho - Loginfo24\",\"isPartOf\":{\"@id\":\"https:\\\/\\\/loginfo24.com\\\/pt-pt\\\/#website\"},\"datePublished\":\"2021-06-14T17:35:46+00:00\",\"dateModified\":\"2025-12-15T12:07:41+00:00\",\"breadcrumb\":{\"@id\":\"https:\\\/\\\/loginfo24.com\\\/pt-pt\\\/2021\\\/06\\\/14\\\/estreia-mundial-do-mercedes-benz-eactros-a-30-de-junho\\\/#breadcrumb\"},\"inLanguage\":\"pt-PT\",\"potentialAction\":[{\"@type\":\"ReadAction\",\"target\":[\"https:\\\/\\\/loginfo24.com\\\/pt-pt\\\/2021\\\/06\\\/14\\\/estreia-mundial-do-mercedes-benz-eactros-a-30-de-junho\\\/\"]}]},{\"@type\":\"BreadcrumbList\",\"@id\":\"https:\\\/\\\/loginfo24.com\\\/pt-pt\\\/2021\\\/06\\\/14\\\/estreia-mundial-do-mercedes-benz-eactros-a-30-de-junho\\\/#breadcrumb\",\"itemListElement\":[{\"@type\":\"ListItem\",\"position\":1,\"name\":\"Startseite\",\"item\":\"https:\\\/\\\/loginfo24.com\\\/pt-pt\\\/\"},{\"@type\":\"ListItem\",\"position\":2,\"name\":\"Estreia mundial do Mercedes-Benz eActros a 30 de junho\"}]},{\"@type\":\"WebSite\",\"@id\":\"https:\\\/\\\/loginfo24.com\\\/pt-pt\\\/#website\",\"url\":\"https:\\\/\\\/loginfo24.com\\\/pt-pt\\\/\",\"name\":\"Loginfo24\",\"description\":\"Loginfo24 \u00e9 a plataforma dedicada \u00e0 log\u00edstica e \u00e0s cadeias de abastecimento, com informa\u00e7\u00f5es dispon\u00edveis 24 horas por dia.\",\"publisher\":{\"@id\":\"https:\\\/\\\/loginfo24.com\\\/pt-pt\\\/#organization\"},\"potentialAction\":[{\"@type\":\"SearchAction\",\"target\":{\"@type\":\"EntryPoint\",\"urlTemplate\":\"https:\\\/\\\/loginfo24.com\\\/pt-pt\\\/?s={search_term_string}\"},\"query-input\":{\"@type\":\"PropertyValueSpecification\",\"valueRequired\":true,\"valueName\":\"search_term_string\"}}],\"inLanguage\":\"pt-PT\"},{\"@type\":\"Organization\",\"@id\":\"https:\\\/\\\/loginfo24.com\\\/pt-pt\\\/#organization\",\"name\":\"Logismedia Group AG\",\"url\":\"https:\\\/\\\/loginfo24.com\\\/pt-pt\\\/\",\"logo\":{\"@type\":\"ImageObject\",\"inLanguage\":\"pt-PT\",\"@id\":\"https:\\\/\\\/loginfo24.com\\\/pt-pt\\\/#\\\/schema\\\/logo\\\/image\\\/\",\"url\":\"https:\\\/\\\/loginfo24.com\\\/wp-content\\\/uploads\\\/sites\\\/7\\\/2026\\\/01\\\/Logo_LogInfo24.png\",\"contentUrl\":\"https:\\\/\\\/loginfo24.com\\\/wp-content\\\/uploads\\\/sites\\\/7\\\/2026\\\/01\\\/Logo_LogInfo24.png\",\"width\":938,\"height\":351,\"caption\":\"Logismedia Group AG\"},\"image\":{\"@id\":\"https:\\\/\\\/loginfo24.com\\\/pt-pt\\\/#\\\/schema\\\/logo\\\/image\\\/\"},\"sameAs\":[\"https:\\\/\\\/www.facebook.com\\\/people\\\/Loginfo24\\\/100057360583332\\\/\",\"https:\\\/\\\/www.linkedin.com\\\/company\\\/lofinfo24\\\/\"]}]}<\/script>\n<!-- \/ Yoast SEO plugin. -->","yoast_head_json":{"title":"Estreia mundial do Mercedes-Benz eActros a 30 de junho - Loginfo24","robots":{"index":"index","follow":"follow","max-snippet":"max-snippet:-1","max-image-preview":"max-image-preview:large","max-video-preview":"max-video-preview:-1"},"canonical":"https:\/\/loginfo24.com\/pt-pt\/2021\/06\/14\/estreia-mundial-do-mercedes-benz-eactros-a-30-de-junho\/","og_locale":"pt_PT","og_type":"article","og_title":"Estreia mundial do Mercedes-Benz eActros a 30 de junho - Loginfo24","og_description":"A 30 de junho, a Mercedes-Benz Caminh\u00f5es celebra a estreia mundial do seu eActros totalmente el\u00e9trico para o transporte pesado de distribui\u00e7\u00e3o. Com o primeiro caminh\u00e3o [\u2026]","og_url":"https:\/\/loginfo24.com\/pt-pt\/2021\/06\/14\/estreia-mundial-do-mercedes-benz-eactros-a-30-de-junho\/","og_site_name":"Loginfo24","article_publisher":"https:\/\/www.facebook.com\/people\/Loginfo24\/100057360583332\/","article_published_time":"2021-06-14T17:35:46+00:00","article_modified_time":"2025-12-15T12:07:41+00:00","twitter_card":"summary_large_image","twitter_misc":{"Tempo estimado de leitura":"5 minutos"},"schema":{"@context":"https:\/\/schema.org","@graph":[{"@type":"Article","@id":"https:\/\/loginfo24.com\/pt-pt\/2021\/06\/14\/estreia-mundial-do-mercedes-benz-eactros-a-30-de-junho\/#article","isPartOf":{"@id":"https:\/\/loginfo24.com\/pt-pt\/2021\/06\/14\/estreia-mundial-do-mercedes-benz-eactros-a-30-de-junho\/"},"author":{"name":"","@id":""},"headline":"Estreia mundial do Mercedes-Benz eActros a 30 de junho","datePublished":"2021-06-14T17:35:46+00:00","dateModified":"2025-12-15T12:07:41+00:00","mainEntityOfPage":{"@id":"https:\/\/loginfo24.com\/pt-pt\/2021\/06\/14\/estreia-mundial-do-mercedes-benz-eactros-a-30-de-junho\/"},"wordCount":1005,"commentCount":0,"publisher":{"@id":"https:\/\/loginfo24.com\/pt-pt\/#organization"},"articleSection":["Forwarding &amp; Logistics","Regions"],"inLanguage":"pt-PT","potentialAction":[{"@type":"CommentAction","name":"Comment","target":["https:\/\/loginfo24.com\/pt-pt\/2021\/06\/14\/estreia-mundial-do-mercedes-benz-eactros-a-30-de-junho\/#respond"]}]},{"@type":"WebPage","@id":"https:\/\/loginfo24.com\/pt-pt\/2021\/06\/14\/estreia-mundial-do-mercedes-benz-eactros-a-30-de-junho\/","url":"https:\/\/loginfo24.com\/pt-pt\/2021\/06\/14\/estreia-mundial-do-mercedes-benz-eactros-a-30-de-junho\/","name":"Estreia mundial do Mercedes-Benz eActros a 30 de junho - Loginfo24","isPartOf":{"@id":"https:\/\/loginfo24.com\/pt-pt\/#website"},"datePublished":"2021-06-14T17:35:46+00:00","dateModified":"2025-12-15T12:07:41+00:00","breadcrumb":{"@id":"https:\/\/loginfo24.com\/pt-pt\/2021\/06\/14\/estreia-mundial-do-mercedes-benz-eactros-a-30-de-junho\/#breadcrumb"},"inLanguage":"pt-PT","potentialAction":[{"@type":"ReadAction","target":["https:\/\/loginfo24.com\/pt-pt\/2021\/06\/14\/estreia-mundial-do-mercedes-benz-eactros-a-30-de-junho\/"]}]},{"@type":"BreadcrumbList","@id":"https:\/\/loginfo24.com\/pt-pt\/2021\/06\/14\/estreia-mundial-do-mercedes-benz-eactros-a-30-de-junho\/#breadcrumb","itemListElement":[{"@type":"ListItem","position":1,"name":"Startseite","item":"https:\/\/loginfo24.com\/pt-pt\/"},{"@type":"ListItem","position":2,"name":"Estreia mundial do Mercedes-Benz eActros a 30 de junho"}]},{"@type":"WebSite","@id":"https:\/\/loginfo24.com\/pt-pt\/#website","url":"https:\/\/loginfo24.com\/pt-pt\/","name":"Loginfo24","description":"Loginfo24 \u00e9 a plataforma dedicada \u00e0 log\u00edstica e \u00e0s cadeias de abastecimento, com informa\u00e7\u00f5es dispon\u00edveis 24 horas por dia.","publisher":{"@id":"https:\/\/loginfo24.com\/pt-pt\/#organization"},"potentialAction":[{"@type":"SearchAction","target":{"@type":"EntryPoint","urlTemplate":"https:\/\/loginfo24.com\/pt-pt\/?s={search_term_string}"},"query-input":{"@type":"PropertyValueSpecification","valueRequired":true,"valueName":"search_term_string"}}],"inLanguage":"pt-PT"},{"@type":"Organization","@id":"https:\/\/loginfo24.com\/pt-pt\/#organization","name":"Logismedia Group AG","url":"https:\/\/loginfo24.com\/pt-pt\/","logo":{"@type":"ImageObject","inLanguage":"pt-PT","@id":"https:\/\/loginfo24.com\/pt-pt\/#\/schema\/logo\/image\/","url":"https:\/\/loginfo24.com\/wp-content\/uploads\/sites\/7\/2026\/01\/Logo_LogInfo24.png","contentUrl":"https:\/\/loginfo24.com\/wp-content\/uploads\/sites\/7\/2026\/01\/Logo_LogInfo24.png","width":938,"height":351,"caption":"Logismedia Group AG"},"image":{"@id":"https:\/\/loginfo24.com\/pt-pt\/#\/schema\/logo\/image\/"},"sameAs":["https:\/\/www.facebook.com\/people\/Loginfo24\/100057360583332\/","https:\/\/www.linkedin.com\/company\/lofinfo24\/"]}]}},"_links":{"self":[{"href":"https:\/\/loginfo24.com\/pt-pt\/wp-json\/wp\/v2\/posts\/26962","targetHints":{"allow":["GET"]}}],"collection":[{"href":"https:\/\/loginfo24.com\/pt-pt\/wp-json\/wp\/v2\/posts"}],"about":[{"href":"https:\/\/loginfo24.com\/pt-pt\/wp-json\/wp\/v2\/types\/post"}],"replies":[{"embeddable":true,"href":"https:\/\/loginfo24.com\/pt-pt\/wp-json\/wp\/v2\/comments?post=26962"}],"version-history":[{"count":1,"href":"https:\/\/loginfo24.com\/pt-pt\/wp-json\/wp\/v2\/posts\/26962\/revisions"}],"predecessor-version":[{"id":48196,"href":"https:\/\/loginfo24.com\/pt-pt\/wp-json\/wp\/v2\/posts\/26962\/revisions\/48196"}],"wp:attachment":[{"href":"https:\/\/loginfo24.com\/pt-pt\/wp-json\/wp\/v2\/media?parent=26962"}],"wp:term":[{"taxonomy":"category","embeddable":true,"href":"https:\/\/loginfo24.com\/pt-pt\/wp-json\/wp\/v2\/categories?post=26962"},{"taxonomy":"post_tag","embeddable":true,"href":"https:\/\/loginfo24.com\/pt-pt\/wp-json\/wp\/v2\/tags?post=26962"}],"curies":[{"name":"wp","href":"https:\/\/api.w.org\/{rel}","templated":true}]}}