{"id":26714,"date":"2022-01-22T18:19:19","date_gmt":"2022-01-22T17:19:19","guid":{"rendered":"https:\/\/blog.brand-architecture.at\/2022\/01\/22\/fraunhofer-iml-investiga-a-logistica-de-baterias-na-mobilidade-eletrica\/"},"modified":"2022-01-22T18:19:19","modified_gmt":"2022-01-22T17:19:19","slug":"fraunhofer-iml-investiga-a-logistica-de-baterias-na-mobilidade-eletrica","status":"publish","type":"post","link":"https:\/\/loginfo24.com\/pt-pt\/2022\/01\/22\/fraunhofer-iml-investiga-a-logistica-de-baterias-na-mobilidade-eletrica\/","title":{"rendered":"Fraunhofer IML investiga a log\u00edstica de baterias na mobilidade el\u00e9trica"},"content":{"rendered":"<h5><b>Com o &#8220;Laborat\u00f3rio de Inova\u00e7\u00e3o para Log\u00edstica de Baterias na Mobilidade El\u00e9trica&#8221; (abreviado: InnoLogBat), cientistas do Instituto Fraunhofer para Fluxo de Materiais e Log\u00edstica IML, em colabora\u00e7\u00e3o com a Universidade de Leipzig, a Remondis Industrie Service GmbH &amp; Co. KG, a Rhenus Automotive SE e a Mercedes-Benz Energy GmbH, est\u00e3o pesquisando o uso ambientalmente amig\u00e1vel de baterias em uma economia circular.<\/b><\/h5>\n<div class=\" fhg-grid-item fhg-grid-2-2-1\">\n<div class=\"fhg-content fhg-richtext\">\n<p>(Dortmund) A crescente mobilidade el\u00e9trica apresenta novos desafios para a ind\u00fastria e a ci\u00eancia: O que acontece com as baterias de ve\u00edculos el\u00e9tricos quando est\u00e3o quase vazias ou em caso de acidentes? Como as baterias podem ser reutilizadas ou suas partes recicladas? Quais requisitos devem ser atendidos para um armazenamento e transporte ambientalmente amig\u00e1veis? O novo projeto de pesquisa &#8220;InnoLogBat&#8221; deve considerar as rela\u00e7\u00f5es entre produtores e fornecedores da ind\u00fastria automotiva n\u00e3o apenas com foco nos processos de produ\u00e7\u00e3o e no produto final, mas em todo o ciclo. Na chamada economia circular, as mat\u00e9rias-primas utilizadas s\u00e3o empregadas de forma a minimizar res\u00edduos e emiss\u00f5es pelo maior tempo poss\u00edvel.<\/p>\n<p>&#8220;A economia circular pode contribuir significativamente para a prote\u00e7\u00e3o ambiental. No entanto, a escassez de mat\u00e9rias-primas tecnologicamente espec\u00edficas em baterias representa um desafio especial. Portanto, no \u00e2mbito do projeto, estamos focando especialmente na devolu\u00e7\u00e3o e reciclagem de baterias antigas e defeituosas&#8221;, diz o Dr. Arkadius Schier, chefe do laborat\u00f3rio de inova\u00e7\u00e3o e pesquisador no Fraunhofer IML. O Fraunhofer IML \u00e9 o l\u00edder do cons\u00f3rcio do projeto e, entre outras coisas, respons\u00e1vel pela cria\u00e7\u00e3o e opera\u00e7\u00e3o do laborat\u00f3rio de inova\u00e7\u00e3o. Al\u00e9m disso, os cientistas apoiam os parceiros da ind\u00fastria com sua experi\u00eancia nas \u00e1reas de economia circular e transporte de mercadorias perigosas no desenvolvimento de tecnologias.<\/p>\n<h5>Seguran\u00e7a no armazenamento, manuseio, transporte e reutiliza\u00e7\u00e3o<\/h5>\n<p>O foco dos desenvolvimentos tecnol\u00f3gicos est\u00e1 na seguran\u00e7a no armazenamento, manuseio, transporte e reutiliza\u00e7\u00e3o das baterias. Por exemplo, baterias antigas poderiam ser utilizadas em usinas ou rob\u00f4s na log\u00edstica para armazenamento de energia. Al\u00e9m de novas tecnologias, os colaboradores do laborat\u00f3rio de inova\u00e7\u00e3o tamb\u00e9m desejam desenvolver abordagens para designs de produtos adequados \u00e0 reciclagem, bem como novos modelos de neg\u00f3cios e conceitos log\u00edsticos.<\/p>\n<p>O projeto est\u00e1 programado para durar at\u00e9 setembro de 2024 e \u00e9 financiado com cerca de 4,3 milh\u00f5es de euros pelo Minist\u00e9rio Federal da Educa\u00e7\u00e3o e Pesquisa.<\/p>\n<p>Gr\u00e1fico: \u00a9 Fraunhofer IML<\/p>\n<\/div>\n<\/div>\n","protected":false},"excerpt":{"rendered":"<p>Com o &#8220;Laborat\u00f3rio de Inova\u00e7\u00e3o para Log\u00edstica de Baterias na Mobilidade El\u00e9trica&#8221; (abreviado: InnoLogBat), cientistas do Instituto Fraunhofer para Fluxo de Materiais e Log\u00edstica IML, em<span class=\"excerpt-hellip\"> [\u2026]<\/span><\/p>\n","protected":false},"author":0,"featured_media":11206,"comment_status":"open","ping_status":"open","sticky":false,"template":"","format":"standard","meta":{"_acf_changed":false,"footnotes":""},"categories":[1665,1557,1561],"tags":[],"class_list":["post-26714","post","type-post","status-publish","format-standard","has-post-thumbnail","hentry","category-categories","category-forwarding-logistics","category-regions"],"acf":[],"yoast_head":"<!-- This site is optimized with the Yoast SEO plugin v27.3 - https:\/\/yoast.com\/product\/yoast-seo-wordpress\/ -->\n<title>Fraunhofer IML investiga a log\u00edstica de baterias na mobilidade el\u00e9trica - Loginfo24<\/title>\n<meta name=\"robots\" content=\"index, follow, max-snippet:-1, max-image-preview:large, max-video-preview:-1\" \/>\n<link rel=\"canonical\" href=\"https:\/\/loginfo24.com\/pt-pt\/2022\/01\/22\/fraunhofer-iml-investiga-a-logistica-de-baterias-na-mobilidade-eletrica\/\" \/>\n<meta property=\"og:locale\" content=\"pt_PT\" \/>\n<meta property=\"og:type\" content=\"article\" \/>\n<meta property=\"og:title\" content=\"Fraunhofer IML investiga a log\u00edstica de baterias na mobilidade el\u00e9trica - Loginfo24\" \/>\n<meta property=\"og:description\" content=\"Com o &#8220;Laborat\u00f3rio de Inova\u00e7\u00e3o para Log\u00edstica de Baterias na Mobilidade El\u00e9trica&#8221; (abreviado: InnoLogBat), cientistas do Instituto Fraunhofer para Fluxo de Materiais e Log\u00edstica IML, em [\u2026]\" \/>\n<meta property=\"og:url\" content=\"https:\/\/loginfo24.com\/pt-pt\/2022\/01\/22\/fraunhofer-iml-investiga-a-logistica-de-baterias-na-mobilidade-eletrica\/\" \/>\n<meta property=\"og:site_name\" content=\"Loginfo24\" \/>\n<meta property=\"article:publisher\" content=\"https:\/\/www.facebook.com\/people\/Loginfo24\/100057360583332\/\" \/>\n<meta property=\"article:published_time\" content=\"2022-01-22T17:19:19+00:00\" \/>\n<meta property=\"og:image\" content=\"https:\/\/loginfo24.com\/wp-content\/uploads\/sites\/7\/2025\/12\/Fraunhofer_IML_21.1.22.jpg\" \/>\n\t<meta property=\"og:image:width\" content=\"1908\" \/>\n\t<meta property=\"og:image:height\" content=\"741\" \/>\n\t<meta property=\"og:image:type\" content=\"image\/jpeg\" \/>\n<meta name=\"twitter:card\" content=\"summary_large_image\" \/>\n<meta name=\"twitter:label1\" content=\"Tempo estimado de leitura\" \/>\n\t<meta name=\"twitter:data1\" content=\"2 minutos\" \/>\n<script type=\"application\/ld+json\" class=\"yoast-schema-graph\">{\"@context\":\"https:\\\/\\\/schema.org\",\"@graph\":[{\"@type\":\"Article\",\"@id\":\"https:\\\/\\\/loginfo24.com\\\/pt-pt\\\/2022\\\/01\\\/22\\\/fraunhofer-iml-investiga-a-logistica-de-baterias-na-mobilidade-eletrica\\\/#article\",\"isPartOf\":{\"@id\":\"https:\\\/\\\/loginfo24.com\\\/pt-pt\\\/2022\\\/01\\\/22\\\/fraunhofer-iml-investiga-a-logistica-de-baterias-na-mobilidade-eletrica\\\/\"},\"author\":{\"name\":\"\",\"@id\":\"\"},\"headline\":\"Fraunhofer IML investiga a log\u00edstica de baterias na mobilidade el\u00e9trica\",\"datePublished\":\"2022-01-22T17:19:19+00:00\",\"mainEntityOfPage\":{\"@id\":\"https:\\\/\\\/loginfo24.com\\\/pt-pt\\\/2022\\\/01\\\/22\\\/fraunhofer-iml-investiga-a-logistica-de-baterias-na-mobilidade-eletrica\\\/\"},\"wordCount\":438,\"commentCount\":0,\"publisher\":{\"@id\":\"https:\\\/\\\/loginfo24.com\\\/pt-pt\\\/#organization\"},\"image\":{\"@id\":\"https:\\\/\\\/loginfo24.com\\\/pt-pt\\\/2022\\\/01\\\/22\\\/fraunhofer-iml-investiga-a-logistica-de-baterias-na-mobilidade-eletrica\\\/#primaryimage\"},\"thumbnailUrl\":\"https:\\\/\\\/loginfo24.com\\\/wp-content\\\/uploads\\\/sites\\\/7\\\/2025\\\/12\\\/Fraunhofer_IML_21.1.22.jpg\",\"articleSection\":[\"Categories\",\"Forwarding &amp; Logistics\",\"Regions\"],\"inLanguage\":\"pt-PT\",\"potentialAction\":[{\"@type\":\"CommentAction\",\"name\":\"Comment\",\"target\":[\"https:\\\/\\\/loginfo24.com\\\/pt-pt\\\/2022\\\/01\\\/22\\\/fraunhofer-iml-investiga-a-logistica-de-baterias-na-mobilidade-eletrica\\\/#respond\"]}]},{\"@type\":\"WebPage\",\"@id\":\"https:\\\/\\\/loginfo24.com\\\/pt-pt\\\/2022\\\/01\\\/22\\\/fraunhofer-iml-investiga-a-logistica-de-baterias-na-mobilidade-eletrica\\\/\",\"url\":\"https:\\\/\\\/loginfo24.com\\\/pt-pt\\\/2022\\\/01\\\/22\\\/fraunhofer-iml-investiga-a-logistica-de-baterias-na-mobilidade-eletrica\\\/\",\"name\":\"Fraunhofer IML investiga a log\u00edstica de baterias na mobilidade el\u00e9trica - Loginfo24\",\"isPartOf\":{\"@id\":\"https:\\\/\\\/loginfo24.com\\\/pt-pt\\\/#website\"},\"primaryImageOfPage\":{\"@id\":\"https:\\\/\\\/loginfo24.com\\\/pt-pt\\\/2022\\\/01\\\/22\\\/fraunhofer-iml-investiga-a-logistica-de-baterias-na-mobilidade-eletrica\\\/#primaryimage\"},\"image\":{\"@id\":\"https:\\\/\\\/loginfo24.com\\\/pt-pt\\\/2022\\\/01\\\/22\\\/fraunhofer-iml-investiga-a-logistica-de-baterias-na-mobilidade-eletrica\\\/#primaryimage\"},\"thumbnailUrl\":\"https:\\\/\\\/loginfo24.com\\\/wp-content\\\/uploads\\\/sites\\\/7\\\/2025\\\/12\\\/Fraunhofer_IML_21.1.22.jpg\",\"datePublished\":\"2022-01-22T17:19:19+00:00\",\"breadcrumb\":{\"@id\":\"https:\\\/\\\/loginfo24.com\\\/pt-pt\\\/2022\\\/01\\\/22\\\/fraunhofer-iml-investiga-a-logistica-de-baterias-na-mobilidade-eletrica\\\/#breadcrumb\"},\"inLanguage\":\"pt-PT\",\"potentialAction\":[{\"@type\":\"ReadAction\",\"target\":[\"https:\\\/\\\/loginfo24.com\\\/pt-pt\\\/2022\\\/01\\\/22\\\/fraunhofer-iml-investiga-a-logistica-de-baterias-na-mobilidade-eletrica\\\/\"]}]},{\"@type\":\"ImageObject\",\"inLanguage\":\"pt-PT\",\"@id\":\"https:\\\/\\\/loginfo24.com\\\/pt-pt\\\/2022\\\/01\\\/22\\\/fraunhofer-iml-investiga-a-logistica-de-baterias-na-mobilidade-eletrica\\\/#primaryimage\",\"url\":\"https:\\\/\\\/loginfo24.com\\\/wp-content\\\/uploads\\\/sites\\\/7\\\/2025\\\/12\\\/Fraunhofer_IML_21.1.22.jpg\",\"contentUrl\":\"https:\\\/\\\/loginfo24.com\\\/wp-content\\\/uploads\\\/sites\\\/7\\\/2025\\\/12\\\/Fraunhofer_IML_21.1.22.jpg\",\"width\":1908,\"height\":741},{\"@type\":\"BreadcrumbList\",\"@id\":\"https:\\\/\\\/loginfo24.com\\\/pt-pt\\\/2022\\\/01\\\/22\\\/fraunhofer-iml-investiga-a-logistica-de-baterias-na-mobilidade-eletrica\\\/#breadcrumb\",\"itemListElement\":[{\"@type\":\"ListItem\",\"position\":1,\"name\":\"Startseite\",\"item\":\"https:\\\/\\\/loginfo24.com\\\/pt-pt\\\/\"},{\"@type\":\"ListItem\",\"position\":2,\"name\":\"Fraunhofer IML investiga a log\u00edstica de baterias na mobilidade el\u00e9trica\"}]},{\"@type\":\"WebSite\",\"@id\":\"https:\\\/\\\/loginfo24.com\\\/pt-pt\\\/#website\",\"url\":\"https:\\\/\\\/loginfo24.com\\\/pt-pt\\\/\",\"name\":\"Loginfo24\",\"description\":\"Loginfo24 \u00e9 a plataforma dedicada \u00e0 log\u00edstica e \u00e0s cadeias de abastecimento, com informa\u00e7\u00f5es dispon\u00edveis 24 horas por dia.\",\"publisher\":{\"@id\":\"https:\\\/\\\/loginfo24.com\\\/pt-pt\\\/#organization\"},\"potentialAction\":[{\"@type\":\"SearchAction\",\"target\":{\"@type\":\"EntryPoint\",\"urlTemplate\":\"https:\\\/\\\/loginfo24.com\\\/pt-pt\\\/?s={search_term_string}\"},\"query-input\":{\"@type\":\"PropertyValueSpecification\",\"valueRequired\":true,\"valueName\":\"search_term_string\"}}],\"inLanguage\":\"pt-PT\"},{\"@type\":\"Organization\",\"@id\":\"https:\\\/\\\/loginfo24.com\\\/pt-pt\\\/#organization\",\"name\":\"Logismedia Group AG\",\"url\":\"https:\\\/\\\/loginfo24.com\\\/pt-pt\\\/\",\"logo\":{\"@type\":\"ImageObject\",\"inLanguage\":\"pt-PT\",\"@id\":\"https:\\\/\\\/loginfo24.com\\\/pt-pt\\\/#\\\/schema\\\/logo\\\/image\\\/\",\"url\":\"https:\\\/\\\/loginfo24.com\\\/wp-content\\\/uploads\\\/sites\\\/7\\\/2026\\\/01\\\/Logo_LogInfo24.png\",\"contentUrl\":\"https:\\\/\\\/loginfo24.com\\\/wp-content\\\/uploads\\\/sites\\\/7\\\/2026\\\/01\\\/Logo_LogInfo24.png\",\"width\":938,\"height\":351,\"caption\":\"Logismedia Group AG\"},\"image\":{\"@id\":\"https:\\\/\\\/loginfo24.com\\\/pt-pt\\\/#\\\/schema\\\/logo\\\/image\\\/\"},\"sameAs\":[\"https:\\\/\\\/www.facebook.com\\\/people\\\/Loginfo24\\\/100057360583332\\\/\",\"https:\\\/\\\/www.linkedin.com\\\/company\\\/lofinfo24\\\/\"]}]}<\/script>\n<!-- \/ Yoast SEO plugin. -->","yoast_head_json":{"title":"Fraunhofer IML investiga a log\u00edstica de baterias na mobilidade el\u00e9trica - Loginfo24","robots":{"index":"index","follow":"follow","max-snippet":"max-snippet:-1","max-image-preview":"max-image-preview:large","max-video-preview":"max-video-preview:-1"},"canonical":"https:\/\/loginfo24.com\/pt-pt\/2022\/01\/22\/fraunhofer-iml-investiga-a-logistica-de-baterias-na-mobilidade-eletrica\/","og_locale":"pt_PT","og_type":"article","og_title":"Fraunhofer IML investiga a log\u00edstica de baterias na mobilidade el\u00e9trica - Loginfo24","og_description":"Com o &#8220;Laborat\u00f3rio de Inova\u00e7\u00e3o para Log\u00edstica de Baterias na Mobilidade El\u00e9trica&#8221; (abreviado: InnoLogBat), cientistas do Instituto Fraunhofer para Fluxo de Materiais e Log\u00edstica IML, em [\u2026]","og_url":"https:\/\/loginfo24.com\/pt-pt\/2022\/01\/22\/fraunhofer-iml-investiga-a-logistica-de-baterias-na-mobilidade-eletrica\/","og_site_name":"Loginfo24","article_publisher":"https:\/\/www.facebook.com\/people\/Loginfo24\/100057360583332\/","article_published_time":"2022-01-22T17:19:19+00:00","og_image":[{"width":1908,"height":741,"url":"https:\/\/loginfo24.com\/wp-content\/uploads\/sites\/7\/2025\/12\/Fraunhofer_IML_21.1.22.jpg","type":"image\/jpeg"}],"twitter_card":"summary_large_image","twitter_misc":{"Tempo estimado de leitura":"2 minutos"},"schema":{"@context":"https:\/\/schema.org","@graph":[{"@type":"Article","@id":"https:\/\/loginfo24.com\/pt-pt\/2022\/01\/22\/fraunhofer-iml-investiga-a-logistica-de-baterias-na-mobilidade-eletrica\/#article","isPartOf":{"@id":"https:\/\/loginfo24.com\/pt-pt\/2022\/01\/22\/fraunhofer-iml-investiga-a-logistica-de-baterias-na-mobilidade-eletrica\/"},"author":{"name":"","@id":""},"headline":"Fraunhofer IML investiga a log\u00edstica de baterias na mobilidade el\u00e9trica","datePublished":"2022-01-22T17:19:19+00:00","mainEntityOfPage":{"@id":"https:\/\/loginfo24.com\/pt-pt\/2022\/01\/22\/fraunhofer-iml-investiga-a-logistica-de-baterias-na-mobilidade-eletrica\/"},"wordCount":438,"commentCount":0,"publisher":{"@id":"https:\/\/loginfo24.com\/pt-pt\/#organization"},"image":{"@id":"https:\/\/loginfo24.com\/pt-pt\/2022\/01\/22\/fraunhofer-iml-investiga-a-logistica-de-baterias-na-mobilidade-eletrica\/#primaryimage"},"thumbnailUrl":"https:\/\/loginfo24.com\/wp-content\/uploads\/sites\/7\/2025\/12\/Fraunhofer_IML_21.1.22.jpg","articleSection":["Categories","Forwarding &amp; Logistics","Regions"],"inLanguage":"pt-PT","potentialAction":[{"@type":"CommentAction","name":"Comment","target":["https:\/\/loginfo24.com\/pt-pt\/2022\/01\/22\/fraunhofer-iml-investiga-a-logistica-de-baterias-na-mobilidade-eletrica\/#respond"]}]},{"@type":"WebPage","@id":"https:\/\/loginfo24.com\/pt-pt\/2022\/01\/22\/fraunhofer-iml-investiga-a-logistica-de-baterias-na-mobilidade-eletrica\/","url":"https:\/\/loginfo24.com\/pt-pt\/2022\/01\/22\/fraunhofer-iml-investiga-a-logistica-de-baterias-na-mobilidade-eletrica\/","name":"Fraunhofer IML investiga a log\u00edstica de baterias na mobilidade el\u00e9trica - Loginfo24","isPartOf":{"@id":"https:\/\/loginfo24.com\/pt-pt\/#website"},"primaryImageOfPage":{"@id":"https:\/\/loginfo24.com\/pt-pt\/2022\/01\/22\/fraunhofer-iml-investiga-a-logistica-de-baterias-na-mobilidade-eletrica\/#primaryimage"},"image":{"@id":"https:\/\/loginfo24.com\/pt-pt\/2022\/01\/22\/fraunhofer-iml-investiga-a-logistica-de-baterias-na-mobilidade-eletrica\/#primaryimage"},"thumbnailUrl":"https:\/\/loginfo24.com\/wp-content\/uploads\/sites\/7\/2025\/12\/Fraunhofer_IML_21.1.22.jpg","datePublished":"2022-01-22T17:19:19+00:00","breadcrumb":{"@id":"https:\/\/loginfo24.com\/pt-pt\/2022\/01\/22\/fraunhofer-iml-investiga-a-logistica-de-baterias-na-mobilidade-eletrica\/#breadcrumb"},"inLanguage":"pt-PT","potentialAction":[{"@type":"ReadAction","target":["https:\/\/loginfo24.com\/pt-pt\/2022\/01\/22\/fraunhofer-iml-investiga-a-logistica-de-baterias-na-mobilidade-eletrica\/"]}]},{"@type":"ImageObject","inLanguage":"pt-PT","@id":"https:\/\/loginfo24.com\/pt-pt\/2022\/01\/22\/fraunhofer-iml-investiga-a-logistica-de-baterias-na-mobilidade-eletrica\/#primaryimage","url":"https:\/\/loginfo24.com\/wp-content\/uploads\/sites\/7\/2025\/12\/Fraunhofer_IML_21.1.22.jpg","contentUrl":"https:\/\/loginfo24.com\/wp-content\/uploads\/sites\/7\/2025\/12\/Fraunhofer_IML_21.1.22.jpg","width":1908,"height":741},{"@type":"BreadcrumbList","@id":"https:\/\/loginfo24.com\/pt-pt\/2022\/01\/22\/fraunhofer-iml-investiga-a-logistica-de-baterias-na-mobilidade-eletrica\/#breadcrumb","itemListElement":[{"@type":"ListItem","position":1,"name":"Startseite","item":"https:\/\/loginfo24.com\/pt-pt\/"},{"@type":"ListItem","position":2,"name":"Fraunhofer IML investiga a log\u00edstica de baterias na mobilidade el\u00e9trica"}]},{"@type":"WebSite","@id":"https:\/\/loginfo24.com\/pt-pt\/#website","url":"https:\/\/loginfo24.com\/pt-pt\/","name":"Loginfo24","description":"Loginfo24 \u00e9 a plataforma dedicada \u00e0 log\u00edstica e \u00e0s cadeias de abastecimento, com informa\u00e7\u00f5es dispon\u00edveis 24 horas por dia.","publisher":{"@id":"https:\/\/loginfo24.com\/pt-pt\/#organization"},"potentialAction":[{"@type":"SearchAction","target":{"@type":"EntryPoint","urlTemplate":"https:\/\/loginfo24.com\/pt-pt\/?s={search_term_string}"},"query-input":{"@type":"PropertyValueSpecification","valueRequired":true,"valueName":"search_term_string"}}],"inLanguage":"pt-PT"},{"@type":"Organization","@id":"https:\/\/loginfo24.com\/pt-pt\/#organization","name":"Logismedia Group AG","url":"https:\/\/loginfo24.com\/pt-pt\/","logo":{"@type":"ImageObject","inLanguage":"pt-PT","@id":"https:\/\/loginfo24.com\/pt-pt\/#\/schema\/logo\/image\/","url":"https:\/\/loginfo24.com\/wp-content\/uploads\/sites\/7\/2026\/01\/Logo_LogInfo24.png","contentUrl":"https:\/\/loginfo24.com\/wp-content\/uploads\/sites\/7\/2026\/01\/Logo_LogInfo24.png","width":938,"height":351,"caption":"Logismedia Group AG"},"image":{"@id":"https:\/\/loginfo24.com\/pt-pt\/#\/schema\/logo\/image\/"},"sameAs":["https:\/\/www.facebook.com\/people\/Loginfo24\/100057360583332\/","https:\/\/www.linkedin.com\/company\/lofinfo24\/"]}]}},"_links":{"self":[{"href":"https:\/\/loginfo24.com\/pt-pt\/wp-json\/wp\/v2\/posts\/26714","targetHints":{"allow":["GET"]}}],"collection":[{"href":"https:\/\/loginfo24.com\/pt-pt\/wp-json\/wp\/v2\/posts"}],"about":[{"href":"https:\/\/loginfo24.com\/pt-pt\/wp-json\/wp\/v2\/types\/post"}],"replies":[{"embeddable":true,"href":"https:\/\/loginfo24.com\/pt-pt\/wp-json\/wp\/v2\/comments?post=26714"}],"version-history":[{"count":0,"href":"https:\/\/loginfo24.com\/pt-pt\/wp-json\/wp\/v2\/posts\/26714\/revisions"}],"wp:featuredmedia":[{"embeddable":true,"href":"https:\/\/loginfo24.com\/pt-pt\/wp-json\/wp\/v2\/media\/11206"}],"wp:attachment":[{"href":"https:\/\/loginfo24.com\/pt-pt\/wp-json\/wp\/v2\/media?parent=26714"}],"wp:term":[{"taxonomy":"category","embeddable":true,"href":"https:\/\/loginfo24.com\/pt-pt\/wp-json\/wp\/v2\/categories?post=26714"},{"taxonomy":"post_tag","embeddable":true,"href":"https:\/\/loginfo24.com\/pt-pt\/wp-json\/wp\/v2\/tags?post=26714"}],"curies":[{"name":"wp","href":"https:\/\/api.w.org\/{rel}","templated":true}]}}