{"id":25888,"date":"2021-06-02T17:49:25","date_gmt":"2021-06-02T15:49:25","guid":{"rendered":"https:\/\/blog.brand-architecture.at\/2021\/06\/02\/tecnicos-do-fabricante-de-elevadores-kone-em-acao-com-bicicletas-de-carga\/"},"modified":"2025-12-15T13:04:38","modified_gmt":"2025-12-15T12:04:38","slug":"tecnicos-do-fabricante-de-elevadores-kone-em-acao-com-bicicletas-de-carga","status":"publish","type":"post","link":"https:\/\/loginfo24.com\/pt-pt\/2021\/06\/02\/tecnicos-do-fabricante-de-elevadores-kone-em-acao-com-bicicletas-de-carga\/","title":{"rendered":"T\u00e9cnicos do fabricante de elevadores Kone em a\u00e7\u00e3o com bicicletas de carga"},"content":{"rendered":"<p>Os t\u00e9cnicos de servi\u00e7o da KONE est\u00e3o a utilizar bicicletas de carga el\u00e9tricas e trotinetes el\u00e9tricas em Viena para chegar aos elevadores. Eles recolhem pe\u00e7as de reposi\u00e7\u00e3o e ferramentas de microhubs, que tamb\u00e9m s\u00e3o abastecidos com bicicletas de carga. Para a cidade de Viena, o LOGSTEP \u00e9 um passo em dire\u00e7\u00e3o \u00e0 Smart City. O projeto-piloto para log\u00edstica urbana sustent\u00e1vel entra na fase decisiva a 1 de junho de 2021.<\/p>\n<p>(Viena) A KONE, um dos principais fabricantes de elevadores do mundo, aposta numa log\u00edstica amiga do clima. A 1 de junho de 2021, o projeto LOGSTEP (&#8220;Solu\u00e7\u00f5es Log\u00edsticas para Pessoal T\u00e9cnico&#8221;), que at\u00e9 agora \u00e9 \u00fanico em Viena, entra na fase decisiva: ent\u00e3o, quatro t\u00e9cnicos de servi\u00e7o da KONE na capital austr\u00edaca ir\u00e3o utilizar bicicletas de carga el\u00e9tricas e trotinetes el\u00e9tricas para manter os elevadores e libertar pessoas presas em caso de emerg\u00eancia. Os estados federais de Viena e Baixa \u00c1ustria, as respetivas c\u00e2maras de com\u00e9rcio e o Minist\u00e9rio Federal da Prote\u00e7\u00e3o Clim\u00e1tica da \u00c1ustria apoiaram este projeto-piloto. A KONE pretende transferir os conhecimentos adquiridos em Viena para \u00e1reas metropolitanas em todo o mundo.<\/p>\n<h5><strong>Mais flex\u00edvel e r\u00e1pido com a bicicleta<\/strong><\/h5>\n<p>O t\u00e9cnico de servi\u00e7o da KONE, Momcilo Kostic, est\u00e1 entusiasmado: &#8220;Com as bicicletas, somos mais flex\u00edveis e r\u00e1pidos do que com o carro \u2013 e tamb\u00e9m andamos com energia verde.&#8221; A sua bicicleta de carga el\u00e9trica acelera at\u00e9 um m\u00e1ximo de 25 km\/h. Para encurtar os trajetos de Kostic e dos seus colegas, a KONE estabeleceu v\u00e1rios microhubs nos bairros centrais de Viena: pontos de apoio que servem como armaz\u00e9ns de materiais e esta\u00e7\u00f5es de entrega, localizados a um m\u00e1ximo de 1.500 m dos elevadores. &#8220;O pessoal t\u00e9cnico pode recolher pe\u00e7as de reposi\u00e7\u00e3o e ferramentas nos microhubs a qualquer momento, ao mesmo tempo que pode descartar materiais recicl\u00e1veis e embalagens de forma segura&#8221;, explica Petru Huurinainen, diretor-geral da KONE \u00c1ustria. Mas n\u00e3o \u00e9 apenas a &#8220;\u00faltima milha&#8221; que \u00e9 isenta de emiss\u00f5es. Os transportes de e para os microhubs tamb\u00e9m s\u00e3o realizados por bicicletas de carga, neste caso, pelo servi\u00e7o de entrega de bicicletas Heavy Pedals. &#8220;Assim, aliviamos a cidade do tr\u00e1fego autom\u00f3vel e reduzimos as emiss\u00f5es de CO2&#8221;, explica Huurinainen. Para a cidade de Viena, o LOGSTEP \u00e9 um dos projetos-piloto no seu caminho para se tornar uma Smart City. &#8220;Uma log\u00edstica eficiente \u00e9 uma parte integrante do abastecimento, da elimina\u00e7\u00e3o e dos servi\u00e7os que precisamos diariamente numa cidade com um milh\u00e3o de habitantes como Viena&#8221;, enfatiza Thomas Madreiter, diretor de planejamento da cidade de Viena.<\/p>\n<h5><strong>LOGSTEP apoia a KONE no caminho para a neutralidade de CO2<\/strong><\/h5>\n<p>Para a KONE, o LOGSTEP tamb\u00e9m \u00e9 de particular import\u00e2ncia, uma vez que a empresa, com mais de 60.000 colaboradores em todo o mundo, pretende operar completamente neutra em CO2 at\u00e9 2030. &#8220;Os conhecimentos que adquirirmos em Viena ser\u00e3o transferidos para o maior n\u00famero poss\u00edvel de \u00e1reas metropolitanas na Europa e em todo o mundo&#8221;, diz o diretor-geral, que v\u00ea a empresa preparada para restri\u00e7\u00f5es mais severas ao tr\u00e1fego autom\u00f3vel nas metr\u00f3poles. Antes da fase decisiva do projeto em junho de 2021, houve v\u00e1rios meses de preparativos. A KONE contou com o apoio da empresa de consultoria log\u00edstica de Viena, Econsult, que analisou em detalhe os processos de encomenda e entrega. &#8220;Repens\u00e1mos e organiz\u00e1mos todos os passos para garantir cadeias de transporte eficientes e evitar atrasos no trabalho do pessoal t\u00e9cnico&#8221;, explica J\u00fcrgen Schrampf, diretor-geral da Econsult. &#8220;Os t\u00e9cnicos poder\u00e3o, portanto, manter diariamente o mesmo n\u00famero de elevadores que at\u00e9 agora.&#8221; Mas os envolvidos n\u00e3o querem apenas testar microhubs e bicicletas de carga. Eles tamb\u00e9m querem aprender mais sobre os requisitos que os conceitos log\u00edsticos inovadores imp\u00f5em \u00e0s tecnologias de comunica\u00e7\u00e3o e informa\u00e7\u00e3o das empresas. &#8220;A quest\u00e3o \u00e9 como podemos, durante um rollout, conectar-nos aos nossos sistemas de TI existentes e interfaces&#8221;, explica Huurinainen.<\/p>\n<h5><strong>Projeto LOGSTEP com amplo apoio<\/strong><\/h5>\n<p>O car\u00e1ter exemplar do projeto garante um amplo apoio: os estados federais de Viena e Baixa \u00c1ustria e as respetivas c\u00e2maras de com\u00e9rcio inclu\u00edram o LOGSTEP no seu projeto conjunto &#8220;Log\u00edstica Sustent\u00e1vel 2030+ Baixa \u00c1ustria-Viena&#8221;, abreviado &#8220;Log\u00edstica 2030+&#8221;. O Minist\u00e9rio Federal da Prote\u00e7\u00e3o Clim\u00e1tica da \u00c1ustria (BMK) tamb\u00e9m apoia financeiramente o LOGSTEP no \u00e2mbito do seu programa de &#8220;Promo\u00e7\u00e3o da Log\u00edstica&#8221;. &#8220;Com o LOGSTEP, os principais componentes de uma log\u00edstica sustent\u00e1vel do futuro s\u00e3o idealmente combinados&#8221;, diz Franz Schwammenh\u00f6fer, chefe do departamento de coordena\u00e7\u00e3o log\u00edstica do BMK, referindo-se aos componentes essenciais do projeto: a reconfigura\u00e7\u00e3o dos processos log\u00edsticos, a utiliza\u00e7\u00e3o de meios de transporte alternativos e a cria\u00e7\u00e3o de microhubs. Foto: \u00a9 Kone<\/p>\n","protected":false},"excerpt":{"rendered":"<p>Os t\u00e9cnicos de servi\u00e7o da KONE est\u00e3o a utilizar bicicletas de carga el\u00e9tricas e trotinetes el\u00e9tricas em Viena para chegar aos elevadores. Eles recolhem pe\u00e7as de<span class=\"excerpt-hellip\"> [\u2026]<\/span><\/p>\n","protected":false},"author":0,"featured_media":0,"comment_status":"open","ping_status":"open","sticky":false,"template":"","format":"standard","meta":{"_acf_changed":false,"footnotes":""},"categories":[1557,1561],"tags":[],"class_list":["post-25888","post","type-post","status-publish","format-standard","hentry","category-forwarding-logistics","category-regions"],"acf":[],"yoast_head":"<!-- This site is optimized with the Yoast SEO plugin v27.3 - https:\/\/yoast.com\/product\/yoast-seo-wordpress\/ -->\n<title>T\u00e9cnicos do fabricante de elevadores Kone em a\u00e7\u00e3o com bicicletas de carga - Loginfo24<\/title>\n<meta name=\"robots\" content=\"index, follow, max-snippet:-1, max-image-preview:large, max-video-preview:-1\" \/>\n<link rel=\"canonical\" href=\"https:\/\/loginfo24.com\/pt-pt\/2021\/06\/02\/tecnicos-do-fabricante-de-elevadores-kone-em-acao-com-bicicletas-de-carga\/\" \/>\n<meta property=\"og:locale\" content=\"pt_PT\" \/>\n<meta property=\"og:type\" content=\"article\" \/>\n<meta property=\"og:title\" content=\"T\u00e9cnicos do fabricante de elevadores Kone em a\u00e7\u00e3o com bicicletas de carga - Loginfo24\" \/>\n<meta property=\"og:description\" content=\"Os t\u00e9cnicos de servi\u00e7o da KONE est\u00e3o a utilizar bicicletas de carga el\u00e9tricas e trotinetes el\u00e9tricas em Viena para chegar aos elevadores. Eles recolhem pe\u00e7as de [\u2026]\" \/>\n<meta property=\"og:url\" content=\"https:\/\/loginfo24.com\/pt-pt\/2021\/06\/02\/tecnicos-do-fabricante-de-elevadores-kone-em-acao-com-bicicletas-de-carga\/\" \/>\n<meta property=\"og:site_name\" content=\"Loginfo24\" \/>\n<meta property=\"article:publisher\" content=\"https:\/\/www.facebook.com\/people\/Loginfo24\/100057360583332\/\" \/>\n<meta property=\"article:published_time\" content=\"2021-06-02T15:49:25+00:00\" \/>\n<meta property=\"article:modified_time\" content=\"2025-12-15T12:04:38+00:00\" \/>\n<meta name=\"twitter:card\" content=\"summary_large_image\" \/>\n<meta name=\"twitter:label1\" content=\"Tempo estimado de leitura\" \/>\n\t<meta name=\"twitter:data1\" content=\"4 minutos\" \/>\n<script type=\"application\/ld+json\" class=\"yoast-schema-graph\">{\"@context\":\"https:\\\/\\\/schema.org\",\"@graph\":[{\"@type\":\"Article\",\"@id\":\"https:\\\/\\\/loginfo24.com\\\/pt-pt\\\/2021\\\/06\\\/02\\\/tecnicos-do-fabricante-de-elevadores-kone-em-acao-com-bicicletas-de-carga\\\/#article\",\"isPartOf\":{\"@id\":\"https:\\\/\\\/loginfo24.com\\\/pt-pt\\\/2021\\\/06\\\/02\\\/tecnicos-do-fabricante-de-elevadores-kone-em-acao-com-bicicletas-de-carga\\\/\"},\"author\":{\"name\":\"\",\"@id\":\"\"},\"headline\":\"T\u00e9cnicos do fabricante de elevadores Kone em a\u00e7\u00e3o com bicicletas de carga\",\"datePublished\":\"2021-06-02T15:49:25+00:00\",\"dateModified\":\"2025-12-15T12:04:38+00:00\",\"mainEntityOfPage\":{\"@id\":\"https:\\\/\\\/loginfo24.com\\\/pt-pt\\\/2021\\\/06\\\/02\\\/tecnicos-do-fabricante-de-elevadores-kone-em-acao-com-bicicletas-de-carga\\\/\"},\"wordCount\":850,\"commentCount\":0,\"publisher\":{\"@id\":\"https:\\\/\\\/loginfo24.com\\\/pt-pt\\\/#organization\"},\"articleSection\":[\"Forwarding &amp; Logistics\",\"Regions\"],\"inLanguage\":\"pt-PT\",\"potentialAction\":[{\"@type\":\"CommentAction\",\"name\":\"Comment\",\"target\":[\"https:\\\/\\\/loginfo24.com\\\/pt-pt\\\/2021\\\/06\\\/02\\\/tecnicos-do-fabricante-de-elevadores-kone-em-acao-com-bicicletas-de-carga\\\/#respond\"]}]},{\"@type\":\"WebPage\",\"@id\":\"https:\\\/\\\/loginfo24.com\\\/pt-pt\\\/2021\\\/06\\\/02\\\/tecnicos-do-fabricante-de-elevadores-kone-em-acao-com-bicicletas-de-carga\\\/\",\"url\":\"https:\\\/\\\/loginfo24.com\\\/pt-pt\\\/2021\\\/06\\\/02\\\/tecnicos-do-fabricante-de-elevadores-kone-em-acao-com-bicicletas-de-carga\\\/\",\"name\":\"T\u00e9cnicos do fabricante de elevadores Kone em a\u00e7\u00e3o com bicicletas de carga - Loginfo24\",\"isPartOf\":{\"@id\":\"https:\\\/\\\/loginfo24.com\\\/pt-pt\\\/#website\"},\"datePublished\":\"2021-06-02T15:49:25+00:00\",\"dateModified\":\"2025-12-15T12:04:38+00:00\",\"breadcrumb\":{\"@id\":\"https:\\\/\\\/loginfo24.com\\\/pt-pt\\\/2021\\\/06\\\/02\\\/tecnicos-do-fabricante-de-elevadores-kone-em-acao-com-bicicletas-de-carga\\\/#breadcrumb\"},\"inLanguage\":\"pt-PT\",\"potentialAction\":[{\"@type\":\"ReadAction\",\"target\":[\"https:\\\/\\\/loginfo24.com\\\/pt-pt\\\/2021\\\/06\\\/02\\\/tecnicos-do-fabricante-de-elevadores-kone-em-acao-com-bicicletas-de-carga\\\/\"]}]},{\"@type\":\"BreadcrumbList\",\"@id\":\"https:\\\/\\\/loginfo24.com\\\/pt-pt\\\/2021\\\/06\\\/02\\\/tecnicos-do-fabricante-de-elevadores-kone-em-acao-com-bicicletas-de-carga\\\/#breadcrumb\",\"itemListElement\":[{\"@type\":\"ListItem\",\"position\":1,\"name\":\"Startseite\",\"item\":\"https:\\\/\\\/loginfo24.com\\\/pt-pt\\\/\"},{\"@type\":\"ListItem\",\"position\":2,\"name\":\"T\u00e9cnicos do fabricante de elevadores Kone em a\u00e7\u00e3o com bicicletas de carga\"}]},{\"@type\":\"WebSite\",\"@id\":\"https:\\\/\\\/loginfo24.com\\\/pt-pt\\\/#website\",\"url\":\"https:\\\/\\\/loginfo24.com\\\/pt-pt\\\/\",\"name\":\"Loginfo24\",\"description\":\"Loginfo24 \u00e9 a plataforma dedicada \u00e0 log\u00edstica e \u00e0s cadeias de abastecimento, com informa\u00e7\u00f5es dispon\u00edveis 24 horas por dia.\",\"publisher\":{\"@id\":\"https:\\\/\\\/loginfo24.com\\\/pt-pt\\\/#organization\"},\"potentialAction\":[{\"@type\":\"SearchAction\",\"target\":{\"@type\":\"EntryPoint\",\"urlTemplate\":\"https:\\\/\\\/loginfo24.com\\\/pt-pt\\\/?s={search_term_string}\"},\"query-input\":{\"@type\":\"PropertyValueSpecification\",\"valueRequired\":true,\"valueName\":\"search_term_string\"}}],\"inLanguage\":\"pt-PT\"},{\"@type\":\"Organization\",\"@id\":\"https:\\\/\\\/loginfo24.com\\\/pt-pt\\\/#organization\",\"name\":\"Logismedia Group AG\",\"url\":\"https:\\\/\\\/loginfo24.com\\\/pt-pt\\\/\",\"logo\":{\"@type\":\"ImageObject\",\"inLanguage\":\"pt-PT\",\"@id\":\"https:\\\/\\\/loginfo24.com\\\/pt-pt\\\/#\\\/schema\\\/logo\\\/image\\\/\",\"url\":\"https:\\\/\\\/loginfo24.com\\\/wp-content\\\/uploads\\\/sites\\\/7\\\/2026\\\/01\\\/Logo_LogInfo24.png\",\"contentUrl\":\"https:\\\/\\\/loginfo24.com\\\/wp-content\\\/uploads\\\/sites\\\/7\\\/2026\\\/01\\\/Logo_LogInfo24.png\",\"width\":938,\"height\":351,\"caption\":\"Logismedia Group AG\"},\"image\":{\"@id\":\"https:\\\/\\\/loginfo24.com\\\/pt-pt\\\/#\\\/schema\\\/logo\\\/image\\\/\"},\"sameAs\":[\"https:\\\/\\\/www.facebook.com\\\/people\\\/Loginfo24\\\/100057360583332\\\/\",\"https:\\\/\\\/www.linkedin.com\\\/company\\\/lofinfo24\\\/\"]}]}<\/script>\n<!-- \/ Yoast SEO plugin. -->","yoast_head_json":{"title":"T\u00e9cnicos do fabricante de elevadores Kone em a\u00e7\u00e3o com bicicletas de carga - Loginfo24","robots":{"index":"index","follow":"follow","max-snippet":"max-snippet:-1","max-image-preview":"max-image-preview:large","max-video-preview":"max-video-preview:-1"},"canonical":"https:\/\/loginfo24.com\/pt-pt\/2021\/06\/02\/tecnicos-do-fabricante-de-elevadores-kone-em-acao-com-bicicletas-de-carga\/","og_locale":"pt_PT","og_type":"article","og_title":"T\u00e9cnicos do fabricante de elevadores Kone em a\u00e7\u00e3o com bicicletas de carga - Loginfo24","og_description":"Os t\u00e9cnicos de servi\u00e7o da KONE est\u00e3o a utilizar bicicletas de carga el\u00e9tricas e trotinetes el\u00e9tricas em Viena para chegar aos elevadores. Eles recolhem pe\u00e7as de [\u2026]","og_url":"https:\/\/loginfo24.com\/pt-pt\/2021\/06\/02\/tecnicos-do-fabricante-de-elevadores-kone-em-acao-com-bicicletas-de-carga\/","og_site_name":"Loginfo24","article_publisher":"https:\/\/www.facebook.com\/people\/Loginfo24\/100057360583332\/","article_published_time":"2021-06-02T15:49:25+00:00","article_modified_time":"2025-12-15T12:04:38+00:00","twitter_card":"summary_large_image","twitter_misc":{"Tempo estimado de leitura":"4 minutos"},"schema":{"@context":"https:\/\/schema.org","@graph":[{"@type":"Article","@id":"https:\/\/loginfo24.com\/pt-pt\/2021\/06\/02\/tecnicos-do-fabricante-de-elevadores-kone-em-acao-com-bicicletas-de-carga\/#article","isPartOf":{"@id":"https:\/\/loginfo24.com\/pt-pt\/2021\/06\/02\/tecnicos-do-fabricante-de-elevadores-kone-em-acao-com-bicicletas-de-carga\/"},"author":{"name":"","@id":""},"headline":"T\u00e9cnicos do fabricante de elevadores Kone em a\u00e7\u00e3o com bicicletas de carga","datePublished":"2021-06-02T15:49:25+00:00","dateModified":"2025-12-15T12:04:38+00:00","mainEntityOfPage":{"@id":"https:\/\/loginfo24.com\/pt-pt\/2021\/06\/02\/tecnicos-do-fabricante-de-elevadores-kone-em-acao-com-bicicletas-de-carga\/"},"wordCount":850,"commentCount":0,"publisher":{"@id":"https:\/\/loginfo24.com\/pt-pt\/#organization"},"articleSection":["Forwarding &amp; Logistics","Regions"],"inLanguage":"pt-PT","potentialAction":[{"@type":"CommentAction","name":"Comment","target":["https:\/\/loginfo24.com\/pt-pt\/2021\/06\/02\/tecnicos-do-fabricante-de-elevadores-kone-em-acao-com-bicicletas-de-carga\/#respond"]}]},{"@type":"WebPage","@id":"https:\/\/loginfo24.com\/pt-pt\/2021\/06\/02\/tecnicos-do-fabricante-de-elevadores-kone-em-acao-com-bicicletas-de-carga\/","url":"https:\/\/loginfo24.com\/pt-pt\/2021\/06\/02\/tecnicos-do-fabricante-de-elevadores-kone-em-acao-com-bicicletas-de-carga\/","name":"T\u00e9cnicos do fabricante de elevadores Kone em a\u00e7\u00e3o com bicicletas de carga - Loginfo24","isPartOf":{"@id":"https:\/\/loginfo24.com\/pt-pt\/#website"},"datePublished":"2021-06-02T15:49:25+00:00","dateModified":"2025-12-15T12:04:38+00:00","breadcrumb":{"@id":"https:\/\/loginfo24.com\/pt-pt\/2021\/06\/02\/tecnicos-do-fabricante-de-elevadores-kone-em-acao-com-bicicletas-de-carga\/#breadcrumb"},"inLanguage":"pt-PT","potentialAction":[{"@type":"ReadAction","target":["https:\/\/loginfo24.com\/pt-pt\/2021\/06\/02\/tecnicos-do-fabricante-de-elevadores-kone-em-acao-com-bicicletas-de-carga\/"]}]},{"@type":"BreadcrumbList","@id":"https:\/\/loginfo24.com\/pt-pt\/2021\/06\/02\/tecnicos-do-fabricante-de-elevadores-kone-em-acao-com-bicicletas-de-carga\/#breadcrumb","itemListElement":[{"@type":"ListItem","position":1,"name":"Startseite","item":"https:\/\/loginfo24.com\/pt-pt\/"},{"@type":"ListItem","position":2,"name":"T\u00e9cnicos do fabricante de elevadores Kone em a\u00e7\u00e3o com bicicletas de carga"}]},{"@type":"WebSite","@id":"https:\/\/loginfo24.com\/pt-pt\/#website","url":"https:\/\/loginfo24.com\/pt-pt\/","name":"Loginfo24","description":"Loginfo24 \u00e9 a plataforma dedicada \u00e0 log\u00edstica e \u00e0s cadeias de abastecimento, com informa\u00e7\u00f5es dispon\u00edveis 24 horas por dia.","publisher":{"@id":"https:\/\/loginfo24.com\/pt-pt\/#organization"},"potentialAction":[{"@type":"SearchAction","target":{"@type":"EntryPoint","urlTemplate":"https:\/\/loginfo24.com\/pt-pt\/?s={search_term_string}"},"query-input":{"@type":"PropertyValueSpecification","valueRequired":true,"valueName":"search_term_string"}}],"inLanguage":"pt-PT"},{"@type":"Organization","@id":"https:\/\/loginfo24.com\/pt-pt\/#organization","name":"Logismedia Group AG","url":"https:\/\/loginfo24.com\/pt-pt\/","logo":{"@type":"ImageObject","inLanguage":"pt-PT","@id":"https:\/\/loginfo24.com\/pt-pt\/#\/schema\/logo\/image\/","url":"https:\/\/loginfo24.com\/wp-content\/uploads\/sites\/7\/2026\/01\/Logo_LogInfo24.png","contentUrl":"https:\/\/loginfo24.com\/wp-content\/uploads\/sites\/7\/2026\/01\/Logo_LogInfo24.png","width":938,"height":351,"caption":"Logismedia Group AG"},"image":{"@id":"https:\/\/loginfo24.com\/pt-pt\/#\/schema\/logo\/image\/"},"sameAs":["https:\/\/www.facebook.com\/people\/Loginfo24\/100057360583332\/","https:\/\/www.linkedin.com\/company\/lofinfo24\/"]}]}},"_links":{"self":[{"href":"https:\/\/loginfo24.com\/pt-pt\/wp-json\/wp\/v2\/posts\/25888","targetHints":{"allow":["GET"]}}],"collection":[{"href":"https:\/\/loginfo24.com\/pt-pt\/wp-json\/wp\/v2\/posts"}],"about":[{"href":"https:\/\/loginfo24.com\/pt-pt\/wp-json\/wp\/v2\/types\/post"}],"replies":[{"embeddable":true,"href":"https:\/\/loginfo24.com\/pt-pt\/wp-json\/wp\/v2\/comments?post=25888"}],"version-history":[{"count":1,"href":"https:\/\/loginfo24.com\/pt-pt\/wp-json\/wp\/v2\/posts\/25888\/revisions"}],"predecessor-version":[{"id":47470,"href":"https:\/\/loginfo24.com\/pt-pt\/wp-json\/wp\/v2\/posts\/25888\/revisions\/47470"}],"wp:attachment":[{"href":"https:\/\/loginfo24.com\/pt-pt\/wp-json\/wp\/v2\/media?parent=25888"}],"wp:term":[{"taxonomy":"category","embeddable":true,"href":"https:\/\/loginfo24.com\/pt-pt\/wp-json\/wp\/v2\/categories?post=25888"},{"taxonomy":"post_tag","embeddable":true,"href":"https:\/\/loginfo24.com\/pt-pt\/wp-json\/wp\/v2\/tags?post=25888"}],"curies":[{"name":"wp","href":"https:\/\/api.w.org\/{rel}","templated":true}]}}