{"id":25882,"date":"2021-06-02T17:42:51","date_gmt":"2021-06-02T15:42:51","guid":{"rendered":"https:\/\/blog.brand-architecture.at\/2021\/06\/02\/candidato-do-bundestag-da-csu-alexander-engelhard-visita-a-kogel\/"},"modified":"2025-12-15T13:04:36","modified_gmt":"2025-12-15T12:04:36","slug":"candidato-do-bundestag-da-csu-alexander-engelhard-visita-a-kogel","status":"publish","type":"post","link":"https:\/\/loginfo24.com\/pt-pt\/2021\/06\/02\/candidato-do-bundestag-da-csu-alexander-engelhard-visita-a-kogel\/","title":{"rendered":"Candidato do Bundestag da CSU, Alexander Engelhard, visita a K\u00f6gel"},"content":{"rendered":"<p>Visita proeminente ao fabricante de reboques K\u00f6gel em Burtenbach. O candidato direto do Bundestag da CSU dos distritos de Neu-Ulm e G\u00fcnzburg, bem como de partes do Unterallg\u00e4u, Alexander Engelhard, se informou sobre a capacidade de inova\u00e7\u00e3o das pequenas e m\u00e9dias empresas na K\u00f6gel. O diretor-geral Thomas Heckel tamb\u00e9m informou Engelhard sobre os planos de investimento da K\u00f6gel.<\/p>\n<p>(PresseBox\/Burtenbach) O engenheiro econ\u00f4mico e propriet\u00e1rio do moinho Engelhard em Attenhofen, Alexander Engelhard, opera v\u00e1rios ve\u00edculos. Durante a visita, o pol\u00edtico da CSU demonstrou um grande interesse pelas solu\u00e7\u00f5es de transporte economicamente e ecologicamente sustent\u00e1veis &#8220;Made in Bayerisch Schwaben&#8221;. &#8220;Fico entusiasmado ao saber que hoje j\u00e1 tr\u00eas quartos da oferta de produtos da K\u00f6gel atendem aos altos requisitos de carregamento para o transporte ferrovi\u00e1rio. Estou convencido de que o transporte de mercadorias \u00e9 indispens\u00e1vel e continuar\u00e1 a crescer. Portanto, o transporte de mercadorias deve ser realizado da forma mais sustent\u00e1vel poss\u00edvel. Especialmente transportando mercadorias em uma parte o maior poss\u00edvel do trajeto de transporte por ferrovia.&#8221; A K\u00f6gel j\u00e1 oferece uma gama inovadora de solu\u00e7\u00f5es de transporte para isso.<\/p>\n<h5><strong>Impressionado com a sustentabilidade<\/strong><\/h5>\n<p> Engelhard tamb\u00e9m ficou muito satisfeito com o Euro Trailer da gera\u00e7\u00e3o NOVUM, o semirreboque alongado (Tipo 1 de Longo Caminh\u00e3o) da K\u00f6gel. A abordagem pragm\u00e1tica de alongar um reboque de acordo com as dimens\u00f5es de um palete europeu, at\u00e9 que uma rela\u00e7\u00e3o \u00f3tima entre carga \u00fatil e volume \u00fatil seja alcan\u00e7ada, economizando assim cerca de dez por cento de CO2, convence o pol\u00edtico. Al\u00e9m disso, as inova\u00e7\u00f5es de produtos da empresa K\u00f6gel para a redu\u00e7\u00e3o de CO2 no transporte se tornar\u00e3o um crit\u00e9rio cada vez mais importante na concorr\u00eancia. &#8220;Aqui, a K\u00f6gel \u00e9 uma pioneira no segmento&#8221;, diz o pol\u00edtico da CSU. Durante a visita \u00e0 f\u00e1brica em Burtenbach, o empres\u00e1rio tamb\u00e9m notou a alta qualidade de fabrica\u00e7\u00e3o. Qualidade e durabilidade s\u00e3o, segundo Engelhard, outros aspectos importantes da sustentabilidade. O diretor-geral da K\u00f6gel, Thomas Heckel, o presidente do conselho de trabalhadores Leo Berger e Paul Stempfle, chefe de desenvolvimento preliminar, explicaram a Alexander Engelhard os planos de investimento da K\u00f6gel, que ajudam a promover ainda mais a sustentabilidade da oferta de produtos. Como exemplos, Heckel mencionou a expans\u00e3o da chamada produ\u00e7\u00e3o SKD (Semi-Knocked-Down, ve\u00edculos parcialmente desmontados), onde kits de reboque s\u00e3o fabricados e embalados para mercados em toda a Europa. Os planos para a amplia\u00e7\u00e3o e moderniza\u00e7\u00e3o energ\u00e9tica do edif\u00edcio administrativo s\u00e3o outra prova do compromisso da K\u00f6gel em produzir de forma ambientalmente consciente e sustent\u00e1vel.<\/p>\n<h5><strong>Construir empregos adicionais<\/strong><\/h5>\n<p> &#8220;Os investimentos planejados pela K\u00f6gel contribuem diretamente para a sustentabilidade de nossos produtos. Al\u00e9m disso, com isso, iremos apoiar a economia da regi\u00e3o e criar empregos na K\u00f6gel e em empresas fornecedoras&#8221;, explicou Heckel. O local pode se destacar com esse investimento como particularmente voltado para o futuro. Engelhard achou especialmente encorajador que o n\u00famero de funcion\u00e1rios deve aumentar de cerca de 700 para quase 800 empregados. Foto: \u00a9 K\u00f6gel \/ <strong><em>Legenda da imagem:<\/em><\/strong><em> da esquerda para a direita: Thomas Heckel \u2013 Diretor Geral da K\u00f6gel, Alexander Engelhard \u2013 CSU, Leo Berger \u2013 Presidente do Conselho de Trabalhadores da K\u00f6gel, Paul Stempfle \u2013 Chefe de Desenvolvimento Preliminar &amp; Gest\u00e3o da Cadeia de Suprimentos<\/em><\/p>\n","protected":false},"excerpt":{"rendered":"<p>Visita proeminente ao fabricante de reboques K\u00f6gel em Burtenbach. O candidato direto do Bundestag da CSU dos distritos de Neu-Ulm e G\u00fcnzburg, bem como de partes<span class=\"excerpt-hellip\"> [\u2026]<\/span><\/p>\n","protected":false},"author":0,"featured_media":0,"comment_status":"open","ping_status":"open","sticky":false,"template":"","format":"standard","meta":{"_acf_changed":false,"footnotes":""},"categories":[1557,1561],"tags":[],"class_list":["post-25882","post","type-post","status-publish","format-standard","hentry","category-forwarding-logistics","category-regions"],"acf":[],"yoast_head":"<!-- This site is optimized with the Yoast SEO plugin v27.3 - https:\/\/yoast.com\/product\/yoast-seo-wordpress\/ -->\n<title>Candidato do Bundestag da CSU, Alexander Engelhard, visita a K\u00f6gel - Loginfo24<\/title>\n<meta name=\"robots\" content=\"index, follow, max-snippet:-1, max-image-preview:large, max-video-preview:-1\" \/>\n<link rel=\"canonical\" href=\"https:\/\/loginfo24.com\/pt-pt\/2021\/06\/02\/candidato-do-bundestag-da-csu-alexander-engelhard-visita-a-kogel\/\" \/>\n<meta property=\"og:locale\" content=\"pt_PT\" \/>\n<meta property=\"og:type\" content=\"article\" \/>\n<meta property=\"og:title\" content=\"Candidato do Bundestag da CSU, Alexander Engelhard, visita a K\u00f6gel - Loginfo24\" \/>\n<meta property=\"og:description\" content=\"Visita proeminente ao fabricante de reboques K\u00f6gel em Burtenbach. O candidato direto do Bundestag da CSU dos distritos de Neu-Ulm e G\u00fcnzburg, bem como de partes [\u2026]\" \/>\n<meta property=\"og:url\" content=\"https:\/\/loginfo24.com\/pt-pt\/2021\/06\/02\/candidato-do-bundestag-da-csu-alexander-engelhard-visita-a-kogel\/\" \/>\n<meta property=\"og:site_name\" content=\"Loginfo24\" \/>\n<meta property=\"article:publisher\" content=\"https:\/\/www.facebook.com\/people\/Loginfo24\/100057360583332\/\" \/>\n<meta property=\"article:published_time\" content=\"2021-06-02T15:42:51+00:00\" \/>\n<meta property=\"article:modified_time\" content=\"2025-12-15T12:04:36+00:00\" \/>\n<meta name=\"twitter:card\" content=\"summary_large_image\" \/>\n<meta name=\"twitter:label1\" content=\"Tempo estimado de leitura\" \/>\n\t<meta name=\"twitter:data1\" content=\"3 minutos\" \/>\n<script type=\"application\/ld+json\" class=\"yoast-schema-graph\">{\"@context\":\"https:\\\/\\\/schema.org\",\"@graph\":[{\"@type\":\"Article\",\"@id\":\"https:\\\/\\\/loginfo24.com\\\/pt-pt\\\/2021\\\/06\\\/02\\\/candidato-do-bundestag-da-csu-alexander-engelhard-visita-a-kogel\\\/#article\",\"isPartOf\":{\"@id\":\"https:\\\/\\\/loginfo24.com\\\/pt-pt\\\/2021\\\/06\\\/02\\\/candidato-do-bundestag-da-csu-alexander-engelhard-visita-a-kogel\\\/\"},\"author\":{\"name\":\"\",\"@id\":\"\"},\"headline\":\"Candidato do Bundestag da CSU, Alexander Engelhard, visita a K\u00f6gel\",\"datePublished\":\"2021-06-02T15:42:51+00:00\",\"dateModified\":\"2025-12-15T12:04:36+00:00\",\"mainEntityOfPage\":{\"@id\":\"https:\\\/\\\/loginfo24.com\\\/pt-pt\\\/2021\\\/06\\\/02\\\/candidato-do-bundestag-da-csu-alexander-engelhard-visita-a-kogel\\\/\"},\"wordCount\":597,\"commentCount\":0,\"publisher\":{\"@id\":\"https:\\\/\\\/loginfo24.com\\\/pt-pt\\\/#organization\"},\"articleSection\":[\"Forwarding &amp; Logistics\",\"Regions\"],\"inLanguage\":\"pt-PT\",\"potentialAction\":[{\"@type\":\"CommentAction\",\"name\":\"Comment\",\"target\":[\"https:\\\/\\\/loginfo24.com\\\/pt-pt\\\/2021\\\/06\\\/02\\\/candidato-do-bundestag-da-csu-alexander-engelhard-visita-a-kogel\\\/#respond\"]}]},{\"@type\":\"WebPage\",\"@id\":\"https:\\\/\\\/loginfo24.com\\\/pt-pt\\\/2021\\\/06\\\/02\\\/candidato-do-bundestag-da-csu-alexander-engelhard-visita-a-kogel\\\/\",\"url\":\"https:\\\/\\\/loginfo24.com\\\/pt-pt\\\/2021\\\/06\\\/02\\\/candidato-do-bundestag-da-csu-alexander-engelhard-visita-a-kogel\\\/\",\"name\":\"Candidato do Bundestag da CSU, Alexander Engelhard, visita a K\u00f6gel - Loginfo24\",\"isPartOf\":{\"@id\":\"https:\\\/\\\/loginfo24.com\\\/pt-pt\\\/#website\"},\"datePublished\":\"2021-06-02T15:42:51+00:00\",\"dateModified\":\"2025-12-15T12:04:36+00:00\",\"breadcrumb\":{\"@id\":\"https:\\\/\\\/loginfo24.com\\\/pt-pt\\\/2021\\\/06\\\/02\\\/candidato-do-bundestag-da-csu-alexander-engelhard-visita-a-kogel\\\/#breadcrumb\"},\"inLanguage\":\"pt-PT\",\"potentialAction\":[{\"@type\":\"ReadAction\",\"target\":[\"https:\\\/\\\/loginfo24.com\\\/pt-pt\\\/2021\\\/06\\\/02\\\/candidato-do-bundestag-da-csu-alexander-engelhard-visita-a-kogel\\\/\"]}]},{\"@type\":\"BreadcrumbList\",\"@id\":\"https:\\\/\\\/loginfo24.com\\\/pt-pt\\\/2021\\\/06\\\/02\\\/candidato-do-bundestag-da-csu-alexander-engelhard-visita-a-kogel\\\/#breadcrumb\",\"itemListElement\":[{\"@type\":\"ListItem\",\"position\":1,\"name\":\"Startseite\",\"item\":\"https:\\\/\\\/loginfo24.com\\\/pt-pt\\\/\"},{\"@type\":\"ListItem\",\"position\":2,\"name\":\"Candidato do Bundestag da CSU, Alexander Engelhard, visita a K\u00f6gel\"}]},{\"@type\":\"WebSite\",\"@id\":\"https:\\\/\\\/loginfo24.com\\\/pt-pt\\\/#website\",\"url\":\"https:\\\/\\\/loginfo24.com\\\/pt-pt\\\/\",\"name\":\"Loginfo24\",\"description\":\"Loginfo24 \u00e9 a plataforma dedicada \u00e0 log\u00edstica e \u00e0s cadeias de abastecimento, com informa\u00e7\u00f5es dispon\u00edveis 24 horas por dia.\",\"publisher\":{\"@id\":\"https:\\\/\\\/loginfo24.com\\\/pt-pt\\\/#organization\"},\"potentialAction\":[{\"@type\":\"SearchAction\",\"target\":{\"@type\":\"EntryPoint\",\"urlTemplate\":\"https:\\\/\\\/loginfo24.com\\\/pt-pt\\\/?s={search_term_string}\"},\"query-input\":{\"@type\":\"PropertyValueSpecification\",\"valueRequired\":true,\"valueName\":\"search_term_string\"}}],\"inLanguage\":\"pt-PT\"},{\"@type\":\"Organization\",\"@id\":\"https:\\\/\\\/loginfo24.com\\\/pt-pt\\\/#organization\",\"name\":\"Logismedia Group AG\",\"url\":\"https:\\\/\\\/loginfo24.com\\\/pt-pt\\\/\",\"logo\":{\"@type\":\"ImageObject\",\"inLanguage\":\"pt-PT\",\"@id\":\"https:\\\/\\\/loginfo24.com\\\/pt-pt\\\/#\\\/schema\\\/logo\\\/image\\\/\",\"url\":\"https:\\\/\\\/loginfo24.com\\\/wp-content\\\/uploads\\\/sites\\\/7\\\/2026\\\/01\\\/Logo_LogInfo24.png\",\"contentUrl\":\"https:\\\/\\\/loginfo24.com\\\/wp-content\\\/uploads\\\/sites\\\/7\\\/2026\\\/01\\\/Logo_LogInfo24.png\",\"width\":938,\"height\":351,\"caption\":\"Logismedia Group AG\"},\"image\":{\"@id\":\"https:\\\/\\\/loginfo24.com\\\/pt-pt\\\/#\\\/schema\\\/logo\\\/image\\\/\"},\"sameAs\":[\"https:\\\/\\\/www.facebook.com\\\/people\\\/Loginfo24\\\/100057360583332\\\/\",\"https:\\\/\\\/www.linkedin.com\\\/company\\\/lofinfo24\\\/\"]}]}<\/script>\n<!-- \/ Yoast SEO plugin. -->","yoast_head_json":{"title":"Candidato do Bundestag da CSU, Alexander Engelhard, visita a K\u00f6gel - Loginfo24","robots":{"index":"index","follow":"follow","max-snippet":"max-snippet:-1","max-image-preview":"max-image-preview:large","max-video-preview":"max-video-preview:-1"},"canonical":"https:\/\/loginfo24.com\/pt-pt\/2021\/06\/02\/candidato-do-bundestag-da-csu-alexander-engelhard-visita-a-kogel\/","og_locale":"pt_PT","og_type":"article","og_title":"Candidato do Bundestag da CSU, Alexander Engelhard, visita a K\u00f6gel - Loginfo24","og_description":"Visita proeminente ao fabricante de reboques K\u00f6gel em Burtenbach. O candidato direto do Bundestag da CSU dos distritos de Neu-Ulm e G\u00fcnzburg, bem como de partes [\u2026]","og_url":"https:\/\/loginfo24.com\/pt-pt\/2021\/06\/02\/candidato-do-bundestag-da-csu-alexander-engelhard-visita-a-kogel\/","og_site_name":"Loginfo24","article_publisher":"https:\/\/www.facebook.com\/people\/Loginfo24\/100057360583332\/","article_published_time":"2021-06-02T15:42:51+00:00","article_modified_time":"2025-12-15T12:04:36+00:00","twitter_card":"summary_large_image","twitter_misc":{"Tempo estimado de leitura":"3 minutos"},"schema":{"@context":"https:\/\/schema.org","@graph":[{"@type":"Article","@id":"https:\/\/loginfo24.com\/pt-pt\/2021\/06\/02\/candidato-do-bundestag-da-csu-alexander-engelhard-visita-a-kogel\/#article","isPartOf":{"@id":"https:\/\/loginfo24.com\/pt-pt\/2021\/06\/02\/candidato-do-bundestag-da-csu-alexander-engelhard-visita-a-kogel\/"},"author":{"name":"","@id":""},"headline":"Candidato do Bundestag da CSU, Alexander Engelhard, visita a K\u00f6gel","datePublished":"2021-06-02T15:42:51+00:00","dateModified":"2025-12-15T12:04:36+00:00","mainEntityOfPage":{"@id":"https:\/\/loginfo24.com\/pt-pt\/2021\/06\/02\/candidato-do-bundestag-da-csu-alexander-engelhard-visita-a-kogel\/"},"wordCount":597,"commentCount":0,"publisher":{"@id":"https:\/\/loginfo24.com\/pt-pt\/#organization"},"articleSection":["Forwarding &amp; Logistics","Regions"],"inLanguage":"pt-PT","potentialAction":[{"@type":"CommentAction","name":"Comment","target":["https:\/\/loginfo24.com\/pt-pt\/2021\/06\/02\/candidato-do-bundestag-da-csu-alexander-engelhard-visita-a-kogel\/#respond"]}]},{"@type":"WebPage","@id":"https:\/\/loginfo24.com\/pt-pt\/2021\/06\/02\/candidato-do-bundestag-da-csu-alexander-engelhard-visita-a-kogel\/","url":"https:\/\/loginfo24.com\/pt-pt\/2021\/06\/02\/candidato-do-bundestag-da-csu-alexander-engelhard-visita-a-kogel\/","name":"Candidato do Bundestag da CSU, Alexander Engelhard, visita a K\u00f6gel - Loginfo24","isPartOf":{"@id":"https:\/\/loginfo24.com\/pt-pt\/#website"},"datePublished":"2021-06-02T15:42:51+00:00","dateModified":"2025-12-15T12:04:36+00:00","breadcrumb":{"@id":"https:\/\/loginfo24.com\/pt-pt\/2021\/06\/02\/candidato-do-bundestag-da-csu-alexander-engelhard-visita-a-kogel\/#breadcrumb"},"inLanguage":"pt-PT","potentialAction":[{"@type":"ReadAction","target":["https:\/\/loginfo24.com\/pt-pt\/2021\/06\/02\/candidato-do-bundestag-da-csu-alexander-engelhard-visita-a-kogel\/"]}]},{"@type":"BreadcrumbList","@id":"https:\/\/loginfo24.com\/pt-pt\/2021\/06\/02\/candidato-do-bundestag-da-csu-alexander-engelhard-visita-a-kogel\/#breadcrumb","itemListElement":[{"@type":"ListItem","position":1,"name":"Startseite","item":"https:\/\/loginfo24.com\/pt-pt\/"},{"@type":"ListItem","position":2,"name":"Candidato do Bundestag da CSU, Alexander Engelhard, visita a K\u00f6gel"}]},{"@type":"WebSite","@id":"https:\/\/loginfo24.com\/pt-pt\/#website","url":"https:\/\/loginfo24.com\/pt-pt\/","name":"Loginfo24","description":"Loginfo24 \u00e9 a plataforma dedicada \u00e0 log\u00edstica e \u00e0s cadeias de abastecimento, com informa\u00e7\u00f5es dispon\u00edveis 24 horas por dia.","publisher":{"@id":"https:\/\/loginfo24.com\/pt-pt\/#organization"},"potentialAction":[{"@type":"SearchAction","target":{"@type":"EntryPoint","urlTemplate":"https:\/\/loginfo24.com\/pt-pt\/?s={search_term_string}"},"query-input":{"@type":"PropertyValueSpecification","valueRequired":true,"valueName":"search_term_string"}}],"inLanguage":"pt-PT"},{"@type":"Organization","@id":"https:\/\/loginfo24.com\/pt-pt\/#organization","name":"Logismedia Group AG","url":"https:\/\/loginfo24.com\/pt-pt\/","logo":{"@type":"ImageObject","inLanguage":"pt-PT","@id":"https:\/\/loginfo24.com\/pt-pt\/#\/schema\/logo\/image\/","url":"https:\/\/loginfo24.com\/wp-content\/uploads\/sites\/7\/2026\/01\/Logo_LogInfo24.png","contentUrl":"https:\/\/loginfo24.com\/wp-content\/uploads\/sites\/7\/2026\/01\/Logo_LogInfo24.png","width":938,"height":351,"caption":"Logismedia Group AG"},"image":{"@id":"https:\/\/loginfo24.com\/pt-pt\/#\/schema\/logo\/image\/"},"sameAs":["https:\/\/www.facebook.com\/people\/Loginfo24\/100057360583332\/","https:\/\/www.linkedin.com\/company\/lofinfo24\/"]}]}},"_links":{"self":[{"href":"https:\/\/loginfo24.com\/pt-pt\/wp-json\/wp\/v2\/posts\/25882","targetHints":{"allow":["GET"]}}],"collection":[{"href":"https:\/\/loginfo24.com\/pt-pt\/wp-json\/wp\/v2\/posts"}],"about":[{"href":"https:\/\/loginfo24.com\/pt-pt\/wp-json\/wp\/v2\/types\/post"}],"replies":[{"embeddable":true,"href":"https:\/\/loginfo24.com\/pt-pt\/wp-json\/wp\/v2\/comments?post=25882"}],"version-history":[{"count":1,"href":"https:\/\/loginfo24.com\/pt-pt\/wp-json\/wp\/v2\/posts\/25882\/revisions"}],"predecessor-version":[{"id":47458,"href":"https:\/\/loginfo24.com\/pt-pt\/wp-json\/wp\/v2\/posts\/25882\/revisions\/47458"}],"wp:attachment":[{"href":"https:\/\/loginfo24.com\/pt-pt\/wp-json\/wp\/v2\/media?parent=25882"}],"wp:term":[{"taxonomy":"category","embeddable":true,"href":"https:\/\/loginfo24.com\/pt-pt\/wp-json\/wp\/v2\/categories?post=25882"},{"taxonomy":"post_tag","embeddable":true,"href":"https:\/\/loginfo24.com\/pt-pt\/wp-json\/wp\/v2\/tags?post=25882"}],"curies":[{"name":"wp","href":"https:\/\/api.w.org\/{rel}","templated":true}]}}