{"id":24919,"date":"2021-04-22T20:36:47","date_gmt":"2021-04-22T18:36:47","guid":{"rendered":"https:\/\/blog.brand-architecture.at\/2021\/04\/22\/intralogistica-swisslog-inaugura-nova-sede-em-dortmund\/"},"modified":"2025-12-15T12:59:53","modified_gmt":"2025-12-15T11:59:53","slug":"intralogistica-swisslog-inaugura-nova-sede-em-dortmund","status":"publish","type":"post","link":"https:\/\/loginfo24.com\/pt-pt\/2021\/04\/22\/intralogistica-swisslog-inaugura-nova-sede-em-dortmund\/","title":{"rendered":"Intralog\u00edstica Swisslog inaugura nova sede em Dortmund"},"content":{"rendered":"<p>Ap\u00f3s trinta anos no Parque Tecnol\u00f3gico de Dortmund, a filial alem\u00e3 do especialista su\u00ed\u00e7o em intralog\u00edstica Swisslog agora se muda para um novo edif\u00edcio moderno no bairro Dorstfeld: um sinal de expans\u00e3o e orienta\u00e7\u00e3o para o futuro, bem como um compromisso com a metr\u00f3pole da regi\u00e3o do Ruhr e com a localiza\u00e7\u00e3o na Alemanha.<\/p>\n<p>(Dortmund) A intralog\u00edstica Swisslog inaugurou oficialmente sua nova sede na Ezzestra\u00dfe em Dortmund-Dorstfeld no dia 20 de abril. &#8220;Estamos muito felizes por agora poder nos desenvolver ainda melhor em um novo edif\u00edcio moderno e espa\u00e7oso, com todas as possibilidades t\u00e9cnicas&#8221;, diz o CEO da Swisslog, Dr. Christian Baur, e enfatiza: &#8220;A mudan\u00e7a \u00e9 um sinal de nossa expans\u00e3o, um sinal de futuro para nossos parceiros de neg\u00f3cios e colaboradores, de que queremos expandir ainda mais nossa posi\u00e7\u00e3o de lideran\u00e7a no mercado log\u00edstico e reafirmar nosso compromisso com Dortmund e com a localiza\u00e7\u00e3o na Alemanha.&#8221;<\/p>\n<h5><strong>Central de Software e Centro de Tecnologia<\/strong><\/h5>\n<p>Desde o in\u00edcio da d\u00e9cada de 1990, a empresa com sede em Buchs, Su\u00ed\u00e7a, est\u00e1 localizada na metr\u00f3pole da regi\u00e3o do Ruhr, mais recentemente no Parque Tecnol\u00f3gico na Martin-Schmei\u00dfer-Weg, e tem crescido continuamente desde ent\u00e3o. O especialista em tecnologia de armazenamento automatizado, rob\u00f3tica e software inteligente mant\u00e9m em Dortmund, al\u00e9m de sua sede administrativa da filial alem\u00e3, Swisslog GmbH, sua central de desenvolvimento de software e um Centro de Tecnologia. Aqui, a constru\u00e7\u00e3o de prot\u00f3tipos e o desenvolvimento cont\u00ednuo de tecnologias inovadoras de intralog\u00edstica baseadas em dados e suportadas por rob\u00f4s ocorrem.<\/p>\n<h5><strong>\u201cOlhar para o Futuro\u201d<\/strong><\/h5>\n<p>&#8220;Tecnologia de ponta \u00e9 fundamental para n\u00f3s&#8221;, enfatiza Baur, &#8220;com sua ajuda, tornamos os processos de armazenamento muito eficientes, sustent\u00e1veis e adequados para o futuro para nossos clientes.&#8221; O novo hub deve otimizar ainda mais esse processo, al\u00e9m de ser um centro de ideias e um ponto de atra\u00e7\u00e3o para colaboradores altamente qualificados, engajados e vision\u00e1rios. &#8220;Estamos olhando para o futuro e n\u00e3o estamos apenas trabalhando em nossas pr\u00f3prias tecnologias de intralog\u00edstica&#8221;, descreve o CEO Baur a ambi\u00e7\u00e3o de sua empresa, &#8220;tamb\u00e9m nos concentramos em conceitos abrangentes, como intelig\u00eancia artificial ou log\u00edstica de cidades inteligentes, a cidade do futuro.&#8221;Clientes da Swisslog, como Nestl\u00e9, Coca-Cola, dm-drogerie markt, Rewe e Roche, para citar apenas alguns, valorizam a qualidade e a inova\u00e7\u00e3o na forma de uma parceria fiel e de longa data.&lt;caption id=&quot;attachment_10817&quot; align=&quot;alignnone&quot; width=&quot;1024&quot;]<img loading=\"lazy\" decoding=\"async\" class=\"wp-image-10817 size-large\" src=\"https:\/\/loginfo24.com\/wp-content\/uploads\/sites\/7\/2025\/12\/Swisslog_22.4.21_2.jpg\" alt=\"\" width=\"1024\" height=\"573\" \/> Dr. Christian Baur, CEO da Swisslog (2\u00ba da esquerda) e os diretores da Swisslog GmbH Jens Schmale, Heinz Ennen &amp; Gerd Jennissen (da esquerda) inauguram o edif\u00edcio (\u00a9 Swisslog)[\/caption]<\/p>\n<h5><\/h5>\n<h5><strong>In\u00edcio simb\u00f3lico para todos os colaboradores<\/strong><\/h5>\n<p>Devido \u00e0 pandemia, n\u00e3o houve uma grande festa de inaugura\u00e7\u00e3o no dia 20 de abril. Em vez disso, os tr\u00eas diretores da GmbH alem\u00e3<strong> \u2013 <\/strong>Gerd Jennissen, Heinz Ennen e Jens Schmale \u2013 iniciaram simbolicamente as opera\u00e7\u00f5es do novo edif\u00edcio da empresa: para os cerca de 250 colaboradores, que se mudar\u00e3o em grupos pequenos e escalonados por motivos de seguran\u00e7a. &#8220;Isso d\u00e1 aos colegas a oportunidade de se familiarizarem com as novas instala\u00e7\u00f5es de forma tranquila e com dist\u00e2ncia&#8221;, afirma Jennissen, &#8220;e, se a situa\u00e7\u00e3o permitir, organizaremos um evento conjunto de inaugura\u00e7\u00e3o no ver\u00e3o.&#8221; A Swisslog \u00e9 locat\u00e1ria do complexo de edif\u00edcios na Ezzestra\u00dfe, que foi constru\u00eddo pela Goldbeck West GmbH, Bochum, e \u00e9 propriedade da Jaeger Immobilien GmbH &amp; Co. KG, Dortmund.Foto: \u00a9 Swisslog \/ <em><strong>Legenda da imagem:<\/strong> A nova sede da Swisslog em Dortmund<\/em><\/p>\n","protected":false},"excerpt":{"rendered":"<p>Ap\u00f3s trinta anos no Parque Tecnol\u00f3gico de Dortmund, a filial alem\u00e3 do especialista su\u00ed\u00e7o em intralog\u00edstica Swisslog agora se muda para um novo edif\u00edcio moderno no<span class=\"excerpt-hellip\"> [\u2026]<\/span><\/p>\n","protected":false},"author":0,"featured_media":0,"comment_status":"open","ping_status":"open","sticky":false,"template":"","format":"standard","meta":{"_acf_changed":false,"footnotes":""},"categories":[1560,1561],"tags":[],"class_list":["post-24919","post","type-post","status-publish","format-standard","hentry","category-intralogistics","category-regions"],"acf":[],"yoast_head":"<!-- This site is optimized with the Yoast SEO plugin v27.3 - https:\/\/yoast.com\/product\/yoast-seo-wordpress\/ -->\n<title>Intralog\u00edstica Swisslog inaugura nova sede em Dortmund - Loginfo24<\/title>\n<meta name=\"robots\" content=\"index, follow, max-snippet:-1, max-image-preview:large, max-video-preview:-1\" \/>\n<link rel=\"canonical\" href=\"https:\/\/loginfo24.com\/pt-pt\/2021\/04\/22\/intralogistica-swisslog-inaugura-nova-sede-em-dortmund\/\" \/>\n<meta property=\"og:locale\" content=\"pt_PT\" \/>\n<meta property=\"og:type\" content=\"article\" \/>\n<meta property=\"og:title\" content=\"Intralog\u00edstica Swisslog inaugura nova sede em Dortmund - Loginfo24\" \/>\n<meta property=\"og:description\" content=\"Ap\u00f3s trinta anos no Parque Tecnol\u00f3gico de Dortmund, a filial alem\u00e3 do especialista su\u00ed\u00e7o em intralog\u00edstica Swisslog agora se muda para um novo edif\u00edcio moderno no [\u2026]\" \/>\n<meta property=\"og:url\" content=\"https:\/\/loginfo24.com\/pt-pt\/2021\/04\/22\/intralogistica-swisslog-inaugura-nova-sede-em-dortmund\/\" \/>\n<meta property=\"og:site_name\" content=\"Loginfo24\" \/>\n<meta property=\"article:publisher\" content=\"https:\/\/www.facebook.com\/people\/Loginfo24\/100057360583332\/\" \/>\n<meta property=\"article:published_time\" content=\"2021-04-22T18:36:47+00:00\" \/>\n<meta property=\"article:modified_time\" content=\"2025-12-15T11:59:53+00:00\" \/>\n<meta property=\"og:image\" content=\"https:\/\/loginfo24.com\/wp-content\/uploads\/sites\/7\/2025\/12\/Swisslog_22.4.21_2.jpg\" \/>\n<meta name=\"twitter:card\" content=\"summary_large_image\" \/>\n<meta name=\"twitter:label1\" content=\"Tempo estimado de leitura\" \/>\n\t<meta name=\"twitter:data1\" content=\"3 minutos\" \/>\n<script type=\"application\/ld+json\" class=\"yoast-schema-graph\">{\"@context\":\"https:\\\/\\\/schema.org\",\"@graph\":[{\"@type\":\"Article\",\"@id\":\"https:\\\/\\\/loginfo24.com\\\/pt-pt\\\/2021\\\/04\\\/22\\\/intralogistica-swisslog-inaugura-nova-sede-em-dortmund\\\/#article\",\"isPartOf\":{\"@id\":\"https:\\\/\\\/loginfo24.com\\\/pt-pt\\\/2021\\\/04\\\/22\\\/intralogistica-swisslog-inaugura-nova-sede-em-dortmund\\\/\"},\"author\":{\"name\":\"\",\"@id\":\"\"},\"headline\":\"Intralog\u00edstica Swisslog inaugura nova sede em Dortmund\",\"datePublished\":\"2021-04-22T18:36:47+00:00\",\"dateModified\":\"2025-12-15T11:59:53+00:00\",\"mainEntityOfPage\":{\"@id\":\"https:\\\/\\\/loginfo24.com\\\/pt-pt\\\/2021\\\/04\\\/22\\\/intralogistica-swisslog-inaugura-nova-sede-em-dortmund\\\/\"},\"wordCount\":630,\"commentCount\":0,\"publisher\":{\"@id\":\"https:\\\/\\\/loginfo24.com\\\/pt-pt\\\/#organization\"},\"image\":{\"@id\":\"https:\\\/\\\/loginfo24.com\\\/pt-pt\\\/2021\\\/04\\\/22\\\/intralogistica-swisslog-inaugura-nova-sede-em-dortmund\\\/#primaryimage\"},\"thumbnailUrl\":\"https:\\\/\\\/loginfo24.com\\\/wp-content\\\/uploads\\\/sites\\\/7\\\/2025\\\/12\\\/Swisslog_22.4.21_2.jpg\",\"articleSection\":[\"Intralogistics\",\"Regions\"],\"inLanguage\":\"pt-PT\",\"potentialAction\":[{\"@type\":\"CommentAction\",\"name\":\"Comment\",\"target\":[\"https:\\\/\\\/loginfo24.com\\\/pt-pt\\\/2021\\\/04\\\/22\\\/intralogistica-swisslog-inaugura-nova-sede-em-dortmund\\\/#respond\"]}]},{\"@type\":\"WebPage\",\"@id\":\"https:\\\/\\\/loginfo24.com\\\/pt-pt\\\/2021\\\/04\\\/22\\\/intralogistica-swisslog-inaugura-nova-sede-em-dortmund\\\/\",\"url\":\"https:\\\/\\\/loginfo24.com\\\/pt-pt\\\/2021\\\/04\\\/22\\\/intralogistica-swisslog-inaugura-nova-sede-em-dortmund\\\/\",\"name\":\"Intralog\u00edstica Swisslog inaugura nova sede em Dortmund - Loginfo24\",\"isPartOf\":{\"@id\":\"https:\\\/\\\/loginfo24.com\\\/pt-pt\\\/#website\"},\"primaryImageOfPage\":{\"@id\":\"https:\\\/\\\/loginfo24.com\\\/pt-pt\\\/2021\\\/04\\\/22\\\/intralogistica-swisslog-inaugura-nova-sede-em-dortmund\\\/#primaryimage\"},\"image\":{\"@id\":\"https:\\\/\\\/loginfo24.com\\\/pt-pt\\\/2021\\\/04\\\/22\\\/intralogistica-swisslog-inaugura-nova-sede-em-dortmund\\\/#primaryimage\"},\"thumbnailUrl\":\"https:\\\/\\\/loginfo24.com\\\/wp-content\\\/uploads\\\/sites\\\/7\\\/2025\\\/12\\\/Swisslog_22.4.21_2.jpg\",\"datePublished\":\"2021-04-22T18:36:47+00:00\",\"dateModified\":\"2025-12-15T11:59:53+00:00\",\"breadcrumb\":{\"@id\":\"https:\\\/\\\/loginfo24.com\\\/pt-pt\\\/2021\\\/04\\\/22\\\/intralogistica-swisslog-inaugura-nova-sede-em-dortmund\\\/#breadcrumb\"},\"inLanguage\":\"pt-PT\",\"potentialAction\":[{\"@type\":\"ReadAction\",\"target\":[\"https:\\\/\\\/loginfo24.com\\\/pt-pt\\\/2021\\\/04\\\/22\\\/intralogistica-swisslog-inaugura-nova-sede-em-dortmund\\\/\"]}]},{\"@type\":\"ImageObject\",\"inLanguage\":\"pt-PT\",\"@id\":\"https:\\\/\\\/loginfo24.com\\\/pt-pt\\\/2021\\\/04\\\/22\\\/intralogistica-swisslog-inaugura-nova-sede-em-dortmund\\\/#primaryimage\",\"url\":\"https:\\\/\\\/loginfo24.com\\\/wp-content\\\/uploads\\\/sites\\\/7\\\/2025\\\/12\\\/Swisslog_22.4.21_2.jpg\",\"contentUrl\":\"https:\\\/\\\/loginfo24.com\\\/wp-content\\\/uploads\\\/sites\\\/7\\\/2025\\\/12\\\/Swisslog_22.4.21_2.jpg\"},{\"@type\":\"BreadcrumbList\",\"@id\":\"https:\\\/\\\/loginfo24.com\\\/pt-pt\\\/2021\\\/04\\\/22\\\/intralogistica-swisslog-inaugura-nova-sede-em-dortmund\\\/#breadcrumb\",\"itemListElement\":[{\"@type\":\"ListItem\",\"position\":1,\"name\":\"Startseite\",\"item\":\"https:\\\/\\\/loginfo24.com\\\/pt-pt\\\/\"},{\"@type\":\"ListItem\",\"position\":2,\"name\":\"Intralog\u00edstica Swisslog inaugura nova sede em Dortmund\"}]},{\"@type\":\"WebSite\",\"@id\":\"https:\\\/\\\/loginfo24.com\\\/pt-pt\\\/#website\",\"url\":\"https:\\\/\\\/loginfo24.com\\\/pt-pt\\\/\",\"name\":\"Loginfo24\",\"description\":\"Loginfo24 \u00e9 a plataforma dedicada \u00e0 log\u00edstica e \u00e0s cadeias de abastecimento, com informa\u00e7\u00f5es dispon\u00edveis 24 horas por dia.\",\"publisher\":{\"@id\":\"https:\\\/\\\/loginfo24.com\\\/pt-pt\\\/#organization\"},\"potentialAction\":[{\"@type\":\"SearchAction\",\"target\":{\"@type\":\"EntryPoint\",\"urlTemplate\":\"https:\\\/\\\/loginfo24.com\\\/pt-pt\\\/?s={search_term_string}\"},\"query-input\":{\"@type\":\"PropertyValueSpecification\",\"valueRequired\":true,\"valueName\":\"search_term_string\"}}],\"inLanguage\":\"pt-PT\"},{\"@type\":\"Organization\",\"@id\":\"https:\\\/\\\/loginfo24.com\\\/pt-pt\\\/#organization\",\"name\":\"Logismedia Group AG\",\"url\":\"https:\\\/\\\/loginfo24.com\\\/pt-pt\\\/\",\"logo\":{\"@type\":\"ImageObject\",\"inLanguage\":\"pt-PT\",\"@id\":\"https:\\\/\\\/loginfo24.com\\\/pt-pt\\\/#\\\/schema\\\/logo\\\/image\\\/\",\"url\":\"https:\\\/\\\/loginfo24.com\\\/wp-content\\\/uploads\\\/sites\\\/7\\\/2026\\\/01\\\/Logo_LogInfo24.png\",\"contentUrl\":\"https:\\\/\\\/loginfo24.com\\\/wp-content\\\/uploads\\\/sites\\\/7\\\/2026\\\/01\\\/Logo_LogInfo24.png\",\"width\":938,\"height\":351,\"caption\":\"Logismedia Group AG\"},\"image\":{\"@id\":\"https:\\\/\\\/loginfo24.com\\\/pt-pt\\\/#\\\/schema\\\/logo\\\/image\\\/\"},\"sameAs\":[\"https:\\\/\\\/www.facebook.com\\\/people\\\/Loginfo24\\\/100057360583332\\\/\",\"https:\\\/\\\/www.linkedin.com\\\/company\\\/lofinfo24\\\/\"]}]}<\/script>\n<!-- \/ Yoast SEO plugin. -->","yoast_head_json":{"title":"Intralog\u00edstica Swisslog inaugura nova sede em Dortmund - Loginfo24","robots":{"index":"index","follow":"follow","max-snippet":"max-snippet:-1","max-image-preview":"max-image-preview:large","max-video-preview":"max-video-preview:-1"},"canonical":"https:\/\/loginfo24.com\/pt-pt\/2021\/04\/22\/intralogistica-swisslog-inaugura-nova-sede-em-dortmund\/","og_locale":"pt_PT","og_type":"article","og_title":"Intralog\u00edstica Swisslog inaugura nova sede em Dortmund - Loginfo24","og_description":"Ap\u00f3s trinta anos no Parque Tecnol\u00f3gico de Dortmund, a filial alem\u00e3 do especialista su\u00ed\u00e7o em intralog\u00edstica Swisslog agora se muda para um novo edif\u00edcio moderno no [\u2026]","og_url":"https:\/\/loginfo24.com\/pt-pt\/2021\/04\/22\/intralogistica-swisslog-inaugura-nova-sede-em-dortmund\/","og_site_name":"Loginfo24","article_publisher":"https:\/\/www.facebook.com\/people\/Loginfo24\/100057360583332\/","article_published_time":"2021-04-22T18:36:47+00:00","article_modified_time":"2025-12-15T11:59:53+00:00","og_image":[{"url":"https:\/\/loginfo24.com\/wp-content\/uploads\/sites\/7\/2025\/12\/Swisslog_22.4.21_2.jpg","type":"","width":"","height":""}],"twitter_card":"summary_large_image","twitter_misc":{"Tempo estimado de leitura":"3 minutos"},"schema":{"@context":"https:\/\/schema.org","@graph":[{"@type":"Article","@id":"https:\/\/loginfo24.com\/pt-pt\/2021\/04\/22\/intralogistica-swisslog-inaugura-nova-sede-em-dortmund\/#article","isPartOf":{"@id":"https:\/\/loginfo24.com\/pt-pt\/2021\/04\/22\/intralogistica-swisslog-inaugura-nova-sede-em-dortmund\/"},"author":{"name":"","@id":""},"headline":"Intralog\u00edstica Swisslog inaugura nova sede em Dortmund","datePublished":"2021-04-22T18:36:47+00:00","dateModified":"2025-12-15T11:59:53+00:00","mainEntityOfPage":{"@id":"https:\/\/loginfo24.com\/pt-pt\/2021\/04\/22\/intralogistica-swisslog-inaugura-nova-sede-em-dortmund\/"},"wordCount":630,"commentCount":0,"publisher":{"@id":"https:\/\/loginfo24.com\/pt-pt\/#organization"},"image":{"@id":"https:\/\/loginfo24.com\/pt-pt\/2021\/04\/22\/intralogistica-swisslog-inaugura-nova-sede-em-dortmund\/#primaryimage"},"thumbnailUrl":"https:\/\/loginfo24.com\/wp-content\/uploads\/sites\/7\/2025\/12\/Swisslog_22.4.21_2.jpg","articleSection":["Intralogistics","Regions"],"inLanguage":"pt-PT","potentialAction":[{"@type":"CommentAction","name":"Comment","target":["https:\/\/loginfo24.com\/pt-pt\/2021\/04\/22\/intralogistica-swisslog-inaugura-nova-sede-em-dortmund\/#respond"]}]},{"@type":"WebPage","@id":"https:\/\/loginfo24.com\/pt-pt\/2021\/04\/22\/intralogistica-swisslog-inaugura-nova-sede-em-dortmund\/","url":"https:\/\/loginfo24.com\/pt-pt\/2021\/04\/22\/intralogistica-swisslog-inaugura-nova-sede-em-dortmund\/","name":"Intralog\u00edstica Swisslog inaugura nova sede em Dortmund - Loginfo24","isPartOf":{"@id":"https:\/\/loginfo24.com\/pt-pt\/#website"},"primaryImageOfPage":{"@id":"https:\/\/loginfo24.com\/pt-pt\/2021\/04\/22\/intralogistica-swisslog-inaugura-nova-sede-em-dortmund\/#primaryimage"},"image":{"@id":"https:\/\/loginfo24.com\/pt-pt\/2021\/04\/22\/intralogistica-swisslog-inaugura-nova-sede-em-dortmund\/#primaryimage"},"thumbnailUrl":"https:\/\/loginfo24.com\/wp-content\/uploads\/sites\/7\/2025\/12\/Swisslog_22.4.21_2.jpg","datePublished":"2021-04-22T18:36:47+00:00","dateModified":"2025-12-15T11:59:53+00:00","breadcrumb":{"@id":"https:\/\/loginfo24.com\/pt-pt\/2021\/04\/22\/intralogistica-swisslog-inaugura-nova-sede-em-dortmund\/#breadcrumb"},"inLanguage":"pt-PT","potentialAction":[{"@type":"ReadAction","target":["https:\/\/loginfo24.com\/pt-pt\/2021\/04\/22\/intralogistica-swisslog-inaugura-nova-sede-em-dortmund\/"]}]},{"@type":"ImageObject","inLanguage":"pt-PT","@id":"https:\/\/loginfo24.com\/pt-pt\/2021\/04\/22\/intralogistica-swisslog-inaugura-nova-sede-em-dortmund\/#primaryimage","url":"https:\/\/loginfo24.com\/wp-content\/uploads\/sites\/7\/2025\/12\/Swisslog_22.4.21_2.jpg","contentUrl":"https:\/\/loginfo24.com\/wp-content\/uploads\/sites\/7\/2025\/12\/Swisslog_22.4.21_2.jpg"},{"@type":"BreadcrumbList","@id":"https:\/\/loginfo24.com\/pt-pt\/2021\/04\/22\/intralogistica-swisslog-inaugura-nova-sede-em-dortmund\/#breadcrumb","itemListElement":[{"@type":"ListItem","position":1,"name":"Startseite","item":"https:\/\/loginfo24.com\/pt-pt\/"},{"@type":"ListItem","position":2,"name":"Intralog\u00edstica Swisslog inaugura nova sede em Dortmund"}]},{"@type":"WebSite","@id":"https:\/\/loginfo24.com\/pt-pt\/#website","url":"https:\/\/loginfo24.com\/pt-pt\/","name":"Loginfo24","description":"Loginfo24 \u00e9 a plataforma dedicada \u00e0 log\u00edstica e \u00e0s cadeias de abastecimento, com informa\u00e7\u00f5es dispon\u00edveis 24 horas por dia.","publisher":{"@id":"https:\/\/loginfo24.com\/pt-pt\/#organization"},"potentialAction":[{"@type":"SearchAction","target":{"@type":"EntryPoint","urlTemplate":"https:\/\/loginfo24.com\/pt-pt\/?s={search_term_string}"},"query-input":{"@type":"PropertyValueSpecification","valueRequired":true,"valueName":"search_term_string"}}],"inLanguage":"pt-PT"},{"@type":"Organization","@id":"https:\/\/loginfo24.com\/pt-pt\/#organization","name":"Logismedia Group AG","url":"https:\/\/loginfo24.com\/pt-pt\/","logo":{"@type":"ImageObject","inLanguage":"pt-PT","@id":"https:\/\/loginfo24.com\/pt-pt\/#\/schema\/logo\/image\/","url":"https:\/\/loginfo24.com\/wp-content\/uploads\/sites\/7\/2026\/01\/Logo_LogInfo24.png","contentUrl":"https:\/\/loginfo24.com\/wp-content\/uploads\/sites\/7\/2026\/01\/Logo_LogInfo24.png","width":938,"height":351,"caption":"Logismedia Group AG"},"image":{"@id":"https:\/\/loginfo24.com\/pt-pt\/#\/schema\/logo\/image\/"},"sameAs":["https:\/\/www.facebook.com\/people\/Loginfo24\/100057360583332\/","https:\/\/www.linkedin.com\/company\/lofinfo24\/"]}]}},"_links":{"self":[{"href":"https:\/\/loginfo24.com\/pt-pt\/wp-json\/wp\/v2\/posts\/24919","targetHints":{"allow":["GET"]}}],"collection":[{"href":"https:\/\/loginfo24.com\/pt-pt\/wp-json\/wp\/v2\/posts"}],"about":[{"href":"https:\/\/loginfo24.com\/pt-pt\/wp-json\/wp\/v2\/types\/post"}],"replies":[{"embeddable":true,"href":"https:\/\/loginfo24.com\/pt-pt\/wp-json\/wp\/v2\/comments?post=24919"}],"version-history":[{"count":1,"href":"https:\/\/loginfo24.com\/pt-pt\/wp-json\/wp\/v2\/posts\/24919\/revisions"}],"predecessor-version":[{"id":45548,"href":"https:\/\/loginfo24.com\/pt-pt\/wp-json\/wp\/v2\/posts\/24919\/revisions\/45548"}],"wp:attachment":[{"href":"https:\/\/loginfo24.com\/pt-pt\/wp-json\/wp\/v2\/media?parent=24919"}],"wp:term":[{"taxonomy":"category","embeddable":true,"href":"https:\/\/loginfo24.com\/pt-pt\/wp-json\/wp\/v2\/categories?post=24919"},{"taxonomy":"post_tag","embeddable":true,"href":"https:\/\/loginfo24.com\/pt-pt\/wp-json\/wp\/v2\/tags?post=24919"}],"curies":[{"name":"wp","href":"https:\/\/api.w.org\/{rel}","templated":true}]}}