{"id":24895,"date":"2021-04-21T18:54:19","date_gmt":"2021-04-21T16:54:19","guid":{"rendered":"https:\/\/blog.brand-architecture.at\/2021\/04\/21\/wof-expo-2021-em-bratislava-adiada-por-um-mes\/"},"modified":"2025-12-15T12:59:48","modified_gmt":"2025-12-15T11:59:48","slug":"wof-expo-2021-em-bratislava-adiada-por-um-mes","status":"publish","type":"post","link":"https:\/\/loginfo24.com\/pt-pt\/2021\/04\/21\/wof-expo-2021-em-bratislava-adiada-por-um-mes\/","title":{"rendered":"WOF Expo 2021 em Bratislava adiada por um m\u00eas"},"content":{"rendered":"<p>A nova feira de log\u00edstica WOF Expo 2021 (WOF = World of freight) em Bratislava, a capital da Eslov\u00e1quia, que deveria abrir suas portas como um evento presencial originalmente em 8 de setembro de 2021, foi adiada por cerca de um m\u00eas. Agora ocorrer\u00e1 de 6 a 8 de outubro de 2021. Hoje tamb\u00e9m come\u00e7a a possibilidade de votar online nos pr\u00eamios &#8220;Port of future&#8220;. Os vencedores ser\u00e3o homenageados no dia 7 de outubro durante a feira.<\/p>\n<p>(Bratislava) Apesar da pandemia de Corona, h\u00e1 uma chance de que a nova feira WOF Expo 2021 em Bratislava seja realizada como um evento presencial. O evento, projetado como uma feira B2B, deveria come\u00e7ar originalmente em 8 de setembro. Agora, a dire\u00e7\u00e3o da feira decidiu que a abertura ser\u00e1 adiada por cerca de um m\u00eas.<\/p>\n<p>A WOF Expo 2021 oferece uma plataforma para a log\u00edstica nos pa\u00edses da CEE. Esta regi\u00e3o oferece boas perspectivas econ\u00f4micas, tamb\u00e9m para a log\u00edstica. Bratislava est\u00e1 extremamente bem localizada em rela\u00e7\u00e3o \u00e0s cidades de Viena, Budapeste e Praga.<\/p>\n<p>A WOF Expo 2021 receber\u00e1 participantes internacionais de mais de 44 pa\u00edses. Conectar\u00e1 remetentes, varejistas, atacadistas e fabricantes com fornecedores de servi\u00e7os log\u00edsticos para maximizar suas redes e opera\u00e7\u00f5es, esclarecer as perspectivas de tecnologias futuras, otimizar processos e estabelecer uma cadeia de suprimentos flex\u00edvel e sustent\u00e1vel ap\u00f3s um per\u00edodo dif\u00edcil de pandemia.<\/p>\n<h5><strong>Vota\u00e7\u00e3o online para o pr\u00eamio &#8220;Port of the Future&#8221; aberta<\/strong><\/h5>\n<p>Na feira, v\u00e1rios pr\u00eamios ser\u00e3o concedidos para reconhecer os feitos do setor.<\/p>\n<p>Existem 9 pr\u00eamios WOF, cujos vencedores ser\u00e3o determinados por vota\u00e7\u00e3o. Os seguintes pr\u00eamios ser\u00e3o concedidos:<\/p>\n<p>&#8220;Port of the future&#8221; \/ &#8220;AirCargo Excellence&#8221; \/ &#8220;Smart Freight Forwarder&#8221; \/ &#8220;Last Mile Expert&#8221; \/ &#8220;GreenImpact&#8221; \/ &#8220;Start-Up Hero&#8221; \/ &#8220;Innovation of the Year&#8221; \/ &#8220;Shipping Line Efficiency&#8221; e &#8220;Speedy Flow Airport&#8221;.<\/p>\n<p>Os vencedores ser\u00e3o homenageados na cerim\u00f4nia de gala no dia 7 de outubro de 2021 na Expo em Bratislava, onde ter\u00e3o a oportunidade de comunicar suas realiza\u00e7\u00f5es e se posicionar como l\u00edderes em uma plataforma internacional.<\/p>\n<p>Para o pr\u00eamio &#8220;Port of the Future&#8221; 2021, que visa reconhecer os principais portos da regi\u00e3o CEE, os oito finalistas j\u00e1 foram definidos. Novas tecnologias est\u00e3o se desenvolvendo a uma velocidade imensa, os portos est\u00e3o acelerando o processo de digitaliza\u00e7\u00e3o e desenvolvendo estrat\u00e9gias para melhorar a sustentabilidade, o que tamb\u00e9m \u00e9 um aspecto crucial para o desenvolvimento das cidades. O &#8220;Port of the Future Award&#8221; permite que os portos mostrem ao mundo os avan\u00e7os que est\u00e3o fazendo e como est\u00e3o contribuindo para o melhor desenvolvimento de suas regi\u00f5es.<\/p>\n<p>N\u00e3o se trata apenas do volume de carga como um importante indicador de desempenho, mas cada finalista foi selecionado por suas not\u00e1veis realiza\u00e7\u00f5es log\u00edsticas com inova\u00e7\u00f5es revolucion\u00e1rias, busca por sustentabilidade e efici\u00eancia.<\/p>\n<h5><strong>Oito portos est\u00e3o na disputa<\/strong><\/h5>\n<p>Os 8 principais portos de cont\u00eaineres significativos para o tr\u00e1fego de carga na CEE est\u00e3o na disputa:<\/p>\n<ol>\n<li>Porto de Antu\u00e9rpia<\/li>\n<li>Portos de Bremen<\/li>\n<li>Porto de Gdansk<\/li>\n<li>Porto de Hamburgo<\/li>\n<li>Porto de Koper<\/li>\n<li>Porto de Mersin<\/li>\n<li>Porto de Roterd\u00e3<\/li>\n<li>Porto de Trieste<\/li>\n<\/ol>\n<p>A partir de hoje, a vota\u00e7\u00e3o online est\u00e1 aberta e pode ser acessada atrav\u00e9s do seguinte link:<\/p>\n<h5><strong><a href=\"https:\/\/bit.ly\/3edv6QI\" target=\"_blank\" rel=\"noopener noreferrer\">https:\/\/bit.ly\/3edv6QI<\/a> <\/strong><\/h5>\n<p>Os participantes da vota\u00e7\u00e3o participar\u00e3o automaticamente de um concurso, onde um fim de semana all-inclusive em um hotel de bem-estar 4 estrelas no meio das montanhas Fatra na Eslov\u00e1quia pode ser ganho. O pr\u00eamio ser\u00e1 entregue ao feliz vencedor no palco no dia 7 de outubro de 2021 durante a gala dos pr\u00eamios WOF, juntamente com o vencedor na categoria &#8220;Port of the Future&#8221;.<\/p>\n<p>Foto: \u00a9 WOF Expo<\/p>\n<p><a href=\"https:\/\/wofexpo.com\/\" target=\"_blank\" rel=\"noopener noreferrer\">https:\/\/wofexpo.com<\/a><\/p>\n","protected":false},"excerpt":{"rendered":"<p>A nova feira de log\u00edstica WOF Expo 2021 (WOF = World of freight) em Bratislava, a capital da Eslov\u00e1quia, que deveria abrir suas portas como um<span class=\"excerpt-hellip\"> [\u2026]<\/span><\/p>\n","protected":false},"author":0,"featured_media":0,"comment_status":"open","ping_status":"open","sticky":false,"template":"","format":"standard","meta":{"_acf_changed":false,"footnotes":""},"categories":[1561],"tags":[],"class_list":["post-24895","post","type-post","status-publish","format-standard","hentry","category-regions"],"acf":[],"yoast_head":"<!-- This site is optimized with the Yoast SEO plugin v27.3 - https:\/\/yoast.com\/product\/yoast-seo-wordpress\/ -->\n<title>WOF Expo 2021 em Bratislava adiada por um m\u00eas - Loginfo24<\/title>\n<meta name=\"robots\" content=\"index, follow, max-snippet:-1, max-image-preview:large, max-video-preview:-1\" \/>\n<link rel=\"canonical\" href=\"https:\/\/loginfo24.com\/pt-pt\/2021\/04\/21\/wof-expo-2021-em-bratislava-adiada-por-um-mes\/\" \/>\n<meta property=\"og:locale\" content=\"pt_PT\" \/>\n<meta property=\"og:type\" content=\"article\" \/>\n<meta property=\"og:title\" content=\"WOF Expo 2021 em Bratislava adiada por um m\u00eas - Loginfo24\" \/>\n<meta property=\"og:description\" content=\"A nova feira de log\u00edstica WOF Expo 2021 (WOF = World of freight) em Bratislava, a capital da Eslov\u00e1quia, que deveria abrir suas portas como um [\u2026]\" \/>\n<meta property=\"og:url\" content=\"https:\/\/loginfo24.com\/pt-pt\/2021\/04\/21\/wof-expo-2021-em-bratislava-adiada-por-um-mes\/\" \/>\n<meta property=\"og:site_name\" content=\"Loginfo24\" \/>\n<meta property=\"article:publisher\" content=\"https:\/\/www.facebook.com\/people\/Loginfo24\/100057360583332\/\" \/>\n<meta property=\"article:published_time\" content=\"2021-04-21T16:54:19+00:00\" \/>\n<meta property=\"article:modified_time\" content=\"2025-12-15T11:59:48+00:00\" \/>\n<meta name=\"twitter:card\" content=\"summary_large_image\" \/>\n<meta name=\"twitter:label1\" content=\"Tempo estimado de leitura\" \/>\n\t<meta name=\"twitter:data1\" content=\"3 minutos\" \/>\n<script type=\"application\/ld+json\" class=\"yoast-schema-graph\">{\"@context\":\"https:\\\/\\\/schema.org\",\"@graph\":[{\"@type\":\"Article\",\"@id\":\"https:\\\/\\\/loginfo24.com\\\/pt-pt\\\/2021\\\/04\\\/21\\\/wof-expo-2021-em-bratislava-adiada-por-um-mes\\\/#article\",\"isPartOf\":{\"@id\":\"https:\\\/\\\/loginfo24.com\\\/pt-pt\\\/2021\\\/04\\\/21\\\/wof-expo-2021-em-bratislava-adiada-por-um-mes\\\/\"},\"author\":{\"name\":\"\",\"@id\":\"\"},\"headline\":\"WOF Expo 2021 em Bratislava adiada por um m\u00eas\",\"datePublished\":\"2021-04-21T16:54:19+00:00\",\"dateModified\":\"2025-12-15T11:59:48+00:00\",\"mainEntityOfPage\":{\"@id\":\"https:\\\/\\\/loginfo24.com\\\/pt-pt\\\/2021\\\/04\\\/21\\\/wof-expo-2021-em-bratislava-adiada-por-um-mes\\\/\"},\"wordCount\":638,\"commentCount\":0,\"publisher\":{\"@id\":\"https:\\\/\\\/loginfo24.com\\\/pt-pt\\\/#organization\"},\"articleSection\":[\"Regions\"],\"inLanguage\":\"pt-PT\",\"potentialAction\":[{\"@type\":\"CommentAction\",\"name\":\"Comment\",\"target\":[\"https:\\\/\\\/loginfo24.com\\\/pt-pt\\\/2021\\\/04\\\/21\\\/wof-expo-2021-em-bratislava-adiada-por-um-mes\\\/#respond\"]}]},{\"@type\":\"WebPage\",\"@id\":\"https:\\\/\\\/loginfo24.com\\\/pt-pt\\\/2021\\\/04\\\/21\\\/wof-expo-2021-em-bratislava-adiada-por-um-mes\\\/\",\"url\":\"https:\\\/\\\/loginfo24.com\\\/pt-pt\\\/2021\\\/04\\\/21\\\/wof-expo-2021-em-bratislava-adiada-por-um-mes\\\/\",\"name\":\"WOF Expo 2021 em Bratislava adiada por um m\u00eas - Loginfo24\",\"isPartOf\":{\"@id\":\"https:\\\/\\\/loginfo24.com\\\/pt-pt\\\/#website\"},\"datePublished\":\"2021-04-21T16:54:19+00:00\",\"dateModified\":\"2025-12-15T11:59:48+00:00\",\"breadcrumb\":{\"@id\":\"https:\\\/\\\/loginfo24.com\\\/pt-pt\\\/2021\\\/04\\\/21\\\/wof-expo-2021-em-bratislava-adiada-por-um-mes\\\/#breadcrumb\"},\"inLanguage\":\"pt-PT\",\"potentialAction\":[{\"@type\":\"ReadAction\",\"target\":[\"https:\\\/\\\/loginfo24.com\\\/pt-pt\\\/2021\\\/04\\\/21\\\/wof-expo-2021-em-bratislava-adiada-por-um-mes\\\/\"]}]},{\"@type\":\"BreadcrumbList\",\"@id\":\"https:\\\/\\\/loginfo24.com\\\/pt-pt\\\/2021\\\/04\\\/21\\\/wof-expo-2021-em-bratislava-adiada-por-um-mes\\\/#breadcrumb\",\"itemListElement\":[{\"@type\":\"ListItem\",\"position\":1,\"name\":\"Startseite\",\"item\":\"https:\\\/\\\/loginfo24.com\\\/pt-pt\\\/\"},{\"@type\":\"ListItem\",\"position\":2,\"name\":\"WOF Expo 2021 em Bratislava adiada por um m\u00eas\"}]},{\"@type\":\"WebSite\",\"@id\":\"https:\\\/\\\/loginfo24.com\\\/pt-pt\\\/#website\",\"url\":\"https:\\\/\\\/loginfo24.com\\\/pt-pt\\\/\",\"name\":\"Loginfo24\",\"description\":\"Loginfo24 \u00e9 a plataforma dedicada \u00e0 log\u00edstica e \u00e0s cadeias de abastecimento, com informa\u00e7\u00f5es dispon\u00edveis 24 horas por dia.\",\"publisher\":{\"@id\":\"https:\\\/\\\/loginfo24.com\\\/pt-pt\\\/#organization\"},\"potentialAction\":[{\"@type\":\"SearchAction\",\"target\":{\"@type\":\"EntryPoint\",\"urlTemplate\":\"https:\\\/\\\/loginfo24.com\\\/pt-pt\\\/?s={search_term_string}\"},\"query-input\":{\"@type\":\"PropertyValueSpecification\",\"valueRequired\":true,\"valueName\":\"search_term_string\"}}],\"inLanguage\":\"pt-PT\"},{\"@type\":\"Organization\",\"@id\":\"https:\\\/\\\/loginfo24.com\\\/pt-pt\\\/#organization\",\"name\":\"Logismedia Group AG\",\"url\":\"https:\\\/\\\/loginfo24.com\\\/pt-pt\\\/\",\"logo\":{\"@type\":\"ImageObject\",\"inLanguage\":\"pt-PT\",\"@id\":\"https:\\\/\\\/loginfo24.com\\\/pt-pt\\\/#\\\/schema\\\/logo\\\/image\\\/\",\"url\":\"https:\\\/\\\/loginfo24.com\\\/wp-content\\\/uploads\\\/sites\\\/7\\\/2026\\\/01\\\/Logo_LogInfo24.png\",\"contentUrl\":\"https:\\\/\\\/loginfo24.com\\\/wp-content\\\/uploads\\\/sites\\\/7\\\/2026\\\/01\\\/Logo_LogInfo24.png\",\"width\":938,\"height\":351,\"caption\":\"Logismedia Group AG\"},\"image\":{\"@id\":\"https:\\\/\\\/loginfo24.com\\\/pt-pt\\\/#\\\/schema\\\/logo\\\/image\\\/\"},\"sameAs\":[\"https:\\\/\\\/www.facebook.com\\\/people\\\/Loginfo24\\\/100057360583332\\\/\",\"https:\\\/\\\/www.linkedin.com\\\/company\\\/lofinfo24\\\/\"]}]}<\/script>\n<!-- \/ Yoast SEO plugin. -->","yoast_head_json":{"title":"WOF Expo 2021 em Bratislava adiada por um m\u00eas - Loginfo24","robots":{"index":"index","follow":"follow","max-snippet":"max-snippet:-1","max-image-preview":"max-image-preview:large","max-video-preview":"max-video-preview:-1"},"canonical":"https:\/\/loginfo24.com\/pt-pt\/2021\/04\/21\/wof-expo-2021-em-bratislava-adiada-por-um-mes\/","og_locale":"pt_PT","og_type":"article","og_title":"WOF Expo 2021 em Bratislava adiada por um m\u00eas - Loginfo24","og_description":"A nova feira de log\u00edstica WOF Expo 2021 (WOF = World of freight) em Bratislava, a capital da Eslov\u00e1quia, que deveria abrir suas portas como um [\u2026]","og_url":"https:\/\/loginfo24.com\/pt-pt\/2021\/04\/21\/wof-expo-2021-em-bratislava-adiada-por-um-mes\/","og_site_name":"Loginfo24","article_publisher":"https:\/\/www.facebook.com\/people\/Loginfo24\/100057360583332\/","article_published_time":"2021-04-21T16:54:19+00:00","article_modified_time":"2025-12-15T11:59:48+00:00","twitter_card":"summary_large_image","twitter_misc":{"Tempo estimado de leitura":"3 minutos"},"schema":{"@context":"https:\/\/schema.org","@graph":[{"@type":"Article","@id":"https:\/\/loginfo24.com\/pt-pt\/2021\/04\/21\/wof-expo-2021-em-bratislava-adiada-por-um-mes\/#article","isPartOf":{"@id":"https:\/\/loginfo24.com\/pt-pt\/2021\/04\/21\/wof-expo-2021-em-bratislava-adiada-por-um-mes\/"},"author":{"name":"","@id":""},"headline":"WOF Expo 2021 em Bratislava adiada por um m\u00eas","datePublished":"2021-04-21T16:54:19+00:00","dateModified":"2025-12-15T11:59:48+00:00","mainEntityOfPage":{"@id":"https:\/\/loginfo24.com\/pt-pt\/2021\/04\/21\/wof-expo-2021-em-bratislava-adiada-por-um-mes\/"},"wordCount":638,"commentCount":0,"publisher":{"@id":"https:\/\/loginfo24.com\/pt-pt\/#organization"},"articleSection":["Regions"],"inLanguage":"pt-PT","potentialAction":[{"@type":"CommentAction","name":"Comment","target":["https:\/\/loginfo24.com\/pt-pt\/2021\/04\/21\/wof-expo-2021-em-bratislava-adiada-por-um-mes\/#respond"]}]},{"@type":"WebPage","@id":"https:\/\/loginfo24.com\/pt-pt\/2021\/04\/21\/wof-expo-2021-em-bratislava-adiada-por-um-mes\/","url":"https:\/\/loginfo24.com\/pt-pt\/2021\/04\/21\/wof-expo-2021-em-bratislava-adiada-por-um-mes\/","name":"WOF Expo 2021 em Bratislava adiada por um m\u00eas - Loginfo24","isPartOf":{"@id":"https:\/\/loginfo24.com\/pt-pt\/#website"},"datePublished":"2021-04-21T16:54:19+00:00","dateModified":"2025-12-15T11:59:48+00:00","breadcrumb":{"@id":"https:\/\/loginfo24.com\/pt-pt\/2021\/04\/21\/wof-expo-2021-em-bratislava-adiada-por-um-mes\/#breadcrumb"},"inLanguage":"pt-PT","potentialAction":[{"@type":"ReadAction","target":["https:\/\/loginfo24.com\/pt-pt\/2021\/04\/21\/wof-expo-2021-em-bratislava-adiada-por-um-mes\/"]}]},{"@type":"BreadcrumbList","@id":"https:\/\/loginfo24.com\/pt-pt\/2021\/04\/21\/wof-expo-2021-em-bratislava-adiada-por-um-mes\/#breadcrumb","itemListElement":[{"@type":"ListItem","position":1,"name":"Startseite","item":"https:\/\/loginfo24.com\/pt-pt\/"},{"@type":"ListItem","position":2,"name":"WOF Expo 2021 em Bratislava adiada por um m\u00eas"}]},{"@type":"WebSite","@id":"https:\/\/loginfo24.com\/pt-pt\/#website","url":"https:\/\/loginfo24.com\/pt-pt\/","name":"Loginfo24","description":"Loginfo24 \u00e9 a plataforma dedicada \u00e0 log\u00edstica e \u00e0s cadeias de abastecimento, com informa\u00e7\u00f5es dispon\u00edveis 24 horas por dia.","publisher":{"@id":"https:\/\/loginfo24.com\/pt-pt\/#organization"},"potentialAction":[{"@type":"SearchAction","target":{"@type":"EntryPoint","urlTemplate":"https:\/\/loginfo24.com\/pt-pt\/?s={search_term_string}"},"query-input":{"@type":"PropertyValueSpecification","valueRequired":true,"valueName":"search_term_string"}}],"inLanguage":"pt-PT"},{"@type":"Organization","@id":"https:\/\/loginfo24.com\/pt-pt\/#organization","name":"Logismedia Group AG","url":"https:\/\/loginfo24.com\/pt-pt\/","logo":{"@type":"ImageObject","inLanguage":"pt-PT","@id":"https:\/\/loginfo24.com\/pt-pt\/#\/schema\/logo\/image\/","url":"https:\/\/loginfo24.com\/wp-content\/uploads\/sites\/7\/2026\/01\/Logo_LogInfo24.png","contentUrl":"https:\/\/loginfo24.com\/wp-content\/uploads\/sites\/7\/2026\/01\/Logo_LogInfo24.png","width":938,"height":351,"caption":"Logismedia Group AG"},"image":{"@id":"https:\/\/loginfo24.com\/pt-pt\/#\/schema\/logo\/image\/"},"sameAs":["https:\/\/www.facebook.com\/people\/Loginfo24\/100057360583332\/","https:\/\/www.linkedin.com\/company\/lofinfo24\/"]}]}},"_links":{"self":[{"href":"https:\/\/loginfo24.com\/pt-pt\/wp-json\/wp\/v2\/posts\/24895","targetHints":{"allow":["GET"]}}],"collection":[{"href":"https:\/\/loginfo24.com\/pt-pt\/wp-json\/wp\/v2\/posts"}],"about":[{"href":"https:\/\/loginfo24.com\/pt-pt\/wp-json\/wp\/v2\/types\/post"}],"replies":[{"embeddable":true,"href":"https:\/\/loginfo24.com\/pt-pt\/wp-json\/wp\/v2\/comments?post=24895"}],"version-history":[{"count":1,"href":"https:\/\/loginfo24.com\/pt-pt\/wp-json\/wp\/v2\/posts\/24895\/revisions"}],"predecessor-version":[{"id":45502,"href":"https:\/\/loginfo24.com\/pt-pt\/wp-json\/wp\/v2\/posts\/24895\/revisions\/45502"}],"wp:attachment":[{"href":"https:\/\/loginfo24.com\/pt-pt\/wp-json\/wp\/v2\/media?parent=24895"}],"wp:term":[{"taxonomy":"category","embeddable":true,"href":"https:\/\/loginfo24.com\/pt-pt\/wp-json\/wp\/v2\/categories?post=24895"},{"taxonomy":"post_tag","embeddable":true,"href":"https:\/\/loginfo24.com\/pt-pt\/wp-json\/wp\/v2\/tags?post=24895"}],"curies":[{"name":"wp","href":"https:\/\/api.w.org\/{rel}","templated":true}]}}