{"id":24775,"date":"2021-04-18T15:16:48","date_gmt":"2021-04-18T13:16:48","guid":{"rendered":"https:\/\/blog.brand-architecture.at\/2021\/04\/18\/mudancas-na-presidencia-e-na-secretaria-do-dvf\/"},"modified":"2025-12-15T12:59:17","modified_gmt":"2025-12-15T11:59:17","slug":"mudancas-na-presidencia-e-na-secretaria-do-dvf","status":"publish","type":"post","link":"https:\/\/loginfo24.com\/pt-pt\/2021\/04\/18\/mudancas-na-presidencia-e-na-secretaria-do-dvf\/","title":{"rendered":"Mudan\u00e7as na Presid\u00eancia e na Secretaria do DVF"},"content":{"rendered":"<p>A presid\u00eancia do DVF elegeu dois novos membros: Philip Oetker e M\u00fcl\u00fcm Yakisan. Oito outros membros foram confirmados por reelei\u00e7\u00e3o e Reiner Sch\u00e4tzlein e Sarah Stark da secretaria foram nomeados para a diretoria.<\/p>\n<p>(Berlim) Philip Oetker, CMO da Hamburg S\u00fcdamerikanische Dampfschifffahrts-Gesellschaft A\/S &amp; Co KG e M\u00fcsl\u00fcm Yakisan, Presidente da regi\u00e3o DACH da Alstom, foram eleitos para a presid\u00eancia do DVF em 1\u00ba de abril e reeleitos na assembleia de membros de hoje para um novo mandato de 3 anos. Oetker sucede Dr. Arnt Vespermann, porta-voz da diretoria da Hamburg S\u00fcdamerikanische Dampfschifffahrts-Gesellschaft A\/S &amp; Co KG, e Yakisan sucede Marco Michel, Presidente da regi\u00e3o CEI \/ Presidente do Conselho de Administra\u00e7\u00e3o da Bombardier Transportation GmbH. Ambos renunciaram aos seus cargos.<\/p>\n<h5><strong>Reeleitos pela assembleia de membros:<\/strong><\/h5>\n<ul>\n<li>Gerhard Hillebrand, Presidente de Tr\u00e1fego do Autom\u00f3vel Clube Alem\u00e3o (ADAC), tamb\u00e9m para a presid\u00eancia do grupo de trabalho de Tr\u00e1fego Rodovi\u00e1rio<\/li>\n<li>Renata Jungo Br\u00fcngger, membro do conselho de Integridade e Direito da Daimler AG<\/li>\n<li>Stefan K\u00f6lbl, Presidente dos conselhos da DEKRA e.V. e DEKRA SE<\/li>\n<li>Wolfgang Langhoff, Presidente do conselho da BP Europa SE<\/li>\n<li>Holger L\u00f6sch, Vice-Diretor Geral da Associa\u00e7\u00e3o Federal da Ind\u00fastria Alem\u00e3 (BDI)<\/li>\n<li>Dr. Richard Lutz, Presidente do conselho da Deutsche Bahn AG, tamb\u00e9m como membro do comit\u00ea de trabalho da presid\u00eancia<\/li>\n<li>Dr. J\u00f6rg Mosolf, Presidente do conselho (CEO) da MOSOLF SE &amp; Co. KG, tamb\u00e9m como membro do comit\u00ea de trabalho da presid\u00eancia e para a presid\u00eancia do grupo de trabalho de Transporte de Carga e Log\u00edstica<\/li>\n<li>Norbert Sch\u00fc\u00dfler, S\u00f3cio-Gerente da Sch\u00fc\u00dfler-Plan GmbH<\/li>\n<\/ul>\n<h5><strong>Mudan\u00e7as na Secretaria:<\/strong><\/h5>\n<p>A presid\u00eancia nomeou os dois colaboradores de longa data Rainer Sch\u00e4tzlein, chefe de Portos\/Navega\u00e7\u00e3o, Transporte A\u00e9reo, Transporte Rodovi\u00e1rio, e Sarah Stark, chefe de Pol\u00edtica Europeia, Tecnologia Ferrovi\u00e1ria, Transporte Ferrovi\u00e1rio, como membros da diretoria.<br \/>Foto: \u00a9 DVF<\/p>\n","protected":false},"excerpt":{"rendered":"<p>A presid\u00eancia do DVF elegeu dois novos membros: Philip Oetker e M\u00fcl\u00fcm Yakisan. Oito outros membros foram confirmados por reelei\u00e7\u00e3o e Reiner Sch\u00e4tzlein e Sarah Stark<span class=\"excerpt-hellip\"> [\u2026]<\/span><\/p>\n","protected":false},"author":0,"featured_media":0,"comment_status":"open","ping_status":"open","sticky":false,"template":"","format":"standard","meta":{"_acf_changed":false,"footnotes":""},"categories":[1557,1561],"tags":[],"class_list":["post-24775","post","type-post","status-publish","format-standard","hentry","category-forwarding-logistics","category-regions"],"acf":[],"yoast_head":"<!-- This site is optimized with the Yoast SEO plugin v27.3 - https:\/\/yoast.com\/product\/yoast-seo-wordpress\/ -->\n<title>Mudan\u00e7as na Presid\u00eancia e na Secretaria do DVF - Loginfo24<\/title>\n<meta name=\"robots\" content=\"index, follow, max-snippet:-1, max-image-preview:large, max-video-preview:-1\" \/>\n<link rel=\"canonical\" href=\"https:\/\/loginfo24.com\/pt-pt\/2021\/04\/18\/mudancas-na-presidencia-e-na-secretaria-do-dvf\/\" \/>\n<meta property=\"og:locale\" content=\"pt_PT\" \/>\n<meta property=\"og:type\" content=\"article\" \/>\n<meta property=\"og:title\" content=\"Mudan\u00e7as na Presid\u00eancia e na Secretaria do DVF - Loginfo24\" \/>\n<meta property=\"og:description\" content=\"A presid\u00eancia do DVF elegeu dois novos membros: Philip Oetker e M\u00fcl\u00fcm Yakisan. Oito outros membros foram confirmados por reelei\u00e7\u00e3o e Reiner Sch\u00e4tzlein e Sarah Stark [\u2026]\" \/>\n<meta property=\"og:url\" content=\"https:\/\/loginfo24.com\/pt-pt\/2021\/04\/18\/mudancas-na-presidencia-e-na-secretaria-do-dvf\/\" \/>\n<meta property=\"og:site_name\" content=\"Loginfo24\" \/>\n<meta property=\"article:publisher\" content=\"https:\/\/www.facebook.com\/people\/Loginfo24\/100057360583332\/\" \/>\n<meta property=\"article:published_time\" content=\"2021-04-18T13:16:48+00:00\" \/>\n<meta property=\"article:modified_time\" content=\"2025-12-15T11:59:17+00:00\" \/>\n<meta name=\"twitter:card\" content=\"summary_large_image\" \/>\n<meta name=\"twitter:label1\" content=\"Tempo estimado de leitura\" \/>\n\t<meta name=\"twitter:data1\" content=\"2 minutos\" \/>\n<script type=\"application\/ld+json\" class=\"yoast-schema-graph\">{\"@context\":\"https:\\\/\\\/schema.org\",\"@graph\":[{\"@type\":\"Article\",\"@id\":\"https:\\\/\\\/loginfo24.com\\\/pt-pt\\\/2021\\\/04\\\/18\\\/mudancas-na-presidencia-e-na-secretaria-do-dvf\\\/#article\",\"isPartOf\":{\"@id\":\"https:\\\/\\\/loginfo24.com\\\/pt-pt\\\/2021\\\/04\\\/18\\\/mudancas-na-presidencia-e-na-secretaria-do-dvf\\\/\"},\"author\":{\"name\":\"\",\"@id\":\"\"},\"headline\":\"Mudan\u00e7as na Presid\u00eancia e na Secretaria do DVF\",\"datePublished\":\"2021-04-18T13:16:48+00:00\",\"dateModified\":\"2025-12-15T11:59:17+00:00\",\"mainEntityOfPage\":{\"@id\":\"https:\\\/\\\/loginfo24.com\\\/pt-pt\\\/2021\\\/04\\\/18\\\/mudancas-na-presidencia-e-na-secretaria-do-dvf\\\/\"},\"wordCount\":344,\"commentCount\":0,\"publisher\":{\"@id\":\"https:\\\/\\\/loginfo24.com\\\/pt-pt\\\/#organization\"},\"articleSection\":[\"Forwarding &amp; Logistics\",\"Regions\"],\"inLanguage\":\"pt-PT\",\"potentialAction\":[{\"@type\":\"CommentAction\",\"name\":\"Comment\",\"target\":[\"https:\\\/\\\/loginfo24.com\\\/pt-pt\\\/2021\\\/04\\\/18\\\/mudancas-na-presidencia-e-na-secretaria-do-dvf\\\/#respond\"]}]},{\"@type\":\"WebPage\",\"@id\":\"https:\\\/\\\/loginfo24.com\\\/pt-pt\\\/2021\\\/04\\\/18\\\/mudancas-na-presidencia-e-na-secretaria-do-dvf\\\/\",\"url\":\"https:\\\/\\\/loginfo24.com\\\/pt-pt\\\/2021\\\/04\\\/18\\\/mudancas-na-presidencia-e-na-secretaria-do-dvf\\\/\",\"name\":\"Mudan\u00e7as na Presid\u00eancia e na Secretaria do DVF - Loginfo24\",\"isPartOf\":{\"@id\":\"https:\\\/\\\/loginfo24.com\\\/pt-pt\\\/#website\"},\"datePublished\":\"2021-04-18T13:16:48+00:00\",\"dateModified\":\"2025-12-15T11:59:17+00:00\",\"breadcrumb\":{\"@id\":\"https:\\\/\\\/loginfo24.com\\\/pt-pt\\\/2021\\\/04\\\/18\\\/mudancas-na-presidencia-e-na-secretaria-do-dvf\\\/#breadcrumb\"},\"inLanguage\":\"pt-PT\",\"potentialAction\":[{\"@type\":\"ReadAction\",\"target\":[\"https:\\\/\\\/loginfo24.com\\\/pt-pt\\\/2021\\\/04\\\/18\\\/mudancas-na-presidencia-e-na-secretaria-do-dvf\\\/\"]}]},{\"@type\":\"BreadcrumbList\",\"@id\":\"https:\\\/\\\/loginfo24.com\\\/pt-pt\\\/2021\\\/04\\\/18\\\/mudancas-na-presidencia-e-na-secretaria-do-dvf\\\/#breadcrumb\",\"itemListElement\":[{\"@type\":\"ListItem\",\"position\":1,\"name\":\"Startseite\",\"item\":\"https:\\\/\\\/loginfo24.com\\\/pt-pt\\\/\"},{\"@type\":\"ListItem\",\"position\":2,\"name\":\"Mudan\u00e7as na Presid\u00eancia e na Secretaria do DVF\"}]},{\"@type\":\"WebSite\",\"@id\":\"https:\\\/\\\/loginfo24.com\\\/pt-pt\\\/#website\",\"url\":\"https:\\\/\\\/loginfo24.com\\\/pt-pt\\\/\",\"name\":\"Loginfo24\",\"description\":\"Loginfo24 \u00e9 a plataforma dedicada \u00e0 log\u00edstica e \u00e0s cadeias de abastecimento, com informa\u00e7\u00f5es dispon\u00edveis 24 horas por dia.\",\"publisher\":{\"@id\":\"https:\\\/\\\/loginfo24.com\\\/pt-pt\\\/#organization\"},\"potentialAction\":[{\"@type\":\"SearchAction\",\"target\":{\"@type\":\"EntryPoint\",\"urlTemplate\":\"https:\\\/\\\/loginfo24.com\\\/pt-pt\\\/?s={search_term_string}\"},\"query-input\":{\"@type\":\"PropertyValueSpecification\",\"valueRequired\":true,\"valueName\":\"search_term_string\"}}],\"inLanguage\":\"pt-PT\"},{\"@type\":\"Organization\",\"@id\":\"https:\\\/\\\/loginfo24.com\\\/pt-pt\\\/#organization\",\"name\":\"Logismedia Group AG\",\"url\":\"https:\\\/\\\/loginfo24.com\\\/pt-pt\\\/\",\"logo\":{\"@type\":\"ImageObject\",\"inLanguage\":\"pt-PT\",\"@id\":\"https:\\\/\\\/loginfo24.com\\\/pt-pt\\\/#\\\/schema\\\/logo\\\/image\\\/\",\"url\":\"https:\\\/\\\/loginfo24.com\\\/wp-content\\\/uploads\\\/sites\\\/7\\\/2026\\\/01\\\/Logo_LogInfo24.png\",\"contentUrl\":\"https:\\\/\\\/loginfo24.com\\\/wp-content\\\/uploads\\\/sites\\\/7\\\/2026\\\/01\\\/Logo_LogInfo24.png\",\"width\":938,\"height\":351,\"caption\":\"Logismedia Group AG\"},\"image\":{\"@id\":\"https:\\\/\\\/loginfo24.com\\\/pt-pt\\\/#\\\/schema\\\/logo\\\/image\\\/\"},\"sameAs\":[\"https:\\\/\\\/www.facebook.com\\\/people\\\/Loginfo24\\\/100057360583332\\\/\",\"https:\\\/\\\/www.linkedin.com\\\/company\\\/lofinfo24\\\/\"]}]}<\/script>\n<!-- \/ Yoast SEO plugin. -->","yoast_head_json":{"title":"Mudan\u00e7as na Presid\u00eancia e na Secretaria do DVF - Loginfo24","robots":{"index":"index","follow":"follow","max-snippet":"max-snippet:-1","max-image-preview":"max-image-preview:large","max-video-preview":"max-video-preview:-1"},"canonical":"https:\/\/loginfo24.com\/pt-pt\/2021\/04\/18\/mudancas-na-presidencia-e-na-secretaria-do-dvf\/","og_locale":"pt_PT","og_type":"article","og_title":"Mudan\u00e7as na Presid\u00eancia e na Secretaria do DVF - Loginfo24","og_description":"A presid\u00eancia do DVF elegeu dois novos membros: Philip Oetker e M\u00fcl\u00fcm Yakisan. Oito outros membros foram confirmados por reelei\u00e7\u00e3o e Reiner Sch\u00e4tzlein e Sarah Stark [\u2026]","og_url":"https:\/\/loginfo24.com\/pt-pt\/2021\/04\/18\/mudancas-na-presidencia-e-na-secretaria-do-dvf\/","og_site_name":"Loginfo24","article_publisher":"https:\/\/www.facebook.com\/people\/Loginfo24\/100057360583332\/","article_published_time":"2021-04-18T13:16:48+00:00","article_modified_time":"2025-12-15T11:59:17+00:00","twitter_card":"summary_large_image","twitter_misc":{"Tempo estimado de leitura":"2 minutos"},"schema":{"@context":"https:\/\/schema.org","@graph":[{"@type":"Article","@id":"https:\/\/loginfo24.com\/pt-pt\/2021\/04\/18\/mudancas-na-presidencia-e-na-secretaria-do-dvf\/#article","isPartOf":{"@id":"https:\/\/loginfo24.com\/pt-pt\/2021\/04\/18\/mudancas-na-presidencia-e-na-secretaria-do-dvf\/"},"author":{"name":"","@id":""},"headline":"Mudan\u00e7as na Presid\u00eancia e na Secretaria do DVF","datePublished":"2021-04-18T13:16:48+00:00","dateModified":"2025-12-15T11:59:17+00:00","mainEntityOfPage":{"@id":"https:\/\/loginfo24.com\/pt-pt\/2021\/04\/18\/mudancas-na-presidencia-e-na-secretaria-do-dvf\/"},"wordCount":344,"commentCount":0,"publisher":{"@id":"https:\/\/loginfo24.com\/pt-pt\/#organization"},"articleSection":["Forwarding &amp; Logistics","Regions"],"inLanguage":"pt-PT","potentialAction":[{"@type":"CommentAction","name":"Comment","target":["https:\/\/loginfo24.com\/pt-pt\/2021\/04\/18\/mudancas-na-presidencia-e-na-secretaria-do-dvf\/#respond"]}]},{"@type":"WebPage","@id":"https:\/\/loginfo24.com\/pt-pt\/2021\/04\/18\/mudancas-na-presidencia-e-na-secretaria-do-dvf\/","url":"https:\/\/loginfo24.com\/pt-pt\/2021\/04\/18\/mudancas-na-presidencia-e-na-secretaria-do-dvf\/","name":"Mudan\u00e7as na Presid\u00eancia e na Secretaria do DVF - Loginfo24","isPartOf":{"@id":"https:\/\/loginfo24.com\/pt-pt\/#website"},"datePublished":"2021-04-18T13:16:48+00:00","dateModified":"2025-12-15T11:59:17+00:00","breadcrumb":{"@id":"https:\/\/loginfo24.com\/pt-pt\/2021\/04\/18\/mudancas-na-presidencia-e-na-secretaria-do-dvf\/#breadcrumb"},"inLanguage":"pt-PT","potentialAction":[{"@type":"ReadAction","target":["https:\/\/loginfo24.com\/pt-pt\/2021\/04\/18\/mudancas-na-presidencia-e-na-secretaria-do-dvf\/"]}]},{"@type":"BreadcrumbList","@id":"https:\/\/loginfo24.com\/pt-pt\/2021\/04\/18\/mudancas-na-presidencia-e-na-secretaria-do-dvf\/#breadcrumb","itemListElement":[{"@type":"ListItem","position":1,"name":"Startseite","item":"https:\/\/loginfo24.com\/pt-pt\/"},{"@type":"ListItem","position":2,"name":"Mudan\u00e7as na Presid\u00eancia e na Secretaria do DVF"}]},{"@type":"WebSite","@id":"https:\/\/loginfo24.com\/pt-pt\/#website","url":"https:\/\/loginfo24.com\/pt-pt\/","name":"Loginfo24","description":"Loginfo24 \u00e9 a plataforma dedicada \u00e0 log\u00edstica e \u00e0s cadeias de abastecimento, com informa\u00e7\u00f5es dispon\u00edveis 24 horas por dia.","publisher":{"@id":"https:\/\/loginfo24.com\/pt-pt\/#organization"},"potentialAction":[{"@type":"SearchAction","target":{"@type":"EntryPoint","urlTemplate":"https:\/\/loginfo24.com\/pt-pt\/?s={search_term_string}"},"query-input":{"@type":"PropertyValueSpecification","valueRequired":true,"valueName":"search_term_string"}}],"inLanguage":"pt-PT"},{"@type":"Organization","@id":"https:\/\/loginfo24.com\/pt-pt\/#organization","name":"Logismedia Group AG","url":"https:\/\/loginfo24.com\/pt-pt\/","logo":{"@type":"ImageObject","inLanguage":"pt-PT","@id":"https:\/\/loginfo24.com\/pt-pt\/#\/schema\/logo\/image\/","url":"https:\/\/loginfo24.com\/wp-content\/uploads\/sites\/7\/2026\/01\/Logo_LogInfo24.png","contentUrl":"https:\/\/loginfo24.com\/wp-content\/uploads\/sites\/7\/2026\/01\/Logo_LogInfo24.png","width":938,"height":351,"caption":"Logismedia Group AG"},"image":{"@id":"https:\/\/loginfo24.com\/pt-pt\/#\/schema\/logo\/image\/"},"sameAs":["https:\/\/www.facebook.com\/people\/Loginfo24\/100057360583332\/","https:\/\/www.linkedin.com\/company\/lofinfo24\/"]}]}},"_links":{"self":[{"href":"https:\/\/loginfo24.com\/pt-pt\/wp-json\/wp\/v2\/posts\/24775","targetHints":{"allow":["GET"]}}],"collection":[{"href":"https:\/\/loginfo24.com\/pt-pt\/wp-json\/wp\/v2\/posts"}],"about":[{"href":"https:\/\/loginfo24.com\/pt-pt\/wp-json\/wp\/v2\/types\/post"}],"replies":[{"embeddable":true,"href":"https:\/\/loginfo24.com\/pt-pt\/wp-json\/wp\/v2\/comments?post=24775"}],"version-history":[{"count":1,"href":"https:\/\/loginfo24.com\/pt-pt\/wp-json\/wp\/v2\/posts\/24775\/revisions"}],"predecessor-version":[{"id":45262,"href":"https:\/\/loginfo24.com\/pt-pt\/wp-json\/wp\/v2\/posts\/24775\/revisions\/45262"}],"wp:attachment":[{"href":"https:\/\/loginfo24.com\/pt-pt\/wp-json\/wp\/v2\/media?parent=24775"}],"wp:term":[{"taxonomy":"category","embeddable":true,"href":"https:\/\/loginfo24.com\/pt-pt\/wp-json\/wp\/v2\/categories?post=24775"},{"taxonomy":"post_tag","embeddable":true,"href":"https:\/\/loginfo24.com\/pt-pt\/wp-json\/wp\/v2\/tags?post=24775"}],"curies":[{"name":"wp","href":"https:\/\/api.w.org\/{rel}","templated":true}]}}