{"id":24640,"date":"2021-04-12T20:23:44","date_gmt":"2021-04-12T18:23:44","guid":{"rendered":"https:\/\/blog.brand-architecture.at\/2021\/04\/12\/setor-de-logistica-da-alemanha-central-com-feira-virtual-de-emprego-e-educacao\/"},"modified":"2025-12-15T12:58:34","modified_gmt":"2025-12-15T11:58:34","slug":"setor-de-logistica-da-alemanha-central-com-feira-virtual-de-emprego-e-educacao","status":"publish","type":"post","link":"https:\/\/loginfo24.com\/pt-pt\/2021\/04\/12\/setor-de-logistica-da-alemanha-central-com-feira-virtual-de-emprego-e-educacao\/","title":{"rendered":"Setor de Log\u00edstica da Alemanha Central com Feira Virtual de Emprego e Educa\u00e7\u00e3o"},"content":{"rendered":"<p>A Rede de Log\u00edstica da Alemanha Central organiza, no Dia da Log\u00edstica, a 15 de abril, a sua primeira feira virtual exclusivamente dedicada a profiss\u00f5es log\u00edsticas. Alunos, estudantes e profissionais em transi\u00e7\u00e3o s\u00e3o convidados a se informar online sobre vagas de forma\u00e7\u00e3o, posi\u00e7\u00f5es dispon\u00edveis e ofertas de forma\u00e7\u00e3o cont\u00ednua no setor log\u00edstico da Alemanha Central, entre as 10h00 e as 16h00.<\/p>\n<p>(Leipzig) Em estandes virtuais, empresas, juntamente com as cidades de Leipzig e Halle (Saale) e a Ag\u00eancia de Emprego de Oschatz, informam sobre oportunidades de carreira no setor log\u00edstico. Os visitantes podem assistir a v\u00eddeos e diversos materiais informativos em cada estande e entrar em contato diretamente com os expositores via chat ao vivo.<\/p>\n<p>&#8220;Com a primeira feira de emprego virtual, oferecemos a todos os interessados em log\u00edstica uma proposta moderna para conhecer o setor em crescimento na Alemanha Central, que oferece muitas oportunidades de carreira. Para nossos membros, \u00e9 especialmente importante agora poder abordar futuros colaboradores e talentos de forma digital&#8221;, diz Toralf Wei\u00dfe, presidente da Rede de Log\u00edstica da Alemanha Central.<\/p>\n<p>Al\u00e9m de ofertas de empregos e vagas de forma\u00e7\u00e3o em profiss\u00f5es log\u00edsticas cl\u00e1ssicas, como Comerciante de Transporte e Servi\u00e7os Log\u00edsticos ou Profissional de Log\u00edstica de Armaz\u00e9m e Motorista Profissional, tamb\u00e9m s\u00e3o oferecidas informa\u00e7\u00f5es sobre oportunidades de forma\u00e7\u00e3o e qualifica\u00e7\u00e3o.<\/p>\n<h5><strong>Rede de Log\u00edstica da Alemanha Central e.V.<\/strong><\/h5>\n<p>Fundada em 2008, a Rede de Log\u00edstica Leipzig-Halle e.V. passou a se chamar Rede de Log\u00edstica da Alemanha Central e.V. em 2018, devido \u00e0 sua \u00e1rea de atua\u00e7\u00e3o ampliada. Ela re\u00fane, al\u00e9m de numerosos prestadores de servi\u00e7os log\u00edsticos &#8220;cl\u00e1ssicos&#8221;, empresas do setor de servi\u00e7os log\u00edsticos, do setor de pessoal e imobili\u00e1rio, entidades p\u00fablicas como as cidades de Leipzig e Halle, c\u00e2maras de com\u00e9rcio e ind\u00fastria regionais, bem como institui\u00e7\u00f5es de pesquisa e educa\u00e7\u00e3o, incluindo oito universidades. Desde 2016, a rede possui escrit\u00f3rios regionais em Dresden e Chemnitz.<\/p>\n<p>A rede representa, na Associa\u00e7\u00e3o de Iniciativas Log\u00edsticas da Alemanha, os estados federais da Sax\u00f4nia e Sax\u00f4nia-Anhalt. Entre as principais tarefas da rede est\u00e3o, al\u00e9m da inova\u00e7\u00e3o, desenvolvimento de pessoal e neg\u00f3cios, a posicionamento da regi\u00e3o log\u00edstica da Alemanha Central como um gateway europeu estabelecido e um local central de distribui\u00e7\u00e3o com conex\u00f5es r\u00e1pidas, especialmente para os mercados da Europa Oriental e da \u00c1sia Oriental, para o qual uma coopera\u00e7\u00e3o com o Porto de Hamburgo e a regi\u00e3o log\u00edstica de Sassnitz-Mukran em Mecklemburgo-Pomer\u00e2nia Ocidental contribui significativamente.<\/p>\n<p>O acesso \u00e9 gratuito e sem necessidade de pr\u00e9-registro atrav\u00e9s do portal:<\/p>\n<p><a href=\"https:\/\/www.messe.taxi\" target=\"_blank\" rel=\"noopener noreferrer\">www.messe.taxi<\/a><\/p>\n","protected":false},"excerpt":{"rendered":"<p>A Rede de Log\u00edstica da Alemanha Central organiza, no Dia da Log\u00edstica, a 15 de abril, a sua primeira feira virtual exclusivamente dedicada a profiss\u00f5es log\u00edsticas.<span class=\"excerpt-hellip\"> [\u2026]<\/span><\/p>\n","protected":false},"author":0,"featured_media":0,"comment_status":"open","ping_status":"open","sticky":false,"template":"","format":"standard","meta":{"_acf_changed":false,"footnotes":""},"categories":[1557,1561],"tags":[],"class_list":["post-24640","post","type-post","status-publish","format-standard","hentry","category-forwarding-logistics","category-regions"],"acf":[],"yoast_head":"<!-- This site is optimized with the Yoast SEO plugin v27.3 - https:\/\/yoast.com\/product\/yoast-seo-wordpress\/ -->\n<title>Setor de Log\u00edstica da Alemanha Central com Feira Virtual de Emprego e Educa\u00e7\u00e3o - Loginfo24<\/title>\n<meta name=\"robots\" content=\"index, follow, max-snippet:-1, max-image-preview:large, max-video-preview:-1\" \/>\n<link rel=\"canonical\" href=\"https:\/\/loginfo24.com\/pt-pt\/2021\/04\/12\/setor-de-logistica-da-alemanha-central-com-feira-virtual-de-emprego-e-educacao\/\" \/>\n<meta property=\"og:locale\" content=\"pt_PT\" \/>\n<meta property=\"og:type\" content=\"article\" \/>\n<meta property=\"og:title\" content=\"Setor de Log\u00edstica da Alemanha Central com Feira Virtual de Emprego e Educa\u00e7\u00e3o - Loginfo24\" \/>\n<meta property=\"og:description\" content=\"A Rede de Log\u00edstica da Alemanha Central organiza, no Dia da Log\u00edstica, a 15 de abril, a sua primeira feira virtual exclusivamente dedicada a profiss\u00f5es log\u00edsticas. [\u2026]\" \/>\n<meta property=\"og:url\" content=\"https:\/\/loginfo24.com\/pt-pt\/2021\/04\/12\/setor-de-logistica-da-alemanha-central-com-feira-virtual-de-emprego-e-educacao\/\" \/>\n<meta property=\"og:site_name\" content=\"Loginfo24\" \/>\n<meta property=\"article:publisher\" content=\"https:\/\/www.facebook.com\/people\/Loginfo24\/100057360583332\/\" \/>\n<meta property=\"article:published_time\" content=\"2021-04-12T18:23:44+00:00\" \/>\n<meta property=\"article:modified_time\" content=\"2025-12-15T11:58:34+00:00\" \/>\n<meta name=\"twitter:card\" content=\"summary_large_image\" \/>\n<meta name=\"twitter:label1\" content=\"Tempo estimado de leitura\" \/>\n\t<meta name=\"twitter:data1\" content=\"2 minutos\" \/>\n<script type=\"application\/ld+json\" class=\"yoast-schema-graph\">{\"@context\":\"https:\\\/\\\/schema.org\",\"@graph\":[{\"@type\":\"Article\",\"@id\":\"https:\\\/\\\/loginfo24.com\\\/pt-pt\\\/2021\\\/04\\\/12\\\/setor-de-logistica-da-alemanha-central-com-feira-virtual-de-emprego-e-educacao\\\/#article\",\"isPartOf\":{\"@id\":\"https:\\\/\\\/loginfo24.com\\\/pt-pt\\\/2021\\\/04\\\/12\\\/setor-de-logistica-da-alemanha-central-com-feira-virtual-de-emprego-e-educacao\\\/\"},\"author\":{\"name\":\"\",\"@id\":\"\"},\"headline\":\"Setor de Log\u00edstica da Alemanha Central com Feira Virtual de Emprego e Educa\u00e7\u00e3o\",\"datePublished\":\"2021-04-12T18:23:44+00:00\",\"dateModified\":\"2025-12-15T11:58:34+00:00\",\"mainEntityOfPage\":{\"@id\":\"https:\\\/\\\/loginfo24.com\\\/pt-pt\\\/2021\\\/04\\\/12\\\/setor-de-logistica-da-alemanha-central-com-feira-virtual-de-emprego-e-educacao\\\/\"},\"wordCount\":489,\"commentCount\":0,\"publisher\":{\"@id\":\"https:\\\/\\\/loginfo24.com\\\/pt-pt\\\/#organization\"},\"articleSection\":[\"Forwarding &amp; Logistics\",\"Regions\"],\"inLanguage\":\"pt-PT\",\"potentialAction\":[{\"@type\":\"CommentAction\",\"name\":\"Comment\",\"target\":[\"https:\\\/\\\/loginfo24.com\\\/pt-pt\\\/2021\\\/04\\\/12\\\/setor-de-logistica-da-alemanha-central-com-feira-virtual-de-emprego-e-educacao\\\/#respond\"]}]},{\"@type\":\"WebPage\",\"@id\":\"https:\\\/\\\/loginfo24.com\\\/pt-pt\\\/2021\\\/04\\\/12\\\/setor-de-logistica-da-alemanha-central-com-feira-virtual-de-emprego-e-educacao\\\/\",\"url\":\"https:\\\/\\\/loginfo24.com\\\/pt-pt\\\/2021\\\/04\\\/12\\\/setor-de-logistica-da-alemanha-central-com-feira-virtual-de-emprego-e-educacao\\\/\",\"name\":\"Setor de Log\u00edstica da Alemanha Central com Feira Virtual de Emprego e Educa\u00e7\u00e3o - Loginfo24\",\"isPartOf\":{\"@id\":\"https:\\\/\\\/loginfo24.com\\\/pt-pt\\\/#website\"},\"datePublished\":\"2021-04-12T18:23:44+00:00\",\"dateModified\":\"2025-12-15T11:58:34+00:00\",\"breadcrumb\":{\"@id\":\"https:\\\/\\\/loginfo24.com\\\/pt-pt\\\/2021\\\/04\\\/12\\\/setor-de-logistica-da-alemanha-central-com-feira-virtual-de-emprego-e-educacao\\\/#breadcrumb\"},\"inLanguage\":\"pt-PT\",\"potentialAction\":[{\"@type\":\"ReadAction\",\"target\":[\"https:\\\/\\\/loginfo24.com\\\/pt-pt\\\/2021\\\/04\\\/12\\\/setor-de-logistica-da-alemanha-central-com-feira-virtual-de-emprego-e-educacao\\\/\"]}]},{\"@type\":\"BreadcrumbList\",\"@id\":\"https:\\\/\\\/loginfo24.com\\\/pt-pt\\\/2021\\\/04\\\/12\\\/setor-de-logistica-da-alemanha-central-com-feira-virtual-de-emprego-e-educacao\\\/#breadcrumb\",\"itemListElement\":[{\"@type\":\"ListItem\",\"position\":1,\"name\":\"Startseite\",\"item\":\"https:\\\/\\\/loginfo24.com\\\/pt-pt\\\/\"},{\"@type\":\"ListItem\",\"position\":2,\"name\":\"Setor de Log\u00edstica da Alemanha Central com Feira Virtual de Emprego e Educa\u00e7\u00e3o\"}]},{\"@type\":\"WebSite\",\"@id\":\"https:\\\/\\\/loginfo24.com\\\/pt-pt\\\/#website\",\"url\":\"https:\\\/\\\/loginfo24.com\\\/pt-pt\\\/\",\"name\":\"Loginfo24\",\"description\":\"Loginfo24 \u00e9 a plataforma dedicada \u00e0 log\u00edstica e \u00e0s cadeias de abastecimento, com informa\u00e7\u00f5es dispon\u00edveis 24 horas por dia.\",\"publisher\":{\"@id\":\"https:\\\/\\\/loginfo24.com\\\/pt-pt\\\/#organization\"},\"potentialAction\":[{\"@type\":\"SearchAction\",\"target\":{\"@type\":\"EntryPoint\",\"urlTemplate\":\"https:\\\/\\\/loginfo24.com\\\/pt-pt\\\/?s={search_term_string}\"},\"query-input\":{\"@type\":\"PropertyValueSpecification\",\"valueRequired\":true,\"valueName\":\"search_term_string\"}}],\"inLanguage\":\"pt-PT\"},{\"@type\":\"Organization\",\"@id\":\"https:\\\/\\\/loginfo24.com\\\/pt-pt\\\/#organization\",\"name\":\"Logismedia Group AG\",\"url\":\"https:\\\/\\\/loginfo24.com\\\/pt-pt\\\/\",\"logo\":{\"@type\":\"ImageObject\",\"inLanguage\":\"pt-PT\",\"@id\":\"https:\\\/\\\/loginfo24.com\\\/pt-pt\\\/#\\\/schema\\\/logo\\\/image\\\/\",\"url\":\"https:\\\/\\\/loginfo24.com\\\/wp-content\\\/uploads\\\/sites\\\/7\\\/2026\\\/01\\\/Logo_LogInfo24.png\",\"contentUrl\":\"https:\\\/\\\/loginfo24.com\\\/wp-content\\\/uploads\\\/sites\\\/7\\\/2026\\\/01\\\/Logo_LogInfo24.png\",\"width\":938,\"height\":351,\"caption\":\"Logismedia Group AG\"},\"image\":{\"@id\":\"https:\\\/\\\/loginfo24.com\\\/pt-pt\\\/#\\\/schema\\\/logo\\\/image\\\/\"},\"sameAs\":[\"https:\\\/\\\/www.facebook.com\\\/people\\\/Loginfo24\\\/100057360583332\\\/\",\"https:\\\/\\\/www.linkedin.com\\\/company\\\/lofinfo24\\\/\"]}]}<\/script>\n<!-- \/ Yoast SEO plugin. -->","yoast_head_json":{"title":"Setor de Log\u00edstica da Alemanha Central com Feira Virtual de Emprego e Educa\u00e7\u00e3o - Loginfo24","robots":{"index":"index","follow":"follow","max-snippet":"max-snippet:-1","max-image-preview":"max-image-preview:large","max-video-preview":"max-video-preview:-1"},"canonical":"https:\/\/loginfo24.com\/pt-pt\/2021\/04\/12\/setor-de-logistica-da-alemanha-central-com-feira-virtual-de-emprego-e-educacao\/","og_locale":"pt_PT","og_type":"article","og_title":"Setor de Log\u00edstica da Alemanha Central com Feira Virtual de Emprego e Educa\u00e7\u00e3o - Loginfo24","og_description":"A Rede de Log\u00edstica da Alemanha Central organiza, no Dia da Log\u00edstica, a 15 de abril, a sua primeira feira virtual exclusivamente dedicada a profiss\u00f5es log\u00edsticas. [\u2026]","og_url":"https:\/\/loginfo24.com\/pt-pt\/2021\/04\/12\/setor-de-logistica-da-alemanha-central-com-feira-virtual-de-emprego-e-educacao\/","og_site_name":"Loginfo24","article_publisher":"https:\/\/www.facebook.com\/people\/Loginfo24\/100057360583332\/","article_published_time":"2021-04-12T18:23:44+00:00","article_modified_time":"2025-12-15T11:58:34+00:00","twitter_card":"summary_large_image","twitter_misc":{"Tempo estimado de leitura":"2 minutos"},"schema":{"@context":"https:\/\/schema.org","@graph":[{"@type":"Article","@id":"https:\/\/loginfo24.com\/pt-pt\/2021\/04\/12\/setor-de-logistica-da-alemanha-central-com-feira-virtual-de-emprego-e-educacao\/#article","isPartOf":{"@id":"https:\/\/loginfo24.com\/pt-pt\/2021\/04\/12\/setor-de-logistica-da-alemanha-central-com-feira-virtual-de-emprego-e-educacao\/"},"author":{"name":"","@id":""},"headline":"Setor de Log\u00edstica da Alemanha Central com Feira Virtual de Emprego e Educa\u00e7\u00e3o","datePublished":"2021-04-12T18:23:44+00:00","dateModified":"2025-12-15T11:58:34+00:00","mainEntityOfPage":{"@id":"https:\/\/loginfo24.com\/pt-pt\/2021\/04\/12\/setor-de-logistica-da-alemanha-central-com-feira-virtual-de-emprego-e-educacao\/"},"wordCount":489,"commentCount":0,"publisher":{"@id":"https:\/\/loginfo24.com\/pt-pt\/#organization"},"articleSection":["Forwarding &amp; Logistics","Regions"],"inLanguage":"pt-PT","potentialAction":[{"@type":"CommentAction","name":"Comment","target":["https:\/\/loginfo24.com\/pt-pt\/2021\/04\/12\/setor-de-logistica-da-alemanha-central-com-feira-virtual-de-emprego-e-educacao\/#respond"]}]},{"@type":"WebPage","@id":"https:\/\/loginfo24.com\/pt-pt\/2021\/04\/12\/setor-de-logistica-da-alemanha-central-com-feira-virtual-de-emprego-e-educacao\/","url":"https:\/\/loginfo24.com\/pt-pt\/2021\/04\/12\/setor-de-logistica-da-alemanha-central-com-feira-virtual-de-emprego-e-educacao\/","name":"Setor de Log\u00edstica da Alemanha Central com Feira Virtual de Emprego e Educa\u00e7\u00e3o - Loginfo24","isPartOf":{"@id":"https:\/\/loginfo24.com\/pt-pt\/#website"},"datePublished":"2021-04-12T18:23:44+00:00","dateModified":"2025-12-15T11:58:34+00:00","breadcrumb":{"@id":"https:\/\/loginfo24.com\/pt-pt\/2021\/04\/12\/setor-de-logistica-da-alemanha-central-com-feira-virtual-de-emprego-e-educacao\/#breadcrumb"},"inLanguage":"pt-PT","potentialAction":[{"@type":"ReadAction","target":["https:\/\/loginfo24.com\/pt-pt\/2021\/04\/12\/setor-de-logistica-da-alemanha-central-com-feira-virtual-de-emprego-e-educacao\/"]}]},{"@type":"BreadcrumbList","@id":"https:\/\/loginfo24.com\/pt-pt\/2021\/04\/12\/setor-de-logistica-da-alemanha-central-com-feira-virtual-de-emprego-e-educacao\/#breadcrumb","itemListElement":[{"@type":"ListItem","position":1,"name":"Startseite","item":"https:\/\/loginfo24.com\/pt-pt\/"},{"@type":"ListItem","position":2,"name":"Setor de Log\u00edstica da Alemanha Central com Feira Virtual de Emprego e Educa\u00e7\u00e3o"}]},{"@type":"WebSite","@id":"https:\/\/loginfo24.com\/pt-pt\/#website","url":"https:\/\/loginfo24.com\/pt-pt\/","name":"Loginfo24","description":"Loginfo24 \u00e9 a plataforma dedicada \u00e0 log\u00edstica e \u00e0s cadeias de abastecimento, com informa\u00e7\u00f5es dispon\u00edveis 24 horas por dia.","publisher":{"@id":"https:\/\/loginfo24.com\/pt-pt\/#organization"},"potentialAction":[{"@type":"SearchAction","target":{"@type":"EntryPoint","urlTemplate":"https:\/\/loginfo24.com\/pt-pt\/?s={search_term_string}"},"query-input":{"@type":"PropertyValueSpecification","valueRequired":true,"valueName":"search_term_string"}}],"inLanguage":"pt-PT"},{"@type":"Organization","@id":"https:\/\/loginfo24.com\/pt-pt\/#organization","name":"Logismedia Group AG","url":"https:\/\/loginfo24.com\/pt-pt\/","logo":{"@type":"ImageObject","inLanguage":"pt-PT","@id":"https:\/\/loginfo24.com\/pt-pt\/#\/schema\/logo\/image\/","url":"https:\/\/loginfo24.com\/wp-content\/uploads\/sites\/7\/2026\/01\/Logo_LogInfo24.png","contentUrl":"https:\/\/loginfo24.com\/wp-content\/uploads\/sites\/7\/2026\/01\/Logo_LogInfo24.png","width":938,"height":351,"caption":"Logismedia Group AG"},"image":{"@id":"https:\/\/loginfo24.com\/pt-pt\/#\/schema\/logo\/image\/"},"sameAs":["https:\/\/www.facebook.com\/people\/Loginfo24\/100057360583332\/","https:\/\/www.linkedin.com\/company\/lofinfo24\/"]}]}},"_links":{"self":[{"href":"https:\/\/loginfo24.com\/pt-pt\/wp-json\/wp\/v2\/posts\/24640","targetHints":{"allow":["GET"]}}],"collection":[{"href":"https:\/\/loginfo24.com\/pt-pt\/wp-json\/wp\/v2\/posts"}],"about":[{"href":"https:\/\/loginfo24.com\/pt-pt\/wp-json\/wp\/v2\/types\/post"}],"replies":[{"embeddable":true,"href":"https:\/\/loginfo24.com\/pt-pt\/wp-json\/wp\/v2\/comments?post=24640"}],"version-history":[{"count":1,"href":"https:\/\/loginfo24.com\/pt-pt\/wp-json\/wp\/v2\/posts\/24640\/revisions"}],"predecessor-version":[{"id":44996,"href":"https:\/\/loginfo24.com\/pt-pt\/wp-json\/wp\/v2\/posts\/24640\/revisions\/44996"}],"wp:attachment":[{"href":"https:\/\/loginfo24.com\/pt-pt\/wp-json\/wp\/v2\/media?parent=24640"}],"wp:term":[{"taxonomy":"category","embeddable":true,"href":"https:\/\/loginfo24.com\/pt-pt\/wp-json\/wp\/v2\/categories?post=24640"},{"taxonomy":"post_tag","embeddable":true,"href":"https:\/\/loginfo24.com\/pt-pt\/wp-json\/wp\/v2\/tags?post=24640"}],"curies":[{"name":"wp","href":"https:\/\/api.w.org\/{rel}","templated":true}]}}