{"id":23897,"date":"2021-03-12T18:17:44","date_gmt":"2021-03-12T17:17:44","guid":{"rendered":"https:\/\/blog.brand-architecture.at\/2021\/03\/12\/ortwin-harms-nomeado-segundo-diretor-da-lhg\/"},"modified":"2025-12-15T12:55:07","modified_gmt":"2025-12-15T11:55:07","slug":"ortwin-harms-nomeado-segundo-diretor-da-lhg","status":"publish","type":"post","link":"https:\/\/loginfo24.com\/pt-pt\/2021\/03\/12\/ortwin-harms-nomeado-segundo-diretor-da-lhg\/","title":{"rendered":"Ortwin Harms nomeado segundo diretor da LHG"},"content":{"rendered":"<p>A L\u00fcbecker Hafen-Gesellschaft (LHG) nomeia Ortwin Harms a partir de 1.4.2021 como segundo diretor. O atual diretor \u00fanico, Sebastian J\u00fcrgens, se tornar\u00e1 porta-voz ao mesmo tempo. O foco de Harms est\u00e1 na estrat\u00e9gia de pessoal e na pol\u00edtica tarif\u00e1ria.<\/p>\n<p>(L\u00fcbeck) O conselho de supervis\u00e3o da L\u00fcbecker Hafen-Gesellschaft (LHG) recomendou na sua reuni\u00e3o de hoje que Ortwin Harms (62) seja nomeado segundo diretor da empresa com efeito a partir de 01.04.2021. Sebastian J\u00fcrgens, o atual diretor \u00fanico, ser\u00e1 ao mesmo tempo porta-voz da administra\u00e7\u00e3o.<\/p>\n<p>&#8220;Fico feliz que o conselho de supervis\u00e3o tenha seguido minha recomenda\u00e7\u00e3o e fortalecido a administra\u00e7\u00e3o. As consequ\u00eancias da pandemia de Covid-19 representam um desafio especial para a LHG durante a atual reestrutura\u00e7\u00e3o. A estrat\u00e9gia de pessoal e a pol\u00edtica tarif\u00e1ria s\u00e3o de import\u00e2ncia crucial para o futuro da LHG. Com o Prof. Dr. J\u00fcrgens e Ortwin Harms, temos duas personalidades de lideran\u00e7a que ir\u00e3o orientar a LHG para o futuro&#8221;, disse o prefeito Jan Lindenau como representante principal dos acionistas da LHG.<\/p>\n<h5><strong>30 anos na empresa<\/strong><\/h5>\n<p>Harms, al\u00e9m de sua responsabilidade anterior por marketing e vendas, se concentrar\u00e1 principalmente na estrat\u00e9gia de pessoal e na pol\u00edtica tarif\u00e1ria. Essas duas \u00e1reas t\u00eam um significado especial para a empresa, considerando o atual plano de seguran\u00e7a do futuro. Na \u00e1rea de J\u00fcrgens est\u00e3o os setores de opera\u00e7\u00e3o, t\u00e9cnica, finan\u00e7as e digitaliza\u00e7\u00e3o, bem como a reestrutura\u00e7\u00e3o estrat\u00e9gica da LHG.<\/p>\n<p>Harms, capit\u00e3o de grande navega\u00e7\u00e3o com patente, possui ampla e longa experi\u00eancia na empresa. H\u00e1 cerca de 30 anos, ele ingressou na LHG e inicialmente trabalhou na beira do cais como &#8220;chefe de armaz\u00e9m&#8221;. Em 1996, assumiu a lideran\u00e7a do Konstinkai e, posteriormente, do Nordlandkai. Em 2009, Harms mudou-se para a sede da empresa e desde ent\u00e3o \u00e9 respons\u00e1vel pela \u00e1rea de &#8220;Marketing e Vendas&#8221;. Nessa fun\u00e7\u00e3o, ele j\u00e1 faz parte da administra\u00e7\u00e3o da empresa e representa J\u00fcrgens regularmente.<\/p>\n<p><strong>Sobre a LHG<\/strong><\/p>\n<p>A L\u00fcbecker Hafen-Gesellschaft mbH \u00e9 a maior operadora de portos RoRo da Alemanha no Mar B\u00e1ltico. Em seus quatro terminais portu\u00e1rios, s\u00e3o oferecidos servi\u00e7os mar\u00edtimos de alta frequ\u00eancia para a regi\u00e3o do Mar B\u00e1ltico. As unidades de carga s\u00e3o agrupadas e conectadas ao interior por sistemas eficientes. A LHG \u00e9 uma parceira confi\u00e1vel da ind\u00fastria de produtos florestais e automotiva.<\/p>\n<p><strong><em>Legenda da imagem: <\/em><\/strong><em>Sebastian J\u00fcrgens (esquerda, \u00a9 Olaf Malzahn) e Ortwin Harms (Foto \u00a9 LHG)<\/em><\/p>\n<p><a href=\"https:\/\/www.lhg.com\" target=\"_blank\" rel=\"noopener noreferrer\">www.lhg.com<\/a><\/p>\n","protected":false},"excerpt":{"rendered":"<p>A L\u00fcbecker Hafen-Gesellschaft (LHG) nomeia Ortwin Harms a partir de 1.4.2021 como segundo diretor. O atual diretor \u00fanico, Sebastian J\u00fcrgens, se tornar\u00e1 porta-voz ao mesmo tempo.<span class=\"excerpt-hellip\"> [\u2026]<\/span><\/p>\n","protected":false},"author":0,"featured_media":0,"comment_status":"open","ping_status":"open","sticky":false,"template":"","format":"standard","meta":{"_acf_changed":false,"footnotes":""},"categories":[1557,1561,1559],"tags":[],"class_list":["post-23897","post","type-post","status-publish","format-standard","hentry","category-forwarding-logistics","category-regions","category-shipping-ports"],"acf":[],"yoast_head":"<!-- This site is optimized with the Yoast SEO plugin v27.3 - https:\/\/yoast.com\/product\/yoast-seo-wordpress\/ -->\n<title>Ortwin Harms nomeado segundo diretor da LHG - Loginfo24<\/title>\n<meta name=\"robots\" content=\"index, follow, max-snippet:-1, max-image-preview:large, max-video-preview:-1\" \/>\n<link rel=\"canonical\" href=\"https:\/\/loginfo24.com\/pt-pt\/2021\/03\/12\/ortwin-harms-nomeado-segundo-diretor-da-lhg\/\" \/>\n<meta property=\"og:locale\" content=\"pt_PT\" \/>\n<meta property=\"og:type\" content=\"article\" \/>\n<meta property=\"og:title\" content=\"Ortwin Harms nomeado segundo diretor da LHG - Loginfo24\" \/>\n<meta property=\"og:description\" content=\"A L\u00fcbecker Hafen-Gesellschaft (LHG) nomeia Ortwin Harms a partir de 1.4.2021 como segundo diretor. O atual diretor \u00fanico, Sebastian J\u00fcrgens, se tornar\u00e1 porta-voz ao mesmo tempo. [\u2026]\" \/>\n<meta property=\"og:url\" content=\"https:\/\/loginfo24.com\/pt-pt\/2021\/03\/12\/ortwin-harms-nomeado-segundo-diretor-da-lhg\/\" \/>\n<meta property=\"og:site_name\" content=\"Loginfo24\" \/>\n<meta property=\"article:publisher\" content=\"https:\/\/www.facebook.com\/people\/Loginfo24\/100057360583332\/\" \/>\n<meta property=\"article:published_time\" content=\"2021-03-12T17:17:44+00:00\" \/>\n<meta property=\"article:modified_time\" content=\"2025-12-15T11:55:07+00:00\" \/>\n<meta name=\"twitter:card\" content=\"summary_large_image\" \/>\n<meta name=\"twitter:label1\" content=\"Tempo estimado de leitura\" \/>\n\t<meta name=\"twitter:data1\" content=\"2 minutos\" \/>\n<script type=\"application\/ld+json\" class=\"yoast-schema-graph\">{\"@context\":\"https:\\\/\\\/schema.org\",\"@graph\":[{\"@type\":\"Article\",\"@id\":\"https:\\\/\\\/loginfo24.com\\\/pt-pt\\\/2021\\\/03\\\/12\\\/ortwin-harms-nomeado-segundo-diretor-da-lhg\\\/#article\",\"isPartOf\":{\"@id\":\"https:\\\/\\\/loginfo24.com\\\/pt-pt\\\/2021\\\/03\\\/12\\\/ortwin-harms-nomeado-segundo-diretor-da-lhg\\\/\"},\"author\":{\"name\":\"\",\"@id\":\"\"},\"headline\":\"Ortwin Harms nomeado segundo diretor da LHG\",\"datePublished\":\"2021-03-12T17:17:44+00:00\",\"dateModified\":\"2025-12-15T11:55:07+00:00\",\"mainEntityOfPage\":{\"@id\":\"https:\\\/\\\/loginfo24.com\\\/pt-pt\\\/2021\\\/03\\\/12\\\/ortwin-harms-nomeado-segundo-diretor-da-lhg\\\/\"},\"wordCount\":444,\"commentCount\":0,\"publisher\":{\"@id\":\"https:\\\/\\\/loginfo24.com\\\/pt-pt\\\/#organization\"},\"articleSection\":[\"Forwarding &amp; Logistics\",\"Regions\",\"Shipping &amp; Ports\"],\"inLanguage\":\"pt-PT\",\"potentialAction\":[{\"@type\":\"CommentAction\",\"name\":\"Comment\",\"target\":[\"https:\\\/\\\/loginfo24.com\\\/pt-pt\\\/2021\\\/03\\\/12\\\/ortwin-harms-nomeado-segundo-diretor-da-lhg\\\/#respond\"]}]},{\"@type\":\"WebPage\",\"@id\":\"https:\\\/\\\/loginfo24.com\\\/pt-pt\\\/2021\\\/03\\\/12\\\/ortwin-harms-nomeado-segundo-diretor-da-lhg\\\/\",\"url\":\"https:\\\/\\\/loginfo24.com\\\/pt-pt\\\/2021\\\/03\\\/12\\\/ortwin-harms-nomeado-segundo-diretor-da-lhg\\\/\",\"name\":\"Ortwin Harms nomeado segundo diretor da LHG - Loginfo24\",\"isPartOf\":{\"@id\":\"https:\\\/\\\/loginfo24.com\\\/pt-pt\\\/#website\"},\"datePublished\":\"2021-03-12T17:17:44+00:00\",\"dateModified\":\"2025-12-15T11:55:07+00:00\",\"breadcrumb\":{\"@id\":\"https:\\\/\\\/loginfo24.com\\\/pt-pt\\\/2021\\\/03\\\/12\\\/ortwin-harms-nomeado-segundo-diretor-da-lhg\\\/#breadcrumb\"},\"inLanguage\":\"pt-PT\",\"potentialAction\":[{\"@type\":\"ReadAction\",\"target\":[\"https:\\\/\\\/loginfo24.com\\\/pt-pt\\\/2021\\\/03\\\/12\\\/ortwin-harms-nomeado-segundo-diretor-da-lhg\\\/\"]}]},{\"@type\":\"BreadcrumbList\",\"@id\":\"https:\\\/\\\/loginfo24.com\\\/pt-pt\\\/2021\\\/03\\\/12\\\/ortwin-harms-nomeado-segundo-diretor-da-lhg\\\/#breadcrumb\",\"itemListElement\":[{\"@type\":\"ListItem\",\"position\":1,\"name\":\"Startseite\",\"item\":\"https:\\\/\\\/loginfo24.com\\\/pt-pt\\\/\"},{\"@type\":\"ListItem\",\"position\":2,\"name\":\"Ortwin Harms nomeado segundo diretor da LHG\"}]},{\"@type\":\"WebSite\",\"@id\":\"https:\\\/\\\/loginfo24.com\\\/pt-pt\\\/#website\",\"url\":\"https:\\\/\\\/loginfo24.com\\\/pt-pt\\\/\",\"name\":\"Loginfo24\",\"description\":\"Loginfo24 \u00e9 a plataforma dedicada \u00e0 log\u00edstica e \u00e0s cadeias de abastecimento, com informa\u00e7\u00f5es dispon\u00edveis 24 horas por dia.\",\"publisher\":{\"@id\":\"https:\\\/\\\/loginfo24.com\\\/pt-pt\\\/#organization\"},\"potentialAction\":[{\"@type\":\"SearchAction\",\"target\":{\"@type\":\"EntryPoint\",\"urlTemplate\":\"https:\\\/\\\/loginfo24.com\\\/pt-pt\\\/?s={search_term_string}\"},\"query-input\":{\"@type\":\"PropertyValueSpecification\",\"valueRequired\":true,\"valueName\":\"search_term_string\"}}],\"inLanguage\":\"pt-PT\"},{\"@type\":\"Organization\",\"@id\":\"https:\\\/\\\/loginfo24.com\\\/pt-pt\\\/#organization\",\"name\":\"Logismedia Group AG\",\"url\":\"https:\\\/\\\/loginfo24.com\\\/pt-pt\\\/\",\"logo\":{\"@type\":\"ImageObject\",\"inLanguage\":\"pt-PT\",\"@id\":\"https:\\\/\\\/loginfo24.com\\\/pt-pt\\\/#\\\/schema\\\/logo\\\/image\\\/\",\"url\":\"https:\\\/\\\/loginfo24.com\\\/wp-content\\\/uploads\\\/sites\\\/7\\\/2026\\\/01\\\/Logo_LogInfo24.png\",\"contentUrl\":\"https:\\\/\\\/loginfo24.com\\\/wp-content\\\/uploads\\\/sites\\\/7\\\/2026\\\/01\\\/Logo_LogInfo24.png\",\"width\":938,\"height\":351,\"caption\":\"Logismedia Group AG\"},\"image\":{\"@id\":\"https:\\\/\\\/loginfo24.com\\\/pt-pt\\\/#\\\/schema\\\/logo\\\/image\\\/\"},\"sameAs\":[\"https:\\\/\\\/www.facebook.com\\\/people\\\/Loginfo24\\\/100057360583332\\\/\",\"https:\\\/\\\/www.linkedin.com\\\/company\\\/lofinfo24\\\/\"]}]}<\/script>\n<!-- \/ Yoast SEO plugin. -->","yoast_head_json":{"title":"Ortwin Harms nomeado segundo diretor da LHG - Loginfo24","robots":{"index":"index","follow":"follow","max-snippet":"max-snippet:-1","max-image-preview":"max-image-preview:large","max-video-preview":"max-video-preview:-1"},"canonical":"https:\/\/loginfo24.com\/pt-pt\/2021\/03\/12\/ortwin-harms-nomeado-segundo-diretor-da-lhg\/","og_locale":"pt_PT","og_type":"article","og_title":"Ortwin Harms nomeado segundo diretor da LHG - Loginfo24","og_description":"A L\u00fcbecker Hafen-Gesellschaft (LHG) nomeia Ortwin Harms a partir de 1.4.2021 como segundo diretor. O atual diretor \u00fanico, Sebastian J\u00fcrgens, se tornar\u00e1 porta-voz ao mesmo tempo. [\u2026]","og_url":"https:\/\/loginfo24.com\/pt-pt\/2021\/03\/12\/ortwin-harms-nomeado-segundo-diretor-da-lhg\/","og_site_name":"Loginfo24","article_publisher":"https:\/\/www.facebook.com\/people\/Loginfo24\/100057360583332\/","article_published_time":"2021-03-12T17:17:44+00:00","article_modified_time":"2025-12-15T11:55:07+00:00","twitter_card":"summary_large_image","twitter_misc":{"Tempo estimado de leitura":"2 minutos"},"schema":{"@context":"https:\/\/schema.org","@graph":[{"@type":"Article","@id":"https:\/\/loginfo24.com\/pt-pt\/2021\/03\/12\/ortwin-harms-nomeado-segundo-diretor-da-lhg\/#article","isPartOf":{"@id":"https:\/\/loginfo24.com\/pt-pt\/2021\/03\/12\/ortwin-harms-nomeado-segundo-diretor-da-lhg\/"},"author":{"name":"","@id":""},"headline":"Ortwin Harms nomeado segundo diretor da LHG","datePublished":"2021-03-12T17:17:44+00:00","dateModified":"2025-12-15T11:55:07+00:00","mainEntityOfPage":{"@id":"https:\/\/loginfo24.com\/pt-pt\/2021\/03\/12\/ortwin-harms-nomeado-segundo-diretor-da-lhg\/"},"wordCount":444,"commentCount":0,"publisher":{"@id":"https:\/\/loginfo24.com\/pt-pt\/#organization"},"articleSection":["Forwarding &amp; Logistics","Regions","Shipping &amp; Ports"],"inLanguage":"pt-PT","potentialAction":[{"@type":"CommentAction","name":"Comment","target":["https:\/\/loginfo24.com\/pt-pt\/2021\/03\/12\/ortwin-harms-nomeado-segundo-diretor-da-lhg\/#respond"]}]},{"@type":"WebPage","@id":"https:\/\/loginfo24.com\/pt-pt\/2021\/03\/12\/ortwin-harms-nomeado-segundo-diretor-da-lhg\/","url":"https:\/\/loginfo24.com\/pt-pt\/2021\/03\/12\/ortwin-harms-nomeado-segundo-diretor-da-lhg\/","name":"Ortwin Harms nomeado segundo diretor da LHG - Loginfo24","isPartOf":{"@id":"https:\/\/loginfo24.com\/pt-pt\/#website"},"datePublished":"2021-03-12T17:17:44+00:00","dateModified":"2025-12-15T11:55:07+00:00","breadcrumb":{"@id":"https:\/\/loginfo24.com\/pt-pt\/2021\/03\/12\/ortwin-harms-nomeado-segundo-diretor-da-lhg\/#breadcrumb"},"inLanguage":"pt-PT","potentialAction":[{"@type":"ReadAction","target":["https:\/\/loginfo24.com\/pt-pt\/2021\/03\/12\/ortwin-harms-nomeado-segundo-diretor-da-lhg\/"]}]},{"@type":"BreadcrumbList","@id":"https:\/\/loginfo24.com\/pt-pt\/2021\/03\/12\/ortwin-harms-nomeado-segundo-diretor-da-lhg\/#breadcrumb","itemListElement":[{"@type":"ListItem","position":1,"name":"Startseite","item":"https:\/\/loginfo24.com\/pt-pt\/"},{"@type":"ListItem","position":2,"name":"Ortwin Harms nomeado segundo diretor da LHG"}]},{"@type":"WebSite","@id":"https:\/\/loginfo24.com\/pt-pt\/#website","url":"https:\/\/loginfo24.com\/pt-pt\/","name":"Loginfo24","description":"Loginfo24 \u00e9 a plataforma dedicada \u00e0 log\u00edstica e \u00e0s cadeias de abastecimento, com informa\u00e7\u00f5es dispon\u00edveis 24 horas por dia.","publisher":{"@id":"https:\/\/loginfo24.com\/pt-pt\/#organization"},"potentialAction":[{"@type":"SearchAction","target":{"@type":"EntryPoint","urlTemplate":"https:\/\/loginfo24.com\/pt-pt\/?s={search_term_string}"},"query-input":{"@type":"PropertyValueSpecification","valueRequired":true,"valueName":"search_term_string"}}],"inLanguage":"pt-PT"},{"@type":"Organization","@id":"https:\/\/loginfo24.com\/pt-pt\/#organization","name":"Logismedia Group AG","url":"https:\/\/loginfo24.com\/pt-pt\/","logo":{"@type":"ImageObject","inLanguage":"pt-PT","@id":"https:\/\/loginfo24.com\/pt-pt\/#\/schema\/logo\/image\/","url":"https:\/\/loginfo24.com\/wp-content\/uploads\/sites\/7\/2026\/01\/Logo_LogInfo24.png","contentUrl":"https:\/\/loginfo24.com\/wp-content\/uploads\/sites\/7\/2026\/01\/Logo_LogInfo24.png","width":938,"height":351,"caption":"Logismedia Group AG"},"image":{"@id":"https:\/\/loginfo24.com\/pt-pt\/#\/schema\/logo\/image\/"},"sameAs":["https:\/\/www.facebook.com\/people\/Loginfo24\/100057360583332\/","https:\/\/www.linkedin.com\/company\/lofinfo24\/"]}]}},"_links":{"self":[{"href":"https:\/\/loginfo24.com\/pt-pt\/wp-json\/wp\/v2\/posts\/23897","targetHints":{"allow":["GET"]}}],"collection":[{"href":"https:\/\/loginfo24.com\/pt-pt\/wp-json\/wp\/v2\/posts"}],"about":[{"href":"https:\/\/loginfo24.com\/pt-pt\/wp-json\/wp\/v2\/types\/post"}],"replies":[{"embeddable":true,"href":"https:\/\/loginfo24.com\/pt-pt\/wp-json\/wp\/v2\/comments?post=23897"}],"version-history":[{"count":1,"href":"https:\/\/loginfo24.com\/pt-pt\/wp-json\/wp\/v2\/posts\/23897\/revisions"}],"predecessor-version":[{"id":43518,"href":"https:\/\/loginfo24.com\/pt-pt\/wp-json\/wp\/v2\/posts\/23897\/revisions\/43518"}],"wp:attachment":[{"href":"https:\/\/loginfo24.com\/pt-pt\/wp-json\/wp\/v2\/media?parent=23897"}],"wp:term":[{"taxonomy":"category","embeddable":true,"href":"https:\/\/loginfo24.com\/pt-pt\/wp-json\/wp\/v2\/categories?post=23897"},{"taxonomy":"post_tag","embeddable":true,"href":"https:\/\/loginfo24.com\/pt-pt\/wp-json\/wp\/v2\/tags?post=23897"}],"curies":[{"name":"wp","href":"https:\/\/api.w.org\/{rel}","templated":true}]}}