{"id":23577,"date":"2021-02-24T19:12:39","date_gmt":"2021-02-24T18:12:39","guid":{"rendered":"https:\/\/blog.brand-architecture.at\/2021\/02\/24\/heiko-nowak-e-o-novo-diretor-geral-da-weckpoller\/"},"modified":"2025-12-15T12:53:40","modified_gmt":"2025-12-15T11:53:40","slug":"heiko-nowak-e-o-novo-diretor-geral-da-weckpoller","status":"publish","type":"post","link":"https:\/\/loginfo24.com\/pt-pt\/2021\/02\/24\/heiko-nowak-e-o-novo-diretor-geral-da-weckpoller\/","title":{"rendered":"Heiko Nowak \u00e9 o novo diretor-geral da Weck+Poller"},"content":{"rendered":"<p>Desde 1 de janeiro de 2021, Heiko Nowak \u00e9 membro da dire\u00e7\u00e3o da prestadora de servi\u00e7os log\u00edsticos Weck+Poller, localizada na Sax\u00f4nia. O gerente de 54 anos complementa a dire\u00e7\u00e3o at\u00e9 ent\u00e3o representada por Doreen Paesold-Runge. O engenheiro mec\u00e2nico formado possui d\u00e9cadas de experi\u00eancia em prestadoras de servi\u00e7os log\u00edsticos que atuam internacionalmente.<\/p>\n<p>(Zwickau) Antes de ingressar na Weck+Poller, Heiko Nowak trabalhou por 13 anos na prestadora de servi\u00e7os log\u00edsticos global Rhenus como membro da dire\u00e7\u00e3o. L\u00e1, ele inicialmente foi respons\u00e1vel pelos neg\u00f3cios de log\u00edstica contratual da regi\u00e3o Oeste e, posteriormente, da regi\u00e3o Leste. Antes disso, trabalhou v\u00e1rios anos para o fornecedor de log\u00edstica Fiege e para o grupo Tengelmann.<\/p>\n<h5><strong>Ampla gama de servi\u00e7os<\/strong><\/h5>\n<p> &#8220;Como uma empresa de log\u00edstica regional com tr\u00eas divis\u00f5es: log\u00edstica de armaz\u00e9m, transporte e reciclagem \/ produ\u00e7\u00e3o, a Weck+Poller oferece uma ampla gama de servi\u00e7os. Acho muito empolgante aprimorar, desenvolver e expandir esse potencial na Sax\u00f4nia e nos estados vizinhos. Estou ansioso pela flexibilidade e rapidez de uma empresa de m\u00e9dio porte, onde posso, junto com nossos colaboradores, transformar os desafios de nossos clientes em solu\u00e7\u00f5es imediatas&#8221;, diz Heiko Nowak, que \u00e9 o diretor-geral da Weck+Poller desde o in\u00edcio do ano.<\/p>\n<h5><strong>Diversos desafios no ambiente<\/strong><\/h5>\n<p> Ele v\u00ea como os maiores desafios atuais do setor os impactos da pandemia de COVID-19, a falta de motoristas e a digitaliza\u00e7\u00e3o. &#8220;Encontrar as respostas certas para isso ser\u00e1 uma preocupa\u00e7\u00e3o especial para n\u00f3s este ano. \u00c9 encorajador que o tema da forma\u00e7\u00e3o sempre teve um alto valor na Weck+Poller&#8221;, afirma Heiko Nowak. &#8220;Estamos convencidos de que a Weck+Poller ganhou um excelente diretor-geral com Heiko Nowak, que fortalecer\u00e1 a empresa de forma sustent\u00e1vel e a conduzir\u00e1 com sucesso para o futuro. Heiko Nowak combina uma longa experi\u00eancia como diretor-geral de empresas que atuam internacionalmente com uma expertise regional no setor na Alemanha Central. Al\u00e9m disso, ele possui um conhecimento comprovado na \u00e1rea de log\u00edstica contratual. Estou muito ansiosa pela nossa colabora\u00e7\u00e3o&#8221;, declara Doreen Paesold-Runge, diretora-geral da Weck+Poller.<\/p>\n<h5><strong>Sobre a Weck+Poller<\/strong><\/h5>\n<p> Fundada em 2007, a prestadora de servi\u00e7os log\u00edsticos de m\u00e9dio porte Weck+Poller, com sede em Zwickau, re\u00fane mais de 1.000 colaboradores em seis locais na Alemanha. A oferta inclui solu\u00e7\u00f5es log\u00edsticas integradas a partir de servi\u00e7os combinados de transporte, log\u00edstica e consultoria de processos. A empresa de transporte e log\u00edstica da Sax\u00f4nia emprega mais de 1.000 colaboradores, possui uma frota pr\u00f3pria de cerca de 400 ve\u00edculos e atualmente administra 155.000 metros quadrados de espa\u00e7o de armazenamento. Foto: \u00a9 Weck+Poller <a href=\"https:\/\/www.wphgroup.de\" target=\"_blank\" rel=\"noopener noreferrer\">www.wphgroup.de<\/a><\/p>\n","protected":false},"excerpt":{"rendered":"<p>Desde 1 de janeiro de 2021, Heiko Nowak \u00e9 membro da dire\u00e7\u00e3o da prestadora de servi\u00e7os log\u00edsticos Weck+Poller, localizada na Sax\u00f4nia. O gerente de 54 anos<span class=\"excerpt-hellip\"> [\u2026]<\/span><\/p>\n","protected":false},"author":0,"featured_media":0,"comment_status":"open","ping_status":"open","sticky":false,"template":"","format":"standard","meta":{"_acf_changed":false,"footnotes":""},"categories":[1557,1556,1560,1561],"tags":[],"class_list":["post-23577","post","type-post","status-publish","format-standard","hentry","category-forwarding-logistics","category-intermodal-road","category-intralogistics","category-regions"],"acf":[],"yoast_head":"<!-- This site is optimized with the Yoast SEO plugin v27.3 - https:\/\/yoast.com\/product\/yoast-seo-wordpress\/ -->\n<title>Heiko Nowak \u00e9 o novo diretor-geral da Weck+Poller - Loginfo24<\/title>\n<meta name=\"robots\" content=\"index, follow, max-snippet:-1, max-image-preview:large, max-video-preview:-1\" \/>\n<link rel=\"canonical\" href=\"https:\/\/loginfo24.com\/pt-pt\/2021\/02\/24\/heiko-nowak-e-o-novo-diretor-geral-da-weckpoller\/\" \/>\n<meta property=\"og:locale\" content=\"pt_PT\" \/>\n<meta property=\"og:type\" content=\"article\" \/>\n<meta property=\"og:title\" content=\"Heiko Nowak \u00e9 o novo diretor-geral da Weck+Poller - Loginfo24\" \/>\n<meta property=\"og:description\" content=\"Desde 1 de janeiro de 2021, Heiko Nowak \u00e9 membro da dire\u00e7\u00e3o da prestadora de servi\u00e7os log\u00edsticos Weck+Poller, localizada na Sax\u00f4nia. O gerente de 54 anos [\u2026]\" \/>\n<meta property=\"og:url\" content=\"https:\/\/loginfo24.com\/pt-pt\/2021\/02\/24\/heiko-nowak-e-o-novo-diretor-geral-da-weckpoller\/\" \/>\n<meta property=\"og:site_name\" content=\"Loginfo24\" \/>\n<meta property=\"article:publisher\" content=\"https:\/\/www.facebook.com\/people\/Loginfo24\/100057360583332\/\" \/>\n<meta property=\"article:published_time\" content=\"2021-02-24T18:12:39+00:00\" \/>\n<meta property=\"article:modified_time\" content=\"2025-12-15T11:53:40+00:00\" \/>\n<meta name=\"twitter:card\" content=\"summary_large_image\" \/>\n<meta name=\"twitter:label1\" content=\"Tempo estimado de leitura\" \/>\n\t<meta name=\"twitter:data1\" content=\"2 minutos\" \/>\n<script type=\"application\/ld+json\" class=\"yoast-schema-graph\">{\"@context\":\"https:\\\/\\\/schema.org\",\"@graph\":[{\"@type\":\"Article\",\"@id\":\"https:\\\/\\\/loginfo24.com\\\/pt-pt\\\/2021\\\/02\\\/24\\\/heiko-nowak-e-o-novo-diretor-geral-da-weckpoller\\\/#article\",\"isPartOf\":{\"@id\":\"https:\\\/\\\/loginfo24.com\\\/pt-pt\\\/2021\\\/02\\\/24\\\/heiko-nowak-e-o-novo-diretor-geral-da-weckpoller\\\/\"},\"author\":{\"name\":\"\",\"@id\":\"\"},\"headline\":\"Heiko Nowak \u00e9 o novo diretor-geral da Weck+Poller\",\"datePublished\":\"2021-02-24T18:12:39+00:00\",\"dateModified\":\"2025-12-15T11:53:40+00:00\",\"mainEntityOfPage\":{\"@id\":\"https:\\\/\\\/loginfo24.com\\\/pt-pt\\\/2021\\\/02\\\/24\\\/heiko-nowak-e-o-novo-diretor-geral-da-weckpoller\\\/\"},\"wordCount\":468,\"commentCount\":0,\"publisher\":{\"@id\":\"https:\\\/\\\/loginfo24.com\\\/pt-pt\\\/#organization\"},\"articleSection\":[\"Forwarding &amp; Logistics\",\"Intermodal \\\/ Road\",\"Intralogistics\",\"Regions\"],\"inLanguage\":\"pt-PT\",\"potentialAction\":[{\"@type\":\"CommentAction\",\"name\":\"Comment\",\"target\":[\"https:\\\/\\\/loginfo24.com\\\/pt-pt\\\/2021\\\/02\\\/24\\\/heiko-nowak-e-o-novo-diretor-geral-da-weckpoller\\\/#respond\"]}]},{\"@type\":\"WebPage\",\"@id\":\"https:\\\/\\\/loginfo24.com\\\/pt-pt\\\/2021\\\/02\\\/24\\\/heiko-nowak-e-o-novo-diretor-geral-da-weckpoller\\\/\",\"url\":\"https:\\\/\\\/loginfo24.com\\\/pt-pt\\\/2021\\\/02\\\/24\\\/heiko-nowak-e-o-novo-diretor-geral-da-weckpoller\\\/\",\"name\":\"Heiko Nowak \u00e9 o novo diretor-geral da Weck+Poller - Loginfo24\",\"isPartOf\":{\"@id\":\"https:\\\/\\\/loginfo24.com\\\/pt-pt\\\/#website\"},\"datePublished\":\"2021-02-24T18:12:39+00:00\",\"dateModified\":\"2025-12-15T11:53:40+00:00\",\"breadcrumb\":{\"@id\":\"https:\\\/\\\/loginfo24.com\\\/pt-pt\\\/2021\\\/02\\\/24\\\/heiko-nowak-e-o-novo-diretor-geral-da-weckpoller\\\/#breadcrumb\"},\"inLanguage\":\"pt-PT\",\"potentialAction\":[{\"@type\":\"ReadAction\",\"target\":[\"https:\\\/\\\/loginfo24.com\\\/pt-pt\\\/2021\\\/02\\\/24\\\/heiko-nowak-e-o-novo-diretor-geral-da-weckpoller\\\/\"]}]},{\"@type\":\"BreadcrumbList\",\"@id\":\"https:\\\/\\\/loginfo24.com\\\/pt-pt\\\/2021\\\/02\\\/24\\\/heiko-nowak-e-o-novo-diretor-geral-da-weckpoller\\\/#breadcrumb\",\"itemListElement\":[{\"@type\":\"ListItem\",\"position\":1,\"name\":\"Startseite\",\"item\":\"https:\\\/\\\/loginfo24.com\\\/pt-pt\\\/\"},{\"@type\":\"ListItem\",\"position\":2,\"name\":\"Heiko Nowak \u00e9 o novo diretor-geral da Weck+Poller\"}]},{\"@type\":\"WebSite\",\"@id\":\"https:\\\/\\\/loginfo24.com\\\/pt-pt\\\/#website\",\"url\":\"https:\\\/\\\/loginfo24.com\\\/pt-pt\\\/\",\"name\":\"Loginfo24\",\"description\":\"Loginfo24 \u00e9 a plataforma dedicada \u00e0 log\u00edstica e \u00e0s cadeias de abastecimento, com informa\u00e7\u00f5es dispon\u00edveis 24 horas por dia.\",\"publisher\":{\"@id\":\"https:\\\/\\\/loginfo24.com\\\/pt-pt\\\/#organization\"},\"potentialAction\":[{\"@type\":\"SearchAction\",\"target\":{\"@type\":\"EntryPoint\",\"urlTemplate\":\"https:\\\/\\\/loginfo24.com\\\/pt-pt\\\/?s={search_term_string}\"},\"query-input\":{\"@type\":\"PropertyValueSpecification\",\"valueRequired\":true,\"valueName\":\"search_term_string\"}}],\"inLanguage\":\"pt-PT\"},{\"@type\":\"Organization\",\"@id\":\"https:\\\/\\\/loginfo24.com\\\/pt-pt\\\/#organization\",\"name\":\"Logismedia Group AG\",\"url\":\"https:\\\/\\\/loginfo24.com\\\/pt-pt\\\/\",\"logo\":{\"@type\":\"ImageObject\",\"inLanguage\":\"pt-PT\",\"@id\":\"https:\\\/\\\/loginfo24.com\\\/pt-pt\\\/#\\\/schema\\\/logo\\\/image\\\/\",\"url\":\"https:\\\/\\\/loginfo24.com\\\/wp-content\\\/uploads\\\/sites\\\/7\\\/2026\\\/01\\\/Logo_LogInfo24.png\",\"contentUrl\":\"https:\\\/\\\/loginfo24.com\\\/wp-content\\\/uploads\\\/sites\\\/7\\\/2026\\\/01\\\/Logo_LogInfo24.png\",\"width\":938,\"height\":351,\"caption\":\"Logismedia Group AG\"},\"image\":{\"@id\":\"https:\\\/\\\/loginfo24.com\\\/pt-pt\\\/#\\\/schema\\\/logo\\\/image\\\/\"},\"sameAs\":[\"https:\\\/\\\/www.facebook.com\\\/people\\\/Loginfo24\\\/100057360583332\\\/\",\"https:\\\/\\\/www.linkedin.com\\\/company\\\/lofinfo24\\\/\"]}]}<\/script>\n<!-- \/ Yoast SEO plugin. -->","yoast_head_json":{"title":"Heiko Nowak \u00e9 o novo diretor-geral da Weck+Poller - Loginfo24","robots":{"index":"index","follow":"follow","max-snippet":"max-snippet:-1","max-image-preview":"max-image-preview:large","max-video-preview":"max-video-preview:-1"},"canonical":"https:\/\/loginfo24.com\/pt-pt\/2021\/02\/24\/heiko-nowak-e-o-novo-diretor-geral-da-weckpoller\/","og_locale":"pt_PT","og_type":"article","og_title":"Heiko Nowak \u00e9 o novo diretor-geral da Weck+Poller - Loginfo24","og_description":"Desde 1 de janeiro de 2021, Heiko Nowak \u00e9 membro da dire\u00e7\u00e3o da prestadora de servi\u00e7os log\u00edsticos Weck+Poller, localizada na Sax\u00f4nia. O gerente de 54 anos [\u2026]","og_url":"https:\/\/loginfo24.com\/pt-pt\/2021\/02\/24\/heiko-nowak-e-o-novo-diretor-geral-da-weckpoller\/","og_site_name":"Loginfo24","article_publisher":"https:\/\/www.facebook.com\/people\/Loginfo24\/100057360583332\/","article_published_time":"2021-02-24T18:12:39+00:00","article_modified_time":"2025-12-15T11:53:40+00:00","twitter_card":"summary_large_image","twitter_misc":{"Tempo estimado de leitura":"2 minutos"},"schema":{"@context":"https:\/\/schema.org","@graph":[{"@type":"Article","@id":"https:\/\/loginfo24.com\/pt-pt\/2021\/02\/24\/heiko-nowak-e-o-novo-diretor-geral-da-weckpoller\/#article","isPartOf":{"@id":"https:\/\/loginfo24.com\/pt-pt\/2021\/02\/24\/heiko-nowak-e-o-novo-diretor-geral-da-weckpoller\/"},"author":{"name":"","@id":""},"headline":"Heiko Nowak \u00e9 o novo diretor-geral da Weck+Poller","datePublished":"2021-02-24T18:12:39+00:00","dateModified":"2025-12-15T11:53:40+00:00","mainEntityOfPage":{"@id":"https:\/\/loginfo24.com\/pt-pt\/2021\/02\/24\/heiko-nowak-e-o-novo-diretor-geral-da-weckpoller\/"},"wordCount":468,"commentCount":0,"publisher":{"@id":"https:\/\/loginfo24.com\/pt-pt\/#organization"},"articleSection":["Forwarding &amp; Logistics","Intermodal \/ Road","Intralogistics","Regions"],"inLanguage":"pt-PT","potentialAction":[{"@type":"CommentAction","name":"Comment","target":["https:\/\/loginfo24.com\/pt-pt\/2021\/02\/24\/heiko-nowak-e-o-novo-diretor-geral-da-weckpoller\/#respond"]}]},{"@type":"WebPage","@id":"https:\/\/loginfo24.com\/pt-pt\/2021\/02\/24\/heiko-nowak-e-o-novo-diretor-geral-da-weckpoller\/","url":"https:\/\/loginfo24.com\/pt-pt\/2021\/02\/24\/heiko-nowak-e-o-novo-diretor-geral-da-weckpoller\/","name":"Heiko Nowak \u00e9 o novo diretor-geral da Weck+Poller - Loginfo24","isPartOf":{"@id":"https:\/\/loginfo24.com\/pt-pt\/#website"},"datePublished":"2021-02-24T18:12:39+00:00","dateModified":"2025-12-15T11:53:40+00:00","breadcrumb":{"@id":"https:\/\/loginfo24.com\/pt-pt\/2021\/02\/24\/heiko-nowak-e-o-novo-diretor-geral-da-weckpoller\/#breadcrumb"},"inLanguage":"pt-PT","potentialAction":[{"@type":"ReadAction","target":["https:\/\/loginfo24.com\/pt-pt\/2021\/02\/24\/heiko-nowak-e-o-novo-diretor-geral-da-weckpoller\/"]}]},{"@type":"BreadcrumbList","@id":"https:\/\/loginfo24.com\/pt-pt\/2021\/02\/24\/heiko-nowak-e-o-novo-diretor-geral-da-weckpoller\/#breadcrumb","itemListElement":[{"@type":"ListItem","position":1,"name":"Startseite","item":"https:\/\/loginfo24.com\/pt-pt\/"},{"@type":"ListItem","position":2,"name":"Heiko Nowak \u00e9 o novo diretor-geral da Weck+Poller"}]},{"@type":"WebSite","@id":"https:\/\/loginfo24.com\/pt-pt\/#website","url":"https:\/\/loginfo24.com\/pt-pt\/","name":"Loginfo24","description":"Loginfo24 \u00e9 a plataforma dedicada \u00e0 log\u00edstica e \u00e0s cadeias de abastecimento, com informa\u00e7\u00f5es dispon\u00edveis 24 horas por dia.","publisher":{"@id":"https:\/\/loginfo24.com\/pt-pt\/#organization"},"potentialAction":[{"@type":"SearchAction","target":{"@type":"EntryPoint","urlTemplate":"https:\/\/loginfo24.com\/pt-pt\/?s={search_term_string}"},"query-input":{"@type":"PropertyValueSpecification","valueRequired":true,"valueName":"search_term_string"}}],"inLanguage":"pt-PT"},{"@type":"Organization","@id":"https:\/\/loginfo24.com\/pt-pt\/#organization","name":"Logismedia Group AG","url":"https:\/\/loginfo24.com\/pt-pt\/","logo":{"@type":"ImageObject","inLanguage":"pt-PT","@id":"https:\/\/loginfo24.com\/pt-pt\/#\/schema\/logo\/image\/","url":"https:\/\/loginfo24.com\/wp-content\/uploads\/sites\/7\/2026\/01\/Logo_LogInfo24.png","contentUrl":"https:\/\/loginfo24.com\/wp-content\/uploads\/sites\/7\/2026\/01\/Logo_LogInfo24.png","width":938,"height":351,"caption":"Logismedia Group AG"},"image":{"@id":"https:\/\/loginfo24.com\/pt-pt\/#\/schema\/logo\/image\/"},"sameAs":["https:\/\/www.facebook.com\/people\/Loginfo24\/100057360583332\/","https:\/\/www.linkedin.com\/company\/lofinfo24\/"]}]}},"_links":{"self":[{"href":"https:\/\/loginfo24.com\/pt-pt\/wp-json\/wp\/v2\/posts\/23577","targetHints":{"allow":["GET"]}}],"collection":[{"href":"https:\/\/loginfo24.com\/pt-pt\/wp-json\/wp\/v2\/posts"}],"about":[{"href":"https:\/\/loginfo24.com\/pt-pt\/wp-json\/wp\/v2\/types\/post"}],"replies":[{"embeddable":true,"href":"https:\/\/loginfo24.com\/pt-pt\/wp-json\/wp\/v2\/comments?post=23577"}],"version-history":[{"count":1,"href":"https:\/\/loginfo24.com\/pt-pt\/wp-json\/wp\/v2\/posts\/23577\/revisions"}],"predecessor-version":[{"id":42880,"href":"https:\/\/loginfo24.com\/pt-pt\/wp-json\/wp\/v2\/posts\/23577\/revisions\/42880"}],"wp:attachment":[{"href":"https:\/\/loginfo24.com\/pt-pt\/wp-json\/wp\/v2\/media?parent=23577"}],"wp:term":[{"taxonomy":"category","embeddable":true,"href":"https:\/\/loginfo24.com\/pt-pt\/wp-json\/wp\/v2\/categories?post=23577"},{"taxonomy":"post_tag","embeddable":true,"href":"https:\/\/loginfo24.com\/pt-pt\/wp-json\/wp\/v2\/tags?post=23577"}],"curies":[{"name":"wp","href":"https:\/\/api.w.org\/{rel}","templated":true}]}}