{"id":23504,"date":"2021-02-22T16:49:45","date_gmt":"2021-02-22T15:49:45","guid":{"rendered":"https:\/\/blog.brand-architecture.at\/2021\/02\/22\/kombiverkehr-kg-aumenta-volume-no-quarto-trimestre-de-2020\/"},"modified":"2025-12-15T12:53:17","modified_gmt":"2025-12-15T11:53:17","slug":"kombiverkehr-kg-aumenta-volume-no-quarto-trimestre-de-2020","status":"publish","type":"post","link":"https:\/\/loginfo24.com\/pt-pt\/2021\/02\/22\/kombiverkehr-kg-aumenta-volume-no-quarto-trimestre-de-2020\/","title":{"rendered":"Kombiverkehr KG aumenta volume no quarto trimestre de 2020"},"content":{"rendered":"<p>A Kombiverkehr KG aumentou o volume no quarto trimestre do ano passado. No total, foram transportadas 858.079 remessas de caminh\u00f5es no \u00faltimo ano. Isso resultou em uma economia de mais de um milh\u00e3o de toneladas de di\u00f3xido de carbono em compara\u00e7\u00e3o com o transporte rodovi\u00e1rio. A Kombiverkehr pretende continuar a promover a mudan\u00e7a de modal com o &#8216;DeMinimis para a ferrovia&#8217;.<\/p>\n<p><em>(Frankfurt\/Main) <\/em>A Kombiverkehr KG encerrou o ano fiscal de 2020 com um total de 858.079 remessas de caminh\u00f5es (uma remessa corresponde \u00e0 capacidade de um caminh\u00e3o) ou 1,72 milh\u00f5es de TEUs, que foram transferidos da estrada e do transporte mar\u00edtimo para a ferrovia ecol\u00f3gica. Em compara\u00e7\u00e3o com o ano anterior, foram transportados 3,0% menos cont\u00eaineres, unidades intercambi\u00e1veis e semirreboques. Ap\u00f3s a economia alem\u00e3 j\u00e1 estar \u00e0 beira da recess\u00e3o em 2019, os efeitos globais da pandemia de Corona intensificaram essa tend\u00eancia no ano passado. Nos meses de abril e maio, o operador perdeu cerca de 15% do volume total devido \u00e0 recess\u00e3o econ\u00f4mica. Nos meses seguintes, o volume de remessas se estabilizou, de modo que no \u00faltimo trimestre de 2020 tamb\u00e9m foi alcan\u00e7ado crescimento.<\/p>\n<h5><strong>Satisfeito apesar de maior exig\u00eancia<\/strong><\/h5>\n<p>&#8220;Com os resultados do \u00faltimo trimestre de 2020, podemos, como Kombiverkehr, estar satisfeitos nestes tempos econ\u00f4micos muito vol\u00e1teis e dif\u00edceis de calcular, mesmo que nossas expectativas sejam muito mais altas. Atualmente, sentimos no mercado uma demanda crescente por solu\u00e7\u00f5es de transporte com valor ecol\u00f3gico e, assim, um impulso para nossos servi\u00e7os&#8221;, resume Robert Breuhahn, diretor executivo da empresa. &#8220;O transporte multimodal \u00e9 e continua sendo predestinado a economizar grandes quantidades de CO<sub>2<\/sub> devido \u00e0 menor energia consumida por tonelada-quil\u00f4metro. Assim, atendemos \u00e0s exig\u00eancias clim\u00e1ticas da ind\u00fastria e do com\u00e9rcio, dos nossos clientes de transporte e, em \u00faltima inst\u00e2ncia, \u00e0s diretrizes do Green Deal da Uni\u00e3o Europeia.&#8221; 1.005.000 toneladas do prejudicial di\u00f3xido de carbono foram economizadas pelos clientes atrav\u00e9s de seu envolvimento intermodal junto com a Kombiverkehr em 2020.<\/p>\n<h5><strong>Iniciou o ano da ferrovia com novas ofertas de trens<\/strong><\/h5>\n<p>A Kombiverkehr come\u00e7ou com sucesso o ano europeu da ferrovia com uma s\u00e9rie de inova\u00e7\u00f5es na rede. Em 1\u00ba de fevereiro, ocorreu a primeira partida do novo trem direto L\u00fcbeck \u2013 Verona v.v., que conecta a It\u00e1lia com a Escandin\u00e1via e os B\u00e1lticos em tempos de transporte que variam de 48 (Su\u00e9cia) a 72 horas (Finl\u00e2ndia), dependendo do pa\u00eds. O novo produto \u00e9 oferecido no formato One Stop Shop com apenas uma reserva em colabora\u00e7\u00e3o com empresas de ferry. Al\u00e9m disso, desde o in\u00edcio do ano, em conjunto com a Mercitalia Intermodal e a Lugo Terminal S.p.A., uma nova conex\u00e3o entre Verona e Bari Giovinazzo foi oferecida no transporte interno italiano. &#8220;Recentemente, mudamos a rota do Atl\u00e2ntico no transporte para a Espanha para o terminal DUSS em Duisburg-Ruhrort Hafen. Isso aumentou ainda mais o n\u00famero de transportes eficientes na Alemanha, bem como de e para Benelux, Escandin\u00e1via e Pol\u00f4nia. Com nosso conceito de gateway \u00fanico, criamos uma variedade de novas rotas com cada nova oferta de trem, tornando as cadeias de transporte nacionais e internacionais na ferrovia ecol\u00f3gica ainda mais atraentes&#8221;, diz o diretor executivo Alexander Ochs.<\/p>\n<h5><strong>Incentivos para novos entrantes e usu\u00e1rios de longa data exigidos<\/strong><\/h5>\n<p>Para que a tend\u00eancia positiva de remessas do \u00faltimo trimestre de 2020 continue e a divis\u00e3o modal se desenvolva a longo prazo em favor da ferrovia, a Kombiverkehr tamb\u00e9m v\u00ea a pol\u00edtica como respons\u00e1vel por recompensar todos os usu\u00e1rios do transporte intermodal ecol\u00f3gico por seu envolvimento di\u00e1rio. A empresa exige incentivos tanto para novos entrantes quanto para os usu\u00e1rios de longa data do sistema, como j\u00e1 existem em outros pa\u00edses. Um aumento dos recursos financeiros e um programa &#8220;DeMinimis para a ferrovia&#8221; devem criar al\u00edvios que facilitem significativamente a transi\u00e7\u00e3o dos potenciais usu\u00e1rios de KV da estrada para a ferrovia e reduzam o risco econ\u00f4mico da mudan\u00e7a log\u00edstica. &#8220;No ano da elei\u00e7\u00e3o do Bundestag, o setor de transporte continua enfrentando o desafio de implementar rapidamente e sem burocracia a mudan\u00e7a de modal e aumentar a participa\u00e7\u00e3o de transportes limpos. O transporte intermodal \u00e9 a medida de todas as coisas para distribuir mercadorias e produtos de forma ecol\u00f3gica atrav\u00e9s das fronteiras nacionais e regionalmente de forma flex\u00edvel com trem e caminh\u00e3o. Agora \u00e9 hora de se comprometer com a ferrovia e acelerar a mudan\u00e7a de modal&#8221;, v\u00ea o diretor executivo Armin Riedl o momento certo para a ferrovia neste ano.<br \/>Foto: \u00a9 Kombiverkehr<br \/><a href=\"https:\/\/www.kombiverkehr.de\" target=\"_blank\" rel=\"noopener noreferrer\">www.kombiverkehr.de<\/a><\/p>\n","protected":false},"excerpt":{"rendered":"<p>A Kombiverkehr KG aumentou o volume no quarto trimestre do ano passado. No total, foram transportadas 858.079 remessas de caminh\u00f5es no \u00faltimo ano. Isso resultou em<span class=\"excerpt-hellip\"> [\u2026]<\/span><\/p>\n","protected":false},"author":0,"featured_media":0,"comment_status":"open","ping_status":"open","sticky":false,"template":"","format":"standard","meta":{"_acf_changed":false,"footnotes":""},"categories":[1557,1561],"tags":[],"class_list":["post-23504","post","type-post","status-publish","format-standard","hentry","category-forwarding-logistics","category-regions"],"acf":[],"yoast_head":"<!-- This site is optimized with the Yoast SEO plugin v27.3 - https:\/\/yoast.com\/product\/yoast-seo-wordpress\/ -->\n<title>Kombiverkehr KG aumenta volume no quarto trimestre de 2020 - Loginfo24<\/title>\n<meta name=\"robots\" content=\"index, follow, max-snippet:-1, max-image-preview:large, max-video-preview:-1\" \/>\n<link rel=\"canonical\" href=\"https:\/\/loginfo24.com\/pt-pt\/2021\/02\/22\/kombiverkehr-kg-aumenta-volume-no-quarto-trimestre-de-2020\/\" \/>\n<meta property=\"og:locale\" content=\"pt_PT\" \/>\n<meta property=\"og:type\" content=\"article\" \/>\n<meta property=\"og:title\" content=\"Kombiverkehr KG aumenta volume no quarto trimestre de 2020 - Loginfo24\" \/>\n<meta property=\"og:description\" content=\"A Kombiverkehr KG aumentou o volume no quarto trimestre do ano passado. No total, foram transportadas 858.079 remessas de caminh\u00f5es no \u00faltimo ano. Isso resultou em [\u2026]\" \/>\n<meta property=\"og:url\" content=\"https:\/\/loginfo24.com\/pt-pt\/2021\/02\/22\/kombiverkehr-kg-aumenta-volume-no-quarto-trimestre-de-2020\/\" \/>\n<meta property=\"og:site_name\" content=\"Loginfo24\" \/>\n<meta property=\"article:publisher\" content=\"https:\/\/www.facebook.com\/people\/Loginfo24\/100057360583332\/\" \/>\n<meta property=\"article:published_time\" content=\"2021-02-22T15:49:45+00:00\" \/>\n<meta property=\"article:modified_time\" content=\"2025-12-15T11:53:17+00:00\" \/>\n<meta name=\"twitter:card\" content=\"summary_large_image\" \/>\n<meta name=\"twitter:label1\" content=\"Tempo estimado de leitura\" \/>\n\t<meta name=\"twitter:data1\" content=\"4 minutos\" \/>\n<script type=\"application\/ld+json\" class=\"yoast-schema-graph\">{\"@context\":\"https:\\\/\\\/schema.org\",\"@graph\":[{\"@type\":\"Article\",\"@id\":\"https:\\\/\\\/loginfo24.com\\\/pt-pt\\\/2021\\\/02\\\/22\\\/kombiverkehr-kg-aumenta-volume-no-quarto-trimestre-de-2020\\\/#article\",\"isPartOf\":{\"@id\":\"https:\\\/\\\/loginfo24.com\\\/pt-pt\\\/2021\\\/02\\\/22\\\/kombiverkehr-kg-aumenta-volume-no-quarto-trimestre-de-2020\\\/\"},\"author\":{\"name\":\"\",\"@id\":\"\"},\"headline\":\"Kombiverkehr KG aumenta volume no quarto trimestre de 2020\",\"datePublished\":\"2021-02-22T15:49:45+00:00\",\"dateModified\":\"2025-12-15T11:53:17+00:00\",\"mainEntityOfPage\":{\"@id\":\"https:\\\/\\\/loginfo24.com\\\/pt-pt\\\/2021\\\/02\\\/22\\\/kombiverkehr-kg-aumenta-volume-no-quarto-trimestre-de-2020\\\/\"},\"wordCount\":798,\"commentCount\":0,\"publisher\":{\"@id\":\"https:\\\/\\\/loginfo24.com\\\/pt-pt\\\/#organization\"},\"articleSection\":[\"Forwarding &amp; Logistics\",\"Regions\"],\"inLanguage\":\"pt-PT\",\"potentialAction\":[{\"@type\":\"CommentAction\",\"name\":\"Comment\",\"target\":[\"https:\\\/\\\/loginfo24.com\\\/pt-pt\\\/2021\\\/02\\\/22\\\/kombiverkehr-kg-aumenta-volume-no-quarto-trimestre-de-2020\\\/#respond\"]}]},{\"@type\":\"WebPage\",\"@id\":\"https:\\\/\\\/loginfo24.com\\\/pt-pt\\\/2021\\\/02\\\/22\\\/kombiverkehr-kg-aumenta-volume-no-quarto-trimestre-de-2020\\\/\",\"url\":\"https:\\\/\\\/loginfo24.com\\\/pt-pt\\\/2021\\\/02\\\/22\\\/kombiverkehr-kg-aumenta-volume-no-quarto-trimestre-de-2020\\\/\",\"name\":\"Kombiverkehr KG aumenta volume no quarto trimestre de 2020 - Loginfo24\",\"isPartOf\":{\"@id\":\"https:\\\/\\\/loginfo24.com\\\/pt-pt\\\/#website\"},\"datePublished\":\"2021-02-22T15:49:45+00:00\",\"dateModified\":\"2025-12-15T11:53:17+00:00\",\"breadcrumb\":{\"@id\":\"https:\\\/\\\/loginfo24.com\\\/pt-pt\\\/2021\\\/02\\\/22\\\/kombiverkehr-kg-aumenta-volume-no-quarto-trimestre-de-2020\\\/#breadcrumb\"},\"inLanguage\":\"pt-PT\",\"potentialAction\":[{\"@type\":\"ReadAction\",\"target\":[\"https:\\\/\\\/loginfo24.com\\\/pt-pt\\\/2021\\\/02\\\/22\\\/kombiverkehr-kg-aumenta-volume-no-quarto-trimestre-de-2020\\\/\"]}]},{\"@type\":\"BreadcrumbList\",\"@id\":\"https:\\\/\\\/loginfo24.com\\\/pt-pt\\\/2021\\\/02\\\/22\\\/kombiverkehr-kg-aumenta-volume-no-quarto-trimestre-de-2020\\\/#breadcrumb\",\"itemListElement\":[{\"@type\":\"ListItem\",\"position\":1,\"name\":\"Startseite\",\"item\":\"https:\\\/\\\/loginfo24.com\\\/pt-pt\\\/\"},{\"@type\":\"ListItem\",\"position\":2,\"name\":\"Kombiverkehr KG aumenta volume no quarto trimestre de 2020\"}]},{\"@type\":\"WebSite\",\"@id\":\"https:\\\/\\\/loginfo24.com\\\/pt-pt\\\/#website\",\"url\":\"https:\\\/\\\/loginfo24.com\\\/pt-pt\\\/\",\"name\":\"Loginfo24\",\"description\":\"Loginfo24 \u00e9 a plataforma dedicada \u00e0 log\u00edstica e \u00e0s cadeias de abastecimento, com informa\u00e7\u00f5es dispon\u00edveis 24 horas por dia.\",\"publisher\":{\"@id\":\"https:\\\/\\\/loginfo24.com\\\/pt-pt\\\/#organization\"},\"potentialAction\":[{\"@type\":\"SearchAction\",\"target\":{\"@type\":\"EntryPoint\",\"urlTemplate\":\"https:\\\/\\\/loginfo24.com\\\/pt-pt\\\/?s={search_term_string}\"},\"query-input\":{\"@type\":\"PropertyValueSpecification\",\"valueRequired\":true,\"valueName\":\"search_term_string\"}}],\"inLanguage\":\"pt-PT\"},{\"@type\":\"Organization\",\"@id\":\"https:\\\/\\\/loginfo24.com\\\/pt-pt\\\/#organization\",\"name\":\"Logismedia Group AG\",\"url\":\"https:\\\/\\\/loginfo24.com\\\/pt-pt\\\/\",\"logo\":{\"@type\":\"ImageObject\",\"inLanguage\":\"pt-PT\",\"@id\":\"https:\\\/\\\/loginfo24.com\\\/pt-pt\\\/#\\\/schema\\\/logo\\\/image\\\/\",\"url\":\"https:\\\/\\\/loginfo24.com\\\/wp-content\\\/uploads\\\/sites\\\/7\\\/2026\\\/01\\\/Logo_LogInfo24.png\",\"contentUrl\":\"https:\\\/\\\/loginfo24.com\\\/wp-content\\\/uploads\\\/sites\\\/7\\\/2026\\\/01\\\/Logo_LogInfo24.png\",\"width\":938,\"height\":351,\"caption\":\"Logismedia Group AG\"},\"image\":{\"@id\":\"https:\\\/\\\/loginfo24.com\\\/pt-pt\\\/#\\\/schema\\\/logo\\\/image\\\/\"},\"sameAs\":[\"https:\\\/\\\/www.facebook.com\\\/people\\\/Loginfo24\\\/100057360583332\\\/\",\"https:\\\/\\\/www.linkedin.com\\\/company\\\/lofinfo24\\\/\"]}]}<\/script>\n<!-- \/ Yoast SEO plugin. -->","yoast_head_json":{"title":"Kombiverkehr KG aumenta volume no quarto trimestre de 2020 - Loginfo24","robots":{"index":"index","follow":"follow","max-snippet":"max-snippet:-1","max-image-preview":"max-image-preview:large","max-video-preview":"max-video-preview:-1"},"canonical":"https:\/\/loginfo24.com\/pt-pt\/2021\/02\/22\/kombiverkehr-kg-aumenta-volume-no-quarto-trimestre-de-2020\/","og_locale":"pt_PT","og_type":"article","og_title":"Kombiverkehr KG aumenta volume no quarto trimestre de 2020 - Loginfo24","og_description":"A Kombiverkehr KG aumentou o volume no quarto trimestre do ano passado. No total, foram transportadas 858.079 remessas de caminh\u00f5es no \u00faltimo ano. Isso resultou em [\u2026]","og_url":"https:\/\/loginfo24.com\/pt-pt\/2021\/02\/22\/kombiverkehr-kg-aumenta-volume-no-quarto-trimestre-de-2020\/","og_site_name":"Loginfo24","article_publisher":"https:\/\/www.facebook.com\/people\/Loginfo24\/100057360583332\/","article_published_time":"2021-02-22T15:49:45+00:00","article_modified_time":"2025-12-15T11:53:17+00:00","twitter_card":"summary_large_image","twitter_misc":{"Tempo estimado de leitura":"4 minutos"},"schema":{"@context":"https:\/\/schema.org","@graph":[{"@type":"Article","@id":"https:\/\/loginfo24.com\/pt-pt\/2021\/02\/22\/kombiverkehr-kg-aumenta-volume-no-quarto-trimestre-de-2020\/#article","isPartOf":{"@id":"https:\/\/loginfo24.com\/pt-pt\/2021\/02\/22\/kombiverkehr-kg-aumenta-volume-no-quarto-trimestre-de-2020\/"},"author":{"name":"","@id":""},"headline":"Kombiverkehr KG aumenta volume no quarto trimestre de 2020","datePublished":"2021-02-22T15:49:45+00:00","dateModified":"2025-12-15T11:53:17+00:00","mainEntityOfPage":{"@id":"https:\/\/loginfo24.com\/pt-pt\/2021\/02\/22\/kombiverkehr-kg-aumenta-volume-no-quarto-trimestre-de-2020\/"},"wordCount":798,"commentCount":0,"publisher":{"@id":"https:\/\/loginfo24.com\/pt-pt\/#organization"},"articleSection":["Forwarding &amp; Logistics","Regions"],"inLanguage":"pt-PT","potentialAction":[{"@type":"CommentAction","name":"Comment","target":["https:\/\/loginfo24.com\/pt-pt\/2021\/02\/22\/kombiverkehr-kg-aumenta-volume-no-quarto-trimestre-de-2020\/#respond"]}]},{"@type":"WebPage","@id":"https:\/\/loginfo24.com\/pt-pt\/2021\/02\/22\/kombiverkehr-kg-aumenta-volume-no-quarto-trimestre-de-2020\/","url":"https:\/\/loginfo24.com\/pt-pt\/2021\/02\/22\/kombiverkehr-kg-aumenta-volume-no-quarto-trimestre-de-2020\/","name":"Kombiverkehr KG aumenta volume no quarto trimestre de 2020 - Loginfo24","isPartOf":{"@id":"https:\/\/loginfo24.com\/pt-pt\/#website"},"datePublished":"2021-02-22T15:49:45+00:00","dateModified":"2025-12-15T11:53:17+00:00","breadcrumb":{"@id":"https:\/\/loginfo24.com\/pt-pt\/2021\/02\/22\/kombiverkehr-kg-aumenta-volume-no-quarto-trimestre-de-2020\/#breadcrumb"},"inLanguage":"pt-PT","potentialAction":[{"@type":"ReadAction","target":["https:\/\/loginfo24.com\/pt-pt\/2021\/02\/22\/kombiverkehr-kg-aumenta-volume-no-quarto-trimestre-de-2020\/"]}]},{"@type":"BreadcrumbList","@id":"https:\/\/loginfo24.com\/pt-pt\/2021\/02\/22\/kombiverkehr-kg-aumenta-volume-no-quarto-trimestre-de-2020\/#breadcrumb","itemListElement":[{"@type":"ListItem","position":1,"name":"Startseite","item":"https:\/\/loginfo24.com\/pt-pt\/"},{"@type":"ListItem","position":2,"name":"Kombiverkehr KG aumenta volume no quarto trimestre de 2020"}]},{"@type":"WebSite","@id":"https:\/\/loginfo24.com\/pt-pt\/#website","url":"https:\/\/loginfo24.com\/pt-pt\/","name":"Loginfo24","description":"Loginfo24 \u00e9 a plataforma dedicada \u00e0 log\u00edstica e \u00e0s cadeias de abastecimento, com informa\u00e7\u00f5es dispon\u00edveis 24 horas por dia.","publisher":{"@id":"https:\/\/loginfo24.com\/pt-pt\/#organization"},"potentialAction":[{"@type":"SearchAction","target":{"@type":"EntryPoint","urlTemplate":"https:\/\/loginfo24.com\/pt-pt\/?s={search_term_string}"},"query-input":{"@type":"PropertyValueSpecification","valueRequired":true,"valueName":"search_term_string"}}],"inLanguage":"pt-PT"},{"@type":"Organization","@id":"https:\/\/loginfo24.com\/pt-pt\/#organization","name":"Logismedia Group AG","url":"https:\/\/loginfo24.com\/pt-pt\/","logo":{"@type":"ImageObject","inLanguage":"pt-PT","@id":"https:\/\/loginfo24.com\/pt-pt\/#\/schema\/logo\/image\/","url":"https:\/\/loginfo24.com\/wp-content\/uploads\/sites\/7\/2026\/01\/Logo_LogInfo24.png","contentUrl":"https:\/\/loginfo24.com\/wp-content\/uploads\/sites\/7\/2026\/01\/Logo_LogInfo24.png","width":938,"height":351,"caption":"Logismedia Group AG"},"image":{"@id":"https:\/\/loginfo24.com\/pt-pt\/#\/schema\/logo\/image\/"},"sameAs":["https:\/\/www.facebook.com\/people\/Loginfo24\/100057360583332\/","https:\/\/www.linkedin.com\/company\/lofinfo24\/"]}]}},"_links":{"self":[{"href":"https:\/\/loginfo24.com\/pt-pt\/wp-json\/wp\/v2\/posts\/23504","targetHints":{"allow":["GET"]}}],"collection":[{"href":"https:\/\/loginfo24.com\/pt-pt\/wp-json\/wp\/v2\/posts"}],"about":[{"href":"https:\/\/loginfo24.com\/pt-pt\/wp-json\/wp\/v2\/types\/post"}],"replies":[{"embeddable":true,"href":"https:\/\/loginfo24.com\/pt-pt\/wp-json\/wp\/v2\/comments?post=23504"}],"version-history":[{"count":1,"href":"https:\/\/loginfo24.com\/pt-pt\/wp-json\/wp\/v2\/posts\/23504\/revisions"}],"predecessor-version":[{"id":42734,"href":"https:\/\/loginfo24.com\/pt-pt\/wp-json\/wp\/v2\/posts\/23504\/revisions\/42734"}],"wp:attachment":[{"href":"https:\/\/loginfo24.com\/pt-pt\/wp-json\/wp\/v2\/media?parent=23504"}],"wp:term":[{"taxonomy":"category","embeddable":true,"href":"https:\/\/loginfo24.com\/pt-pt\/wp-json\/wp\/v2\/categories?post=23504"},{"taxonomy":"post_tag","embeddable":true,"href":"https:\/\/loginfo24.com\/pt-pt\/wp-json\/wp\/v2\/tags?post=23504"}],"curies":[{"name":"wp","href":"https:\/\/api.w.org\/{rel}","templated":true}]}}