{"id":23336,"date":"2021-02-15T16:37:12","date_gmt":"2021-02-15T15:37:12","guid":{"rendered":"https:\/\/blog.brand-architecture.at\/2021\/02\/15\/dr-antje-huber-e-a-nova-ceo-da-plataforma-de-frete-digital-saloodo\/"},"modified":"2025-12-15T12:52:35","modified_gmt":"2025-12-15T11:52:35","slug":"dr-antje-huber-e-a-nova-ceo-da-plataforma-de-frete-digital-saloodo","status":"publish","type":"post","link":"https:\/\/loginfo24.com\/pt-pt\/2021\/02\/15\/dr-antje-huber-e-a-nova-ceo-da-plataforma-de-frete-digital-saloodo\/","title":{"rendered":"Dr. Antje Huber \u00e9 a nova CEO da plataforma de frete digital Saloodo!"},"content":{"rendered":"<p>A plataforma de frete digital Saloodo! GmbH nomeou Dr. Antje Huber como CEO no in\u00edcio de fevereiro. Dr. Huber \u00e9 membro do Conselho de Administra\u00e7\u00e3o da Saloodo! desde o in\u00edcio de 2019. Seu antecessor, Thomas Grunau, se dedicar\u00e1 mais \u00e0s suas fun\u00e7\u00f5es na DHL Global Forwarding. A Saloodo! pretende expandir-se ainda mais globalmente.<\/p>\n<p>(Col\u00f4nia) Dr. Antje Huber assumiu a posi\u00e7\u00e3o de CEO da plataforma de frete digital Saloodo! em 1\u00ba de fevereiro de 2021. Ela sucede Thomas Grunau, que liderou a Saloodo! com sucesso como CEO desde 2018. Em seu papel principal como SVP Global Business Strategy &amp; Digitalization e membro do Conselho de Administra\u00e7\u00e3o, Grunau \u00e9 respons\u00e1vel pela estrat\u00e9gia de neg\u00f3cios da DHL Global Forwarding desde 2019. Como ele deseja se concentrar ainda mais nessa tarefa, para impulsionar ainda mais a digitaliza\u00e7\u00e3o do especialista em frete mar\u00edtimo e a\u00e9reo, ele transferiu seu papel como CEO da Saloodo! para Dr. Huber. Sob a lideran\u00e7a da economista e experiente gerente de log\u00edstica, Saloodo! continuar\u00e1 seu bem-sucedido curso de crescimento internacional.<\/p>\n<p>&#8220;Estou feliz que conseguimos trazer Antje Huber, uma especialista reconhecida em estrat\u00e9gias de expans\u00e3o internacional e projetos de tecnologia digital, como diretora executiva da Saloodo! Atrav\u00e9s de seu trabalho no Conselho de Administra\u00e7\u00e3o, ela j\u00e1 conhece a empresa e todos os processos, de modo que ela continuar\u00e1 a impulsionar o crescimento global da Saloodo! sem problemas&#8221;, disse Uwe Brinks, CEO da DHL Freight, cuja responsabilidade inclui a Saloodo! dentro do Deutsche Post DHL Group.<\/p>\n<h5><strong>Na Deutsche Post DHL Group desde 2003<\/strong><\/h5>\n<p>Dr. Antje Huber \u00e9 membro do Conselho de Administra\u00e7\u00e3o da Saloodo! desde o in\u00edcio de 2019 e teve um papel fundamental na bem-sucedida implementa\u00e7\u00e3o da plataforma na Europa, bem como no lan\u00e7amento global no final de 2020. Sua carreira no Deutsche Post DHL Group come\u00e7ou em 2003, e durante esse tempo ocupou v\u00e1rias posi\u00e7\u00f5es nas \u00e1reas de desenvolvimento corporativo, DHL Paket, bem como inova\u00e7\u00e3o e opera\u00e7\u00f5es de Correios e Pacotes na Alemanha. Em 2017, ela assumiu seu papel como SVP Strategy, Marketing &amp; Chief of Staff na DHL Freight. Ela continuar\u00e1 a ocupar essa posi\u00e7\u00e3o al\u00e9m de suas fun\u00e7\u00f5es como CEO da Saloodo!.<\/p>\n<p>&#8220;Agrade\u00e7o pela confian\u00e7a depositada em mim e estou ansiosa para a boa colabora\u00e7\u00e3o cont\u00ednua com o Deutsche Post DHL Group, especialmente com a DHL Freight, o Conselho de Administra\u00e7\u00e3o e, acima de tudo, com a incr\u00edvel equipe da Saloodo!. Nos \u00faltimos tr\u00eas anos, j\u00e1 vi com quanta dedica\u00e7\u00e3o e entusiasmo os colegas trabalham. Juntos, continuaremos a impulsionar o desenvolvimento positivo e a tornar a Saloodo! ainda melhor&#8221;, disse Dr. Huber.<\/p>\n<p>Foto: \u00a9 Saloodo! \/ <em><strong>Legenda da imagem:<\/strong> Dr. Antje Huber, CEO da Saloodo!<\/em><\/p>\n<p><a href=\"https:\/\/www.saloodo.com\" target=\"_blank\" rel=\"noopener noreferrer\">www.saloodo.com<\/a><\/p>\n","protected":false},"excerpt":{"rendered":"<p>A plataforma de frete digital Saloodo! GmbH nomeou Dr. Antje Huber como CEO no in\u00edcio de fevereiro. Dr. Huber \u00e9 membro do Conselho de Administra\u00e7\u00e3o da<span class=\"excerpt-hellip\"> [\u2026]<\/span><\/p>\n","protected":false},"author":0,"featured_media":0,"comment_status":"open","ping_status":"open","sticky":false,"template":"","format":"standard","meta":{"_acf_changed":false,"footnotes":""},"categories":[1665,1561],"tags":[],"class_list":["post-23336","post","type-post","status-publish","format-standard","hentry","category-categories","category-regions"],"acf":[],"yoast_head":"<!-- This site is optimized with the Yoast SEO plugin v27.3 - https:\/\/yoast.com\/product\/yoast-seo-wordpress\/ -->\n<title>Dr. Antje Huber \u00e9 a nova CEO da plataforma de frete digital Saloodo! - Loginfo24<\/title>\n<meta name=\"robots\" content=\"index, follow, max-snippet:-1, max-image-preview:large, max-video-preview:-1\" \/>\n<link rel=\"canonical\" href=\"https:\/\/loginfo24.com\/pt-pt\/2021\/02\/15\/dr-antje-huber-e-a-nova-ceo-da-plataforma-de-frete-digital-saloodo\/\" \/>\n<meta property=\"og:locale\" content=\"pt_PT\" \/>\n<meta property=\"og:type\" content=\"article\" \/>\n<meta property=\"og:title\" content=\"Dr. Antje Huber \u00e9 a nova CEO da plataforma de frete digital Saloodo! - Loginfo24\" \/>\n<meta property=\"og:description\" content=\"A plataforma de frete digital Saloodo! GmbH nomeou Dr. Antje Huber como CEO no in\u00edcio de fevereiro. Dr. Huber \u00e9 membro do Conselho de Administra\u00e7\u00e3o da [\u2026]\" \/>\n<meta property=\"og:url\" content=\"https:\/\/loginfo24.com\/pt-pt\/2021\/02\/15\/dr-antje-huber-e-a-nova-ceo-da-plataforma-de-frete-digital-saloodo\/\" \/>\n<meta property=\"og:site_name\" content=\"Loginfo24\" \/>\n<meta property=\"article:publisher\" content=\"https:\/\/www.facebook.com\/people\/Loginfo24\/100057360583332\/\" \/>\n<meta property=\"article:published_time\" content=\"2021-02-15T15:37:12+00:00\" \/>\n<meta property=\"article:modified_time\" content=\"2025-12-15T11:52:35+00:00\" \/>\n<meta name=\"twitter:card\" content=\"summary_large_image\" \/>\n<meta name=\"twitter:label1\" content=\"Tempo estimado de leitura\" \/>\n\t<meta name=\"twitter:data1\" content=\"2 minutos\" \/>\n<script type=\"application\/ld+json\" class=\"yoast-schema-graph\">{\"@context\":\"https:\\\/\\\/schema.org\",\"@graph\":[{\"@type\":\"Article\",\"@id\":\"https:\\\/\\\/loginfo24.com\\\/pt-pt\\\/2021\\\/02\\\/15\\\/dr-antje-huber-e-a-nova-ceo-da-plataforma-de-frete-digital-saloodo\\\/#article\",\"isPartOf\":{\"@id\":\"https:\\\/\\\/loginfo24.com\\\/pt-pt\\\/2021\\\/02\\\/15\\\/dr-antje-huber-e-a-nova-ceo-da-plataforma-de-frete-digital-saloodo\\\/\"},\"author\":{\"name\":\"\",\"@id\":\"\"},\"headline\":\"Dr. Antje Huber \u00e9 a nova CEO da plataforma de frete digital Saloodo!\",\"datePublished\":\"2021-02-15T15:37:12+00:00\",\"dateModified\":\"2025-12-15T11:52:35+00:00\",\"mainEntityOfPage\":{\"@id\":\"https:\\\/\\\/loginfo24.com\\\/pt-pt\\\/2021\\\/02\\\/15\\\/dr-antje-huber-e-a-nova-ceo-da-plataforma-de-frete-digital-saloodo\\\/\"},\"wordCount\":475,\"commentCount\":0,\"publisher\":{\"@id\":\"https:\\\/\\\/loginfo24.com\\\/pt-pt\\\/#organization\"},\"articleSection\":[\"Categories\",\"Regions\"],\"inLanguage\":\"pt-PT\",\"potentialAction\":[{\"@type\":\"CommentAction\",\"name\":\"Comment\",\"target\":[\"https:\\\/\\\/loginfo24.com\\\/pt-pt\\\/2021\\\/02\\\/15\\\/dr-antje-huber-e-a-nova-ceo-da-plataforma-de-frete-digital-saloodo\\\/#respond\"]}]},{\"@type\":\"WebPage\",\"@id\":\"https:\\\/\\\/loginfo24.com\\\/pt-pt\\\/2021\\\/02\\\/15\\\/dr-antje-huber-e-a-nova-ceo-da-plataforma-de-frete-digital-saloodo\\\/\",\"url\":\"https:\\\/\\\/loginfo24.com\\\/pt-pt\\\/2021\\\/02\\\/15\\\/dr-antje-huber-e-a-nova-ceo-da-plataforma-de-frete-digital-saloodo\\\/\",\"name\":\"Dr. Antje Huber \u00e9 a nova CEO da plataforma de frete digital Saloodo! - Loginfo24\",\"isPartOf\":{\"@id\":\"https:\\\/\\\/loginfo24.com\\\/pt-pt\\\/#website\"},\"datePublished\":\"2021-02-15T15:37:12+00:00\",\"dateModified\":\"2025-12-15T11:52:35+00:00\",\"breadcrumb\":{\"@id\":\"https:\\\/\\\/loginfo24.com\\\/pt-pt\\\/2021\\\/02\\\/15\\\/dr-antje-huber-e-a-nova-ceo-da-plataforma-de-frete-digital-saloodo\\\/#breadcrumb\"},\"inLanguage\":\"pt-PT\",\"potentialAction\":[{\"@type\":\"ReadAction\",\"target\":[\"https:\\\/\\\/loginfo24.com\\\/pt-pt\\\/2021\\\/02\\\/15\\\/dr-antje-huber-e-a-nova-ceo-da-plataforma-de-frete-digital-saloodo\\\/\"]}]},{\"@type\":\"BreadcrumbList\",\"@id\":\"https:\\\/\\\/loginfo24.com\\\/pt-pt\\\/2021\\\/02\\\/15\\\/dr-antje-huber-e-a-nova-ceo-da-plataforma-de-frete-digital-saloodo\\\/#breadcrumb\",\"itemListElement\":[{\"@type\":\"ListItem\",\"position\":1,\"name\":\"Startseite\",\"item\":\"https:\\\/\\\/loginfo24.com\\\/pt-pt\\\/\"},{\"@type\":\"ListItem\",\"position\":2,\"name\":\"Dr. Antje Huber \u00e9 a nova CEO da plataforma de frete digital Saloodo!\"}]},{\"@type\":\"WebSite\",\"@id\":\"https:\\\/\\\/loginfo24.com\\\/pt-pt\\\/#website\",\"url\":\"https:\\\/\\\/loginfo24.com\\\/pt-pt\\\/\",\"name\":\"Loginfo24\",\"description\":\"Loginfo24 \u00e9 a plataforma dedicada \u00e0 log\u00edstica e \u00e0s cadeias de abastecimento, com informa\u00e7\u00f5es dispon\u00edveis 24 horas por dia.\",\"publisher\":{\"@id\":\"https:\\\/\\\/loginfo24.com\\\/pt-pt\\\/#organization\"},\"potentialAction\":[{\"@type\":\"SearchAction\",\"target\":{\"@type\":\"EntryPoint\",\"urlTemplate\":\"https:\\\/\\\/loginfo24.com\\\/pt-pt\\\/?s={search_term_string}\"},\"query-input\":{\"@type\":\"PropertyValueSpecification\",\"valueRequired\":true,\"valueName\":\"search_term_string\"}}],\"inLanguage\":\"pt-PT\"},{\"@type\":\"Organization\",\"@id\":\"https:\\\/\\\/loginfo24.com\\\/pt-pt\\\/#organization\",\"name\":\"Logismedia Group AG\",\"url\":\"https:\\\/\\\/loginfo24.com\\\/pt-pt\\\/\",\"logo\":{\"@type\":\"ImageObject\",\"inLanguage\":\"pt-PT\",\"@id\":\"https:\\\/\\\/loginfo24.com\\\/pt-pt\\\/#\\\/schema\\\/logo\\\/image\\\/\",\"url\":\"https:\\\/\\\/loginfo24.com\\\/wp-content\\\/uploads\\\/sites\\\/7\\\/2026\\\/01\\\/Logo_LogInfo24.png\",\"contentUrl\":\"https:\\\/\\\/loginfo24.com\\\/wp-content\\\/uploads\\\/sites\\\/7\\\/2026\\\/01\\\/Logo_LogInfo24.png\",\"width\":938,\"height\":351,\"caption\":\"Logismedia Group AG\"},\"image\":{\"@id\":\"https:\\\/\\\/loginfo24.com\\\/pt-pt\\\/#\\\/schema\\\/logo\\\/image\\\/\"},\"sameAs\":[\"https:\\\/\\\/www.facebook.com\\\/people\\\/Loginfo24\\\/100057360583332\\\/\",\"https:\\\/\\\/www.linkedin.com\\\/company\\\/lofinfo24\\\/\"]}]}<\/script>\n<!-- \/ Yoast SEO plugin. -->","yoast_head_json":{"title":"Dr. Antje Huber \u00e9 a nova CEO da plataforma de frete digital Saloodo! - Loginfo24","robots":{"index":"index","follow":"follow","max-snippet":"max-snippet:-1","max-image-preview":"max-image-preview:large","max-video-preview":"max-video-preview:-1"},"canonical":"https:\/\/loginfo24.com\/pt-pt\/2021\/02\/15\/dr-antje-huber-e-a-nova-ceo-da-plataforma-de-frete-digital-saloodo\/","og_locale":"pt_PT","og_type":"article","og_title":"Dr. Antje Huber \u00e9 a nova CEO da plataforma de frete digital Saloodo! - Loginfo24","og_description":"A plataforma de frete digital Saloodo! GmbH nomeou Dr. Antje Huber como CEO no in\u00edcio de fevereiro. Dr. Huber \u00e9 membro do Conselho de Administra\u00e7\u00e3o da [\u2026]","og_url":"https:\/\/loginfo24.com\/pt-pt\/2021\/02\/15\/dr-antje-huber-e-a-nova-ceo-da-plataforma-de-frete-digital-saloodo\/","og_site_name":"Loginfo24","article_publisher":"https:\/\/www.facebook.com\/people\/Loginfo24\/100057360583332\/","article_published_time":"2021-02-15T15:37:12+00:00","article_modified_time":"2025-12-15T11:52:35+00:00","twitter_card":"summary_large_image","twitter_misc":{"Tempo estimado de leitura":"2 minutos"},"schema":{"@context":"https:\/\/schema.org","@graph":[{"@type":"Article","@id":"https:\/\/loginfo24.com\/pt-pt\/2021\/02\/15\/dr-antje-huber-e-a-nova-ceo-da-plataforma-de-frete-digital-saloodo\/#article","isPartOf":{"@id":"https:\/\/loginfo24.com\/pt-pt\/2021\/02\/15\/dr-antje-huber-e-a-nova-ceo-da-plataforma-de-frete-digital-saloodo\/"},"author":{"name":"","@id":""},"headline":"Dr. Antje Huber \u00e9 a nova CEO da plataforma de frete digital Saloodo!","datePublished":"2021-02-15T15:37:12+00:00","dateModified":"2025-12-15T11:52:35+00:00","mainEntityOfPage":{"@id":"https:\/\/loginfo24.com\/pt-pt\/2021\/02\/15\/dr-antje-huber-e-a-nova-ceo-da-plataforma-de-frete-digital-saloodo\/"},"wordCount":475,"commentCount":0,"publisher":{"@id":"https:\/\/loginfo24.com\/pt-pt\/#organization"},"articleSection":["Categories","Regions"],"inLanguage":"pt-PT","potentialAction":[{"@type":"CommentAction","name":"Comment","target":["https:\/\/loginfo24.com\/pt-pt\/2021\/02\/15\/dr-antje-huber-e-a-nova-ceo-da-plataforma-de-frete-digital-saloodo\/#respond"]}]},{"@type":"WebPage","@id":"https:\/\/loginfo24.com\/pt-pt\/2021\/02\/15\/dr-antje-huber-e-a-nova-ceo-da-plataforma-de-frete-digital-saloodo\/","url":"https:\/\/loginfo24.com\/pt-pt\/2021\/02\/15\/dr-antje-huber-e-a-nova-ceo-da-plataforma-de-frete-digital-saloodo\/","name":"Dr. Antje Huber \u00e9 a nova CEO da plataforma de frete digital Saloodo! - Loginfo24","isPartOf":{"@id":"https:\/\/loginfo24.com\/pt-pt\/#website"},"datePublished":"2021-02-15T15:37:12+00:00","dateModified":"2025-12-15T11:52:35+00:00","breadcrumb":{"@id":"https:\/\/loginfo24.com\/pt-pt\/2021\/02\/15\/dr-antje-huber-e-a-nova-ceo-da-plataforma-de-frete-digital-saloodo\/#breadcrumb"},"inLanguage":"pt-PT","potentialAction":[{"@type":"ReadAction","target":["https:\/\/loginfo24.com\/pt-pt\/2021\/02\/15\/dr-antje-huber-e-a-nova-ceo-da-plataforma-de-frete-digital-saloodo\/"]}]},{"@type":"BreadcrumbList","@id":"https:\/\/loginfo24.com\/pt-pt\/2021\/02\/15\/dr-antje-huber-e-a-nova-ceo-da-plataforma-de-frete-digital-saloodo\/#breadcrumb","itemListElement":[{"@type":"ListItem","position":1,"name":"Startseite","item":"https:\/\/loginfo24.com\/pt-pt\/"},{"@type":"ListItem","position":2,"name":"Dr. Antje Huber \u00e9 a nova CEO da plataforma de frete digital Saloodo!"}]},{"@type":"WebSite","@id":"https:\/\/loginfo24.com\/pt-pt\/#website","url":"https:\/\/loginfo24.com\/pt-pt\/","name":"Loginfo24","description":"Loginfo24 \u00e9 a plataforma dedicada \u00e0 log\u00edstica e \u00e0s cadeias de abastecimento, com informa\u00e7\u00f5es dispon\u00edveis 24 horas por dia.","publisher":{"@id":"https:\/\/loginfo24.com\/pt-pt\/#organization"},"potentialAction":[{"@type":"SearchAction","target":{"@type":"EntryPoint","urlTemplate":"https:\/\/loginfo24.com\/pt-pt\/?s={search_term_string}"},"query-input":{"@type":"PropertyValueSpecification","valueRequired":true,"valueName":"search_term_string"}}],"inLanguage":"pt-PT"},{"@type":"Organization","@id":"https:\/\/loginfo24.com\/pt-pt\/#organization","name":"Logismedia Group AG","url":"https:\/\/loginfo24.com\/pt-pt\/","logo":{"@type":"ImageObject","inLanguage":"pt-PT","@id":"https:\/\/loginfo24.com\/pt-pt\/#\/schema\/logo\/image\/","url":"https:\/\/loginfo24.com\/wp-content\/uploads\/sites\/7\/2026\/01\/Logo_LogInfo24.png","contentUrl":"https:\/\/loginfo24.com\/wp-content\/uploads\/sites\/7\/2026\/01\/Logo_LogInfo24.png","width":938,"height":351,"caption":"Logismedia Group AG"},"image":{"@id":"https:\/\/loginfo24.com\/pt-pt\/#\/schema\/logo\/image\/"},"sameAs":["https:\/\/www.facebook.com\/people\/Loginfo24\/100057360583332\/","https:\/\/www.linkedin.com\/company\/lofinfo24\/"]}]}},"_links":{"self":[{"href":"https:\/\/loginfo24.com\/pt-pt\/wp-json\/wp\/v2\/posts\/23336","targetHints":{"allow":["GET"]}}],"collection":[{"href":"https:\/\/loginfo24.com\/pt-pt\/wp-json\/wp\/v2\/posts"}],"about":[{"href":"https:\/\/loginfo24.com\/pt-pt\/wp-json\/wp\/v2\/types\/post"}],"replies":[{"embeddable":true,"href":"https:\/\/loginfo24.com\/pt-pt\/wp-json\/wp\/v2\/comments?post=23336"}],"version-history":[{"count":1,"href":"https:\/\/loginfo24.com\/pt-pt\/wp-json\/wp\/v2\/posts\/23336\/revisions"}],"predecessor-version":[{"id":42398,"href":"https:\/\/loginfo24.com\/pt-pt\/wp-json\/wp\/v2\/posts\/23336\/revisions\/42398"}],"wp:attachment":[{"href":"https:\/\/loginfo24.com\/pt-pt\/wp-json\/wp\/v2\/media?parent=23336"}],"wp:term":[{"taxonomy":"category","embeddable":true,"href":"https:\/\/loginfo24.com\/pt-pt\/wp-json\/wp\/v2\/categories?post=23336"},{"taxonomy":"post_tag","embeddable":true,"href":"https:\/\/loginfo24.com\/pt-pt\/wp-json\/wp\/v2\/tags?post=23336"}],"curies":[{"name":"wp","href":"https:\/\/api.w.org\/{rel}","templated":true}]}}