{"id":22717,"date":"2021-01-20T18:00:12","date_gmt":"2021-01-20T17:00:12","guid":{"rendered":"https:\/\/blog.brand-architecture.at\/2021\/01\/20\/peter-huwel-e-o-novo-ceo-da-america-do-norte-na-hellmann\/"},"modified":"2021-01-20T18:00:12","modified_gmt":"2021-01-20T17:00:12","slug":"peter-huwel-e-o-novo-ceo-da-america-do-norte-na-hellmann","status":"publish","type":"post","link":"https:\/\/loginfo24.com\/pt-pt\/2021\/01\/20\/peter-huwel-e-o-novo-ceo-da-america-do-norte-na-hellmann\/","title":{"rendered":"Peter H\u00fcwel \u00e9 o novo CEO da Am\u00e9rica do Norte na Hellmann"},"content":{"rendered":"<p><strong>A Hellmann Worldwide Logistics nomeou Peter H\u00fcwel como CEO Regional da Am\u00e9rica do Norte a partir de 1 de janeiro de 2021. H\u00fcwel sucede a Steen Christensen, que deixa a empresa. H\u00fcwel vem da DSV e possui ampla experi\u00eancia em lideran\u00e7a em prestadores de servi\u00e7os log\u00edsticos nos EUA. A log\u00edstica de sa\u00fade deve ser especialmente expandida.<\/strong> <strong>(Osnabr\u00fcck) <\/strong>A prestadora de servi\u00e7os de full-service com atua\u00e7\u00e3o global, Hellmann Worldwide Logistics, conseguiu trazer Peter H\u00fcwel como novo CEO Regional da Am\u00e9rica do Norte a partir de 1 de janeiro de 2021. Assim, o Sr. H\u00fcwel sucede a Steen Christensen, que deixa a empresa de comum acordo com o conselho para assumir novos desafios profissionais. Como CEO Regional da Am\u00e9rica do Norte, Steen Christensen reestruturou a regi\u00e3o desde maio de 2017 e criou uma base s\u00f3lida para o crescimento futuro.<\/p>\n<p> Com Peter H\u00fcwel, a Hellmann conseguiu um especialista em log\u00edstica reconhecido, que possui 27 anos de experi\u00eancia na ind\u00fastria de transporte. Nas \u00faltimas d\u00e9cadas, ele ocupou v\u00e1rias posi\u00e7\u00f5es de lideran\u00e7a na Panalpina na Am\u00e9rica, incluindo como gerente de v\u00e1rias subsidi\u00e1rias na Am\u00e9rica do Sul, bem como como Vice-Presidente S\u00eanior para o Nordeste e Centro-Oeste dos EUA. Em sua \u00faltima posi\u00e7\u00e3o como Vice-Presidente na DSV, Peter H\u00fcwel foi respons\u00e1vel pelo desenvolvimento de rotas comerciais na \u00e1rea de Ar e Mar entre a Am\u00e9rica do Norte e a Am\u00e9rica Latina.<\/p>\n<h5><strong>Mais de 30 anos nos EUA<\/strong><\/h5>\n<p> &#8220;Estamos muito felizes em ter conseguido Peter H\u00fcwel, um especialista reconhecido no mercado log\u00edstico norte-americano, para nossa empresa. A Hellmann est\u00e1 estabelecida na Am\u00e9rica do Norte h\u00e1 mais de 30 anos e a regi\u00e3o tem uma grande import\u00e2ncia estrat\u00e9gica e um enorme potencial para n\u00f3s, tamb\u00e9m com uma vis\u00e3o para o futuro. Queremos crescer aqui \u2013 juntamente com o Sr. H\u00fcwel e nossa equipe na Am\u00e9rica do Norte \u2013 nos pr\u00f3ximos anos com nossas Solu\u00e7\u00f5es Industriais e, em particular, com a Log\u00edstica de Sa\u00fade, bem como na \u00e1rea de produtos de Log\u00edstica de Contrato. Al\u00e9m disso, vemos grandes oportunidades de desenvolvimento no setor de e-commerce norte-americano, de modo que tamb\u00e9m queremos expandir nossa participa\u00e7\u00e3o de mercado aqui&#8221;, disse Reiner Heiken, CEO da Hellmann Worldwide Logistics.<\/p>\n<p> Foto: \u00a9 Hellmann<br \/> <a href=\"https:\/\/www.hellmann.net\" target=\"_blank\" rel=\"noopener noreferrer\">www.hellmann.net<\/a><\/p>\n","protected":false},"excerpt":{"rendered":"<p>A Hellmann Worldwide Logistics nomeou Peter H\u00fcwel como CEO Regional da Am\u00e9rica do Norte a partir de 1 de janeiro de 2021. H\u00fcwel sucede a Steen<span class=\"excerpt-hellip\"> [\u2026]<\/span><\/p>\n","protected":false},"author":0,"featured_media":14674,"comment_status":"open","ping_status":"open","sticky":false,"template":"","format":"standard","meta":{"_acf_changed":false,"footnotes":""},"categories":[1560,1561],"tags":[],"class_list":["post-22717","post","type-post","status-publish","format-standard","has-post-thumbnail","hentry","category-intralogistics","category-regions"],"acf":[],"yoast_head":"<!-- This site is optimized with the Yoast SEO plugin v27.3 - https:\/\/yoast.com\/product\/yoast-seo-wordpress\/ -->\n<title>Peter H\u00fcwel \u00e9 o novo CEO da Am\u00e9rica do Norte na Hellmann - Loginfo24<\/title>\n<meta name=\"robots\" content=\"index, follow, max-snippet:-1, max-image-preview:large, max-video-preview:-1\" \/>\n<link rel=\"canonical\" href=\"https:\/\/loginfo24.com\/pt-pt\/2021\/01\/20\/peter-huwel-e-o-novo-ceo-da-america-do-norte-na-hellmann\/\" \/>\n<meta property=\"og:locale\" content=\"pt_PT\" \/>\n<meta property=\"og:type\" content=\"article\" \/>\n<meta property=\"og:title\" content=\"Peter H\u00fcwel \u00e9 o novo CEO da Am\u00e9rica do Norte na Hellmann - Loginfo24\" \/>\n<meta property=\"og:description\" content=\"A Hellmann Worldwide Logistics nomeou Peter H\u00fcwel como CEO Regional da Am\u00e9rica do Norte a partir de 1 de janeiro de 2021. H\u00fcwel sucede a Steen [\u2026]\" \/>\n<meta property=\"og:url\" content=\"https:\/\/loginfo24.com\/pt-pt\/2021\/01\/20\/peter-huwel-e-o-novo-ceo-da-america-do-norte-na-hellmann\/\" \/>\n<meta property=\"og:site_name\" content=\"Loginfo24\" \/>\n<meta property=\"article:publisher\" content=\"https:\/\/www.facebook.com\/people\/Loginfo24\/100057360583332\/\" \/>\n<meta property=\"article:published_time\" content=\"2021-01-20T17:00:12+00:00\" \/>\n<meta property=\"og:image\" content=\"https:\/\/loginfo24.com\/wp-content\/uploads\/sites\/7\/2025\/12\/Hellmann_20.1.21.jpg\" \/>\n\t<meta property=\"og:image:width\" content=\"1014\" \/>\n\t<meta property=\"og:image:height\" content=\"619\" \/>\n\t<meta property=\"og:image:type\" content=\"image\/jpeg\" \/>\n<meta name=\"twitter:card\" content=\"summary_large_image\" \/>\n<meta name=\"twitter:label1\" content=\"Tempo estimado de leitura\" \/>\n\t<meta name=\"twitter:data1\" content=\"2 minutos\" \/>\n<script type=\"application\/ld+json\" class=\"yoast-schema-graph\">{\"@context\":\"https:\\\/\\\/schema.org\",\"@graph\":[{\"@type\":\"Article\",\"@id\":\"https:\\\/\\\/loginfo24.com\\\/pt-pt\\\/2021\\\/01\\\/20\\\/peter-huwel-e-o-novo-ceo-da-america-do-norte-na-hellmann\\\/#article\",\"isPartOf\":{\"@id\":\"https:\\\/\\\/loginfo24.com\\\/pt-pt\\\/2021\\\/01\\\/20\\\/peter-huwel-e-o-novo-ceo-da-america-do-norte-na-hellmann\\\/\"},\"author\":{\"name\":\"\",\"@id\":\"\"},\"headline\":\"Peter H\u00fcwel \u00e9 o novo CEO da Am\u00e9rica do Norte na Hellmann\",\"datePublished\":\"2021-01-20T17:00:12+00:00\",\"mainEntityOfPage\":{\"@id\":\"https:\\\/\\\/loginfo24.com\\\/pt-pt\\\/2021\\\/01\\\/20\\\/peter-huwel-e-o-novo-ceo-da-america-do-norte-na-hellmann\\\/\"},\"wordCount\":422,\"commentCount\":0,\"publisher\":{\"@id\":\"https:\\\/\\\/loginfo24.com\\\/pt-pt\\\/#organization\"},\"image\":{\"@id\":\"https:\\\/\\\/loginfo24.com\\\/pt-pt\\\/2021\\\/01\\\/20\\\/peter-huwel-e-o-novo-ceo-da-america-do-norte-na-hellmann\\\/#primaryimage\"},\"thumbnailUrl\":\"https:\\\/\\\/loginfo24.com\\\/wp-content\\\/uploads\\\/sites\\\/7\\\/2025\\\/12\\\/Hellmann_20.1.21.jpg\",\"articleSection\":[\"Intralogistics\",\"Regions\"],\"inLanguage\":\"pt-PT\",\"potentialAction\":[{\"@type\":\"CommentAction\",\"name\":\"Comment\",\"target\":[\"https:\\\/\\\/loginfo24.com\\\/pt-pt\\\/2021\\\/01\\\/20\\\/peter-huwel-e-o-novo-ceo-da-america-do-norte-na-hellmann\\\/#respond\"]}]},{\"@type\":\"WebPage\",\"@id\":\"https:\\\/\\\/loginfo24.com\\\/pt-pt\\\/2021\\\/01\\\/20\\\/peter-huwel-e-o-novo-ceo-da-america-do-norte-na-hellmann\\\/\",\"url\":\"https:\\\/\\\/loginfo24.com\\\/pt-pt\\\/2021\\\/01\\\/20\\\/peter-huwel-e-o-novo-ceo-da-america-do-norte-na-hellmann\\\/\",\"name\":\"Peter H\u00fcwel \u00e9 o novo CEO da Am\u00e9rica do Norte na Hellmann - Loginfo24\",\"isPartOf\":{\"@id\":\"https:\\\/\\\/loginfo24.com\\\/pt-pt\\\/#website\"},\"primaryImageOfPage\":{\"@id\":\"https:\\\/\\\/loginfo24.com\\\/pt-pt\\\/2021\\\/01\\\/20\\\/peter-huwel-e-o-novo-ceo-da-america-do-norte-na-hellmann\\\/#primaryimage\"},\"image\":{\"@id\":\"https:\\\/\\\/loginfo24.com\\\/pt-pt\\\/2021\\\/01\\\/20\\\/peter-huwel-e-o-novo-ceo-da-america-do-norte-na-hellmann\\\/#primaryimage\"},\"thumbnailUrl\":\"https:\\\/\\\/loginfo24.com\\\/wp-content\\\/uploads\\\/sites\\\/7\\\/2025\\\/12\\\/Hellmann_20.1.21.jpg\",\"datePublished\":\"2021-01-20T17:00:12+00:00\",\"breadcrumb\":{\"@id\":\"https:\\\/\\\/loginfo24.com\\\/pt-pt\\\/2021\\\/01\\\/20\\\/peter-huwel-e-o-novo-ceo-da-america-do-norte-na-hellmann\\\/#breadcrumb\"},\"inLanguage\":\"pt-PT\",\"potentialAction\":[{\"@type\":\"ReadAction\",\"target\":[\"https:\\\/\\\/loginfo24.com\\\/pt-pt\\\/2021\\\/01\\\/20\\\/peter-huwel-e-o-novo-ceo-da-america-do-norte-na-hellmann\\\/\"]}]},{\"@type\":\"ImageObject\",\"inLanguage\":\"pt-PT\",\"@id\":\"https:\\\/\\\/loginfo24.com\\\/pt-pt\\\/2021\\\/01\\\/20\\\/peter-huwel-e-o-novo-ceo-da-america-do-norte-na-hellmann\\\/#primaryimage\",\"url\":\"https:\\\/\\\/loginfo24.com\\\/wp-content\\\/uploads\\\/sites\\\/7\\\/2025\\\/12\\\/Hellmann_20.1.21.jpg\",\"contentUrl\":\"https:\\\/\\\/loginfo24.com\\\/wp-content\\\/uploads\\\/sites\\\/7\\\/2025\\\/12\\\/Hellmann_20.1.21.jpg\",\"width\":1014,\"height\":619},{\"@type\":\"BreadcrumbList\",\"@id\":\"https:\\\/\\\/loginfo24.com\\\/pt-pt\\\/2021\\\/01\\\/20\\\/peter-huwel-e-o-novo-ceo-da-america-do-norte-na-hellmann\\\/#breadcrumb\",\"itemListElement\":[{\"@type\":\"ListItem\",\"position\":1,\"name\":\"Startseite\",\"item\":\"https:\\\/\\\/loginfo24.com\\\/pt-pt\\\/\"},{\"@type\":\"ListItem\",\"position\":2,\"name\":\"Peter H\u00fcwel \u00e9 o novo CEO da Am\u00e9rica do Norte na Hellmann\"}]},{\"@type\":\"WebSite\",\"@id\":\"https:\\\/\\\/loginfo24.com\\\/pt-pt\\\/#website\",\"url\":\"https:\\\/\\\/loginfo24.com\\\/pt-pt\\\/\",\"name\":\"Loginfo24\",\"description\":\"Loginfo24 \u00e9 a plataforma dedicada \u00e0 log\u00edstica e \u00e0s cadeias de abastecimento, com informa\u00e7\u00f5es dispon\u00edveis 24 horas por dia.\",\"publisher\":{\"@id\":\"https:\\\/\\\/loginfo24.com\\\/pt-pt\\\/#organization\"},\"potentialAction\":[{\"@type\":\"SearchAction\",\"target\":{\"@type\":\"EntryPoint\",\"urlTemplate\":\"https:\\\/\\\/loginfo24.com\\\/pt-pt\\\/?s={search_term_string}\"},\"query-input\":{\"@type\":\"PropertyValueSpecification\",\"valueRequired\":true,\"valueName\":\"search_term_string\"}}],\"inLanguage\":\"pt-PT\"},{\"@type\":\"Organization\",\"@id\":\"https:\\\/\\\/loginfo24.com\\\/pt-pt\\\/#organization\",\"name\":\"Logismedia Group AG\",\"url\":\"https:\\\/\\\/loginfo24.com\\\/pt-pt\\\/\",\"logo\":{\"@type\":\"ImageObject\",\"inLanguage\":\"pt-PT\",\"@id\":\"https:\\\/\\\/loginfo24.com\\\/pt-pt\\\/#\\\/schema\\\/logo\\\/image\\\/\",\"url\":\"https:\\\/\\\/loginfo24.com\\\/wp-content\\\/uploads\\\/sites\\\/7\\\/2026\\\/01\\\/Logo_LogInfo24.png\",\"contentUrl\":\"https:\\\/\\\/loginfo24.com\\\/wp-content\\\/uploads\\\/sites\\\/7\\\/2026\\\/01\\\/Logo_LogInfo24.png\",\"width\":938,\"height\":351,\"caption\":\"Logismedia Group AG\"},\"image\":{\"@id\":\"https:\\\/\\\/loginfo24.com\\\/pt-pt\\\/#\\\/schema\\\/logo\\\/image\\\/\"},\"sameAs\":[\"https:\\\/\\\/www.facebook.com\\\/people\\\/Loginfo24\\\/100057360583332\\\/\",\"https:\\\/\\\/www.linkedin.com\\\/company\\\/lofinfo24\\\/\"]}]}<\/script>\n<!-- \/ Yoast SEO plugin. -->","yoast_head_json":{"title":"Peter H\u00fcwel \u00e9 o novo CEO da Am\u00e9rica do Norte na Hellmann - Loginfo24","robots":{"index":"index","follow":"follow","max-snippet":"max-snippet:-1","max-image-preview":"max-image-preview:large","max-video-preview":"max-video-preview:-1"},"canonical":"https:\/\/loginfo24.com\/pt-pt\/2021\/01\/20\/peter-huwel-e-o-novo-ceo-da-america-do-norte-na-hellmann\/","og_locale":"pt_PT","og_type":"article","og_title":"Peter H\u00fcwel \u00e9 o novo CEO da Am\u00e9rica do Norte na Hellmann - Loginfo24","og_description":"A Hellmann Worldwide Logistics nomeou Peter H\u00fcwel como CEO Regional da Am\u00e9rica do Norte a partir de 1 de janeiro de 2021. H\u00fcwel sucede a Steen [\u2026]","og_url":"https:\/\/loginfo24.com\/pt-pt\/2021\/01\/20\/peter-huwel-e-o-novo-ceo-da-america-do-norte-na-hellmann\/","og_site_name":"Loginfo24","article_publisher":"https:\/\/www.facebook.com\/people\/Loginfo24\/100057360583332\/","article_published_time":"2021-01-20T17:00:12+00:00","og_image":[{"width":1014,"height":619,"url":"https:\/\/loginfo24.com\/wp-content\/uploads\/sites\/7\/2025\/12\/Hellmann_20.1.21.jpg","type":"image\/jpeg"}],"twitter_card":"summary_large_image","twitter_misc":{"Tempo estimado de leitura":"2 minutos"},"schema":{"@context":"https:\/\/schema.org","@graph":[{"@type":"Article","@id":"https:\/\/loginfo24.com\/pt-pt\/2021\/01\/20\/peter-huwel-e-o-novo-ceo-da-america-do-norte-na-hellmann\/#article","isPartOf":{"@id":"https:\/\/loginfo24.com\/pt-pt\/2021\/01\/20\/peter-huwel-e-o-novo-ceo-da-america-do-norte-na-hellmann\/"},"author":{"name":"","@id":""},"headline":"Peter H\u00fcwel \u00e9 o novo CEO da Am\u00e9rica do Norte na Hellmann","datePublished":"2021-01-20T17:00:12+00:00","mainEntityOfPage":{"@id":"https:\/\/loginfo24.com\/pt-pt\/2021\/01\/20\/peter-huwel-e-o-novo-ceo-da-america-do-norte-na-hellmann\/"},"wordCount":422,"commentCount":0,"publisher":{"@id":"https:\/\/loginfo24.com\/pt-pt\/#organization"},"image":{"@id":"https:\/\/loginfo24.com\/pt-pt\/2021\/01\/20\/peter-huwel-e-o-novo-ceo-da-america-do-norte-na-hellmann\/#primaryimage"},"thumbnailUrl":"https:\/\/loginfo24.com\/wp-content\/uploads\/sites\/7\/2025\/12\/Hellmann_20.1.21.jpg","articleSection":["Intralogistics","Regions"],"inLanguage":"pt-PT","potentialAction":[{"@type":"CommentAction","name":"Comment","target":["https:\/\/loginfo24.com\/pt-pt\/2021\/01\/20\/peter-huwel-e-o-novo-ceo-da-america-do-norte-na-hellmann\/#respond"]}]},{"@type":"WebPage","@id":"https:\/\/loginfo24.com\/pt-pt\/2021\/01\/20\/peter-huwel-e-o-novo-ceo-da-america-do-norte-na-hellmann\/","url":"https:\/\/loginfo24.com\/pt-pt\/2021\/01\/20\/peter-huwel-e-o-novo-ceo-da-america-do-norte-na-hellmann\/","name":"Peter H\u00fcwel \u00e9 o novo CEO da Am\u00e9rica do Norte na Hellmann - Loginfo24","isPartOf":{"@id":"https:\/\/loginfo24.com\/pt-pt\/#website"},"primaryImageOfPage":{"@id":"https:\/\/loginfo24.com\/pt-pt\/2021\/01\/20\/peter-huwel-e-o-novo-ceo-da-america-do-norte-na-hellmann\/#primaryimage"},"image":{"@id":"https:\/\/loginfo24.com\/pt-pt\/2021\/01\/20\/peter-huwel-e-o-novo-ceo-da-america-do-norte-na-hellmann\/#primaryimage"},"thumbnailUrl":"https:\/\/loginfo24.com\/wp-content\/uploads\/sites\/7\/2025\/12\/Hellmann_20.1.21.jpg","datePublished":"2021-01-20T17:00:12+00:00","breadcrumb":{"@id":"https:\/\/loginfo24.com\/pt-pt\/2021\/01\/20\/peter-huwel-e-o-novo-ceo-da-america-do-norte-na-hellmann\/#breadcrumb"},"inLanguage":"pt-PT","potentialAction":[{"@type":"ReadAction","target":["https:\/\/loginfo24.com\/pt-pt\/2021\/01\/20\/peter-huwel-e-o-novo-ceo-da-america-do-norte-na-hellmann\/"]}]},{"@type":"ImageObject","inLanguage":"pt-PT","@id":"https:\/\/loginfo24.com\/pt-pt\/2021\/01\/20\/peter-huwel-e-o-novo-ceo-da-america-do-norte-na-hellmann\/#primaryimage","url":"https:\/\/loginfo24.com\/wp-content\/uploads\/sites\/7\/2025\/12\/Hellmann_20.1.21.jpg","contentUrl":"https:\/\/loginfo24.com\/wp-content\/uploads\/sites\/7\/2025\/12\/Hellmann_20.1.21.jpg","width":1014,"height":619},{"@type":"BreadcrumbList","@id":"https:\/\/loginfo24.com\/pt-pt\/2021\/01\/20\/peter-huwel-e-o-novo-ceo-da-america-do-norte-na-hellmann\/#breadcrumb","itemListElement":[{"@type":"ListItem","position":1,"name":"Startseite","item":"https:\/\/loginfo24.com\/pt-pt\/"},{"@type":"ListItem","position":2,"name":"Peter H\u00fcwel \u00e9 o novo CEO da Am\u00e9rica do Norte na Hellmann"}]},{"@type":"WebSite","@id":"https:\/\/loginfo24.com\/pt-pt\/#website","url":"https:\/\/loginfo24.com\/pt-pt\/","name":"Loginfo24","description":"Loginfo24 \u00e9 a plataforma dedicada \u00e0 log\u00edstica e \u00e0s cadeias de abastecimento, com informa\u00e7\u00f5es dispon\u00edveis 24 horas por dia.","publisher":{"@id":"https:\/\/loginfo24.com\/pt-pt\/#organization"},"potentialAction":[{"@type":"SearchAction","target":{"@type":"EntryPoint","urlTemplate":"https:\/\/loginfo24.com\/pt-pt\/?s={search_term_string}"},"query-input":{"@type":"PropertyValueSpecification","valueRequired":true,"valueName":"search_term_string"}}],"inLanguage":"pt-PT"},{"@type":"Organization","@id":"https:\/\/loginfo24.com\/pt-pt\/#organization","name":"Logismedia Group AG","url":"https:\/\/loginfo24.com\/pt-pt\/","logo":{"@type":"ImageObject","inLanguage":"pt-PT","@id":"https:\/\/loginfo24.com\/pt-pt\/#\/schema\/logo\/image\/","url":"https:\/\/loginfo24.com\/wp-content\/uploads\/sites\/7\/2026\/01\/Logo_LogInfo24.png","contentUrl":"https:\/\/loginfo24.com\/wp-content\/uploads\/sites\/7\/2026\/01\/Logo_LogInfo24.png","width":938,"height":351,"caption":"Logismedia Group AG"},"image":{"@id":"https:\/\/loginfo24.com\/pt-pt\/#\/schema\/logo\/image\/"},"sameAs":["https:\/\/www.facebook.com\/people\/Loginfo24\/100057360583332\/","https:\/\/www.linkedin.com\/company\/lofinfo24\/"]}]}},"_links":{"self":[{"href":"https:\/\/loginfo24.com\/pt-pt\/wp-json\/wp\/v2\/posts\/22717","targetHints":{"allow":["GET"]}}],"collection":[{"href":"https:\/\/loginfo24.com\/pt-pt\/wp-json\/wp\/v2\/posts"}],"about":[{"href":"https:\/\/loginfo24.com\/pt-pt\/wp-json\/wp\/v2\/types\/post"}],"replies":[{"embeddable":true,"href":"https:\/\/loginfo24.com\/pt-pt\/wp-json\/wp\/v2\/comments?post=22717"}],"version-history":[{"count":0,"href":"https:\/\/loginfo24.com\/pt-pt\/wp-json\/wp\/v2\/posts\/22717\/revisions"}],"wp:featuredmedia":[{"embeddable":true,"href":"https:\/\/loginfo24.com\/pt-pt\/wp-json\/wp\/v2\/media\/14674"}],"wp:attachment":[{"href":"https:\/\/loginfo24.com\/pt-pt\/wp-json\/wp\/v2\/media?parent=22717"}],"wp:term":[{"taxonomy":"category","embeddable":true,"href":"https:\/\/loginfo24.com\/pt-pt\/wp-json\/wp\/v2\/categories?post=22717"},{"taxonomy":"post_tag","embeddable":true,"href":"https:\/\/loginfo24.com\/pt-pt\/wp-json\/wp\/v2\/tags?post=22717"}],"curies":[{"name":"wp","href":"https:\/\/api.w.org\/{rel}","templated":true}]}}