{"id":22378,"date":"2021-01-06T19:30:07","date_gmt":"2021-01-06T18:30:07","guid":{"rendered":"https:\/\/blog.brand-architecture.at\/2021\/01\/06\/dachser-inicia-o-novo-ano-com-burkhard-eling-como-ceo\/"},"modified":"2025-12-15T12:48:56","modified_gmt":"2025-12-15T11:48:56","slug":"dachser-inicia-o-novo-ano-com-burkhard-eling-como-ceo","status":"publish","type":"post","link":"https:\/\/loginfo24.com\/pt-pt\/2021\/01\/06\/dachser-inicia-o-novo-ano-com-burkhard-eling-como-ceo\/","title":{"rendered":"Dachser inicia o novo ano com Burkhard Eling como CEO"},"content":{"rendered":"<p>Na prestadora de servi\u00e7os log\u00edsticos Dachser, a mudan\u00e7a de gera\u00e7\u00f5es foi conclu\u00edda. Com uma nova equipe de diretoria, o grupo entra no novo ano. Stefan Hohm como Chief Development Officer (CDO) e Alexander Tonn como COO Road Logistics completam a equipe de lideran\u00e7a.<\/p>\n<p>(Kempten) Burkhard Eling \u00e9 desde 1 de janeiro o Chief Executive Officer (CEO) e porta-voz do conselho da prestadora de servi\u00e7os log\u00edsticos Dachser. Ele lidera o departamento de Estrat\u00e9gia Corporativa, Recursos Humanos e Marketing, que tamb\u00e9m abriga a Gest\u00e3o de Contas Corporativas e a \u00e1rea de Governan\u00e7a Corporativa &amp; Compliance. Eling sucede Bernhard Simon, que assumir\u00e1 a presid\u00eancia do conselho de administra\u00e7\u00e3o da empresa familiar a partir de meados de 2021.<\/p>\n<p>Juntamente com Simon, o atual Chief Operations Officer (COO) Road Logistics, Michael Schilling, tamb\u00e9m se junta ao conselho de supervis\u00e3o. Por esse motivo, a Dachser implementou mais mudan\u00e7as na diretoria a partir de 1 de janeiro de 2021. Os gerentes de longa data da Dachser, Stefan Hohm como Chief Development Officer (CDO) e Alexander Tonn como COO Road Logistics, foram promovidos para a equipe de lideran\u00e7a operacional da prestadora de servi\u00e7os log\u00edsticos. Al\u00e9m disso, Robert Erni, que se juntou \u00e0 Dachser em 1 de setembro de 2020, vindo da DSV Panalpina, entrou no conselho como Chief Financial Officer (CFO). A equipe de diretoria de cinco membros \u00e9 completada por Edoardo Podest\u00e0, que atua como COO Air &amp; Sea Logistics desde outubro de 2019.<\/p>\n<h5><strong>Carreira como CFO com foco em inova\u00e7\u00f5es<\/strong><\/h5>\n<p>O homem de 49 anos, Eling, ingressou na Dachser em 2012 como vice-chefe do departamento de Finan\u00e7as, Jur\u00eddico e Fiscal. No ano seguinte, tornou-se membro do conselho como Chief Financial Officer (CFO) e tamb\u00e9m lidera o programa estrat\u00e9gico de gest\u00e3o de ideias e inova\u00e7\u00f5es da prestadora de servi\u00e7os log\u00edsticos. O engenheiro econ\u00f4mico diplomado veio do grupo de engenharia e servi\u00e7os Bilfinger SE, onde liderou, entre outras \u00e1reas, o Controle e Auditoria Interna, al\u00e9m de ter atuado como CFO de uma subsidi\u00e1ria americana e de um prestador de servi\u00e7os de gest\u00e3o de instala\u00e7\u00f5es internacional. Sua carreira come\u00e7ou em empresas de constru\u00e7\u00e3o como Hochtief AG e Philipp Holzmann AG.<\/p>\n<h5><strong>Com prud\u00eancia e agilidade<\/strong><\/h5>\n<p>&#8220;Meus colegas de diretoria e eu estamos assumindo uma empresa extremamente robusta e em forte crescimento, que n\u00e3o se deixou desviar do seu curso, mesmo diante dos desafios da crise da Corona. As pessoas da Dachser conseguiram, com seu enorme know-how e comprometimento, manter as cadeias de suprimentos de nossos clientes em todo o mundo, mesmo em condi\u00e7\u00f5es adversas&#8221;, explica Burkhard Eling, CEO da Dachser. &#8220;Com a confian\u00e7a e o apoio da fam\u00edlia propriet\u00e1ria, n\u00f3s, como equipe de diretoria, preservaremos a cultura \u00fanica e orientada para as pessoas da empresa familiar Dachser, ao mesmo tempo em que desenvolveremos a empresa com prud\u00eancia e agilidade em dire\u00e7\u00e3o a se tornar a prestadora de servi\u00e7os log\u00edsticos mais integrada do mundo&#8221;, acrescenta Eling.<\/p>\n<h5><strong><a href=\"https:\/\/www.adessodigital.ch\/linkedinspedition\/\" target=\"_blank\" rel=\"noopener noreferrer\"><img loading=\"lazy\" decoding=\"async\" class=\"alignleft wp-image-8168 size-large\" src=\"https:\/\/loginfo24.com\/wp-content\/uploads\/sites\/7\/2025\/12\/Banner_Newsletter_Adesso_19.12.20_21.12.20.jpg\" alt=\"\" width=\"1024\" height=\"160\" \/><\/a><\/strong><\/h5>\n<p>Nova equipe de diretoria com muita experi\u00eancia<\/p>\n<p>A partir de 1 de janeiro de 2021, Alexander Tonn se junta \u00e0 diretoria da Dachser, assumindo a posi\u00e7\u00e3o de COO Road Logistics e, assim, respons\u00e1vel pelas redes de transporte terrestre europeias para bens industriais e alimentos. Al\u00e9m disso, ele continuar\u00e1 a liderar a Unidade de Neg\u00f3cios European Logistics Germany em uma fun\u00e7\u00e3o combinada. O homem de 47 anos, Tonn, j\u00e1 est\u00e1 na empresa h\u00e1 mais de 20 anos e ocupou, entre outras, posi\u00e7\u00f5es de lideran\u00e7a no centro log\u00edstico da Dachser em Allg\u00e4u, em Memmingen, e na sede da empresa, onde foi respons\u00e1vel pelo neg\u00f3cio global de log\u00edstica contratada da prestadora de servi\u00e7os log\u00edsticos por v\u00e1rios anos.<\/p>\n<h5><strong>Novo departamento de diretoria<\/strong><\/h5>\n<p>O novo departamento de diretoria de TI &amp; Desenvolvimento \u00e9 liderado por Stefan Hohm (48) como Chief Development Officer (CDO). Hohm est\u00e1 na Dachser h\u00e1 28 anos e, durante esse tempo, liderou operacionalmente as filiais em Erfurt (Tur\u00edngia) e Hof (Alta Franconia). Recentemente, ele foi Diretor Corporativo respons\u00e1vel pela pesquisa e desenvolvimento, bem como pelas solu\u00e7\u00f5es corporativas na Dachser. Al\u00e9m de continuar o desenvolvimento da TI, ele agora tamb\u00e9m assume a log\u00edstica contratada global em sua \u00e1rea de responsabilidade.<\/p>\n<p>A sucess\u00e3o de Burkhard Eling como CFO foi assumida, ap\u00f3s um per\u00edodo de quatro meses de integra\u00e7\u00e3o e transi\u00e7\u00e3o, em 1 de janeiro de 2021, pelo experiente gerente financeiro de log\u00edstica Robert Erni. Antes de ingressar na Dachser, o su\u00ed\u00e7o de 54 anos foi CFO do grupo respons\u00e1vel pela \u00e1rea financeira da prestadora de servi\u00e7os log\u00edsticos Panalpina por quase sete anos.<\/p>\n<p>N\u00e3o houve mudan\u00e7as na divis\u00e3o de frete a\u00e9reo e mar\u00edtimo da Dachser. Desde outubro de 2019, Edoardo Podest\u00e0 atua como COO Air &amp; Sea Logistics. O italiano de 58 anos, com sede em Hong Kong, lidera desde 2014 o neg\u00f3cio de frete a\u00e9reo e mar\u00edtimo da Dachser na Unidade de Neg\u00f3cios \u00c1sia-Pac\u00edfico. Podest\u00e0 tamb\u00e9m \u00e9 um gerente da Dachser extremamente experiente. Ele ingressou na empresa em 2003, durante a aquisi\u00e7\u00e3o da joint venture &#8216;Z\u00fcst Ambrosetti Far East Ltd.&#8217;<\/p>\n<p>Foto: \u00a9 Dachser<\/p>\n<p><a href=\"https:\/\/www.dachser.de\" target=\"_blank\" rel=\"noopener noreferrer\">www.dachser.de<\/a><\/p>\n","protected":false},"excerpt":{"rendered":"<p>Na prestadora de servi\u00e7os log\u00edsticos Dachser, a mudan\u00e7a de gera\u00e7\u00f5es foi conclu\u00edda. Com uma nova equipe de diretoria, o grupo entra no novo ano. Stefan Hohm<span class=\"excerpt-hellip\"> [\u2026]<\/span><\/p>\n","protected":false},"author":0,"featured_media":0,"comment_status":"open","ping_status":"open","sticky":false,"template":"","format":"standard","meta":{"_acf_changed":false,"footnotes":""},"categories":[1557,1561],"tags":[],"class_list":["post-22378","post","type-post","status-publish","format-standard","hentry","category-forwarding-logistics","category-regions"],"acf":[],"yoast_head":"<!-- This site is optimized with the Yoast SEO plugin v27.3 - https:\/\/yoast.com\/product\/yoast-seo-wordpress\/ -->\n<title>Dachser inicia o novo ano com Burkhard Eling como CEO - Loginfo24<\/title>\n<meta name=\"robots\" content=\"index, follow, max-snippet:-1, max-image-preview:large, max-video-preview:-1\" \/>\n<link rel=\"canonical\" href=\"https:\/\/loginfo24.com\/pt-pt\/2021\/01\/06\/dachser-inicia-o-novo-ano-com-burkhard-eling-como-ceo\/\" \/>\n<meta property=\"og:locale\" content=\"pt_PT\" \/>\n<meta property=\"og:type\" content=\"article\" \/>\n<meta property=\"og:title\" content=\"Dachser inicia o novo ano com Burkhard Eling como CEO - Loginfo24\" \/>\n<meta property=\"og:description\" content=\"Na prestadora de servi\u00e7os log\u00edsticos Dachser, a mudan\u00e7a de gera\u00e7\u00f5es foi conclu\u00edda. Com uma nova equipe de diretoria, o grupo entra no novo ano. Stefan Hohm [\u2026]\" \/>\n<meta property=\"og:url\" content=\"https:\/\/loginfo24.com\/pt-pt\/2021\/01\/06\/dachser-inicia-o-novo-ano-com-burkhard-eling-como-ceo\/\" \/>\n<meta property=\"og:site_name\" content=\"Loginfo24\" \/>\n<meta property=\"article:publisher\" content=\"https:\/\/www.facebook.com\/people\/Loginfo24\/100057360583332\/\" \/>\n<meta property=\"article:published_time\" content=\"2021-01-06T18:30:07+00:00\" \/>\n<meta property=\"article:modified_time\" content=\"2025-12-15T11:48:56+00:00\" \/>\n<meta property=\"og:image\" content=\"https:\/\/loginfo24.com\/wp-content\/uploads\/sites\/7\/2025\/12\/Banner_Newsletter_Adesso_19.12.20_21.12.20.jpg\" \/>\n<meta name=\"twitter:card\" content=\"summary_large_image\" \/>\n<meta name=\"twitter:label1\" content=\"Tempo estimado de leitura\" \/>\n\t<meta name=\"twitter:data1\" content=\"4 minutos\" \/>\n<script type=\"application\/ld+json\" class=\"yoast-schema-graph\">{\"@context\":\"https:\\\/\\\/schema.org\",\"@graph\":[{\"@type\":\"Article\",\"@id\":\"https:\\\/\\\/loginfo24.com\\\/pt-pt\\\/2021\\\/01\\\/06\\\/dachser-inicia-o-novo-ano-com-burkhard-eling-como-ceo\\\/#article\",\"isPartOf\":{\"@id\":\"https:\\\/\\\/loginfo24.com\\\/pt-pt\\\/2021\\\/01\\\/06\\\/dachser-inicia-o-novo-ano-com-burkhard-eling-como-ceo\\\/\"},\"author\":{\"name\":\"\",\"@id\":\"\"},\"headline\":\"Dachser inicia o novo ano com Burkhard Eling como CEO\",\"datePublished\":\"2021-01-06T18:30:07+00:00\",\"dateModified\":\"2025-12-15T11:48:56+00:00\",\"mainEntityOfPage\":{\"@id\":\"https:\\\/\\\/loginfo24.com\\\/pt-pt\\\/2021\\\/01\\\/06\\\/dachser-inicia-o-novo-ano-com-burkhard-eling-como-ceo\\\/\"},\"wordCount\":893,\"commentCount\":0,\"publisher\":{\"@id\":\"https:\\\/\\\/loginfo24.com\\\/pt-pt\\\/#organization\"},\"image\":{\"@id\":\"https:\\\/\\\/loginfo24.com\\\/pt-pt\\\/2021\\\/01\\\/06\\\/dachser-inicia-o-novo-ano-com-burkhard-eling-como-ceo\\\/#primaryimage\"},\"thumbnailUrl\":\"https:\\\/\\\/loginfo24.com\\\/wp-content\\\/uploads\\\/sites\\\/7\\\/2025\\\/12\\\/Banner_Newsletter_Adesso_19.12.20_21.12.20.jpg\",\"articleSection\":[\"Forwarding &amp; Logistics\",\"Regions\"],\"inLanguage\":\"pt-PT\",\"potentialAction\":[{\"@type\":\"CommentAction\",\"name\":\"Comment\",\"target\":[\"https:\\\/\\\/loginfo24.com\\\/pt-pt\\\/2021\\\/01\\\/06\\\/dachser-inicia-o-novo-ano-com-burkhard-eling-como-ceo\\\/#respond\"]}]},{\"@type\":\"WebPage\",\"@id\":\"https:\\\/\\\/loginfo24.com\\\/pt-pt\\\/2021\\\/01\\\/06\\\/dachser-inicia-o-novo-ano-com-burkhard-eling-como-ceo\\\/\",\"url\":\"https:\\\/\\\/loginfo24.com\\\/pt-pt\\\/2021\\\/01\\\/06\\\/dachser-inicia-o-novo-ano-com-burkhard-eling-como-ceo\\\/\",\"name\":\"Dachser inicia o novo ano com Burkhard Eling como CEO - Loginfo24\",\"isPartOf\":{\"@id\":\"https:\\\/\\\/loginfo24.com\\\/pt-pt\\\/#website\"},\"primaryImageOfPage\":{\"@id\":\"https:\\\/\\\/loginfo24.com\\\/pt-pt\\\/2021\\\/01\\\/06\\\/dachser-inicia-o-novo-ano-com-burkhard-eling-como-ceo\\\/#primaryimage\"},\"image\":{\"@id\":\"https:\\\/\\\/loginfo24.com\\\/pt-pt\\\/2021\\\/01\\\/06\\\/dachser-inicia-o-novo-ano-com-burkhard-eling-como-ceo\\\/#primaryimage\"},\"thumbnailUrl\":\"https:\\\/\\\/loginfo24.com\\\/wp-content\\\/uploads\\\/sites\\\/7\\\/2025\\\/12\\\/Banner_Newsletter_Adesso_19.12.20_21.12.20.jpg\",\"datePublished\":\"2021-01-06T18:30:07+00:00\",\"dateModified\":\"2025-12-15T11:48:56+00:00\",\"breadcrumb\":{\"@id\":\"https:\\\/\\\/loginfo24.com\\\/pt-pt\\\/2021\\\/01\\\/06\\\/dachser-inicia-o-novo-ano-com-burkhard-eling-como-ceo\\\/#breadcrumb\"},\"inLanguage\":\"pt-PT\",\"potentialAction\":[{\"@type\":\"ReadAction\",\"target\":[\"https:\\\/\\\/loginfo24.com\\\/pt-pt\\\/2021\\\/01\\\/06\\\/dachser-inicia-o-novo-ano-com-burkhard-eling-como-ceo\\\/\"]}]},{\"@type\":\"ImageObject\",\"inLanguage\":\"pt-PT\",\"@id\":\"https:\\\/\\\/loginfo24.com\\\/pt-pt\\\/2021\\\/01\\\/06\\\/dachser-inicia-o-novo-ano-com-burkhard-eling-como-ceo\\\/#primaryimage\",\"url\":\"https:\\\/\\\/loginfo24.com\\\/wp-content\\\/uploads\\\/sites\\\/7\\\/2025\\\/12\\\/Banner_Newsletter_Adesso_19.12.20_21.12.20.jpg\",\"contentUrl\":\"https:\\\/\\\/loginfo24.com\\\/wp-content\\\/uploads\\\/sites\\\/7\\\/2025\\\/12\\\/Banner_Newsletter_Adesso_19.12.20_21.12.20.jpg\"},{\"@type\":\"BreadcrumbList\",\"@id\":\"https:\\\/\\\/loginfo24.com\\\/pt-pt\\\/2021\\\/01\\\/06\\\/dachser-inicia-o-novo-ano-com-burkhard-eling-como-ceo\\\/#breadcrumb\",\"itemListElement\":[{\"@type\":\"ListItem\",\"position\":1,\"name\":\"Startseite\",\"item\":\"https:\\\/\\\/loginfo24.com\\\/pt-pt\\\/\"},{\"@type\":\"ListItem\",\"position\":2,\"name\":\"Dachser inicia o novo ano com Burkhard Eling como CEO\"}]},{\"@type\":\"WebSite\",\"@id\":\"https:\\\/\\\/loginfo24.com\\\/pt-pt\\\/#website\",\"url\":\"https:\\\/\\\/loginfo24.com\\\/pt-pt\\\/\",\"name\":\"Loginfo24\",\"description\":\"Loginfo24 \u00e9 a plataforma dedicada \u00e0 log\u00edstica e \u00e0s cadeias de abastecimento, com informa\u00e7\u00f5es dispon\u00edveis 24 horas por dia.\",\"publisher\":{\"@id\":\"https:\\\/\\\/loginfo24.com\\\/pt-pt\\\/#organization\"},\"potentialAction\":[{\"@type\":\"SearchAction\",\"target\":{\"@type\":\"EntryPoint\",\"urlTemplate\":\"https:\\\/\\\/loginfo24.com\\\/pt-pt\\\/?s={search_term_string}\"},\"query-input\":{\"@type\":\"PropertyValueSpecification\",\"valueRequired\":true,\"valueName\":\"search_term_string\"}}],\"inLanguage\":\"pt-PT\"},{\"@type\":\"Organization\",\"@id\":\"https:\\\/\\\/loginfo24.com\\\/pt-pt\\\/#organization\",\"name\":\"Logismedia Group AG\",\"url\":\"https:\\\/\\\/loginfo24.com\\\/pt-pt\\\/\",\"logo\":{\"@type\":\"ImageObject\",\"inLanguage\":\"pt-PT\",\"@id\":\"https:\\\/\\\/loginfo24.com\\\/pt-pt\\\/#\\\/schema\\\/logo\\\/image\\\/\",\"url\":\"https:\\\/\\\/loginfo24.com\\\/wp-content\\\/uploads\\\/sites\\\/7\\\/2026\\\/01\\\/Logo_LogInfo24.png\",\"contentUrl\":\"https:\\\/\\\/loginfo24.com\\\/wp-content\\\/uploads\\\/sites\\\/7\\\/2026\\\/01\\\/Logo_LogInfo24.png\",\"width\":938,\"height\":351,\"caption\":\"Logismedia Group AG\"},\"image\":{\"@id\":\"https:\\\/\\\/loginfo24.com\\\/pt-pt\\\/#\\\/schema\\\/logo\\\/image\\\/\"},\"sameAs\":[\"https:\\\/\\\/www.facebook.com\\\/people\\\/Loginfo24\\\/100057360583332\\\/\",\"https:\\\/\\\/www.linkedin.com\\\/company\\\/lofinfo24\\\/\"]}]}<\/script>\n<!-- \/ Yoast SEO plugin. -->","yoast_head_json":{"title":"Dachser inicia o novo ano com Burkhard Eling como CEO - Loginfo24","robots":{"index":"index","follow":"follow","max-snippet":"max-snippet:-1","max-image-preview":"max-image-preview:large","max-video-preview":"max-video-preview:-1"},"canonical":"https:\/\/loginfo24.com\/pt-pt\/2021\/01\/06\/dachser-inicia-o-novo-ano-com-burkhard-eling-como-ceo\/","og_locale":"pt_PT","og_type":"article","og_title":"Dachser inicia o novo ano com Burkhard Eling como CEO - Loginfo24","og_description":"Na prestadora de servi\u00e7os log\u00edsticos Dachser, a mudan\u00e7a de gera\u00e7\u00f5es foi conclu\u00edda. Com uma nova equipe de diretoria, o grupo entra no novo ano. Stefan Hohm [\u2026]","og_url":"https:\/\/loginfo24.com\/pt-pt\/2021\/01\/06\/dachser-inicia-o-novo-ano-com-burkhard-eling-como-ceo\/","og_site_name":"Loginfo24","article_publisher":"https:\/\/www.facebook.com\/people\/Loginfo24\/100057360583332\/","article_published_time":"2021-01-06T18:30:07+00:00","article_modified_time":"2025-12-15T11:48:56+00:00","og_image":[{"url":"https:\/\/loginfo24.com\/wp-content\/uploads\/sites\/7\/2025\/12\/Banner_Newsletter_Adesso_19.12.20_21.12.20.jpg","type":"","width":"","height":""}],"twitter_card":"summary_large_image","twitter_misc":{"Tempo estimado de leitura":"4 minutos"},"schema":{"@context":"https:\/\/schema.org","@graph":[{"@type":"Article","@id":"https:\/\/loginfo24.com\/pt-pt\/2021\/01\/06\/dachser-inicia-o-novo-ano-com-burkhard-eling-como-ceo\/#article","isPartOf":{"@id":"https:\/\/loginfo24.com\/pt-pt\/2021\/01\/06\/dachser-inicia-o-novo-ano-com-burkhard-eling-como-ceo\/"},"author":{"name":"","@id":""},"headline":"Dachser inicia o novo ano com Burkhard Eling como CEO","datePublished":"2021-01-06T18:30:07+00:00","dateModified":"2025-12-15T11:48:56+00:00","mainEntityOfPage":{"@id":"https:\/\/loginfo24.com\/pt-pt\/2021\/01\/06\/dachser-inicia-o-novo-ano-com-burkhard-eling-como-ceo\/"},"wordCount":893,"commentCount":0,"publisher":{"@id":"https:\/\/loginfo24.com\/pt-pt\/#organization"},"image":{"@id":"https:\/\/loginfo24.com\/pt-pt\/2021\/01\/06\/dachser-inicia-o-novo-ano-com-burkhard-eling-como-ceo\/#primaryimage"},"thumbnailUrl":"https:\/\/loginfo24.com\/wp-content\/uploads\/sites\/7\/2025\/12\/Banner_Newsletter_Adesso_19.12.20_21.12.20.jpg","articleSection":["Forwarding &amp; Logistics","Regions"],"inLanguage":"pt-PT","potentialAction":[{"@type":"CommentAction","name":"Comment","target":["https:\/\/loginfo24.com\/pt-pt\/2021\/01\/06\/dachser-inicia-o-novo-ano-com-burkhard-eling-como-ceo\/#respond"]}]},{"@type":"WebPage","@id":"https:\/\/loginfo24.com\/pt-pt\/2021\/01\/06\/dachser-inicia-o-novo-ano-com-burkhard-eling-como-ceo\/","url":"https:\/\/loginfo24.com\/pt-pt\/2021\/01\/06\/dachser-inicia-o-novo-ano-com-burkhard-eling-como-ceo\/","name":"Dachser inicia o novo ano com Burkhard Eling como CEO - Loginfo24","isPartOf":{"@id":"https:\/\/loginfo24.com\/pt-pt\/#website"},"primaryImageOfPage":{"@id":"https:\/\/loginfo24.com\/pt-pt\/2021\/01\/06\/dachser-inicia-o-novo-ano-com-burkhard-eling-como-ceo\/#primaryimage"},"image":{"@id":"https:\/\/loginfo24.com\/pt-pt\/2021\/01\/06\/dachser-inicia-o-novo-ano-com-burkhard-eling-como-ceo\/#primaryimage"},"thumbnailUrl":"https:\/\/loginfo24.com\/wp-content\/uploads\/sites\/7\/2025\/12\/Banner_Newsletter_Adesso_19.12.20_21.12.20.jpg","datePublished":"2021-01-06T18:30:07+00:00","dateModified":"2025-12-15T11:48:56+00:00","breadcrumb":{"@id":"https:\/\/loginfo24.com\/pt-pt\/2021\/01\/06\/dachser-inicia-o-novo-ano-com-burkhard-eling-como-ceo\/#breadcrumb"},"inLanguage":"pt-PT","potentialAction":[{"@type":"ReadAction","target":["https:\/\/loginfo24.com\/pt-pt\/2021\/01\/06\/dachser-inicia-o-novo-ano-com-burkhard-eling-como-ceo\/"]}]},{"@type":"ImageObject","inLanguage":"pt-PT","@id":"https:\/\/loginfo24.com\/pt-pt\/2021\/01\/06\/dachser-inicia-o-novo-ano-com-burkhard-eling-como-ceo\/#primaryimage","url":"https:\/\/loginfo24.com\/wp-content\/uploads\/sites\/7\/2025\/12\/Banner_Newsletter_Adesso_19.12.20_21.12.20.jpg","contentUrl":"https:\/\/loginfo24.com\/wp-content\/uploads\/sites\/7\/2025\/12\/Banner_Newsletter_Adesso_19.12.20_21.12.20.jpg"},{"@type":"BreadcrumbList","@id":"https:\/\/loginfo24.com\/pt-pt\/2021\/01\/06\/dachser-inicia-o-novo-ano-com-burkhard-eling-como-ceo\/#breadcrumb","itemListElement":[{"@type":"ListItem","position":1,"name":"Startseite","item":"https:\/\/loginfo24.com\/pt-pt\/"},{"@type":"ListItem","position":2,"name":"Dachser inicia o novo ano com Burkhard Eling como CEO"}]},{"@type":"WebSite","@id":"https:\/\/loginfo24.com\/pt-pt\/#website","url":"https:\/\/loginfo24.com\/pt-pt\/","name":"Loginfo24","description":"Loginfo24 \u00e9 a plataforma dedicada \u00e0 log\u00edstica e \u00e0s cadeias de abastecimento, com informa\u00e7\u00f5es dispon\u00edveis 24 horas por dia.","publisher":{"@id":"https:\/\/loginfo24.com\/pt-pt\/#organization"},"potentialAction":[{"@type":"SearchAction","target":{"@type":"EntryPoint","urlTemplate":"https:\/\/loginfo24.com\/pt-pt\/?s={search_term_string}"},"query-input":{"@type":"PropertyValueSpecification","valueRequired":true,"valueName":"search_term_string"}}],"inLanguage":"pt-PT"},{"@type":"Organization","@id":"https:\/\/loginfo24.com\/pt-pt\/#organization","name":"Logismedia Group AG","url":"https:\/\/loginfo24.com\/pt-pt\/","logo":{"@type":"ImageObject","inLanguage":"pt-PT","@id":"https:\/\/loginfo24.com\/pt-pt\/#\/schema\/logo\/image\/","url":"https:\/\/loginfo24.com\/wp-content\/uploads\/sites\/7\/2026\/01\/Logo_LogInfo24.png","contentUrl":"https:\/\/loginfo24.com\/wp-content\/uploads\/sites\/7\/2026\/01\/Logo_LogInfo24.png","width":938,"height":351,"caption":"Logismedia Group AG"},"image":{"@id":"https:\/\/loginfo24.com\/pt-pt\/#\/schema\/logo\/image\/"},"sameAs":["https:\/\/www.facebook.com\/people\/Loginfo24\/100057360583332\/","https:\/\/www.linkedin.com\/company\/lofinfo24\/"]}]}},"_links":{"self":[{"href":"https:\/\/loginfo24.com\/pt-pt\/wp-json\/wp\/v2\/posts\/22378","targetHints":{"allow":["GET"]}}],"collection":[{"href":"https:\/\/loginfo24.com\/pt-pt\/wp-json\/wp\/v2\/posts"}],"about":[{"href":"https:\/\/loginfo24.com\/pt-pt\/wp-json\/wp\/v2\/types\/post"}],"replies":[{"embeddable":true,"href":"https:\/\/loginfo24.com\/pt-pt\/wp-json\/wp\/v2\/comments?post=22378"}],"version-history":[{"count":1,"href":"https:\/\/loginfo24.com\/pt-pt\/wp-json\/wp\/v2\/posts\/22378\/revisions"}],"predecessor-version":[{"id":40942,"href":"https:\/\/loginfo24.com\/pt-pt\/wp-json\/wp\/v2\/posts\/22378\/revisions\/40942"}],"wp:attachment":[{"href":"https:\/\/loginfo24.com\/pt-pt\/wp-json\/wp\/v2\/media?parent=22378"}],"wp:term":[{"taxonomy":"category","embeddable":true,"href":"https:\/\/loginfo24.com\/pt-pt\/wp-json\/wp\/v2\/categories?post=22378"},{"taxonomy":"post_tag","embeddable":true,"href":"https:\/\/loginfo24.com\/pt-pt\/wp-json\/wp\/v2\/tags?post=22378"}],"curies":[{"name":"wp","href":"https:\/\/api.w.org\/{rel}","templated":true}]}}