{"id":22287,"date":"2020-12-18T06:39:34","date_gmt":"2020-12-18T05:39:34","guid":{"rendered":"https:\/\/blog.brand-architecture.at\/2020\/12\/18\/aumento-da-taxa-de-pesados-na-suica-entra-em-vigor-em-julho-de-2021\/"},"modified":"2025-12-15T12:48:26","modified_gmt":"2025-12-15T11:48:26","slug":"aumento-da-taxa-de-pesados-na-suica-entra-em-vigor-em-julho-de-2021","status":"publish","type":"post","link":"https:\/\/loginfo24.com\/pt-pt\/2020\/12\/18\/aumento-da-taxa-de-pesados-na-suica-entra-em-vigor-em-julho-de-2021\/","title":{"rendered":"Aumento da Taxa de Pesados na Su\u00ed\u00e7a entra em vigor em Julho de 2021"},"content":{"rendered":"<p>O aumento da Taxa de Pesados Dependente do Desempenho (LSVA) na Su\u00ed\u00e7a s\u00f3 entrar\u00e1 em vigor a partir de 1 de Julho de 2021, mas vai acontecer. A altera\u00e7\u00e3o tamb\u00e9m teve em conta a situa\u00e7\u00e3o devido \u00e0 pandemia de Corona. Os cami\u00f5es mais antigos das categorias Euro IV e V ser\u00e3o elevados para a categoria mais cara.<\/p>\n<p>(Berna) O Conselho Federal pretende fortalecer ainda mais a pol\u00edtica de desvio. Uma forma de o fazer \u00e9 aumentar as taxas para cami\u00f5es mais antigos na Taxa de Pesados Dependente do Desempenho (LSVA). O Comit\u00e9 Misto do Acordo de Transporte Terrestre Su\u00ed\u00e7a-UE decidiu ajustar a LSVA a partir de 1 de Julho de 2021.<\/p>\n<p>Com o relat\u00f3rio de desvio de 2019, o Conselho Federal aprovou um pacote de medidas para desviar ainda mais mercadorias do transporte rodovi\u00e1rio para o ferrovi\u00e1rio no tr\u00e1fego transalpino. Entre outras decis\u00f5es, decidiu reclassificar os cami\u00f5es mais antigos das categorias Euro IV e Euro V da categoria m\u00e9dia para a categoria LSVA mais cara. Estes ve\u00edculos representam atualmente cerca de dez a vinte por cento do total do desempenho de transporte de mercadorias na estrada. Al\u00e9m disso, o Conselho Federal prev\u00ea eliminar o desconto de dez por cento existente desde 2011 para ve\u00edculos Euro II e Euro III com filtro de part\u00edculas. Estes ve\u00edculos representam cerca de dois por cento do desempenho de transporte.<\/p>\n<h5><strong>Comit\u00e9 Su\u00ed\u00e7a-UE d\u00e1 sinal verde<\/strong><\/h5>\n<p>Como as altera\u00e7\u00f5es tamb\u00e9m afetam o transporte internacional atrav\u00e9s da Su\u00ed\u00e7a, a adapta\u00e7\u00e3o da LSVA deve ser aprovada pelo Comit\u00e9 Misto de Transporte Terrestre Su\u00ed\u00e7a-UE. Este j\u00e1 deu sinal verde para isso. Com a decis\u00e3o, a LSVA ser\u00e1 aumentada seis meses mais tarde do que inicialmente planeado. Assim, s\u00e3o levadas em considera\u00e7\u00e3o as preocupa\u00e7\u00f5es de alguns Estados-Membros da UE, bem como os efeitos da pandemia de Corona. Para a implementa\u00e7\u00e3o, o Conselho Federal tamb\u00e9m ajustar\u00e1 o regulamento da taxa de pesados.<\/p>\n<p>Al\u00e9m disso, o Comit\u00e9 Misto decidiu prorrogar o prazo para a solu\u00e7\u00e3o transit\u00f3ria na colabora\u00e7\u00e3o entre o BAV e a Ag\u00eancia Ferrovi\u00e1ria Europeia at\u00e9 \u00e0 ado\u00e7\u00e3o do pilar t\u00e9cnico do quarto pacote ferrovi\u00e1rio da UE por mais um ano. Tamb\u00e9m aprovou um novo prazo para a revis\u00e3o das particularidades t\u00e9cnicas nacionais na ferrovia.<\/p>\n<p>Foto: \u00a9 Adobe Stock<\/p>\n<p><a href=\"https:\/\/www.bav.admin.ch\/bav\/de\/home.html\" target=\"_blank\" rel=\"noopener noreferrer\">https:\/\/www.bav.admin.ch\/bav\/de\/home.html<\/a><\/p>\n","protected":false},"excerpt":{"rendered":"<p>O aumento da Taxa de Pesados Dependente do Desempenho (LSVA) na Su\u00ed\u00e7a s\u00f3 entrar\u00e1 em vigor a partir de 1 de Julho de 2021, mas vai<span class=\"excerpt-hellip\"> [\u2026]<\/span><\/p>\n","protected":false},"author":0,"featured_media":0,"comment_status":"open","ping_status":"open","sticky":false,"template":"","format":"standard","meta":{"_acf_changed":false,"footnotes":""},"categories":[1557,1561],"tags":[],"class_list":["post-22287","post","type-post","status-publish","format-standard","hentry","category-forwarding-logistics","category-regions"],"acf":[],"yoast_head":"<!-- This site is optimized with the Yoast SEO plugin v27.3 - https:\/\/yoast.com\/product\/yoast-seo-wordpress\/ -->\n<title>Aumento da Taxa de Pesados na Su\u00ed\u00e7a entra em vigor em Julho de 2021 - Loginfo24<\/title>\n<meta name=\"robots\" content=\"index, follow, max-snippet:-1, max-image-preview:large, max-video-preview:-1\" \/>\n<link rel=\"canonical\" href=\"https:\/\/loginfo24.com\/pt-pt\/2020\/12\/18\/aumento-da-taxa-de-pesados-na-suica-entra-em-vigor-em-julho-de-2021\/\" \/>\n<meta property=\"og:locale\" content=\"pt_PT\" \/>\n<meta property=\"og:type\" content=\"article\" \/>\n<meta property=\"og:title\" content=\"Aumento da Taxa de Pesados na Su\u00ed\u00e7a entra em vigor em Julho de 2021 - Loginfo24\" \/>\n<meta property=\"og:description\" content=\"O aumento da Taxa de Pesados Dependente do Desempenho (LSVA) na Su\u00ed\u00e7a s\u00f3 entrar\u00e1 em vigor a partir de 1 de Julho de 2021, mas vai [\u2026]\" \/>\n<meta property=\"og:url\" content=\"https:\/\/loginfo24.com\/pt-pt\/2020\/12\/18\/aumento-da-taxa-de-pesados-na-suica-entra-em-vigor-em-julho-de-2021\/\" \/>\n<meta property=\"og:site_name\" content=\"Loginfo24\" \/>\n<meta property=\"article:publisher\" content=\"https:\/\/www.facebook.com\/people\/Loginfo24\/100057360583332\/\" \/>\n<meta property=\"article:published_time\" content=\"2020-12-18T05:39:34+00:00\" \/>\n<meta property=\"article:modified_time\" content=\"2025-12-15T11:48:26+00:00\" \/>\n<meta name=\"twitter:card\" content=\"summary_large_image\" \/>\n<meta name=\"twitter:label1\" content=\"Tempo estimado de leitura\" \/>\n\t<meta name=\"twitter:data1\" content=\"2 minutos\" \/>\n<script type=\"application\/ld+json\" class=\"yoast-schema-graph\">{\"@context\":\"https:\\\/\\\/schema.org\",\"@graph\":[{\"@type\":\"Article\",\"@id\":\"https:\\\/\\\/loginfo24.com\\\/pt-pt\\\/2020\\\/12\\\/18\\\/aumento-da-taxa-de-pesados-na-suica-entra-em-vigor-em-julho-de-2021\\\/#article\",\"isPartOf\":{\"@id\":\"https:\\\/\\\/loginfo24.com\\\/pt-pt\\\/2020\\\/12\\\/18\\\/aumento-da-taxa-de-pesados-na-suica-entra-em-vigor-em-julho-de-2021\\\/\"},\"author\":{\"name\":\"\",\"@id\":\"\"},\"headline\":\"Aumento da Taxa de Pesados na Su\u00ed\u00e7a entra em vigor em Julho de 2021\",\"datePublished\":\"2020-12-18T05:39:34+00:00\",\"dateModified\":\"2025-12-15T11:48:26+00:00\",\"mainEntityOfPage\":{\"@id\":\"https:\\\/\\\/loginfo24.com\\\/pt-pt\\\/2020\\\/12\\\/18\\\/aumento-da-taxa-de-pesados-na-suica-entra-em-vigor-em-julho-de-2021\\\/\"},\"wordCount\":427,\"commentCount\":0,\"publisher\":{\"@id\":\"https:\\\/\\\/loginfo24.com\\\/pt-pt\\\/#organization\"},\"articleSection\":[\"Forwarding &amp; Logistics\",\"Regions\"],\"inLanguage\":\"pt-PT\",\"potentialAction\":[{\"@type\":\"CommentAction\",\"name\":\"Comment\",\"target\":[\"https:\\\/\\\/loginfo24.com\\\/pt-pt\\\/2020\\\/12\\\/18\\\/aumento-da-taxa-de-pesados-na-suica-entra-em-vigor-em-julho-de-2021\\\/#respond\"]}]},{\"@type\":\"WebPage\",\"@id\":\"https:\\\/\\\/loginfo24.com\\\/pt-pt\\\/2020\\\/12\\\/18\\\/aumento-da-taxa-de-pesados-na-suica-entra-em-vigor-em-julho-de-2021\\\/\",\"url\":\"https:\\\/\\\/loginfo24.com\\\/pt-pt\\\/2020\\\/12\\\/18\\\/aumento-da-taxa-de-pesados-na-suica-entra-em-vigor-em-julho-de-2021\\\/\",\"name\":\"Aumento da Taxa de Pesados na Su\u00ed\u00e7a entra em vigor em Julho de 2021 - Loginfo24\",\"isPartOf\":{\"@id\":\"https:\\\/\\\/loginfo24.com\\\/pt-pt\\\/#website\"},\"datePublished\":\"2020-12-18T05:39:34+00:00\",\"dateModified\":\"2025-12-15T11:48:26+00:00\",\"breadcrumb\":{\"@id\":\"https:\\\/\\\/loginfo24.com\\\/pt-pt\\\/2020\\\/12\\\/18\\\/aumento-da-taxa-de-pesados-na-suica-entra-em-vigor-em-julho-de-2021\\\/#breadcrumb\"},\"inLanguage\":\"pt-PT\",\"potentialAction\":[{\"@type\":\"ReadAction\",\"target\":[\"https:\\\/\\\/loginfo24.com\\\/pt-pt\\\/2020\\\/12\\\/18\\\/aumento-da-taxa-de-pesados-na-suica-entra-em-vigor-em-julho-de-2021\\\/\"]}]},{\"@type\":\"BreadcrumbList\",\"@id\":\"https:\\\/\\\/loginfo24.com\\\/pt-pt\\\/2020\\\/12\\\/18\\\/aumento-da-taxa-de-pesados-na-suica-entra-em-vigor-em-julho-de-2021\\\/#breadcrumb\",\"itemListElement\":[{\"@type\":\"ListItem\",\"position\":1,\"name\":\"Startseite\",\"item\":\"https:\\\/\\\/loginfo24.com\\\/pt-pt\\\/\"},{\"@type\":\"ListItem\",\"position\":2,\"name\":\"Aumento da Taxa de Pesados na Su\u00ed\u00e7a entra em vigor em Julho de 2021\"}]},{\"@type\":\"WebSite\",\"@id\":\"https:\\\/\\\/loginfo24.com\\\/pt-pt\\\/#website\",\"url\":\"https:\\\/\\\/loginfo24.com\\\/pt-pt\\\/\",\"name\":\"Loginfo24\",\"description\":\"Loginfo24 \u00e9 a plataforma dedicada \u00e0 log\u00edstica e \u00e0s cadeias de abastecimento, com informa\u00e7\u00f5es dispon\u00edveis 24 horas por dia.\",\"publisher\":{\"@id\":\"https:\\\/\\\/loginfo24.com\\\/pt-pt\\\/#organization\"},\"potentialAction\":[{\"@type\":\"SearchAction\",\"target\":{\"@type\":\"EntryPoint\",\"urlTemplate\":\"https:\\\/\\\/loginfo24.com\\\/pt-pt\\\/?s={search_term_string}\"},\"query-input\":{\"@type\":\"PropertyValueSpecification\",\"valueRequired\":true,\"valueName\":\"search_term_string\"}}],\"inLanguage\":\"pt-PT\"},{\"@type\":\"Organization\",\"@id\":\"https:\\\/\\\/loginfo24.com\\\/pt-pt\\\/#organization\",\"name\":\"Logismedia Group AG\",\"url\":\"https:\\\/\\\/loginfo24.com\\\/pt-pt\\\/\",\"logo\":{\"@type\":\"ImageObject\",\"inLanguage\":\"pt-PT\",\"@id\":\"https:\\\/\\\/loginfo24.com\\\/pt-pt\\\/#\\\/schema\\\/logo\\\/image\\\/\",\"url\":\"https:\\\/\\\/loginfo24.com\\\/wp-content\\\/uploads\\\/sites\\\/7\\\/2026\\\/01\\\/Logo_LogInfo24.png\",\"contentUrl\":\"https:\\\/\\\/loginfo24.com\\\/wp-content\\\/uploads\\\/sites\\\/7\\\/2026\\\/01\\\/Logo_LogInfo24.png\",\"width\":938,\"height\":351,\"caption\":\"Logismedia Group AG\"},\"image\":{\"@id\":\"https:\\\/\\\/loginfo24.com\\\/pt-pt\\\/#\\\/schema\\\/logo\\\/image\\\/\"},\"sameAs\":[\"https:\\\/\\\/www.facebook.com\\\/people\\\/Loginfo24\\\/100057360583332\\\/\",\"https:\\\/\\\/www.linkedin.com\\\/company\\\/lofinfo24\\\/\"]}]}<\/script>\n<!-- \/ Yoast SEO plugin. -->","yoast_head_json":{"title":"Aumento da Taxa de Pesados na Su\u00ed\u00e7a entra em vigor em Julho de 2021 - Loginfo24","robots":{"index":"index","follow":"follow","max-snippet":"max-snippet:-1","max-image-preview":"max-image-preview:large","max-video-preview":"max-video-preview:-1"},"canonical":"https:\/\/loginfo24.com\/pt-pt\/2020\/12\/18\/aumento-da-taxa-de-pesados-na-suica-entra-em-vigor-em-julho-de-2021\/","og_locale":"pt_PT","og_type":"article","og_title":"Aumento da Taxa de Pesados na Su\u00ed\u00e7a entra em vigor em Julho de 2021 - Loginfo24","og_description":"O aumento da Taxa de Pesados Dependente do Desempenho (LSVA) na Su\u00ed\u00e7a s\u00f3 entrar\u00e1 em vigor a partir de 1 de Julho de 2021, mas vai [\u2026]","og_url":"https:\/\/loginfo24.com\/pt-pt\/2020\/12\/18\/aumento-da-taxa-de-pesados-na-suica-entra-em-vigor-em-julho-de-2021\/","og_site_name":"Loginfo24","article_publisher":"https:\/\/www.facebook.com\/people\/Loginfo24\/100057360583332\/","article_published_time":"2020-12-18T05:39:34+00:00","article_modified_time":"2025-12-15T11:48:26+00:00","twitter_card":"summary_large_image","twitter_misc":{"Tempo estimado de leitura":"2 minutos"},"schema":{"@context":"https:\/\/schema.org","@graph":[{"@type":"Article","@id":"https:\/\/loginfo24.com\/pt-pt\/2020\/12\/18\/aumento-da-taxa-de-pesados-na-suica-entra-em-vigor-em-julho-de-2021\/#article","isPartOf":{"@id":"https:\/\/loginfo24.com\/pt-pt\/2020\/12\/18\/aumento-da-taxa-de-pesados-na-suica-entra-em-vigor-em-julho-de-2021\/"},"author":{"name":"","@id":""},"headline":"Aumento da Taxa de Pesados na Su\u00ed\u00e7a entra em vigor em Julho de 2021","datePublished":"2020-12-18T05:39:34+00:00","dateModified":"2025-12-15T11:48:26+00:00","mainEntityOfPage":{"@id":"https:\/\/loginfo24.com\/pt-pt\/2020\/12\/18\/aumento-da-taxa-de-pesados-na-suica-entra-em-vigor-em-julho-de-2021\/"},"wordCount":427,"commentCount":0,"publisher":{"@id":"https:\/\/loginfo24.com\/pt-pt\/#organization"},"articleSection":["Forwarding &amp; Logistics","Regions"],"inLanguage":"pt-PT","potentialAction":[{"@type":"CommentAction","name":"Comment","target":["https:\/\/loginfo24.com\/pt-pt\/2020\/12\/18\/aumento-da-taxa-de-pesados-na-suica-entra-em-vigor-em-julho-de-2021\/#respond"]}]},{"@type":"WebPage","@id":"https:\/\/loginfo24.com\/pt-pt\/2020\/12\/18\/aumento-da-taxa-de-pesados-na-suica-entra-em-vigor-em-julho-de-2021\/","url":"https:\/\/loginfo24.com\/pt-pt\/2020\/12\/18\/aumento-da-taxa-de-pesados-na-suica-entra-em-vigor-em-julho-de-2021\/","name":"Aumento da Taxa de Pesados na Su\u00ed\u00e7a entra em vigor em Julho de 2021 - Loginfo24","isPartOf":{"@id":"https:\/\/loginfo24.com\/pt-pt\/#website"},"datePublished":"2020-12-18T05:39:34+00:00","dateModified":"2025-12-15T11:48:26+00:00","breadcrumb":{"@id":"https:\/\/loginfo24.com\/pt-pt\/2020\/12\/18\/aumento-da-taxa-de-pesados-na-suica-entra-em-vigor-em-julho-de-2021\/#breadcrumb"},"inLanguage":"pt-PT","potentialAction":[{"@type":"ReadAction","target":["https:\/\/loginfo24.com\/pt-pt\/2020\/12\/18\/aumento-da-taxa-de-pesados-na-suica-entra-em-vigor-em-julho-de-2021\/"]}]},{"@type":"BreadcrumbList","@id":"https:\/\/loginfo24.com\/pt-pt\/2020\/12\/18\/aumento-da-taxa-de-pesados-na-suica-entra-em-vigor-em-julho-de-2021\/#breadcrumb","itemListElement":[{"@type":"ListItem","position":1,"name":"Startseite","item":"https:\/\/loginfo24.com\/pt-pt\/"},{"@type":"ListItem","position":2,"name":"Aumento da Taxa de Pesados na Su\u00ed\u00e7a entra em vigor em Julho de 2021"}]},{"@type":"WebSite","@id":"https:\/\/loginfo24.com\/pt-pt\/#website","url":"https:\/\/loginfo24.com\/pt-pt\/","name":"Loginfo24","description":"Loginfo24 \u00e9 a plataforma dedicada \u00e0 log\u00edstica e \u00e0s cadeias de abastecimento, com informa\u00e7\u00f5es dispon\u00edveis 24 horas por dia.","publisher":{"@id":"https:\/\/loginfo24.com\/pt-pt\/#organization"},"potentialAction":[{"@type":"SearchAction","target":{"@type":"EntryPoint","urlTemplate":"https:\/\/loginfo24.com\/pt-pt\/?s={search_term_string}"},"query-input":{"@type":"PropertyValueSpecification","valueRequired":true,"valueName":"search_term_string"}}],"inLanguage":"pt-PT"},{"@type":"Organization","@id":"https:\/\/loginfo24.com\/pt-pt\/#organization","name":"Logismedia Group AG","url":"https:\/\/loginfo24.com\/pt-pt\/","logo":{"@type":"ImageObject","inLanguage":"pt-PT","@id":"https:\/\/loginfo24.com\/pt-pt\/#\/schema\/logo\/image\/","url":"https:\/\/loginfo24.com\/wp-content\/uploads\/sites\/7\/2026\/01\/Logo_LogInfo24.png","contentUrl":"https:\/\/loginfo24.com\/wp-content\/uploads\/sites\/7\/2026\/01\/Logo_LogInfo24.png","width":938,"height":351,"caption":"Logismedia Group AG"},"image":{"@id":"https:\/\/loginfo24.com\/pt-pt\/#\/schema\/logo\/image\/"},"sameAs":["https:\/\/www.facebook.com\/people\/Loginfo24\/100057360583332\/","https:\/\/www.linkedin.com\/company\/lofinfo24\/"]}]}},"_links":{"self":[{"href":"https:\/\/loginfo24.com\/pt-pt\/wp-json\/wp\/v2\/posts\/22287","targetHints":{"allow":["GET"]}}],"collection":[{"href":"https:\/\/loginfo24.com\/pt-pt\/wp-json\/wp\/v2\/posts"}],"about":[{"href":"https:\/\/loginfo24.com\/pt-pt\/wp-json\/wp\/v2\/types\/post"}],"replies":[{"embeddable":true,"href":"https:\/\/loginfo24.com\/pt-pt\/wp-json\/wp\/v2\/comments?post=22287"}],"version-history":[{"count":1,"href":"https:\/\/loginfo24.com\/pt-pt\/wp-json\/wp\/v2\/posts\/22287\/revisions"}],"predecessor-version":[{"id":40760,"href":"https:\/\/loginfo24.com\/pt-pt\/wp-json\/wp\/v2\/posts\/22287\/revisions\/40760"}],"wp:attachment":[{"href":"https:\/\/loginfo24.com\/pt-pt\/wp-json\/wp\/v2\/media?parent=22287"}],"wp:term":[{"taxonomy":"category","embeddable":true,"href":"https:\/\/loginfo24.com\/pt-pt\/wp-json\/wp\/v2\/categories?post=22287"},{"taxonomy":"post_tag","embeddable":true,"href":"https:\/\/loginfo24.com\/pt-pt\/wp-json\/wp\/v2\/tags?post=22287"}],"curies":[{"name":"wp","href":"https:\/\/api.w.org\/{rel}","templated":true}]}}