{"id":22086,"date":"2020-12-10T19:30:20","date_gmt":"2020-12-10T18:30:20","guid":{"rendered":"https:\/\/blog.brand-architecture.at\/2020\/12\/10\/kombiverkehr-aumenta-a-frequencia-na-rota-lubeck-verona\/"},"modified":"2025-12-15T12:47:00","modified_gmt":"2025-12-15T11:47:00","slug":"kombiverkehr-aumenta-a-frequencia-na-rota-lubeck-verona","status":"publish","type":"post","link":"https:\/\/loginfo24.com\/pt-pt\/2020\/12\/10\/kombiverkehr-aumenta-a-frequencia-na-rota-lubeck-verona\/","title":{"rendered":"Kombiverkehr aumenta a frequ\u00eancia na rota L\u00fcbeck \u2013 Verona"},"content":{"rendered":"<p>A Kombiverkehr KG inicia um comboio direto entre L\u00fcbeck e Verona com liga\u00e7\u00e3o ao Norte da Europa e ao B\u00e1ltico. A opera\u00e7\u00e3o come\u00e7a a 1 de fevereiro de 2021. A liga\u00e7\u00e3o \u00e9 tamb\u00e9m adequada para reboques com quatro metros de altura e at\u00e9 28 toneladas de carga. A oferta j\u00e1 est\u00e1 dispon\u00edvel para reserva no tr\u00e1fego de gateway.<\/p>\n<p>(Frankfurt\/Main, 10 de dezembro de 2020) A Kombiverkehr KG, um dos principais operadores da Europa no transporte intermodal de mercadorias por via ferrovi\u00e1ria, ir\u00e1 aumentar ainda mais a atratividade do transporte combinado no importante corredor Norte-Sul entre a Escandin\u00e1via, Finl\u00e2ndia, B\u00e1ltico e It\u00e1lia com um novo produto de comboio completo.<\/p>\n<h5><strong>Onze partidas semanais<\/strong><\/h5>\n<p>Com in\u00edcio a 1 de fevereiro de 2021, um novo comboio direto ir\u00e1 operar tr\u00eas vezes por semana e em cada dire\u00e7\u00e3o entre L\u00fcbeck-Skandinavienkai e Verona Quadrante Europa no norte da It\u00e1lia via Brenner. Assim, estar\u00e3o dispon\u00edveis no corredor de Verona para a Su\u00e9cia onze partidas semanais e de Verona para a Finl\u00e2ndia nove partidas semanais. Os dias de opera\u00e7\u00e3o do novo comboio s\u00e3o a partir de Verona \u00e0s segundas, quintas e s\u00e1bados. Na dire\u00e7\u00e3o oposta, a partir de L\u00fcbeck, \u00e0s ter\u00e7as, quintas e s\u00e1bados. Em todos os outros dias de opera\u00e7\u00e3o, o envio de unidades de carga atrav\u00e9s de rotas alternativas tamb\u00e9m ser\u00e1 poss\u00edvel. A empresa de Frankfurt j\u00e1 oferece hoje partidas di\u00e1rias nesta rota no tr\u00e1fego de gateway com tempos de tr\u00e2nsito compar\u00e1veis via Hamburgo. Na Su\u00e9cia, al\u00e9m de Trelleborg, Malm\u00f6 e Estocolmo, atrav\u00e9s de um produto de comboio completo interno sueco, o terminal em Hallsberg \u00e9 acess\u00edvel, via Trelleborg Oslo na Noruega. Tamb\u00e9m s\u00e3o diretamente acess\u00edveis a partir de L\u00fcbeck os portos finlandeses de Uusikaupunki, Turku, Hanko e Hels\u00ednquia, Liepaja na Let\u00f4nia e Klaipeda na Litu\u00e2nia.<\/p>\n<h5><strong>Complemento no tr\u00e1fego do Norte da Europa<\/strong><\/h5>\n<p>&#8220;A nossa nova oferta destaca-se pela sua rapidez e complementa a nossa rede no tr\u00e1fego do Norte da Europa. N\u00e3o s\u00f3 os nossos clientes podem reservar rotas amplas e eficientes atrav\u00e9s de todas as rotas \u2013 seja atrav\u00e9s de travessias fixas ou via os portos do B\u00e1ltico de Kiel, L\u00fcbeck e Rostock \u2013 com a Kombiverkehr. Com o novo comboio direto e tempos de transi\u00e7\u00e3o coordenados com as empresas de ferry no Skandinavienkai em L\u00fcbeck, s\u00e3o tamb\u00e9m poss\u00edveis tempos de tr\u00e2nsito entre a It\u00e1lia e a Su\u00e9cia de menos de 48 horas e no tr\u00e1fego para a Finl\u00e2ndia com 72 horas. Esses s\u00e3o tempos que s\u00e3o praticamente imposs\u00edveis na estrada com cami\u00f5es&#8221;, afirma Peter Dannewitz, chefe de vendas da Kombiverkehr KG, sobre a oferta vantajosa para transportadoras e empresas de log\u00edstica. &#8220;Adicionalmente, h\u00e1 o b\u00f4nus ambiental que a empresa respons\u00e1vel pelo transporte pode contabilizar. Apenas no transporte de um semirreboque com um peso de carga aumentado em quatro toneladas no transporte intermodal de 28 toneladas, ser\u00e3o economizadas 2,8 toneladas ou mais de 60% de di\u00f3xido de carbono na liga\u00e7\u00e3o direta do norte da It\u00e1lia at\u00e9 Hallsberg na Su\u00e9cia. A ferrovia, que \u00e9 intrinsecamente de baixas emiss\u00f5es com tra\u00e7\u00e3o el\u00e9trica, e os ferries de \u00faltima gera\u00e7\u00e3o com motores de propuls\u00e3o parcialmente el\u00e9tricos tornam o balan\u00e7o clim\u00e1tico da combina\u00e7\u00e3o dos modos de transporte extremamente positivo.<\/p>\n<h5><strong>Reserva cont\u00ednua<\/strong><\/h5>\n<p>Reservas para contentores cisterna, unidades intercambi\u00e1veis e reboques com uma altura de canto de at\u00e9 quatro metros s\u00e3o poss\u00edveis de forma cont\u00ednua com a Kombiverkehr at\u00e9 ao porto ou terminal de destino na Su\u00e9cia e na Noruega. Assim, os clientes do operador intermodal economizam esfor\u00e7os administrativos complicados. Com apenas uma reserva e uma fatura para o tr\u00e1fego total cont\u00ednuo, o processamento de pedidos \u00e9 especialmente eficiente. Transportadoras que compram o ferry por conta pr\u00f3pria podem, em contraste, reservar apenas o servi\u00e7o ferrovi\u00e1rio puro entre Verona e L\u00fcbeck. Foto: \u00a9 Kombiverkehr<a href=\"https:\/\/www.kombiverkehr.de\" target=\"_blank\" rel=\"noopener noreferrer\">www.kombiverkehr.de<\/a><\/p>\n","protected":false},"excerpt":{"rendered":"<p>A Kombiverkehr KG inicia um comboio direto entre L\u00fcbeck e Verona com liga\u00e7\u00e3o ao Norte da Europa e ao B\u00e1ltico. A opera\u00e7\u00e3o come\u00e7a a 1 de<span class=\"excerpt-hellip\"> [\u2026]<\/span><\/p>\n","protected":false},"author":0,"featured_media":0,"comment_status":"open","ping_status":"open","sticky":false,"template":"","format":"standard","meta":{"_acf_changed":false,"footnotes":""},"categories":[1559],"tags":[],"class_list":["post-22086","post","type-post","status-publish","format-standard","hentry","category-shipping-ports"],"acf":[],"yoast_head":"<!-- This site is optimized with the Yoast SEO plugin v27.3 - https:\/\/yoast.com\/product\/yoast-seo-wordpress\/ -->\n<title>Kombiverkehr aumenta a frequ\u00eancia na rota L\u00fcbeck - Verona - Loginfo24<\/title>\n<meta name=\"robots\" content=\"index, follow, max-snippet:-1, max-image-preview:large, max-video-preview:-1\" \/>\n<link rel=\"canonical\" href=\"https:\/\/loginfo24.com\/pt-pt\/2020\/12\/10\/kombiverkehr-aumenta-a-frequencia-na-rota-lubeck-verona\/\" \/>\n<meta property=\"og:locale\" content=\"pt_PT\" \/>\n<meta property=\"og:type\" content=\"article\" \/>\n<meta property=\"og:title\" content=\"Kombiverkehr aumenta a frequ\u00eancia na rota L\u00fcbeck - Verona - Loginfo24\" \/>\n<meta property=\"og:description\" content=\"A Kombiverkehr KG inicia um comboio direto entre L\u00fcbeck e Verona com liga\u00e7\u00e3o ao Norte da Europa e ao B\u00e1ltico. A opera\u00e7\u00e3o come\u00e7a a 1 de [\u2026]\" \/>\n<meta property=\"og:url\" content=\"https:\/\/loginfo24.com\/pt-pt\/2020\/12\/10\/kombiverkehr-aumenta-a-frequencia-na-rota-lubeck-verona\/\" \/>\n<meta property=\"og:site_name\" content=\"Loginfo24\" \/>\n<meta property=\"article:publisher\" content=\"https:\/\/www.facebook.com\/people\/Loginfo24\/100057360583332\/\" \/>\n<meta property=\"article:published_time\" content=\"2020-12-10T18:30:20+00:00\" \/>\n<meta property=\"article:modified_time\" content=\"2025-12-15T11:47:00+00:00\" \/>\n<meta name=\"twitter:card\" content=\"summary_large_image\" \/>\n<meta name=\"twitter:label1\" content=\"Tempo estimado de leitura\" \/>\n\t<meta name=\"twitter:data1\" content=\"3 minutos\" \/>\n<script type=\"application\/ld+json\" class=\"yoast-schema-graph\">{\"@context\":\"https:\\\/\\\/schema.org\",\"@graph\":[{\"@type\":\"Article\",\"@id\":\"https:\\\/\\\/loginfo24.com\\\/pt-pt\\\/2020\\\/12\\\/10\\\/kombiverkehr-aumenta-a-frequencia-na-rota-lubeck-verona\\\/#article\",\"isPartOf\":{\"@id\":\"https:\\\/\\\/loginfo24.com\\\/pt-pt\\\/2020\\\/12\\\/10\\\/kombiverkehr-aumenta-a-frequencia-na-rota-lubeck-verona\\\/\"},\"author\":{\"name\":\"\",\"@id\":\"\"},\"headline\":\"Kombiverkehr aumenta a frequ\u00eancia na rota L\u00fcbeck \u2013 Verona\",\"datePublished\":\"2020-12-10T18:30:20+00:00\",\"dateModified\":\"2025-12-15T11:47:00+00:00\",\"mainEntityOfPage\":{\"@id\":\"https:\\\/\\\/loginfo24.com\\\/pt-pt\\\/2020\\\/12\\\/10\\\/kombiverkehr-aumenta-a-frequencia-na-rota-lubeck-verona\\\/\"},\"wordCount\":707,\"commentCount\":0,\"publisher\":{\"@id\":\"https:\\\/\\\/loginfo24.com\\\/pt-pt\\\/#organization\"},\"articleSection\":[\"Shipping &amp; Ports\"],\"inLanguage\":\"pt-PT\",\"potentialAction\":[{\"@type\":\"CommentAction\",\"name\":\"Comment\",\"target\":[\"https:\\\/\\\/loginfo24.com\\\/pt-pt\\\/2020\\\/12\\\/10\\\/kombiverkehr-aumenta-a-frequencia-na-rota-lubeck-verona\\\/#respond\"]}]},{\"@type\":\"WebPage\",\"@id\":\"https:\\\/\\\/loginfo24.com\\\/pt-pt\\\/2020\\\/12\\\/10\\\/kombiverkehr-aumenta-a-frequencia-na-rota-lubeck-verona\\\/\",\"url\":\"https:\\\/\\\/loginfo24.com\\\/pt-pt\\\/2020\\\/12\\\/10\\\/kombiverkehr-aumenta-a-frequencia-na-rota-lubeck-verona\\\/\",\"name\":\"Kombiverkehr aumenta a frequ\u00eancia na rota L\u00fcbeck - Verona - Loginfo24\",\"isPartOf\":{\"@id\":\"https:\\\/\\\/loginfo24.com\\\/pt-pt\\\/#website\"},\"datePublished\":\"2020-12-10T18:30:20+00:00\",\"dateModified\":\"2025-12-15T11:47:00+00:00\",\"breadcrumb\":{\"@id\":\"https:\\\/\\\/loginfo24.com\\\/pt-pt\\\/2020\\\/12\\\/10\\\/kombiverkehr-aumenta-a-frequencia-na-rota-lubeck-verona\\\/#breadcrumb\"},\"inLanguage\":\"pt-PT\",\"potentialAction\":[{\"@type\":\"ReadAction\",\"target\":[\"https:\\\/\\\/loginfo24.com\\\/pt-pt\\\/2020\\\/12\\\/10\\\/kombiverkehr-aumenta-a-frequencia-na-rota-lubeck-verona\\\/\"]}]},{\"@type\":\"BreadcrumbList\",\"@id\":\"https:\\\/\\\/loginfo24.com\\\/pt-pt\\\/2020\\\/12\\\/10\\\/kombiverkehr-aumenta-a-frequencia-na-rota-lubeck-verona\\\/#breadcrumb\",\"itemListElement\":[{\"@type\":\"ListItem\",\"position\":1,\"name\":\"Startseite\",\"item\":\"https:\\\/\\\/loginfo24.com\\\/pt-pt\\\/\"},{\"@type\":\"ListItem\",\"position\":2,\"name\":\"Kombiverkehr aumenta a frequ\u00eancia na rota L\u00fcbeck &#8211; Verona\"}]},{\"@type\":\"WebSite\",\"@id\":\"https:\\\/\\\/loginfo24.com\\\/pt-pt\\\/#website\",\"url\":\"https:\\\/\\\/loginfo24.com\\\/pt-pt\\\/\",\"name\":\"Loginfo24\",\"description\":\"Loginfo24 \u00e9 a plataforma dedicada \u00e0 log\u00edstica e \u00e0s cadeias de abastecimento, com informa\u00e7\u00f5es dispon\u00edveis 24 horas por dia.\",\"publisher\":{\"@id\":\"https:\\\/\\\/loginfo24.com\\\/pt-pt\\\/#organization\"},\"potentialAction\":[{\"@type\":\"SearchAction\",\"target\":{\"@type\":\"EntryPoint\",\"urlTemplate\":\"https:\\\/\\\/loginfo24.com\\\/pt-pt\\\/?s={search_term_string}\"},\"query-input\":{\"@type\":\"PropertyValueSpecification\",\"valueRequired\":true,\"valueName\":\"search_term_string\"}}],\"inLanguage\":\"pt-PT\"},{\"@type\":\"Organization\",\"@id\":\"https:\\\/\\\/loginfo24.com\\\/pt-pt\\\/#organization\",\"name\":\"Logismedia Group AG\",\"url\":\"https:\\\/\\\/loginfo24.com\\\/pt-pt\\\/\",\"logo\":{\"@type\":\"ImageObject\",\"inLanguage\":\"pt-PT\",\"@id\":\"https:\\\/\\\/loginfo24.com\\\/pt-pt\\\/#\\\/schema\\\/logo\\\/image\\\/\",\"url\":\"https:\\\/\\\/loginfo24.com\\\/wp-content\\\/uploads\\\/sites\\\/7\\\/2026\\\/01\\\/Logo_LogInfo24.png\",\"contentUrl\":\"https:\\\/\\\/loginfo24.com\\\/wp-content\\\/uploads\\\/sites\\\/7\\\/2026\\\/01\\\/Logo_LogInfo24.png\",\"width\":938,\"height\":351,\"caption\":\"Logismedia Group AG\"},\"image\":{\"@id\":\"https:\\\/\\\/loginfo24.com\\\/pt-pt\\\/#\\\/schema\\\/logo\\\/image\\\/\"},\"sameAs\":[\"https:\\\/\\\/www.facebook.com\\\/people\\\/Loginfo24\\\/100057360583332\\\/\",\"https:\\\/\\\/www.linkedin.com\\\/company\\\/lofinfo24\\\/\"]}]}<\/script>\n<!-- \/ Yoast SEO plugin. -->","yoast_head_json":{"title":"Kombiverkehr aumenta a frequ\u00eancia na rota L\u00fcbeck - Verona - Loginfo24","robots":{"index":"index","follow":"follow","max-snippet":"max-snippet:-1","max-image-preview":"max-image-preview:large","max-video-preview":"max-video-preview:-1"},"canonical":"https:\/\/loginfo24.com\/pt-pt\/2020\/12\/10\/kombiverkehr-aumenta-a-frequencia-na-rota-lubeck-verona\/","og_locale":"pt_PT","og_type":"article","og_title":"Kombiverkehr aumenta a frequ\u00eancia na rota L\u00fcbeck - Verona - Loginfo24","og_description":"A Kombiverkehr KG inicia um comboio direto entre L\u00fcbeck e Verona com liga\u00e7\u00e3o ao Norte da Europa e ao B\u00e1ltico. A opera\u00e7\u00e3o come\u00e7a a 1 de [\u2026]","og_url":"https:\/\/loginfo24.com\/pt-pt\/2020\/12\/10\/kombiverkehr-aumenta-a-frequencia-na-rota-lubeck-verona\/","og_site_name":"Loginfo24","article_publisher":"https:\/\/www.facebook.com\/people\/Loginfo24\/100057360583332\/","article_published_time":"2020-12-10T18:30:20+00:00","article_modified_time":"2025-12-15T11:47:00+00:00","twitter_card":"summary_large_image","twitter_misc":{"Tempo estimado de leitura":"3 minutos"},"schema":{"@context":"https:\/\/schema.org","@graph":[{"@type":"Article","@id":"https:\/\/loginfo24.com\/pt-pt\/2020\/12\/10\/kombiverkehr-aumenta-a-frequencia-na-rota-lubeck-verona\/#article","isPartOf":{"@id":"https:\/\/loginfo24.com\/pt-pt\/2020\/12\/10\/kombiverkehr-aumenta-a-frequencia-na-rota-lubeck-verona\/"},"author":{"name":"","@id":""},"headline":"Kombiverkehr aumenta a frequ\u00eancia na rota L\u00fcbeck \u2013 Verona","datePublished":"2020-12-10T18:30:20+00:00","dateModified":"2025-12-15T11:47:00+00:00","mainEntityOfPage":{"@id":"https:\/\/loginfo24.com\/pt-pt\/2020\/12\/10\/kombiverkehr-aumenta-a-frequencia-na-rota-lubeck-verona\/"},"wordCount":707,"commentCount":0,"publisher":{"@id":"https:\/\/loginfo24.com\/pt-pt\/#organization"},"articleSection":["Shipping &amp; Ports"],"inLanguage":"pt-PT","potentialAction":[{"@type":"CommentAction","name":"Comment","target":["https:\/\/loginfo24.com\/pt-pt\/2020\/12\/10\/kombiverkehr-aumenta-a-frequencia-na-rota-lubeck-verona\/#respond"]}]},{"@type":"WebPage","@id":"https:\/\/loginfo24.com\/pt-pt\/2020\/12\/10\/kombiverkehr-aumenta-a-frequencia-na-rota-lubeck-verona\/","url":"https:\/\/loginfo24.com\/pt-pt\/2020\/12\/10\/kombiverkehr-aumenta-a-frequencia-na-rota-lubeck-verona\/","name":"Kombiverkehr aumenta a frequ\u00eancia na rota L\u00fcbeck - Verona - Loginfo24","isPartOf":{"@id":"https:\/\/loginfo24.com\/pt-pt\/#website"},"datePublished":"2020-12-10T18:30:20+00:00","dateModified":"2025-12-15T11:47:00+00:00","breadcrumb":{"@id":"https:\/\/loginfo24.com\/pt-pt\/2020\/12\/10\/kombiverkehr-aumenta-a-frequencia-na-rota-lubeck-verona\/#breadcrumb"},"inLanguage":"pt-PT","potentialAction":[{"@type":"ReadAction","target":["https:\/\/loginfo24.com\/pt-pt\/2020\/12\/10\/kombiverkehr-aumenta-a-frequencia-na-rota-lubeck-verona\/"]}]},{"@type":"BreadcrumbList","@id":"https:\/\/loginfo24.com\/pt-pt\/2020\/12\/10\/kombiverkehr-aumenta-a-frequencia-na-rota-lubeck-verona\/#breadcrumb","itemListElement":[{"@type":"ListItem","position":1,"name":"Startseite","item":"https:\/\/loginfo24.com\/pt-pt\/"},{"@type":"ListItem","position":2,"name":"Kombiverkehr aumenta a frequ\u00eancia na rota L\u00fcbeck &#8211; Verona"}]},{"@type":"WebSite","@id":"https:\/\/loginfo24.com\/pt-pt\/#website","url":"https:\/\/loginfo24.com\/pt-pt\/","name":"Loginfo24","description":"Loginfo24 \u00e9 a plataforma dedicada \u00e0 log\u00edstica e \u00e0s cadeias de abastecimento, com informa\u00e7\u00f5es dispon\u00edveis 24 horas por dia.","publisher":{"@id":"https:\/\/loginfo24.com\/pt-pt\/#organization"},"potentialAction":[{"@type":"SearchAction","target":{"@type":"EntryPoint","urlTemplate":"https:\/\/loginfo24.com\/pt-pt\/?s={search_term_string}"},"query-input":{"@type":"PropertyValueSpecification","valueRequired":true,"valueName":"search_term_string"}}],"inLanguage":"pt-PT"},{"@type":"Organization","@id":"https:\/\/loginfo24.com\/pt-pt\/#organization","name":"Logismedia Group AG","url":"https:\/\/loginfo24.com\/pt-pt\/","logo":{"@type":"ImageObject","inLanguage":"pt-PT","@id":"https:\/\/loginfo24.com\/pt-pt\/#\/schema\/logo\/image\/","url":"https:\/\/loginfo24.com\/wp-content\/uploads\/sites\/7\/2026\/01\/Logo_LogInfo24.png","contentUrl":"https:\/\/loginfo24.com\/wp-content\/uploads\/sites\/7\/2026\/01\/Logo_LogInfo24.png","width":938,"height":351,"caption":"Logismedia Group AG"},"image":{"@id":"https:\/\/loginfo24.com\/pt-pt\/#\/schema\/logo\/image\/"},"sameAs":["https:\/\/www.facebook.com\/people\/Loginfo24\/100057360583332\/","https:\/\/www.linkedin.com\/company\/lofinfo24\/"]}]}},"_links":{"self":[{"href":"https:\/\/loginfo24.com\/pt-pt\/wp-json\/wp\/v2\/posts\/22086","targetHints":{"allow":["GET"]}}],"collection":[{"href":"https:\/\/loginfo24.com\/pt-pt\/wp-json\/wp\/v2\/posts"}],"about":[{"href":"https:\/\/loginfo24.com\/pt-pt\/wp-json\/wp\/v2\/types\/post"}],"replies":[{"embeddable":true,"href":"https:\/\/loginfo24.com\/pt-pt\/wp-json\/wp\/v2\/comments?post=22086"}],"version-history":[{"count":1,"href":"https:\/\/loginfo24.com\/pt-pt\/wp-json\/wp\/v2\/posts\/22086\/revisions"}],"predecessor-version":[{"id":40362,"href":"https:\/\/loginfo24.com\/pt-pt\/wp-json\/wp\/v2\/posts\/22086\/revisions\/40362"}],"wp:attachment":[{"href":"https:\/\/loginfo24.com\/pt-pt\/wp-json\/wp\/v2\/media?parent=22086"}],"wp:term":[{"taxonomy":"category","embeddable":true,"href":"https:\/\/loginfo24.com\/pt-pt\/wp-json\/wp\/v2\/categories?post=22086"},{"taxonomy":"post_tag","embeddable":true,"href":"https:\/\/loginfo24.com\/pt-pt\/wp-json\/wp\/v2\/tags?post=22086"}],"curies":[{"name":"wp","href":"https:\/\/api.w.org\/{rel}","templated":true}]}}