{"id":22080,"date":"2020-12-10T19:30:03","date_gmt":"2020-12-10T18:30:03","guid":{"rendered":"https:\/\/blog.brand-architecture.at\/2020\/12\/10\/craiss-funda-subsidiaria-na-austria-e-estabelece-centro-logistico\/"},"modified":"2025-12-15T12:46:59","modified_gmt":"2025-12-15T11:46:59","slug":"craiss-funda-subsidiaria-na-austria-e-estabelece-centro-logistico","status":"publish","type":"post","link":"https:\/\/loginfo24.com\/pt-pt\/2020\/12\/10\/craiss-funda-subsidiaria-na-austria-e-estabelece-centro-logistico\/","title":{"rendered":"Craiss funda subsidi\u00e1ria na \u00c1ustria e estabelece centro log\u00edstico"},"content":{"rendered":"<p>O prestador de servi\u00e7os log\u00edsticos Albert Craiss GmbH est\u00e1 a construir um novo centro log\u00edstico para fornecimento de produ\u00e7\u00e3o e log\u00edstica de envio na cidade austr\u00edaca de Weiz (Oststeiermark). A instala\u00e7\u00e3o ser\u00e1 realizada com uma subsidi\u00e1ria rec\u00e9m-fundada, a Craiss Generation Logistik Austria GmbH &amp; Co. KG. A constru\u00e7\u00e3o \u00e9 para um novo cliente e dever\u00e1 ser conclu\u00edda no outono de 2021.<\/p>\n<p>(M\u00fchlacker DE \/ Weiz AT) 10 de dezembro de 2020 \u2013 A Albert Craiss GmbH &amp; Co. KG recebeu o contrato para o fornecimento de produ\u00e7\u00e3o e a log\u00edstica de envio de um grupo tecnol\u00f3gico alem\u00e3o. Na sua localiza\u00e7\u00e3o de produ\u00e7\u00e3o na \u00c1ustria, em Weiz, o prestador de servi\u00e7os log\u00edsticos da Su\u00e1bia, com a sua subsidi\u00e1ria rec\u00e9m-fundada Craiss Generation Logistik Austria GmbH &amp; Co. KG, assumir\u00e1 gradualmente a log\u00edstica de entrada e sa\u00edda no outono do pr\u00f3ximo ano. Para isso, a empresa m\u00e9dia alem\u00e3 est\u00e1 atualmente a construir um novo centro log\u00edstico no sul da cidade industrial. A Unger Stahlbau Ges.m.b.H. do Burgenland atua como empreiteiro geral da nova constru\u00e7\u00e3o. O terceiro membro da sociedade imobili\u00e1ria rec\u00e9m-fundada CUT (Craiss-Unger-Temmel) \u00e9 o empres\u00e1rio de Weiz, Hagen Temmel.<\/p>\n<h5><strong>\u00a0<\/strong><strong>Log\u00edstica de produ\u00e7\u00e3o altamente eficiente<\/strong><\/h5>\n<p><strong>\u00a0<\/strong>&#8220;Com a nossa longa experi\u00eancia na ind\u00fastria automotiva e de fornecedores, temos na Craiss os recursos-chave para uma log\u00edstica de produ\u00e7\u00e3o inovadora e altamente eficiente: colaboradores profissionais e uma alta compet\u00eancia na digitaliza\u00e7\u00e3o de processos log\u00edsticos complexos&#8221;, diz J\u00f6rg Schneider, diretor de log\u00edstica contratual da Albert Craiss GmbH &amp; Co. KG. Para o grande cliente alem\u00e3o, o prestador de servi\u00e7os log\u00edsticos come\u00e7ar\u00e1 a implementar a log\u00edstica de entrada para a f\u00e1brica em Weiz. Grandes instala\u00e7\u00f5es para fornecimento de energia ser\u00e3o fabricadas l\u00e1. O escopo das tarefas inclui o processo cont\u00ednuo de log\u00edstica interna desde a recep\u00e7\u00e3o de mercadorias, a consolida\u00e7\u00e3o e armazenamento de pe\u00e7as de fornecedores, o controle t\u00e9cnico de qualidade, o fornecimento da f\u00e1brica por caminh\u00f5es de transporte, a opera\u00e7\u00e3o da \u00faltima milha interna da f\u00e1brica e o fornecimento at\u00e9 as esta\u00e7\u00f5es de produ\u00e7\u00e3o. No segundo passo, no primeiro trimestre de 2022, a log\u00edstica de sa\u00edda come\u00e7ar\u00e1 com o transporte de produtos acabados para o centro log\u00edstico, a prepara\u00e7\u00e3o t\u00e9cnica para envio e a embalagem mar\u00edtima de pe\u00e7as de m\u00e1quinas e o envio internacional.<\/p>\n<h5><strong>\u00c1rea log\u00edstica de 18.000 m2<\/strong><\/h5>\n<p>Especificamente adaptado \u00e0s exig\u00eancias do cliente, a Craiss est\u00e1 atualmente a construir o novo centro log\u00edstico em um terreno pr\u00f3ximo ao cliente com 48.000 metros quadrados. Em cerca de 18.000 metros quadrados de \u00e1rea log\u00edstica, uma infraestrutura moderna est\u00e1 a ser criada, equipada com tecnologia de guindaste abrangente e equipamentos especiais, como tecnologia de transporte pesado, tecnologia de prateleiras diferenciadas para a gest\u00e3o de processos de fluxo de material enxuto e servi\u00e7os de valor agregado t\u00e9cnico. Schneider espera que a conclus\u00e3o e a opera\u00e7\u00e3o do novo edif\u00edcio ocorram no outono de 2021. Com a implementa\u00e7\u00e3o, inicialmente ser\u00e3o criados cerca de 50 postos de trabalho para colaboradores comerciais, administrativos e t\u00e9cnicos no novo local da Craiss.<\/p>\n<h5><strong>Entrada no mercado austr\u00edaco<\/strong><\/h5>\n<p>Estrat\u00e9gicamente, o contrato ganho representa para a Craiss a entrada no mercado austr\u00edaco de log\u00edstica contratual industrial. A empresa de M\u00fchlacker, na regi\u00e3o de Baden-W\u00fcrttemberg, tem atuado como parceira na log\u00edstica de transporte para numerosos clientes austr\u00edacos h\u00e1 muitas d\u00e9cadas. Com a nova localiza\u00e7\u00e3o na Est\u00edria, o grupo empresarial Craiss tamb\u00e9m est\u00e1 a seguir sua estrat\u00e9gia de crescimento na \u00e1rea de log\u00edstica contratual e, ao mesmo tempo, a expandir seu portf\u00f3lio de servi\u00e7os em log\u00edstica de produ\u00e7\u00e3o para incluir controle t\u00e9cnico de qualidade e embalagens mar\u00edtimas para produtos industriais pesados.<br \/>Foto:  \u00a9 Unger Stahlbau Ges.m.b.H.<br \/><a href=\"https:\/\/www.craiss.com\/\" target=\"_blank\" rel=\"noopener noreferrer\">www.craiss.com<\/a><\/p>\n","protected":false},"excerpt":{"rendered":"<p>O prestador de servi\u00e7os log\u00edsticos Albert Craiss GmbH est\u00e1 a construir um novo centro log\u00edstico para fornecimento de produ\u00e7\u00e3o e log\u00edstica de envio na cidade austr\u00edaca<span class=\"excerpt-hellip\"> [\u2026]<\/span><\/p>\n","protected":false},"author":0,"featured_media":0,"comment_status":"open","ping_status":"open","sticky":false,"template":"","format":"standard","meta":{"_acf_changed":false,"footnotes":""},"categories":[1557,1560,1561],"tags":[],"class_list":["post-22080","post","type-post","status-publish","format-standard","hentry","category-forwarding-logistics","category-intralogistics","category-regions"],"acf":[],"yoast_head":"<!-- This site is optimized with the Yoast SEO plugin v27.3 - https:\/\/yoast.com\/product\/yoast-seo-wordpress\/ -->\n<title>Craiss funda subsidi\u00e1ria na \u00c1ustria e estabelece centro log\u00edstico - Loginfo24<\/title>\n<meta name=\"robots\" content=\"index, follow, max-snippet:-1, max-image-preview:large, max-video-preview:-1\" \/>\n<link rel=\"canonical\" href=\"https:\/\/loginfo24.com\/pt-pt\/2020\/12\/10\/craiss-funda-subsidiaria-na-austria-e-estabelece-centro-logistico\/\" \/>\n<meta property=\"og:locale\" content=\"pt_PT\" \/>\n<meta property=\"og:type\" content=\"article\" \/>\n<meta property=\"og:title\" content=\"Craiss funda subsidi\u00e1ria na \u00c1ustria e estabelece centro log\u00edstico - Loginfo24\" \/>\n<meta property=\"og:description\" content=\"O prestador de servi\u00e7os log\u00edsticos Albert Craiss GmbH est\u00e1 a construir um novo centro log\u00edstico para fornecimento de produ\u00e7\u00e3o e log\u00edstica de envio na cidade austr\u00edaca [\u2026]\" \/>\n<meta property=\"og:url\" content=\"https:\/\/loginfo24.com\/pt-pt\/2020\/12\/10\/craiss-funda-subsidiaria-na-austria-e-estabelece-centro-logistico\/\" \/>\n<meta property=\"og:site_name\" content=\"Loginfo24\" \/>\n<meta property=\"article:publisher\" content=\"https:\/\/www.facebook.com\/people\/Loginfo24\/100057360583332\/\" \/>\n<meta property=\"article:published_time\" content=\"2020-12-10T18:30:03+00:00\" \/>\n<meta property=\"article:modified_time\" content=\"2025-12-15T11:46:59+00:00\" \/>\n<meta name=\"twitter:card\" content=\"summary_large_image\" \/>\n<meta name=\"twitter:label1\" content=\"Tempo estimado de leitura\" \/>\n\t<meta name=\"twitter:data1\" content=\"3 minutos\" \/>\n<script type=\"application\/ld+json\" class=\"yoast-schema-graph\">{\"@context\":\"https:\\\/\\\/schema.org\",\"@graph\":[{\"@type\":\"Article\",\"@id\":\"https:\\\/\\\/loginfo24.com\\\/pt-pt\\\/2020\\\/12\\\/10\\\/craiss-funda-subsidiaria-na-austria-e-estabelece-centro-logistico\\\/#article\",\"isPartOf\":{\"@id\":\"https:\\\/\\\/loginfo24.com\\\/pt-pt\\\/2020\\\/12\\\/10\\\/craiss-funda-subsidiaria-na-austria-e-estabelece-centro-logistico\\\/\"},\"author\":{\"name\":\"\",\"@id\":\"\"},\"headline\":\"Craiss funda subsidi\u00e1ria na \u00c1ustria e estabelece centro log\u00edstico\",\"datePublished\":\"2020-12-10T18:30:03+00:00\",\"dateModified\":\"2025-12-15T11:46:59+00:00\",\"mainEntityOfPage\":{\"@id\":\"https:\\\/\\\/loginfo24.com\\\/pt-pt\\\/2020\\\/12\\\/10\\\/craiss-funda-subsidiaria-na-austria-e-estabelece-centro-logistico\\\/\"},\"wordCount\":699,\"commentCount\":0,\"publisher\":{\"@id\":\"https:\\\/\\\/loginfo24.com\\\/pt-pt\\\/#organization\"},\"articleSection\":[\"Forwarding &amp; Logistics\",\"Intralogistics\",\"Regions\"],\"inLanguage\":\"pt-PT\",\"potentialAction\":[{\"@type\":\"CommentAction\",\"name\":\"Comment\",\"target\":[\"https:\\\/\\\/loginfo24.com\\\/pt-pt\\\/2020\\\/12\\\/10\\\/craiss-funda-subsidiaria-na-austria-e-estabelece-centro-logistico\\\/#respond\"]}]},{\"@type\":\"WebPage\",\"@id\":\"https:\\\/\\\/loginfo24.com\\\/pt-pt\\\/2020\\\/12\\\/10\\\/craiss-funda-subsidiaria-na-austria-e-estabelece-centro-logistico\\\/\",\"url\":\"https:\\\/\\\/loginfo24.com\\\/pt-pt\\\/2020\\\/12\\\/10\\\/craiss-funda-subsidiaria-na-austria-e-estabelece-centro-logistico\\\/\",\"name\":\"Craiss funda subsidi\u00e1ria na \u00c1ustria e estabelece centro log\u00edstico - Loginfo24\",\"isPartOf\":{\"@id\":\"https:\\\/\\\/loginfo24.com\\\/pt-pt\\\/#website\"},\"datePublished\":\"2020-12-10T18:30:03+00:00\",\"dateModified\":\"2025-12-15T11:46:59+00:00\",\"breadcrumb\":{\"@id\":\"https:\\\/\\\/loginfo24.com\\\/pt-pt\\\/2020\\\/12\\\/10\\\/craiss-funda-subsidiaria-na-austria-e-estabelece-centro-logistico\\\/#breadcrumb\"},\"inLanguage\":\"pt-PT\",\"potentialAction\":[{\"@type\":\"ReadAction\",\"target\":[\"https:\\\/\\\/loginfo24.com\\\/pt-pt\\\/2020\\\/12\\\/10\\\/craiss-funda-subsidiaria-na-austria-e-estabelece-centro-logistico\\\/\"]}]},{\"@type\":\"BreadcrumbList\",\"@id\":\"https:\\\/\\\/loginfo24.com\\\/pt-pt\\\/2020\\\/12\\\/10\\\/craiss-funda-subsidiaria-na-austria-e-estabelece-centro-logistico\\\/#breadcrumb\",\"itemListElement\":[{\"@type\":\"ListItem\",\"position\":1,\"name\":\"Startseite\",\"item\":\"https:\\\/\\\/loginfo24.com\\\/pt-pt\\\/\"},{\"@type\":\"ListItem\",\"position\":2,\"name\":\"Craiss funda subsidi\u00e1ria na \u00c1ustria e estabelece centro log\u00edstico\"}]},{\"@type\":\"WebSite\",\"@id\":\"https:\\\/\\\/loginfo24.com\\\/pt-pt\\\/#website\",\"url\":\"https:\\\/\\\/loginfo24.com\\\/pt-pt\\\/\",\"name\":\"Loginfo24\",\"description\":\"Loginfo24 \u00e9 a plataforma dedicada \u00e0 log\u00edstica e \u00e0s cadeias de abastecimento, com informa\u00e7\u00f5es dispon\u00edveis 24 horas por dia.\",\"publisher\":{\"@id\":\"https:\\\/\\\/loginfo24.com\\\/pt-pt\\\/#organization\"},\"potentialAction\":[{\"@type\":\"SearchAction\",\"target\":{\"@type\":\"EntryPoint\",\"urlTemplate\":\"https:\\\/\\\/loginfo24.com\\\/pt-pt\\\/?s={search_term_string}\"},\"query-input\":{\"@type\":\"PropertyValueSpecification\",\"valueRequired\":true,\"valueName\":\"search_term_string\"}}],\"inLanguage\":\"pt-PT\"},{\"@type\":\"Organization\",\"@id\":\"https:\\\/\\\/loginfo24.com\\\/pt-pt\\\/#organization\",\"name\":\"Logismedia Group AG\",\"url\":\"https:\\\/\\\/loginfo24.com\\\/pt-pt\\\/\",\"logo\":{\"@type\":\"ImageObject\",\"inLanguage\":\"pt-PT\",\"@id\":\"https:\\\/\\\/loginfo24.com\\\/pt-pt\\\/#\\\/schema\\\/logo\\\/image\\\/\",\"url\":\"https:\\\/\\\/loginfo24.com\\\/wp-content\\\/uploads\\\/sites\\\/7\\\/2026\\\/01\\\/Logo_LogInfo24.png\",\"contentUrl\":\"https:\\\/\\\/loginfo24.com\\\/wp-content\\\/uploads\\\/sites\\\/7\\\/2026\\\/01\\\/Logo_LogInfo24.png\",\"width\":938,\"height\":351,\"caption\":\"Logismedia Group AG\"},\"image\":{\"@id\":\"https:\\\/\\\/loginfo24.com\\\/pt-pt\\\/#\\\/schema\\\/logo\\\/image\\\/\"},\"sameAs\":[\"https:\\\/\\\/www.facebook.com\\\/people\\\/Loginfo24\\\/100057360583332\\\/\",\"https:\\\/\\\/www.linkedin.com\\\/company\\\/lofinfo24\\\/\"]}]}<\/script>\n<!-- \/ Yoast SEO plugin. -->","yoast_head_json":{"title":"Craiss funda subsidi\u00e1ria na \u00c1ustria e estabelece centro log\u00edstico - Loginfo24","robots":{"index":"index","follow":"follow","max-snippet":"max-snippet:-1","max-image-preview":"max-image-preview:large","max-video-preview":"max-video-preview:-1"},"canonical":"https:\/\/loginfo24.com\/pt-pt\/2020\/12\/10\/craiss-funda-subsidiaria-na-austria-e-estabelece-centro-logistico\/","og_locale":"pt_PT","og_type":"article","og_title":"Craiss funda subsidi\u00e1ria na \u00c1ustria e estabelece centro log\u00edstico - Loginfo24","og_description":"O prestador de servi\u00e7os log\u00edsticos Albert Craiss GmbH est\u00e1 a construir um novo centro log\u00edstico para fornecimento de produ\u00e7\u00e3o e log\u00edstica de envio na cidade austr\u00edaca [\u2026]","og_url":"https:\/\/loginfo24.com\/pt-pt\/2020\/12\/10\/craiss-funda-subsidiaria-na-austria-e-estabelece-centro-logistico\/","og_site_name":"Loginfo24","article_publisher":"https:\/\/www.facebook.com\/people\/Loginfo24\/100057360583332\/","article_published_time":"2020-12-10T18:30:03+00:00","article_modified_time":"2025-12-15T11:46:59+00:00","twitter_card":"summary_large_image","twitter_misc":{"Tempo estimado de leitura":"3 minutos"},"schema":{"@context":"https:\/\/schema.org","@graph":[{"@type":"Article","@id":"https:\/\/loginfo24.com\/pt-pt\/2020\/12\/10\/craiss-funda-subsidiaria-na-austria-e-estabelece-centro-logistico\/#article","isPartOf":{"@id":"https:\/\/loginfo24.com\/pt-pt\/2020\/12\/10\/craiss-funda-subsidiaria-na-austria-e-estabelece-centro-logistico\/"},"author":{"name":"","@id":""},"headline":"Craiss funda subsidi\u00e1ria na \u00c1ustria e estabelece centro log\u00edstico","datePublished":"2020-12-10T18:30:03+00:00","dateModified":"2025-12-15T11:46:59+00:00","mainEntityOfPage":{"@id":"https:\/\/loginfo24.com\/pt-pt\/2020\/12\/10\/craiss-funda-subsidiaria-na-austria-e-estabelece-centro-logistico\/"},"wordCount":699,"commentCount":0,"publisher":{"@id":"https:\/\/loginfo24.com\/pt-pt\/#organization"},"articleSection":["Forwarding &amp; Logistics","Intralogistics","Regions"],"inLanguage":"pt-PT","potentialAction":[{"@type":"CommentAction","name":"Comment","target":["https:\/\/loginfo24.com\/pt-pt\/2020\/12\/10\/craiss-funda-subsidiaria-na-austria-e-estabelece-centro-logistico\/#respond"]}]},{"@type":"WebPage","@id":"https:\/\/loginfo24.com\/pt-pt\/2020\/12\/10\/craiss-funda-subsidiaria-na-austria-e-estabelece-centro-logistico\/","url":"https:\/\/loginfo24.com\/pt-pt\/2020\/12\/10\/craiss-funda-subsidiaria-na-austria-e-estabelece-centro-logistico\/","name":"Craiss funda subsidi\u00e1ria na \u00c1ustria e estabelece centro log\u00edstico - Loginfo24","isPartOf":{"@id":"https:\/\/loginfo24.com\/pt-pt\/#website"},"datePublished":"2020-12-10T18:30:03+00:00","dateModified":"2025-12-15T11:46:59+00:00","breadcrumb":{"@id":"https:\/\/loginfo24.com\/pt-pt\/2020\/12\/10\/craiss-funda-subsidiaria-na-austria-e-estabelece-centro-logistico\/#breadcrumb"},"inLanguage":"pt-PT","potentialAction":[{"@type":"ReadAction","target":["https:\/\/loginfo24.com\/pt-pt\/2020\/12\/10\/craiss-funda-subsidiaria-na-austria-e-estabelece-centro-logistico\/"]}]},{"@type":"BreadcrumbList","@id":"https:\/\/loginfo24.com\/pt-pt\/2020\/12\/10\/craiss-funda-subsidiaria-na-austria-e-estabelece-centro-logistico\/#breadcrumb","itemListElement":[{"@type":"ListItem","position":1,"name":"Startseite","item":"https:\/\/loginfo24.com\/pt-pt\/"},{"@type":"ListItem","position":2,"name":"Craiss funda subsidi\u00e1ria na \u00c1ustria e estabelece centro log\u00edstico"}]},{"@type":"WebSite","@id":"https:\/\/loginfo24.com\/pt-pt\/#website","url":"https:\/\/loginfo24.com\/pt-pt\/","name":"Loginfo24","description":"Loginfo24 \u00e9 a plataforma dedicada \u00e0 log\u00edstica e \u00e0s cadeias de abastecimento, com informa\u00e7\u00f5es dispon\u00edveis 24 horas por dia.","publisher":{"@id":"https:\/\/loginfo24.com\/pt-pt\/#organization"},"potentialAction":[{"@type":"SearchAction","target":{"@type":"EntryPoint","urlTemplate":"https:\/\/loginfo24.com\/pt-pt\/?s={search_term_string}"},"query-input":{"@type":"PropertyValueSpecification","valueRequired":true,"valueName":"search_term_string"}}],"inLanguage":"pt-PT"},{"@type":"Organization","@id":"https:\/\/loginfo24.com\/pt-pt\/#organization","name":"Logismedia Group AG","url":"https:\/\/loginfo24.com\/pt-pt\/","logo":{"@type":"ImageObject","inLanguage":"pt-PT","@id":"https:\/\/loginfo24.com\/pt-pt\/#\/schema\/logo\/image\/","url":"https:\/\/loginfo24.com\/wp-content\/uploads\/sites\/7\/2026\/01\/Logo_LogInfo24.png","contentUrl":"https:\/\/loginfo24.com\/wp-content\/uploads\/sites\/7\/2026\/01\/Logo_LogInfo24.png","width":938,"height":351,"caption":"Logismedia Group AG"},"image":{"@id":"https:\/\/loginfo24.com\/pt-pt\/#\/schema\/logo\/image\/"},"sameAs":["https:\/\/www.facebook.com\/people\/Loginfo24\/100057360583332\/","https:\/\/www.linkedin.com\/company\/lofinfo24\/"]}]}},"_links":{"self":[{"href":"https:\/\/loginfo24.com\/pt-pt\/wp-json\/wp\/v2\/posts\/22080","targetHints":{"allow":["GET"]}}],"collection":[{"href":"https:\/\/loginfo24.com\/pt-pt\/wp-json\/wp\/v2\/posts"}],"about":[{"href":"https:\/\/loginfo24.com\/pt-pt\/wp-json\/wp\/v2\/types\/post"}],"replies":[{"embeddable":true,"href":"https:\/\/loginfo24.com\/pt-pt\/wp-json\/wp\/v2\/comments?post=22080"}],"version-history":[{"count":1,"href":"https:\/\/loginfo24.com\/pt-pt\/wp-json\/wp\/v2\/posts\/22080\/revisions"}],"predecessor-version":[{"id":40350,"href":"https:\/\/loginfo24.com\/pt-pt\/wp-json\/wp\/v2\/posts\/22080\/revisions\/40350"}],"wp:attachment":[{"href":"https:\/\/loginfo24.com\/pt-pt\/wp-json\/wp\/v2\/media?parent=22080"}],"wp:term":[{"taxonomy":"category","embeddable":true,"href":"https:\/\/loginfo24.com\/pt-pt\/wp-json\/wp\/v2\/categories?post=22080"},{"taxonomy":"post_tag","embeddable":true,"href":"https:\/\/loginfo24.com\/pt-pt\/wp-json\/wp\/v2\/tags?post=22080"}],"curies":[{"name":"wp","href":"https:\/\/api.w.org\/{rel}","templated":true}]}}