{"id":21956,"date":"2020-12-07T19:38:16","date_gmt":"2020-12-07T18:38:16","guid":{"rendered":"https:\/\/blog.brand-architecture.at\/2020\/12\/07\/pequenas-e-medias-empresas-formam-a-espinha-dorsal-da-logistica\/"},"modified":"2025-12-15T12:46:26","modified_gmt":"2025-12-15T11:46:26","slug":"pequenas-e-medias-empresas-formam-a-espinha-dorsal-da-logistica","status":"publish","type":"post","link":"https:\/\/loginfo24.com\/pt-pt\/2020\/12\/07\/pequenas-e-medias-empresas-formam-a-espinha-dorsal-da-logistica\/","title":{"rendered":"Pequenas e m\u00e9dias empresas formam a espinha dorsal da log\u00edstica"},"content":{"rendered":"<p>A Associa\u00e7\u00e3o Federal de Log\u00edstica (BVL) mostra que pequenas e m\u00e9dias empresas tamb\u00e9m formam a espinha dorsal na log\u00edstica. Sustentabilidade, Corona, digitaliza\u00e7\u00e3o ou novo trabalho: essas tend\u00eancias n\u00e3o afetam apenas grandes corpora\u00e7\u00f5es. Pequenas e m\u00e9dias empresas tamb\u00e9m est\u00e3o diretamente afetadas. E especialmente, elas lutam por competitividade internacional em tempos como este.<\/p>\n<p>(Bremen) As PMEs s\u00e3o a espinha dorsal da economia alem\u00e3. E em &#8220;tempos cheios de pol\u00eamica, populismo e polariza\u00e7\u00e3o&#8221;, a economia alem\u00e3 precisa de uma espinha dorsal forte, afirma Dr.-Ing. Christoph Beumer, CEO da empresa de intralog\u00edstica Beumer Group. As PMEs est\u00e3o cientes desse papel no Congresso Alem\u00e3o de Log\u00edstica e fazem tudo para sair da crise mais fortes.<\/p>\n<h5><strong>Corona: Todos os olhos na log\u00edstica e nas PME?<\/strong><\/h5>\n<p>&#8220;A Corona foca a log\u00edstica e as PME&#8221;, observou G\u00fcnther Jocher, membro do conselho da prestadora de servi\u00e7os log\u00edsticos Group7. Ele observa duas tend\u00eancias que afetam sua empresa tanto como log\u00edstico quanto como PME: &#8220;No crime de domingo, o corpo n\u00e3o \u00e9 mais encontrado no armaz\u00e9m log\u00edstico. A log\u00edstica finalmente est\u00e1 sendo colocada de forma positiva no centro das aten\u00e7\u00f5es.&#8221; Uma boa tend\u00eancia, que Jocher tamb\u00e9m atribui ao aumento do interesse p\u00fablico nas avalia\u00e7\u00f5es dos prestadores de servi\u00e7os log\u00edsticos sobre a Corona. Al\u00e9m disso, as PMEs se beneficiam especialmente de ajudas r\u00e1pidas do governo para superar a crise. No entanto, a Group7 optou conscientemente por n\u00e3o recorrer ao trabalho reduzido: &#8220;Precisamos aproveitar a crise para desenvolver novos servi\u00e7os e produtos e fortalecer a coes\u00e3o dentro da empresa.&#8221;<\/p>\n<h5><strong>Sustentabilidade: um significado especial para as PMEs<\/strong><\/h5>\n<p>Promover a coes\u00e3o tamb\u00e9m \u00e9 parte da estrat\u00e9gia de sustentabilidade, que considera de maneira especial as pessoas nas empresas, n\u00e3o apenas na Group7. A preserva\u00e7\u00e3o de empregos tamb\u00e9m \u00e9 uma contribui\u00e7\u00e3o importante para a responsabilidade social, afirma Sebastian Windeck da tradicional empresa familiar Metallbau Windeck. O fato de que a sustentabilidade desempenha um papel importante, especialmente para empresas familiares, foi destacado tamb\u00e9m pelo Prof. Kai Furmans do Instituto de Tecnologia de Karlsruhe e presidente do Conselho Cient\u00edfico da Associa\u00e7\u00e3o Federal de Log\u00edstica (BVL) e.V. Pois as empresas familiares buscam, por defini\u00e7\u00e3o, a preserva\u00e7\u00e3o dos fatores de produ\u00e7\u00e3o e, assim, a viabilidade econ\u00f4mica para as gera\u00e7\u00f5es futuras. Isso inclui tamb\u00e9m a preserva\u00e7\u00e3o dos recursos naturais, acredita Dr. Michael Faller da fabricante de embalagens August Faller GmbH &amp; Co. KG. Sua empresa, portanto, valoriza produtos sustent\u00e1veis: &#8220;Embalagens s\u00e3o indispens\u00e1veis e uma parte importante da cadeia de suprimentos.&#8221; Pois especialmente na \u00e1rea farmac\u00eautica, na qual a empresa de m\u00e9dio porte se especializou, as caixas dobr\u00e1veis e outros materiais de embalagem tamb\u00e9m desempenham uma fun\u00e7\u00e3o de informa\u00e7\u00e3o, identifica\u00e7\u00e3o e prote\u00e7\u00e3o. Portanto, se n\u00e3o \u00e9 poss\u00edvel funcionar sem embalagens, para o empres\u00e1rio \u00e9 natural torn\u00e1-las o mais sustent\u00e1vel poss\u00edvel \u2013 por exemplo, utilizando papel\u00e3o em vez de pl\u00e1stico e mudando para embalagens de monomaterial que s\u00e3o mais f\u00e1ceis de reciclar.<\/p>\n<h5><strong>Seguran\u00e7a para o futuro e sucesso a longo prazo<\/strong><\/h5>\n<p>Todos os esfor\u00e7os de sustentabilidade t\u00eam como objetivo ser bem-sucedidos a longo prazo. &#8220;Empresas familiares pensam em gera\u00e7\u00f5es, n\u00e3o em trimestres.&#8221; Assim, Faller descreveu o cerne desse pensamento de longo prazo. &#8220;N\u00e3o se trata de contas, mas de preservar empregos&#8221;, enfatizou tamb\u00e9m Sebastian Windeck. Preservar esses empregos e promover seus pr\u00f3prios funcion\u00e1rios \u00e9 visto por ele como uma parte importante da estrat\u00e9gia de sucesso. E Christoph Beumer tamb\u00e9m pondera entre a gan\u00e2ncia por lucro e a seguran\u00e7a a longo prazo: &#8220;De que adianta otimizar meu lucro se a cadeia de suprimentos se rompe?&#8221; Para garantir tanto os empregos quanto tornar a empresa resiliente a crises para o futuro, as PMEs investem \u2013 em pessoas, em estruturas digitais ou em locais de produ\u00e7\u00e3o alternativos. Para poder investir sem restri\u00e7\u00f5es em um futuro bem-sucedido, Beumer tamb\u00e9m v\u00ea a obriga\u00e7\u00e3o do governo de n\u00e3o colocar obst\u00e1culos \u00e0s PMEs e, por exemplo, excluir o patrim\u00f4nio empresarial do imposto sobre heran\u00e7a. Pois sem reservas, segundo Beumer, n\u00e3o h\u00e1 como passar empresas para a pr\u00f3xima gera\u00e7\u00e3o. Sua exig\u00eancia, portanto, \u00e9: &#8220;\u00c9 imprudente quebrar a espinha dorsal da economia alem\u00e3. Por favor, repensem, a espinha dorsal come\u00e7a na cabe\u00e7a.&#8221;<\/p>\n<p>Foto: \u00a9 BVL<\/p>\n<p><a href=\"https:\/\/www.bvl.de\" target=\"_blank\" rel=\"noopener noreferrer\">www.bvl.de<\/a><\/p>\n","protected":false},"excerpt":{"rendered":"<p>A Associa\u00e7\u00e3o Federal de Log\u00edstica (BVL) mostra que pequenas e m\u00e9dias empresas tamb\u00e9m formam a espinha dorsal na log\u00edstica. Sustentabilidade, Corona, digitaliza\u00e7\u00e3o ou novo trabalho: essas<span class=\"excerpt-hellip\"> [\u2026]<\/span><\/p>\n","protected":false},"author":0,"featured_media":0,"comment_status":"open","ping_status":"open","sticky":false,"template":"","format":"standard","meta":{"_acf_changed":false,"footnotes":""},"categories":[1665,1561],"tags":[],"class_list":["post-21956","post","type-post","status-publish","format-standard","hentry","category-categories","category-regions"],"acf":[],"yoast_head":"<!-- This site is optimized with the Yoast SEO plugin v27.3 - https:\/\/yoast.com\/product\/yoast-seo-wordpress\/ -->\n<title>Pequenas e m\u00e9dias empresas formam a espinha dorsal da log\u00edstica - Loginfo24<\/title>\n<meta name=\"robots\" content=\"index, follow, max-snippet:-1, max-image-preview:large, max-video-preview:-1\" \/>\n<link rel=\"canonical\" href=\"https:\/\/loginfo24.com\/pt-pt\/2020\/12\/07\/pequenas-e-medias-empresas-formam-a-espinha-dorsal-da-logistica\/\" \/>\n<meta property=\"og:locale\" content=\"pt_PT\" \/>\n<meta property=\"og:type\" content=\"article\" \/>\n<meta property=\"og:title\" content=\"Pequenas e m\u00e9dias empresas formam a espinha dorsal da log\u00edstica - Loginfo24\" \/>\n<meta property=\"og:description\" content=\"A Associa\u00e7\u00e3o Federal de Log\u00edstica (BVL) mostra que pequenas e m\u00e9dias empresas tamb\u00e9m formam a espinha dorsal na log\u00edstica. Sustentabilidade, Corona, digitaliza\u00e7\u00e3o ou novo trabalho: essas [\u2026]\" \/>\n<meta property=\"og:url\" content=\"https:\/\/loginfo24.com\/pt-pt\/2020\/12\/07\/pequenas-e-medias-empresas-formam-a-espinha-dorsal-da-logistica\/\" \/>\n<meta property=\"og:site_name\" content=\"Loginfo24\" \/>\n<meta property=\"article:publisher\" content=\"https:\/\/www.facebook.com\/people\/Loginfo24\/100057360583332\/\" \/>\n<meta property=\"article:published_time\" content=\"2020-12-07T18:38:16+00:00\" \/>\n<meta property=\"article:modified_time\" content=\"2025-12-15T11:46:26+00:00\" \/>\n<meta name=\"twitter:card\" content=\"summary_large_image\" \/>\n<meta name=\"twitter:label1\" content=\"Tempo estimado de leitura\" \/>\n\t<meta name=\"twitter:data1\" content=\"4 minutos\" \/>\n<script type=\"application\/ld+json\" class=\"yoast-schema-graph\">{\"@context\":\"https:\\\/\\\/schema.org\",\"@graph\":[{\"@type\":\"Article\",\"@id\":\"https:\\\/\\\/loginfo24.com\\\/pt-pt\\\/2020\\\/12\\\/07\\\/pequenas-e-medias-empresas-formam-a-espinha-dorsal-da-logistica\\\/#article\",\"isPartOf\":{\"@id\":\"https:\\\/\\\/loginfo24.com\\\/pt-pt\\\/2020\\\/12\\\/07\\\/pequenas-e-medias-empresas-formam-a-espinha-dorsal-da-logistica\\\/\"},\"author\":{\"name\":\"\",\"@id\":\"\"},\"headline\":\"Pequenas e m\u00e9dias empresas formam a espinha dorsal da log\u00edstica\",\"datePublished\":\"2020-12-07T18:38:16+00:00\",\"dateModified\":\"2025-12-15T11:46:26+00:00\",\"mainEntityOfPage\":{\"@id\":\"https:\\\/\\\/loginfo24.com\\\/pt-pt\\\/2020\\\/12\\\/07\\\/pequenas-e-medias-empresas-formam-a-espinha-dorsal-da-logistica\\\/\"},\"wordCount\":786,\"commentCount\":0,\"publisher\":{\"@id\":\"https:\\\/\\\/loginfo24.com\\\/pt-pt\\\/#organization\"},\"articleSection\":[\"Categories\",\"Regions\"],\"inLanguage\":\"pt-PT\",\"potentialAction\":[{\"@type\":\"CommentAction\",\"name\":\"Comment\",\"target\":[\"https:\\\/\\\/loginfo24.com\\\/pt-pt\\\/2020\\\/12\\\/07\\\/pequenas-e-medias-empresas-formam-a-espinha-dorsal-da-logistica\\\/#respond\"]}]},{\"@type\":\"WebPage\",\"@id\":\"https:\\\/\\\/loginfo24.com\\\/pt-pt\\\/2020\\\/12\\\/07\\\/pequenas-e-medias-empresas-formam-a-espinha-dorsal-da-logistica\\\/\",\"url\":\"https:\\\/\\\/loginfo24.com\\\/pt-pt\\\/2020\\\/12\\\/07\\\/pequenas-e-medias-empresas-formam-a-espinha-dorsal-da-logistica\\\/\",\"name\":\"Pequenas e m\u00e9dias empresas formam a espinha dorsal da log\u00edstica - Loginfo24\",\"isPartOf\":{\"@id\":\"https:\\\/\\\/loginfo24.com\\\/pt-pt\\\/#website\"},\"datePublished\":\"2020-12-07T18:38:16+00:00\",\"dateModified\":\"2025-12-15T11:46:26+00:00\",\"breadcrumb\":{\"@id\":\"https:\\\/\\\/loginfo24.com\\\/pt-pt\\\/2020\\\/12\\\/07\\\/pequenas-e-medias-empresas-formam-a-espinha-dorsal-da-logistica\\\/#breadcrumb\"},\"inLanguage\":\"pt-PT\",\"potentialAction\":[{\"@type\":\"ReadAction\",\"target\":[\"https:\\\/\\\/loginfo24.com\\\/pt-pt\\\/2020\\\/12\\\/07\\\/pequenas-e-medias-empresas-formam-a-espinha-dorsal-da-logistica\\\/\"]}]},{\"@type\":\"BreadcrumbList\",\"@id\":\"https:\\\/\\\/loginfo24.com\\\/pt-pt\\\/2020\\\/12\\\/07\\\/pequenas-e-medias-empresas-formam-a-espinha-dorsal-da-logistica\\\/#breadcrumb\",\"itemListElement\":[{\"@type\":\"ListItem\",\"position\":1,\"name\":\"Startseite\",\"item\":\"https:\\\/\\\/loginfo24.com\\\/pt-pt\\\/\"},{\"@type\":\"ListItem\",\"position\":2,\"name\":\"Pequenas e m\u00e9dias empresas formam a espinha dorsal da log\u00edstica\"}]},{\"@type\":\"WebSite\",\"@id\":\"https:\\\/\\\/loginfo24.com\\\/pt-pt\\\/#website\",\"url\":\"https:\\\/\\\/loginfo24.com\\\/pt-pt\\\/\",\"name\":\"Loginfo24\",\"description\":\"Loginfo24 \u00e9 a plataforma dedicada \u00e0 log\u00edstica e \u00e0s cadeias de abastecimento, com informa\u00e7\u00f5es dispon\u00edveis 24 horas por dia.\",\"publisher\":{\"@id\":\"https:\\\/\\\/loginfo24.com\\\/pt-pt\\\/#organization\"},\"potentialAction\":[{\"@type\":\"SearchAction\",\"target\":{\"@type\":\"EntryPoint\",\"urlTemplate\":\"https:\\\/\\\/loginfo24.com\\\/pt-pt\\\/?s={search_term_string}\"},\"query-input\":{\"@type\":\"PropertyValueSpecification\",\"valueRequired\":true,\"valueName\":\"search_term_string\"}}],\"inLanguage\":\"pt-PT\"},{\"@type\":\"Organization\",\"@id\":\"https:\\\/\\\/loginfo24.com\\\/pt-pt\\\/#organization\",\"name\":\"Logismedia Group AG\",\"url\":\"https:\\\/\\\/loginfo24.com\\\/pt-pt\\\/\",\"logo\":{\"@type\":\"ImageObject\",\"inLanguage\":\"pt-PT\",\"@id\":\"https:\\\/\\\/loginfo24.com\\\/pt-pt\\\/#\\\/schema\\\/logo\\\/image\\\/\",\"url\":\"https:\\\/\\\/loginfo24.com\\\/wp-content\\\/uploads\\\/sites\\\/7\\\/2026\\\/01\\\/Logo_LogInfo24.png\",\"contentUrl\":\"https:\\\/\\\/loginfo24.com\\\/wp-content\\\/uploads\\\/sites\\\/7\\\/2026\\\/01\\\/Logo_LogInfo24.png\",\"width\":938,\"height\":351,\"caption\":\"Logismedia Group AG\"},\"image\":{\"@id\":\"https:\\\/\\\/loginfo24.com\\\/pt-pt\\\/#\\\/schema\\\/logo\\\/image\\\/\"},\"sameAs\":[\"https:\\\/\\\/www.facebook.com\\\/people\\\/Loginfo24\\\/100057360583332\\\/\",\"https:\\\/\\\/www.linkedin.com\\\/company\\\/lofinfo24\\\/\"]}]}<\/script>\n<!-- \/ Yoast SEO plugin. -->","yoast_head_json":{"title":"Pequenas e m\u00e9dias empresas formam a espinha dorsal da log\u00edstica - Loginfo24","robots":{"index":"index","follow":"follow","max-snippet":"max-snippet:-1","max-image-preview":"max-image-preview:large","max-video-preview":"max-video-preview:-1"},"canonical":"https:\/\/loginfo24.com\/pt-pt\/2020\/12\/07\/pequenas-e-medias-empresas-formam-a-espinha-dorsal-da-logistica\/","og_locale":"pt_PT","og_type":"article","og_title":"Pequenas e m\u00e9dias empresas formam a espinha dorsal da log\u00edstica - Loginfo24","og_description":"A Associa\u00e7\u00e3o Federal de Log\u00edstica (BVL) mostra que pequenas e m\u00e9dias empresas tamb\u00e9m formam a espinha dorsal na log\u00edstica. Sustentabilidade, Corona, digitaliza\u00e7\u00e3o ou novo trabalho: essas [\u2026]","og_url":"https:\/\/loginfo24.com\/pt-pt\/2020\/12\/07\/pequenas-e-medias-empresas-formam-a-espinha-dorsal-da-logistica\/","og_site_name":"Loginfo24","article_publisher":"https:\/\/www.facebook.com\/people\/Loginfo24\/100057360583332\/","article_published_time":"2020-12-07T18:38:16+00:00","article_modified_time":"2025-12-15T11:46:26+00:00","twitter_card":"summary_large_image","twitter_misc":{"Tempo estimado de leitura":"4 minutos"},"schema":{"@context":"https:\/\/schema.org","@graph":[{"@type":"Article","@id":"https:\/\/loginfo24.com\/pt-pt\/2020\/12\/07\/pequenas-e-medias-empresas-formam-a-espinha-dorsal-da-logistica\/#article","isPartOf":{"@id":"https:\/\/loginfo24.com\/pt-pt\/2020\/12\/07\/pequenas-e-medias-empresas-formam-a-espinha-dorsal-da-logistica\/"},"author":{"name":"","@id":""},"headline":"Pequenas e m\u00e9dias empresas formam a espinha dorsal da log\u00edstica","datePublished":"2020-12-07T18:38:16+00:00","dateModified":"2025-12-15T11:46:26+00:00","mainEntityOfPage":{"@id":"https:\/\/loginfo24.com\/pt-pt\/2020\/12\/07\/pequenas-e-medias-empresas-formam-a-espinha-dorsal-da-logistica\/"},"wordCount":786,"commentCount":0,"publisher":{"@id":"https:\/\/loginfo24.com\/pt-pt\/#organization"},"articleSection":["Categories","Regions"],"inLanguage":"pt-PT","potentialAction":[{"@type":"CommentAction","name":"Comment","target":["https:\/\/loginfo24.com\/pt-pt\/2020\/12\/07\/pequenas-e-medias-empresas-formam-a-espinha-dorsal-da-logistica\/#respond"]}]},{"@type":"WebPage","@id":"https:\/\/loginfo24.com\/pt-pt\/2020\/12\/07\/pequenas-e-medias-empresas-formam-a-espinha-dorsal-da-logistica\/","url":"https:\/\/loginfo24.com\/pt-pt\/2020\/12\/07\/pequenas-e-medias-empresas-formam-a-espinha-dorsal-da-logistica\/","name":"Pequenas e m\u00e9dias empresas formam a espinha dorsal da log\u00edstica - Loginfo24","isPartOf":{"@id":"https:\/\/loginfo24.com\/pt-pt\/#website"},"datePublished":"2020-12-07T18:38:16+00:00","dateModified":"2025-12-15T11:46:26+00:00","breadcrumb":{"@id":"https:\/\/loginfo24.com\/pt-pt\/2020\/12\/07\/pequenas-e-medias-empresas-formam-a-espinha-dorsal-da-logistica\/#breadcrumb"},"inLanguage":"pt-PT","potentialAction":[{"@type":"ReadAction","target":["https:\/\/loginfo24.com\/pt-pt\/2020\/12\/07\/pequenas-e-medias-empresas-formam-a-espinha-dorsal-da-logistica\/"]}]},{"@type":"BreadcrumbList","@id":"https:\/\/loginfo24.com\/pt-pt\/2020\/12\/07\/pequenas-e-medias-empresas-formam-a-espinha-dorsal-da-logistica\/#breadcrumb","itemListElement":[{"@type":"ListItem","position":1,"name":"Startseite","item":"https:\/\/loginfo24.com\/pt-pt\/"},{"@type":"ListItem","position":2,"name":"Pequenas e m\u00e9dias empresas formam a espinha dorsal da log\u00edstica"}]},{"@type":"WebSite","@id":"https:\/\/loginfo24.com\/pt-pt\/#website","url":"https:\/\/loginfo24.com\/pt-pt\/","name":"Loginfo24","description":"Loginfo24 \u00e9 a plataforma dedicada \u00e0 log\u00edstica e \u00e0s cadeias de abastecimento, com informa\u00e7\u00f5es dispon\u00edveis 24 horas por dia.","publisher":{"@id":"https:\/\/loginfo24.com\/pt-pt\/#organization"},"potentialAction":[{"@type":"SearchAction","target":{"@type":"EntryPoint","urlTemplate":"https:\/\/loginfo24.com\/pt-pt\/?s={search_term_string}"},"query-input":{"@type":"PropertyValueSpecification","valueRequired":true,"valueName":"search_term_string"}}],"inLanguage":"pt-PT"},{"@type":"Organization","@id":"https:\/\/loginfo24.com\/pt-pt\/#organization","name":"Logismedia Group AG","url":"https:\/\/loginfo24.com\/pt-pt\/","logo":{"@type":"ImageObject","inLanguage":"pt-PT","@id":"https:\/\/loginfo24.com\/pt-pt\/#\/schema\/logo\/image\/","url":"https:\/\/loginfo24.com\/wp-content\/uploads\/sites\/7\/2026\/01\/Logo_LogInfo24.png","contentUrl":"https:\/\/loginfo24.com\/wp-content\/uploads\/sites\/7\/2026\/01\/Logo_LogInfo24.png","width":938,"height":351,"caption":"Logismedia Group AG"},"image":{"@id":"https:\/\/loginfo24.com\/pt-pt\/#\/schema\/logo\/image\/"},"sameAs":["https:\/\/www.facebook.com\/people\/Loginfo24\/100057360583332\/","https:\/\/www.linkedin.com\/company\/lofinfo24\/"]}]}},"_links":{"self":[{"href":"https:\/\/loginfo24.com\/pt-pt\/wp-json\/wp\/v2\/posts\/21956","targetHints":{"allow":["GET"]}}],"collection":[{"href":"https:\/\/loginfo24.com\/pt-pt\/wp-json\/wp\/v2\/posts"}],"about":[{"href":"https:\/\/loginfo24.com\/pt-pt\/wp-json\/wp\/v2\/types\/post"}],"replies":[{"embeddable":true,"href":"https:\/\/loginfo24.com\/pt-pt\/wp-json\/wp\/v2\/comments?post=21956"}],"version-history":[{"count":1,"href":"https:\/\/loginfo24.com\/pt-pt\/wp-json\/wp\/v2\/posts\/21956\/revisions"}],"predecessor-version":[{"id":40102,"href":"https:\/\/loginfo24.com\/pt-pt\/wp-json\/wp\/v2\/posts\/21956\/revisions\/40102"}],"wp:attachment":[{"href":"https:\/\/loginfo24.com\/pt-pt\/wp-json\/wp\/v2\/media?parent=21956"}],"wp:term":[{"taxonomy":"category","embeddable":true,"href":"https:\/\/loginfo24.com\/pt-pt\/wp-json\/wp\/v2\/categories?post=21956"},{"taxonomy":"post_tag","embeddable":true,"href":"https:\/\/loginfo24.com\/pt-pt\/wp-json\/wp\/v2\/tags?post=21956"}],"curies":[{"name":"wp","href":"https:\/\/api.w.org\/{rel}","templated":true}]}}