{"id":21688,"date":"2020-11-30T18:44:37","date_gmt":"2020-11-30T17:44:37","guid":{"rendered":"https:\/\/blog.brand-architecture.at\/2020\/11\/30\/peter-strom-e-o-novo-diretor-geral-da-volvo-trucks-alemanha\/"},"modified":"2025-12-15T12:45:13","modified_gmt":"2025-12-15T11:45:13","slug":"peter-strom-e-o-novo-diretor-geral-da-volvo-trucks-alemanha","status":"publish","type":"post","link":"https:\/\/loginfo24.com\/pt-pt\/2020\/11\/30\/peter-strom-e-o-novo-diretor-geral-da-volvo-trucks-alemanha\/","title":{"rendered":"Peter Str\u00f6m \u00e9 o novo diretor-geral da Volvo Trucks Alemanha"},"content":{"rendered":"<p>A partir de 1 de dezembro de 2020, Peter Str\u00f6m assumir\u00e1 a dire\u00e7\u00e3o da Volvo Trucks na Alemanha. Ele sucede a Christian Coolsaet, que \u00e9 diretor-geral da Volvo Trucks UK &amp; Ireland desde 1 de setembro. Str\u00f6m vem da PEMA, onde tamb\u00e9m foi diretor-geral para a Alemanha e, ao mesmo tempo, Vice-Presidente da TIP Central Region.<\/p>\n<p>(Ismaning) Peter Str\u00f6m vem da PEMA GmbH, onde foi diretor-geral na Alemanha e tamb\u00e9m Vice-Presidente da TIP Central Region. O sueco nativo traz uma vasta experi\u00eancia em gest\u00e3o. Ele ocupou cargos de lideran\u00e7a em vendas e marketing na Mercedes-Benz Financial Services e foi diretor-geral da Mercedes-Benz CharterWay. Al\u00e9m disso, foi Diretor Comercial Europeu na GE Commercial Finance.<\/p>\n<h5><strong>A Alemanha \u00e9 o mercado mais competitivo<\/strong><\/h5>\n<p> &#8220;Como sueco, assumir a dire\u00e7\u00e3o da Volvo Trucks no meu pa\u00eds de ado\u00e7\u00e3o, a Alemanha, me enche de orgulho. A Alemanha \u00e9 o mercado mais competitivo da Europa. Poder atuar ativamente aqui \u00e9 um desafio que aceito com prazer. Com os novos ve\u00edculos recentemente apresentados e uma equipe j\u00e1 bem-sucedida, vamos levar a Volvo Trucks ainda mais longe,&#8221; afirma Peter Str\u00f6m com confian\u00e7a. Peter Str\u00f6m mant\u00e9m uma boa rela\u00e7\u00e3o comercial com a Volvo Trucks h\u00e1 muito tempo, uma vez que a PEMA GmbH, como uma das principais locadoras independentes de ve\u00edculos pesados na Europa, possui tamb\u00e9m numerosos caminh\u00f5es Volvo em sua frota de 20.000 unidades.<\/p>\n<h5><strong>15 anos na ind\u00fastria de ve\u00edculos comerciais<\/strong><\/h5>\n<p> Peter Str\u00f6m nasceu em 1963 na Su\u00e9cia e possui um diploma em Direito e Administra\u00e7\u00e3o de Empresas. Desde 2000, vive na Alemanha e trabalhou por 15 anos na ind\u00fastria de ve\u00edculos comerciais alem\u00e3 e europeia. Ele sucede Christian Coolsaet, que \u00e9 diretor-geral da Volvo Trucks UK &amp; Ireland desde 1 de setembro. Peter Str\u00f6m far\u00e1 parte da equipe de gest\u00e3o para a Europa do Norte e Central e reportar\u00e1 a Anna M\u00fcller, SVP da Volvo Trucks Europa do Norte e Central. At\u00e9 a posse de Peter Str\u00f6m, Charlotte Olofsson, Diretora Financeira da Volvo Trucks na Alemanha, liderou os neg\u00f3cios interinamente. Foto: \u00a9 Volvo Trucks <a href=\"https:\/\/www.volvotrucks.de\" target=\"_blank\" rel=\"noopener noreferrer\">www.volvotrucks.de<\/a><\/p>\n","protected":false},"excerpt":{"rendered":"<p>A partir de 1 de dezembro de 2020, Peter Str\u00f6m assumir\u00e1 a dire\u00e7\u00e3o da Volvo Trucks na Alemanha. Ele sucede a Christian Coolsaet, que \u00e9 diretor-geral<span class=\"excerpt-hellip\"> [\u2026]<\/span><\/p>\n","protected":false},"author":0,"featured_media":0,"comment_status":"open","ping_status":"open","sticky":false,"template":"","format":"standard","meta":{"_acf_changed":false,"footnotes":""},"categories":[1557,1556,1561],"tags":[],"class_list":["post-21688","post","type-post","status-publish","format-standard","hentry","category-forwarding-logistics","category-intermodal-road","category-regions"],"acf":[],"yoast_head":"<!-- This site is optimized with the Yoast SEO plugin v27.3 - https:\/\/yoast.com\/product\/yoast-seo-wordpress\/ -->\n<title>Peter Str\u00f6m \u00e9 o novo diretor-geral da Volvo Trucks Alemanha - Loginfo24<\/title>\n<meta name=\"robots\" content=\"index, follow, max-snippet:-1, max-image-preview:large, max-video-preview:-1\" \/>\n<link rel=\"canonical\" href=\"https:\/\/loginfo24.com\/pt-pt\/2020\/11\/30\/peter-strom-e-o-novo-diretor-geral-da-volvo-trucks-alemanha\/\" \/>\n<meta property=\"og:locale\" content=\"pt_PT\" \/>\n<meta property=\"og:type\" content=\"article\" \/>\n<meta property=\"og:title\" content=\"Peter Str\u00f6m \u00e9 o novo diretor-geral da Volvo Trucks Alemanha - Loginfo24\" \/>\n<meta property=\"og:description\" content=\"A partir de 1 de dezembro de 2020, Peter Str\u00f6m assumir\u00e1 a dire\u00e7\u00e3o da Volvo Trucks na Alemanha. Ele sucede a Christian Coolsaet, que \u00e9 diretor-geral [\u2026]\" \/>\n<meta property=\"og:url\" content=\"https:\/\/loginfo24.com\/pt-pt\/2020\/11\/30\/peter-strom-e-o-novo-diretor-geral-da-volvo-trucks-alemanha\/\" \/>\n<meta property=\"og:site_name\" content=\"Loginfo24\" \/>\n<meta property=\"article:publisher\" content=\"https:\/\/www.facebook.com\/people\/Loginfo24\/100057360583332\/\" \/>\n<meta property=\"article:published_time\" content=\"2020-11-30T17:44:37+00:00\" \/>\n<meta property=\"article:modified_time\" content=\"2025-12-15T11:45:13+00:00\" \/>\n<meta name=\"twitter:card\" content=\"summary_large_image\" \/>\n<meta name=\"twitter:label1\" content=\"Tempo estimado de leitura\" \/>\n\t<meta name=\"twitter:data1\" content=\"2 minutos\" \/>\n<script type=\"application\/ld+json\" class=\"yoast-schema-graph\">{\"@context\":\"https:\\\/\\\/schema.org\",\"@graph\":[{\"@type\":\"Article\",\"@id\":\"https:\\\/\\\/loginfo24.com\\\/pt-pt\\\/2020\\\/11\\\/30\\\/peter-strom-e-o-novo-diretor-geral-da-volvo-trucks-alemanha\\\/#article\",\"isPartOf\":{\"@id\":\"https:\\\/\\\/loginfo24.com\\\/pt-pt\\\/2020\\\/11\\\/30\\\/peter-strom-e-o-novo-diretor-geral-da-volvo-trucks-alemanha\\\/\"},\"author\":{\"name\":\"\",\"@id\":\"\"},\"headline\":\"Peter Str\u00f6m \u00e9 o novo diretor-geral da Volvo Trucks Alemanha\",\"datePublished\":\"2020-11-30T17:44:37+00:00\",\"dateModified\":\"2025-12-15T11:45:13+00:00\",\"mainEntityOfPage\":{\"@id\":\"https:\\\/\\\/loginfo24.com\\\/pt-pt\\\/2020\\\/11\\\/30\\\/peter-strom-e-o-novo-diretor-geral-da-volvo-trucks-alemanha\\\/\"},\"wordCount\":368,\"commentCount\":0,\"publisher\":{\"@id\":\"https:\\\/\\\/loginfo24.com\\\/pt-pt\\\/#organization\"},\"articleSection\":[\"Forwarding &amp; Logistics\",\"Intermodal \\\/ Road\",\"Regions\"],\"inLanguage\":\"pt-PT\",\"potentialAction\":[{\"@type\":\"CommentAction\",\"name\":\"Comment\",\"target\":[\"https:\\\/\\\/loginfo24.com\\\/pt-pt\\\/2020\\\/11\\\/30\\\/peter-strom-e-o-novo-diretor-geral-da-volvo-trucks-alemanha\\\/#respond\"]}]},{\"@type\":\"WebPage\",\"@id\":\"https:\\\/\\\/loginfo24.com\\\/pt-pt\\\/2020\\\/11\\\/30\\\/peter-strom-e-o-novo-diretor-geral-da-volvo-trucks-alemanha\\\/\",\"url\":\"https:\\\/\\\/loginfo24.com\\\/pt-pt\\\/2020\\\/11\\\/30\\\/peter-strom-e-o-novo-diretor-geral-da-volvo-trucks-alemanha\\\/\",\"name\":\"Peter Str\u00f6m \u00e9 o novo diretor-geral da Volvo Trucks Alemanha - Loginfo24\",\"isPartOf\":{\"@id\":\"https:\\\/\\\/loginfo24.com\\\/pt-pt\\\/#website\"},\"datePublished\":\"2020-11-30T17:44:37+00:00\",\"dateModified\":\"2025-12-15T11:45:13+00:00\",\"breadcrumb\":{\"@id\":\"https:\\\/\\\/loginfo24.com\\\/pt-pt\\\/2020\\\/11\\\/30\\\/peter-strom-e-o-novo-diretor-geral-da-volvo-trucks-alemanha\\\/#breadcrumb\"},\"inLanguage\":\"pt-PT\",\"potentialAction\":[{\"@type\":\"ReadAction\",\"target\":[\"https:\\\/\\\/loginfo24.com\\\/pt-pt\\\/2020\\\/11\\\/30\\\/peter-strom-e-o-novo-diretor-geral-da-volvo-trucks-alemanha\\\/\"]}]},{\"@type\":\"BreadcrumbList\",\"@id\":\"https:\\\/\\\/loginfo24.com\\\/pt-pt\\\/2020\\\/11\\\/30\\\/peter-strom-e-o-novo-diretor-geral-da-volvo-trucks-alemanha\\\/#breadcrumb\",\"itemListElement\":[{\"@type\":\"ListItem\",\"position\":1,\"name\":\"Startseite\",\"item\":\"https:\\\/\\\/loginfo24.com\\\/pt-pt\\\/\"},{\"@type\":\"ListItem\",\"position\":2,\"name\":\"Peter Str\u00f6m \u00e9 o novo diretor-geral da Volvo Trucks Alemanha\"}]},{\"@type\":\"WebSite\",\"@id\":\"https:\\\/\\\/loginfo24.com\\\/pt-pt\\\/#website\",\"url\":\"https:\\\/\\\/loginfo24.com\\\/pt-pt\\\/\",\"name\":\"Loginfo24\",\"description\":\"Loginfo24 \u00e9 a plataforma dedicada \u00e0 log\u00edstica e \u00e0s cadeias de abastecimento, com informa\u00e7\u00f5es dispon\u00edveis 24 horas por dia.\",\"publisher\":{\"@id\":\"https:\\\/\\\/loginfo24.com\\\/pt-pt\\\/#organization\"},\"potentialAction\":[{\"@type\":\"SearchAction\",\"target\":{\"@type\":\"EntryPoint\",\"urlTemplate\":\"https:\\\/\\\/loginfo24.com\\\/pt-pt\\\/?s={search_term_string}\"},\"query-input\":{\"@type\":\"PropertyValueSpecification\",\"valueRequired\":true,\"valueName\":\"search_term_string\"}}],\"inLanguage\":\"pt-PT\"},{\"@type\":\"Organization\",\"@id\":\"https:\\\/\\\/loginfo24.com\\\/pt-pt\\\/#organization\",\"name\":\"Logismedia Group AG\",\"url\":\"https:\\\/\\\/loginfo24.com\\\/pt-pt\\\/\",\"logo\":{\"@type\":\"ImageObject\",\"inLanguage\":\"pt-PT\",\"@id\":\"https:\\\/\\\/loginfo24.com\\\/pt-pt\\\/#\\\/schema\\\/logo\\\/image\\\/\",\"url\":\"https:\\\/\\\/loginfo24.com\\\/wp-content\\\/uploads\\\/sites\\\/7\\\/2026\\\/01\\\/Logo_LogInfo24.png\",\"contentUrl\":\"https:\\\/\\\/loginfo24.com\\\/wp-content\\\/uploads\\\/sites\\\/7\\\/2026\\\/01\\\/Logo_LogInfo24.png\",\"width\":938,\"height\":351,\"caption\":\"Logismedia Group AG\"},\"image\":{\"@id\":\"https:\\\/\\\/loginfo24.com\\\/pt-pt\\\/#\\\/schema\\\/logo\\\/image\\\/\"},\"sameAs\":[\"https:\\\/\\\/www.facebook.com\\\/people\\\/Loginfo24\\\/100057360583332\\\/\",\"https:\\\/\\\/www.linkedin.com\\\/company\\\/lofinfo24\\\/\"]}]}<\/script>\n<!-- \/ Yoast SEO plugin. -->","yoast_head_json":{"title":"Peter Str\u00f6m \u00e9 o novo diretor-geral da Volvo Trucks Alemanha - Loginfo24","robots":{"index":"index","follow":"follow","max-snippet":"max-snippet:-1","max-image-preview":"max-image-preview:large","max-video-preview":"max-video-preview:-1"},"canonical":"https:\/\/loginfo24.com\/pt-pt\/2020\/11\/30\/peter-strom-e-o-novo-diretor-geral-da-volvo-trucks-alemanha\/","og_locale":"pt_PT","og_type":"article","og_title":"Peter Str\u00f6m \u00e9 o novo diretor-geral da Volvo Trucks Alemanha - Loginfo24","og_description":"A partir de 1 de dezembro de 2020, Peter Str\u00f6m assumir\u00e1 a dire\u00e7\u00e3o da Volvo Trucks na Alemanha. Ele sucede a Christian Coolsaet, que \u00e9 diretor-geral [\u2026]","og_url":"https:\/\/loginfo24.com\/pt-pt\/2020\/11\/30\/peter-strom-e-o-novo-diretor-geral-da-volvo-trucks-alemanha\/","og_site_name":"Loginfo24","article_publisher":"https:\/\/www.facebook.com\/people\/Loginfo24\/100057360583332\/","article_published_time":"2020-11-30T17:44:37+00:00","article_modified_time":"2025-12-15T11:45:13+00:00","twitter_card":"summary_large_image","twitter_misc":{"Tempo estimado de leitura":"2 minutos"},"schema":{"@context":"https:\/\/schema.org","@graph":[{"@type":"Article","@id":"https:\/\/loginfo24.com\/pt-pt\/2020\/11\/30\/peter-strom-e-o-novo-diretor-geral-da-volvo-trucks-alemanha\/#article","isPartOf":{"@id":"https:\/\/loginfo24.com\/pt-pt\/2020\/11\/30\/peter-strom-e-o-novo-diretor-geral-da-volvo-trucks-alemanha\/"},"author":{"name":"","@id":""},"headline":"Peter Str\u00f6m \u00e9 o novo diretor-geral da Volvo Trucks Alemanha","datePublished":"2020-11-30T17:44:37+00:00","dateModified":"2025-12-15T11:45:13+00:00","mainEntityOfPage":{"@id":"https:\/\/loginfo24.com\/pt-pt\/2020\/11\/30\/peter-strom-e-o-novo-diretor-geral-da-volvo-trucks-alemanha\/"},"wordCount":368,"commentCount":0,"publisher":{"@id":"https:\/\/loginfo24.com\/pt-pt\/#organization"},"articleSection":["Forwarding &amp; Logistics","Intermodal \/ Road","Regions"],"inLanguage":"pt-PT","potentialAction":[{"@type":"CommentAction","name":"Comment","target":["https:\/\/loginfo24.com\/pt-pt\/2020\/11\/30\/peter-strom-e-o-novo-diretor-geral-da-volvo-trucks-alemanha\/#respond"]}]},{"@type":"WebPage","@id":"https:\/\/loginfo24.com\/pt-pt\/2020\/11\/30\/peter-strom-e-o-novo-diretor-geral-da-volvo-trucks-alemanha\/","url":"https:\/\/loginfo24.com\/pt-pt\/2020\/11\/30\/peter-strom-e-o-novo-diretor-geral-da-volvo-trucks-alemanha\/","name":"Peter Str\u00f6m \u00e9 o novo diretor-geral da Volvo Trucks Alemanha - Loginfo24","isPartOf":{"@id":"https:\/\/loginfo24.com\/pt-pt\/#website"},"datePublished":"2020-11-30T17:44:37+00:00","dateModified":"2025-12-15T11:45:13+00:00","breadcrumb":{"@id":"https:\/\/loginfo24.com\/pt-pt\/2020\/11\/30\/peter-strom-e-o-novo-diretor-geral-da-volvo-trucks-alemanha\/#breadcrumb"},"inLanguage":"pt-PT","potentialAction":[{"@type":"ReadAction","target":["https:\/\/loginfo24.com\/pt-pt\/2020\/11\/30\/peter-strom-e-o-novo-diretor-geral-da-volvo-trucks-alemanha\/"]}]},{"@type":"BreadcrumbList","@id":"https:\/\/loginfo24.com\/pt-pt\/2020\/11\/30\/peter-strom-e-o-novo-diretor-geral-da-volvo-trucks-alemanha\/#breadcrumb","itemListElement":[{"@type":"ListItem","position":1,"name":"Startseite","item":"https:\/\/loginfo24.com\/pt-pt\/"},{"@type":"ListItem","position":2,"name":"Peter Str\u00f6m \u00e9 o novo diretor-geral da Volvo Trucks Alemanha"}]},{"@type":"WebSite","@id":"https:\/\/loginfo24.com\/pt-pt\/#website","url":"https:\/\/loginfo24.com\/pt-pt\/","name":"Loginfo24","description":"Loginfo24 \u00e9 a plataforma dedicada \u00e0 log\u00edstica e \u00e0s cadeias de abastecimento, com informa\u00e7\u00f5es dispon\u00edveis 24 horas por dia.","publisher":{"@id":"https:\/\/loginfo24.com\/pt-pt\/#organization"},"potentialAction":[{"@type":"SearchAction","target":{"@type":"EntryPoint","urlTemplate":"https:\/\/loginfo24.com\/pt-pt\/?s={search_term_string}"},"query-input":{"@type":"PropertyValueSpecification","valueRequired":true,"valueName":"search_term_string"}}],"inLanguage":"pt-PT"},{"@type":"Organization","@id":"https:\/\/loginfo24.com\/pt-pt\/#organization","name":"Logismedia Group AG","url":"https:\/\/loginfo24.com\/pt-pt\/","logo":{"@type":"ImageObject","inLanguage":"pt-PT","@id":"https:\/\/loginfo24.com\/pt-pt\/#\/schema\/logo\/image\/","url":"https:\/\/loginfo24.com\/wp-content\/uploads\/sites\/7\/2026\/01\/Logo_LogInfo24.png","contentUrl":"https:\/\/loginfo24.com\/wp-content\/uploads\/sites\/7\/2026\/01\/Logo_LogInfo24.png","width":938,"height":351,"caption":"Logismedia Group AG"},"image":{"@id":"https:\/\/loginfo24.com\/pt-pt\/#\/schema\/logo\/image\/"},"sameAs":["https:\/\/www.facebook.com\/people\/Loginfo24\/100057360583332\/","https:\/\/www.linkedin.com\/company\/lofinfo24\/"]}]}},"_links":{"self":[{"href":"https:\/\/loginfo24.com\/pt-pt\/wp-json\/wp\/v2\/posts\/21688","targetHints":{"allow":["GET"]}}],"collection":[{"href":"https:\/\/loginfo24.com\/pt-pt\/wp-json\/wp\/v2\/posts"}],"about":[{"href":"https:\/\/loginfo24.com\/pt-pt\/wp-json\/wp\/v2\/types\/post"}],"replies":[{"embeddable":true,"href":"https:\/\/loginfo24.com\/pt-pt\/wp-json\/wp\/v2\/comments?post=21688"}],"version-history":[{"count":1,"href":"https:\/\/loginfo24.com\/pt-pt\/wp-json\/wp\/v2\/posts\/21688\/revisions"}],"predecessor-version":[{"id":39570,"href":"https:\/\/loginfo24.com\/pt-pt\/wp-json\/wp\/v2\/posts\/21688\/revisions\/39570"}],"wp:attachment":[{"href":"https:\/\/loginfo24.com\/pt-pt\/wp-json\/wp\/v2\/media?parent=21688"}],"wp:term":[{"taxonomy":"category","embeddable":true,"href":"https:\/\/loginfo24.com\/pt-pt\/wp-json\/wp\/v2\/categories?post=21688"},{"taxonomy":"post_tag","embeddable":true,"href":"https:\/\/loginfo24.com\/pt-pt\/wp-json\/wp\/v2\/tags?post=21688"}],"curies":[{"name":"wp","href":"https:\/\/api.w.org\/{rel}","templated":true}]}}