{"id":21034,"date":"2020-11-06T07:30:58","date_gmt":"2020-11-06T06:30:58","guid":{"rendered":"https:\/\/blog.brand-architecture.at\/2020\/11\/06\/toda-a-rede-ferroviaria-sera-ecologizada-e-digitalizada\/"},"modified":"2025-12-15T12:42:18","modified_gmt":"2025-12-15T11:42:18","slug":"toda-a-rede-ferroviaria-sera-ecologizada-e-digitalizada","status":"publish","type":"post","link":"https:\/\/loginfo24.com\/pt-pt\/2020\/11\/06\/toda-a-rede-ferroviaria-sera-ecologizada-e-digitalizada\/","title":{"rendered":"Toda a rede ferrovi\u00e1ria ser\u00e1 ecologizada e digitalizada"},"content":{"rendered":"<p>O grupo de dire\u00e7\u00e3o da DVF em tecnologia ferrovi\u00e1ria est\u00e1 satisfeito com a iniciativa do governo federal de digitalizar e ecologizar toda a rede ferrovi\u00e1ria. Uma parte essencial do caminho para o futuro \u00e9 a integra\u00e7\u00e3o completa no sistema de controle e sinaliza\u00e7\u00e3o de trens ETCS.<\/p>\n<p>(Berlim) \u2013 No grupo de dire\u00e7\u00e3o da DVF em tecnologia ferrovi\u00e1ria, Enak Ferlemann MdB, Secret\u00e1rio de Estado Parlamentar do Ministro Federal dos Transportes e Infraestrutura Digital, manifestou-se a favor de uma solu\u00e7\u00e3o financeira para a convers\u00e3o de ve\u00edculos ferrovi\u00e1rios para ETCS: &#8220;O governo federal est\u00e1 investindo mais do que nunca na moderniza\u00e7\u00e3o e ecologiza\u00e7\u00e3o da ferrovia.<\/p>\n<h5><strong>Norma europeia importante para a digitaliza\u00e7\u00e3o<\/strong><\/h5>\n<p> Juntamente com o setor ferrovi\u00e1rio, j\u00e1 planejamos muitas medidas conceituais, de modo que a ferrovia possa ser o primeiro meio de transporte neutro em carbono. Um componente essencial para isso \u00e9 a digitaliza\u00e7\u00e3o da ferrovia atrav\u00e9s do sistema europeu de controle e sinaliza\u00e7\u00e3o de trens ETCS. Com o chamado pacote inicial na regi\u00e3o modelo de Estugarda, ser\u00e1 financiada a equipagem ETCS dos ve\u00edculos e dos trilhos. Para outras regi\u00f5es da rede que n\u00e3o pertencem ao pacote inicial, as empresas de transporte ferrovi\u00e1rio (EVU) teriam que financiar a convers\u00e3o de seus ve\u00edculos por conta pr\u00f3pria. Se necess\u00e1rio, um apoio para as EVU na convers\u00e3o \u00e9 necess\u00e1rio, para o qual o BMVI prop\u00f5e uma solu\u00e7\u00e3o atrav\u00e9s da UE.&#8221;<\/p>\n<h5><strong>Uso dos fundos financeiros dispon\u00edveis \u00e9 essencial<\/strong><\/h5>\n<p> O chefe do grupo de dire\u00e7\u00e3o em tecnologia ferrovi\u00e1ria, Andre Rodenbeck, CEO da Rail Infrastructure Siemens Mobility GmbH, explicou que enormes recursos financeiros est\u00e3o dispon\u00edveis para a infraestrutura ferrovi\u00e1ria e agora \u00e9 crucial que esses recursos sejam realmente utilizados: &#8220;O governo federal apresentou dois or\u00e7amentos suplementares com a maior capta\u00e7\u00e3o l\u00edquida de cr\u00e9dito planejada j\u00e1 registrada, no valor de 217,8 bilh\u00f5es de euros. Assim, para um &#8220;programa acelerado de ferrovia digital&#8221;, ser\u00e3o disponibilizados 100 milh\u00f5es de euros em 2020 e 400 milh\u00f5es de euros em 2021. Al\u00e9m disso, para melhorar a recep\u00e7\u00e3o de telefonia m\u00f3vel ao longo das vias f\u00e9rreas, ser\u00e3o disponibilizados mais 25 milh\u00f5es de euros em 2020 e 125 milh\u00f5es de euros em 2021. Esses exemplos mostram que o governo federal deseja modernizar a infraestrutura ferrovi\u00e1ria. Agora \u00e9 hora de colocar esses recursos financeiros, literalmente, nos trilhos.&#8221;<a href=\"https:\/\/www.verkehrsforum.de\/\" target=\"_blank\" rel=\"noopener noreferrer\">www.verkehrsforum.de<\/a> <br \/>Imagem: \u00a9 DVF-Lenkungskreis Bahntechnologie<\/p>\n","protected":false},"excerpt":{"rendered":"<p>O grupo de dire\u00e7\u00e3o da DVF em tecnologia ferrovi\u00e1ria est\u00e1 satisfeito com a iniciativa do governo federal de digitalizar e ecologizar toda a rede ferrovi\u00e1ria. Uma<span class=\"excerpt-hellip\"> [\u2026]<\/span><\/p>\n","protected":false},"author":0,"featured_media":0,"comment_status":"open","ping_status":"open","sticky":false,"template":"","format":"standard","meta":{"_acf_changed":false,"footnotes":""},"categories":[1665,1557,1561],"tags":[],"class_list":["post-21034","post","type-post","status-publish","format-standard","hentry","category-categories","category-forwarding-logistics","category-regions"],"acf":[],"yoast_head":"<!-- This site is optimized with the Yoast SEO plugin v27.3 - https:\/\/yoast.com\/product\/yoast-seo-wordpress\/ -->\n<title>Toda a rede ferrovi\u00e1ria ser\u00e1 ecologizada e digitalizada - Loginfo24<\/title>\n<meta name=\"robots\" content=\"index, follow, max-snippet:-1, max-image-preview:large, max-video-preview:-1\" \/>\n<link rel=\"canonical\" href=\"https:\/\/loginfo24.com\/pt-pt\/2020\/11\/06\/toda-a-rede-ferroviaria-sera-ecologizada-e-digitalizada\/\" \/>\n<meta property=\"og:locale\" content=\"pt_PT\" \/>\n<meta property=\"og:type\" content=\"article\" \/>\n<meta property=\"og:title\" content=\"Toda a rede ferrovi\u00e1ria ser\u00e1 ecologizada e digitalizada - Loginfo24\" \/>\n<meta property=\"og:description\" content=\"O grupo de dire\u00e7\u00e3o da DVF em tecnologia ferrovi\u00e1ria est\u00e1 satisfeito com a iniciativa do governo federal de digitalizar e ecologizar toda a rede ferrovi\u00e1ria. Uma [\u2026]\" \/>\n<meta property=\"og:url\" content=\"https:\/\/loginfo24.com\/pt-pt\/2020\/11\/06\/toda-a-rede-ferroviaria-sera-ecologizada-e-digitalizada\/\" \/>\n<meta property=\"og:site_name\" content=\"Loginfo24\" \/>\n<meta property=\"article:publisher\" content=\"https:\/\/www.facebook.com\/people\/Loginfo24\/100057360583332\/\" \/>\n<meta property=\"article:published_time\" content=\"2020-11-06T06:30:58+00:00\" \/>\n<meta property=\"article:modified_time\" content=\"2025-12-15T11:42:18+00:00\" \/>\n<meta name=\"twitter:card\" content=\"summary_large_image\" \/>\n<meta name=\"twitter:label1\" content=\"Tempo estimado de leitura\" \/>\n\t<meta name=\"twitter:data1\" content=\"2 minutos\" \/>\n<script type=\"application\/ld+json\" class=\"yoast-schema-graph\">{\"@context\":\"https:\\\/\\\/schema.org\",\"@graph\":[{\"@type\":\"Article\",\"@id\":\"https:\\\/\\\/loginfo24.com\\\/pt-pt\\\/2020\\\/11\\\/06\\\/toda-a-rede-ferroviaria-sera-ecologizada-e-digitalizada\\\/#article\",\"isPartOf\":{\"@id\":\"https:\\\/\\\/loginfo24.com\\\/pt-pt\\\/2020\\\/11\\\/06\\\/toda-a-rede-ferroviaria-sera-ecologizada-e-digitalizada\\\/\"},\"author\":{\"name\":\"\",\"@id\":\"\"},\"headline\":\"Toda a rede ferrovi\u00e1ria ser\u00e1 ecologizada e digitalizada\",\"datePublished\":\"2020-11-06T06:30:58+00:00\",\"dateModified\":\"2025-12-15T11:42:18+00:00\",\"mainEntityOfPage\":{\"@id\":\"https:\\\/\\\/loginfo24.com\\\/pt-pt\\\/2020\\\/11\\\/06\\\/toda-a-rede-ferroviaria-sera-ecologizada-e-digitalizada\\\/\"},\"wordCount\":424,\"commentCount\":0,\"publisher\":{\"@id\":\"https:\\\/\\\/loginfo24.com\\\/pt-pt\\\/#organization\"},\"articleSection\":[\"Categories\",\"Forwarding &amp; Logistics\",\"Regions\"],\"inLanguage\":\"pt-PT\",\"potentialAction\":[{\"@type\":\"CommentAction\",\"name\":\"Comment\",\"target\":[\"https:\\\/\\\/loginfo24.com\\\/pt-pt\\\/2020\\\/11\\\/06\\\/toda-a-rede-ferroviaria-sera-ecologizada-e-digitalizada\\\/#respond\"]}]},{\"@type\":\"WebPage\",\"@id\":\"https:\\\/\\\/loginfo24.com\\\/pt-pt\\\/2020\\\/11\\\/06\\\/toda-a-rede-ferroviaria-sera-ecologizada-e-digitalizada\\\/\",\"url\":\"https:\\\/\\\/loginfo24.com\\\/pt-pt\\\/2020\\\/11\\\/06\\\/toda-a-rede-ferroviaria-sera-ecologizada-e-digitalizada\\\/\",\"name\":\"Toda a rede ferrovi\u00e1ria ser\u00e1 ecologizada e digitalizada - Loginfo24\",\"isPartOf\":{\"@id\":\"https:\\\/\\\/loginfo24.com\\\/pt-pt\\\/#website\"},\"datePublished\":\"2020-11-06T06:30:58+00:00\",\"dateModified\":\"2025-12-15T11:42:18+00:00\",\"breadcrumb\":{\"@id\":\"https:\\\/\\\/loginfo24.com\\\/pt-pt\\\/2020\\\/11\\\/06\\\/toda-a-rede-ferroviaria-sera-ecologizada-e-digitalizada\\\/#breadcrumb\"},\"inLanguage\":\"pt-PT\",\"potentialAction\":[{\"@type\":\"ReadAction\",\"target\":[\"https:\\\/\\\/loginfo24.com\\\/pt-pt\\\/2020\\\/11\\\/06\\\/toda-a-rede-ferroviaria-sera-ecologizada-e-digitalizada\\\/\"]}]},{\"@type\":\"BreadcrumbList\",\"@id\":\"https:\\\/\\\/loginfo24.com\\\/pt-pt\\\/2020\\\/11\\\/06\\\/toda-a-rede-ferroviaria-sera-ecologizada-e-digitalizada\\\/#breadcrumb\",\"itemListElement\":[{\"@type\":\"ListItem\",\"position\":1,\"name\":\"Startseite\",\"item\":\"https:\\\/\\\/loginfo24.com\\\/pt-pt\\\/\"},{\"@type\":\"ListItem\",\"position\":2,\"name\":\"Toda a rede ferrovi\u00e1ria ser\u00e1 ecologizada e digitalizada\"}]},{\"@type\":\"WebSite\",\"@id\":\"https:\\\/\\\/loginfo24.com\\\/pt-pt\\\/#website\",\"url\":\"https:\\\/\\\/loginfo24.com\\\/pt-pt\\\/\",\"name\":\"Loginfo24\",\"description\":\"Loginfo24 \u00e9 a plataforma dedicada \u00e0 log\u00edstica e \u00e0s cadeias de abastecimento, com informa\u00e7\u00f5es dispon\u00edveis 24 horas por dia.\",\"publisher\":{\"@id\":\"https:\\\/\\\/loginfo24.com\\\/pt-pt\\\/#organization\"},\"potentialAction\":[{\"@type\":\"SearchAction\",\"target\":{\"@type\":\"EntryPoint\",\"urlTemplate\":\"https:\\\/\\\/loginfo24.com\\\/pt-pt\\\/?s={search_term_string}\"},\"query-input\":{\"@type\":\"PropertyValueSpecification\",\"valueRequired\":true,\"valueName\":\"search_term_string\"}}],\"inLanguage\":\"pt-PT\"},{\"@type\":\"Organization\",\"@id\":\"https:\\\/\\\/loginfo24.com\\\/pt-pt\\\/#organization\",\"name\":\"Logismedia Group AG\",\"url\":\"https:\\\/\\\/loginfo24.com\\\/pt-pt\\\/\",\"logo\":{\"@type\":\"ImageObject\",\"inLanguage\":\"pt-PT\",\"@id\":\"https:\\\/\\\/loginfo24.com\\\/pt-pt\\\/#\\\/schema\\\/logo\\\/image\\\/\",\"url\":\"https:\\\/\\\/loginfo24.com\\\/wp-content\\\/uploads\\\/sites\\\/7\\\/2026\\\/01\\\/Logo_LogInfo24.png\",\"contentUrl\":\"https:\\\/\\\/loginfo24.com\\\/wp-content\\\/uploads\\\/sites\\\/7\\\/2026\\\/01\\\/Logo_LogInfo24.png\",\"width\":938,\"height\":351,\"caption\":\"Logismedia Group AG\"},\"image\":{\"@id\":\"https:\\\/\\\/loginfo24.com\\\/pt-pt\\\/#\\\/schema\\\/logo\\\/image\\\/\"},\"sameAs\":[\"https:\\\/\\\/www.facebook.com\\\/people\\\/Loginfo24\\\/100057360583332\\\/\",\"https:\\\/\\\/www.linkedin.com\\\/company\\\/lofinfo24\\\/\"]}]}<\/script>\n<!-- \/ Yoast SEO plugin. -->","yoast_head_json":{"title":"Toda a rede ferrovi\u00e1ria ser\u00e1 ecologizada e digitalizada - Loginfo24","robots":{"index":"index","follow":"follow","max-snippet":"max-snippet:-1","max-image-preview":"max-image-preview:large","max-video-preview":"max-video-preview:-1"},"canonical":"https:\/\/loginfo24.com\/pt-pt\/2020\/11\/06\/toda-a-rede-ferroviaria-sera-ecologizada-e-digitalizada\/","og_locale":"pt_PT","og_type":"article","og_title":"Toda a rede ferrovi\u00e1ria ser\u00e1 ecologizada e digitalizada - Loginfo24","og_description":"O grupo de dire\u00e7\u00e3o da DVF em tecnologia ferrovi\u00e1ria est\u00e1 satisfeito com a iniciativa do governo federal de digitalizar e ecologizar toda a rede ferrovi\u00e1ria. Uma [\u2026]","og_url":"https:\/\/loginfo24.com\/pt-pt\/2020\/11\/06\/toda-a-rede-ferroviaria-sera-ecologizada-e-digitalizada\/","og_site_name":"Loginfo24","article_publisher":"https:\/\/www.facebook.com\/people\/Loginfo24\/100057360583332\/","article_published_time":"2020-11-06T06:30:58+00:00","article_modified_time":"2025-12-15T11:42:18+00:00","twitter_card":"summary_large_image","twitter_misc":{"Tempo estimado de leitura":"2 minutos"},"schema":{"@context":"https:\/\/schema.org","@graph":[{"@type":"Article","@id":"https:\/\/loginfo24.com\/pt-pt\/2020\/11\/06\/toda-a-rede-ferroviaria-sera-ecologizada-e-digitalizada\/#article","isPartOf":{"@id":"https:\/\/loginfo24.com\/pt-pt\/2020\/11\/06\/toda-a-rede-ferroviaria-sera-ecologizada-e-digitalizada\/"},"author":{"name":"","@id":""},"headline":"Toda a rede ferrovi\u00e1ria ser\u00e1 ecologizada e digitalizada","datePublished":"2020-11-06T06:30:58+00:00","dateModified":"2025-12-15T11:42:18+00:00","mainEntityOfPage":{"@id":"https:\/\/loginfo24.com\/pt-pt\/2020\/11\/06\/toda-a-rede-ferroviaria-sera-ecologizada-e-digitalizada\/"},"wordCount":424,"commentCount":0,"publisher":{"@id":"https:\/\/loginfo24.com\/pt-pt\/#organization"},"articleSection":["Categories","Forwarding &amp; Logistics","Regions"],"inLanguage":"pt-PT","potentialAction":[{"@type":"CommentAction","name":"Comment","target":["https:\/\/loginfo24.com\/pt-pt\/2020\/11\/06\/toda-a-rede-ferroviaria-sera-ecologizada-e-digitalizada\/#respond"]}]},{"@type":"WebPage","@id":"https:\/\/loginfo24.com\/pt-pt\/2020\/11\/06\/toda-a-rede-ferroviaria-sera-ecologizada-e-digitalizada\/","url":"https:\/\/loginfo24.com\/pt-pt\/2020\/11\/06\/toda-a-rede-ferroviaria-sera-ecologizada-e-digitalizada\/","name":"Toda a rede ferrovi\u00e1ria ser\u00e1 ecologizada e digitalizada - Loginfo24","isPartOf":{"@id":"https:\/\/loginfo24.com\/pt-pt\/#website"},"datePublished":"2020-11-06T06:30:58+00:00","dateModified":"2025-12-15T11:42:18+00:00","breadcrumb":{"@id":"https:\/\/loginfo24.com\/pt-pt\/2020\/11\/06\/toda-a-rede-ferroviaria-sera-ecologizada-e-digitalizada\/#breadcrumb"},"inLanguage":"pt-PT","potentialAction":[{"@type":"ReadAction","target":["https:\/\/loginfo24.com\/pt-pt\/2020\/11\/06\/toda-a-rede-ferroviaria-sera-ecologizada-e-digitalizada\/"]}]},{"@type":"BreadcrumbList","@id":"https:\/\/loginfo24.com\/pt-pt\/2020\/11\/06\/toda-a-rede-ferroviaria-sera-ecologizada-e-digitalizada\/#breadcrumb","itemListElement":[{"@type":"ListItem","position":1,"name":"Startseite","item":"https:\/\/loginfo24.com\/pt-pt\/"},{"@type":"ListItem","position":2,"name":"Toda a rede ferrovi\u00e1ria ser\u00e1 ecologizada e digitalizada"}]},{"@type":"WebSite","@id":"https:\/\/loginfo24.com\/pt-pt\/#website","url":"https:\/\/loginfo24.com\/pt-pt\/","name":"Loginfo24","description":"Loginfo24 \u00e9 a plataforma dedicada \u00e0 log\u00edstica e \u00e0s cadeias de abastecimento, com informa\u00e7\u00f5es dispon\u00edveis 24 horas por dia.","publisher":{"@id":"https:\/\/loginfo24.com\/pt-pt\/#organization"},"potentialAction":[{"@type":"SearchAction","target":{"@type":"EntryPoint","urlTemplate":"https:\/\/loginfo24.com\/pt-pt\/?s={search_term_string}"},"query-input":{"@type":"PropertyValueSpecification","valueRequired":true,"valueName":"search_term_string"}}],"inLanguage":"pt-PT"},{"@type":"Organization","@id":"https:\/\/loginfo24.com\/pt-pt\/#organization","name":"Logismedia Group AG","url":"https:\/\/loginfo24.com\/pt-pt\/","logo":{"@type":"ImageObject","inLanguage":"pt-PT","@id":"https:\/\/loginfo24.com\/pt-pt\/#\/schema\/logo\/image\/","url":"https:\/\/loginfo24.com\/wp-content\/uploads\/sites\/7\/2026\/01\/Logo_LogInfo24.png","contentUrl":"https:\/\/loginfo24.com\/wp-content\/uploads\/sites\/7\/2026\/01\/Logo_LogInfo24.png","width":938,"height":351,"caption":"Logismedia Group AG"},"image":{"@id":"https:\/\/loginfo24.com\/pt-pt\/#\/schema\/logo\/image\/"},"sameAs":["https:\/\/www.facebook.com\/people\/Loginfo24\/100057360583332\/","https:\/\/www.linkedin.com\/company\/lofinfo24\/"]}]}},"_links":{"self":[{"href":"https:\/\/loginfo24.com\/pt-pt\/wp-json\/wp\/v2\/posts\/21034","targetHints":{"allow":["GET"]}}],"collection":[{"href":"https:\/\/loginfo24.com\/pt-pt\/wp-json\/wp\/v2\/posts"}],"about":[{"href":"https:\/\/loginfo24.com\/pt-pt\/wp-json\/wp\/v2\/types\/post"}],"replies":[{"embeddable":true,"href":"https:\/\/loginfo24.com\/pt-pt\/wp-json\/wp\/v2\/comments?post=21034"}],"version-history":[{"count":1,"href":"https:\/\/loginfo24.com\/pt-pt\/wp-json\/wp\/v2\/posts\/21034\/revisions"}],"predecessor-version":[{"id":38262,"href":"https:\/\/loginfo24.com\/pt-pt\/wp-json\/wp\/v2\/posts\/21034\/revisions\/38262"}],"wp:attachment":[{"href":"https:\/\/loginfo24.com\/pt-pt\/wp-json\/wp\/v2\/media?parent=21034"}],"wp:term":[{"taxonomy":"category","embeddable":true,"href":"https:\/\/loginfo24.com\/pt-pt\/wp-json\/wp\/v2\/categories?post=21034"},{"taxonomy":"post_tag","embeddable":true,"href":"https:\/\/loginfo24.com\/pt-pt\/wp-json\/wp\/v2\/tags?post=21034"}],"curies":[{"name":"wp","href":"https:\/\/api.w.org\/{rel}","templated":true}]}}