{"id":20825,"date":"2020-10-29T07:30:40","date_gmt":"2020-10-29T06:30:40","guid":{"rendered":"https:\/\/blog.brand-architecture.at\/2020\/10\/29\/o-conselho-federal-aprova-mensagem-para-instalacoes-de-transporte-de-mercadorias-subterraneas\/"},"modified":"2025-12-15T12:41:24","modified_gmt":"2025-12-15T11:41:24","slug":"o-conselho-federal-aprova-mensagem-para-instalacoes-de-transporte-de-mercadorias-subterraneas","status":"publish","type":"post","link":"https:\/\/loginfo24.com\/pt-pt\/2020\/10\/29\/o-conselho-federal-aprova-mensagem-para-instalacoes-de-transporte-de-mercadorias-subterraneas\/","title":{"rendered":"O Conselho Federal aprova mensagem para instala\u00e7\u00f5es de transporte de mercadorias subterr\u00e2neas"},"content":{"rendered":"<p><p>O Conselho Federal quer, com a lei para instala\u00e7\u00f5es de transporte de mercadorias subterr\u00e2neas, criar as condi\u00e7\u00f5es para que o projeto Cargo sous terrain possa ser realizado. Na sua reuni\u00e3o de 28 de outubro de 2020, aprovou a mensagem ao Parlamento. A lei garante que o acesso \u00e0s instala\u00e7\u00f5es subterr\u00e2neas est\u00e1 aberto a todos nas mesmas condi\u00e7\u00f5es.<\/p>\n<p>Berna) \u2013 O Conselho Federal apresenta ao Parlamento uma lei que regula as condi\u00e7\u00f5es sob as quais o projeto Cargo sous terrain, iniciado pelo setor privado, pode ser aprovado. No entanto, o governo n\u00e3o participar\u00e1 no financiamento da constru\u00e7\u00e3o e opera\u00e7\u00e3o das respectivas instala\u00e7\u00f5es. O governo tamb\u00e9m mant\u00e9m que, ao longo de toda a vida \u00fatil, deve ser garantida uma maioria su\u00ed\u00e7a na instala\u00e7\u00e3o.<\/p>\n<h5><strong>\u00c1rea independente para o plano de transporte<\/strong><\/h5>\n<p>O processo de autoriza\u00e7\u00e3o baseia-se amplamente na lei ferrovi\u00e1ria (EBG). A instala\u00e7\u00e3o de transporte de mercadorias subterr\u00e2nea ser\u00e1 inclu\u00edda como uma \u00e1rea independente no plano de transporte. Os operadores est\u00e3o sujeitos ao princ\u00edpio da n\u00e3o discrimina\u00e7\u00e3o. Eles devem cumprir sua obriga\u00e7\u00e3o de transporte e garantir o acesso em condi\u00e7\u00f5es iguais.<\/p>\n<h5><strong>T\u00fanel entre o Mittelland e a Su\u00ed\u00e7a do Noroeste<\/strong><\/h5>\n<p>O conceito do Cargo sous terrain prev\u00ea um t\u00fanel subterr\u00e2neo de tr\u00eas faixas entre importantes centros log\u00edsticos no Mittelland e na Su\u00ed\u00e7a do Noroeste, que estar\u00e1 em opera\u00e7\u00e3o 24 horas por dia. Nele, as mercadorias devem ser transportadas a cerca de 30 quil\u00f4metros por hora e automaticamente inseridas ou retiradas do sistema em pontos de acesso com elevadores. A constru\u00e7\u00e3o completa deve abranger uma rede de 500 quil\u00f4metros e ser conclu\u00edda at\u00e9 cerca de 2045. Os custos de constru\u00e7\u00e3o s\u00e3o estimados em 30 a 35 bilh\u00f5es de francos.<\/p>\n<p>Os investidores esperam um grande benef\u00edcio com a realiza\u00e7\u00e3o do Cargo sous terrain. A ind\u00fastria de log\u00edstica e a constru\u00e7\u00e3o civil devem se beneficiar diretamente. O benef\u00edcio econ\u00f4mico para o setor p\u00fablico e a sociedade em geral \u00e9 menor, mas consiste, entre outras coisas, na redu\u00e7\u00e3o da carga de tr\u00e1fego, bem como das emiss\u00f5es de poluentes e gases de efeito estufa.<\/p>\n<h5><strong>Novos investimentos da Su\u00ed\u00e7a<\/strong><\/h5>\n<p>A CST d\u00e1 as boas-vindas \u00e0 Vaudoise Versicherungen como uma nova investidora da Su\u00ed\u00e7a para a fase de autoriza\u00e7\u00e3o de constru\u00e7\u00e3o, que j\u00e1 disponibiliza recursos para o desenvolvimento do projeto. A fase de autoriza\u00e7\u00e3o de constru\u00e7\u00e3o come\u00e7a com a entrada em vigor da lei. Nessa fase, ser\u00e3o disponibilizados 100 milh\u00f5es de francos para avan\u00e7ar no planejamento e desenvolvimento do projeto at\u00e9 a aprova\u00e7\u00e3o. Os 100 milh\u00f5es de francos est\u00e3o contratualmente garantidos, vinculados \u00e0 entrada em vigor da lei. Ao mesmo tempo, outros investidores su\u00ed\u00e7os tamb\u00e9m aumentaram suas contribui\u00e7\u00f5es para a fase de autoriza\u00e7\u00e3o de constru\u00e7\u00e3o e j\u00e1 est\u00e3o disponibilizando recursos adicionais.<\/p>\n<p>A Vaudoise est\u00e1 entre os dez maiores seguradores privados da Su\u00ed\u00e7a. A empresa, fundada em 1895, \u00e9 o \u00fanico segurador independente com sede na Romandie. Com a entrada imediata como acionista principal, a Vaudoise tamb\u00e9m assume um assento no conselho de administra\u00e7\u00e3o: &#8220;\u00c9 importante para n\u00f3s moldar ativamente este projeto-chave exigente para um futuro sustent\u00e1vel da Su\u00ed\u00e7a como um representante significativo da economia da Su\u00ed\u00e7a Ocidental&#8221;, explica o CEO da Vaudoise, Jean-Daniel Laffely.<\/p>\n<p>&#8220;Estou particularmente satisfeito que, gra\u00e7as aos novos investidores su\u00ed\u00e7os e \u00e0 sa\u00edda dos financiadores chineses, podemos expandir a maioria su\u00ed\u00e7a para dois ter\u00e7os de todas as a\u00e7\u00f5es na fase de autoriza\u00e7\u00e3o de constru\u00e7\u00e3o&#8221;, explica Daniel Wiener, chefe de Rela\u00e7\u00f5es com Investidores da CST. &#8220;Ao mesmo tempo, continuamos a contar com investidores europeus que trazem uma ampla experi\u00eancia internacional com infraestruturas financiadas de forma privada&#8221;, acrescenta o CFO da CST.<\/p>\n<p>O presidente da CST, Peter Sutterl\u00fcti, est\u00e1 satisfeito com o an\u00fancio de hoje do Conselho Federal e o amplo apoio ao CST: &#8220;Estamos muito gratos ao governo federal e ao Escrit\u00f3rio Federal dos Transportes por nos permitir alcan\u00e7ar este importante marco. Agora olhamos com confian\u00e7a para o debate parlamentar.&#8221;<\/p>\n<p><a href=\"https:\/\/www.cst.ch\/\" target=\"_blank\" rel=\"noopener noreferrer\">www.cst.ch<\/a>\u00a0\u00a0\u00a0 <a href=\"https:\/\/www.admin.ch\/\" target=\"_blank\" rel=\"noopener noreferrer\">www.admin.ch<\/a><\/p>\n<p>Imagem: \u00a9 Cargo sous terrain AG<\/p>\n","protected":false},"excerpt":{"rendered":"<p>O Conselho Federal quer, com a lei para instala\u00e7\u00f5es de transporte de mercadorias subterr\u00e2neas, criar as condi\u00e7\u00f5es para que o projeto Cargo sous terrain possa ser<span class=\"excerpt-hellip\"> [\u2026]<\/span><\/p>\n","protected":false},"author":0,"featured_media":0,"comment_status":"open","ping_status":"open","sticky":false,"template":"","format":"standard","meta":{"_acf_changed":false,"footnotes":""},"categories":[1665,1557,1561],"tags":[],"class_list":["post-20825","post","type-post","status-publish","format-standard","hentry","category-categories","category-forwarding-logistics","category-regions"],"acf":[],"yoast_head":"<!-- This site is optimized with the Yoast SEO plugin v27.3 - https:\/\/yoast.com\/product\/yoast-seo-wordpress\/ -->\n<title>O Conselho Federal aprova mensagem para instala\u00e7\u00f5es de transporte de mercadorias subterr\u00e2neas - Loginfo24<\/title>\n<meta name=\"robots\" content=\"index, follow, max-snippet:-1, max-image-preview:large, max-video-preview:-1\" \/>\n<link rel=\"canonical\" href=\"https:\/\/loginfo24.com\/pt-pt\/2020\/10\/29\/o-conselho-federal-aprova-mensagem-para-instalacoes-de-transporte-de-mercadorias-subterraneas\/\" \/>\n<meta property=\"og:locale\" content=\"pt_PT\" \/>\n<meta property=\"og:type\" content=\"article\" \/>\n<meta property=\"og:title\" content=\"O Conselho Federal aprova mensagem para instala\u00e7\u00f5es de transporte de mercadorias subterr\u00e2neas - Loginfo24\" \/>\n<meta property=\"og:description\" content=\"O Conselho Federal quer, com a lei para instala\u00e7\u00f5es de transporte de mercadorias subterr\u00e2neas, criar as condi\u00e7\u00f5es para que o projeto Cargo sous terrain possa ser [\u2026]\" \/>\n<meta property=\"og:url\" content=\"https:\/\/loginfo24.com\/pt-pt\/2020\/10\/29\/o-conselho-federal-aprova-mensagem-para-instalacoes-de-transporte-de-mercadorias-subterraneas\/\" \/>\n<meta property=\"og:site_name\" content=\"Loginfo24\" \/>\n<meta property=\"article:publisher\" content=\"https:\/\/www.facebook.com\/people\/Loginfo24\/100057360583332\/\" \/>\n<meta property=\"article:published_time\" content=\"2020-10-29T06:30:40+00:00\" \/>\n<meta property=\"article:modified_time\" content=\"2025-12-15T11:41:24+00:00\" \/>\n<meta name=\"twitter:card\" content=\"summary_large_image\" \/>\n<meta name=\"twitter:label1\" content=\"Tempo estimado de leitura\" \/>\n\t<meta name=\"twitter:data1\" content=\"4 minutos\" \/>\n<script type=\"application\/ld+json\" class=\"yoast-schema-graph\">{\"@context\":\"https:\\\/\\\/schema.org\",\"@graph\":[{\"@type\":\"Article\",\"@id\":\"https:\\\/\\\/loginfo24.com\\\/pt-pt\\\/2020\\\/10\\\/29\\\/o-conselho-federal-aprova-mensagem-para-instalacoes-de-transporte-de-mercadorias-subterraneas\\\/#article\",\"isPartOf\":{\"@id\":\"https:\\\/\\\/loginfo24.com\\\/pt-pt\\\/2020\\\/10\\\/29\\\/o-conselho-federal-aprova-mensagem-para-instalacoes-de-transporte-de-mercadorias-subterraneas\\\/\"},\"author\":{\"name\":\"\",\"@id\":\"\"},\"headline\":\"O Conselho Federal aprova mensagem para instala\u00e7\u00f5es de transporte de mercadorias subterr\u00e2neas\",\"datePublished\":\"2020-10-29T06:30:40+00:00\",\"dateModified\":\"2025-12-15T11:41:24+00:00\",\"mainEntityOfPage\":{\"@id\":\"https:\\\/\\\/loginfo24.com\\\/pt-pt\\\/2020\\\/10\\\/29\\\/o-conselho-federal-aprova-mensagem-para-instalacoes-de-transporte-de-mercadorias-subterraneas\\\/\"},\"wordCount\":733,\"commentCount\":0,\"publisher\":{\"@id\":\"https:\\\/\\\/loginfo24.com\\\/pt-pt\\\/#organization\"},\"articleSection\":[\"Categories\",\"Forwarding &amp; Logistics\",\"Regions\"],\"inLanguage\":\"pt-PT\",\"potentialAction\":[{\"@type\":\"CommentAction\",\"name\":\"Comment\",\"target\":[\"https:\\\/\\\/loginfo24.com\\\/pt-pt\\\/2020\\\/10\\\/29\\\/o-conselho-federal-aprova-mensagem-para-instalacoes-de-transporte-de-mercadorias-subterraneas\\\/#respond\"]}]},{\"@type\":\"WebPage\",\"@id\":\"https:\\\/\\\/loginfo24.com\\\/pt-pt\\\/2020\\\/10\\\/29\\\/o-conselho-federal-aprova-mensagem-para-instalacoes-de-transporte-de-mercadorias-subterraneas\\\/\",\"url\":\"https:\\\/\\\/loginfo24.com\\\/pt-pt\\\/2020\\\/10\\\/29\\\/o-conselho-federal-aprova-mensagem-para-instalacoes-de-transporte-de-mercadorias-subterraneas\\\/\",\"name\":\"O Conselho Federal aprova mensagem para instala\u00e7\u00f5es de transporte de mercadorias subterr\u00e2neas - Loginfo24\",\"isPartOf\":{\"@id\":\"https:\\\/\\\/loginfo24.com\\\/pt-pt\\\/#website\"},\"datePublished\":\"2020-10-29T06:30:40+00:00\",\"dateModified\":\"2025-12-15T11:41:24+00:00\",\"breadcrumb\":{\"@id\":\"https:\\\/\\\/loginfo24.com\\\/pt-pt\\\/2020\\\/10\\\/29\\\/o-conselho-federal-aprova-mensagem-para-instalacoes-de-transporte-de-mercadorias-subterraneas\\\/#breadcrumb\"},\"inLanguage\":\"pt-PT\",\"potentialAction\":[{\"@type\":\"ReadAction\",\"target\":[\"https:\\\/\\\/loginfo24.com\\\/pt-pt\\\/2020\\\/10\\\/29\\\/o-conselho-federal-aprova-mensagem-para-instalacoes-de-transporte-de-mercadorias-subterraneas\\\/\"]}]},{\"@type\":\"BreadcrumbList\",\"@id\":\"https:\\\/\\\/loginfo24.com\\\/pt-pt\\\/2020\\\/10\\\/29\\\/o-conselho-federal-aprova-mensagem-para-instalacoes-de-transporte-de-mercadorias-subterraneas\\\/#breadcrumb\",\"itemListElement\":[{\"@type\":\"ListItem\",\"position\":1,\"name\":\"Startseite\",\"item\":\"https:\\\/\\\/loginfo24.com\\\/pt-pt\\\/\"},{\"@type\":\"ListItem\",\"position\":2,\"name\":\"O Conselho Federal aprova mensagem para instala\u00e7\u00f5es de transporte de mercadorias subterr\u00e2neas\"}]},{\"@type\":\"WebSite\",\"@id\":\"https:\\\/\\\/loginfo24.com\\\/pt-pt\\\/#website\",\"url\":\"https:\\\/\\\/loginfo24.com\\\/pt-pt\\\/\",\"name\":\"Loginfo24\",\"description\":\"Loginfo24 \u00e9 a plataforma dedicada \u00e0 log\u00edstica e \u00e0s cadeias de abastecimento, com informa\u00e7\u00f5es dispon\u00edveis 24 horas por dia.\",\"publisher\":{\"@id\":\"https:\\\/\\\/loginfo24.com\\\/pt-pt\\\/#organization\"},\"potentialAction\":[{\"@type\":\"SearchAction\",\"target\":{\"@type\":\"EntryPoint\",\"urlTemplate\":\"https:\\\/\\\/loginfo24.com\\\/pt-pt\\\/?s={search_term_string}\"},\"query-input\":{\"@type\":\"PropertyValueSpecification\",\"valueRequired\":true,\"valueName\":\"search_term_string\"}}],\"inLanguage\":\"pt-PT\"},{\"@type\":\"Organization\",\"@id\":\"https:\\\/\\\/loginfo24.com\\\/pt-pt\\\/#organization\",\"name\":\"Logismedia Group AG\",\"url\":\"https:\\\/\\\/loginfo24.com\\\/pt-pt\\\/\",\"logo\":{\"@type\":\"ImageObject\",\"inLanguage\":\"pt-PT\",\"@id\":\"https:\\\/\\\/loginfo24.com\\\/pt-pt\\\/#\\\/schema\\\/logo\\\/image\\\/\",\"url\":\"https:\\\/\\\/loginfo24.com\\\/wp-content\\\/uploads\\\/sites\\\/7\\\/2026\\\/01\\\/Logo_LogInfo24.png\",\"contentUrl\":\"https:\\\/\\\/loginfo24.com\\\/wp-content\\\/uploads\\\/sites\\\/7\\\/2026\\\/01\\\/Logo_LogInfo24.png\",\"width\":938,\"height\":351,\"caption\":\"Logismedia Group AG\"},\"image\":{\"@id\":\"https:\\\/\\\/loginfo24.com\\\/pt-pt\\\/#\\\/schema\\\/logo\\\/image\\\/\"},\"sameAs\":[\"https:\\\/\\\/www.facebook.com\\\/people\\\/Loginfo24\\\/100057360583332\\\/\",\"https:\\\/\\\/www.linkedin.com\\\/company\\\/lofinfo24\\\/\"]}]}<\/script>\n<!-- \/ Yoast SEO plugin. -->","yoast_head_json":{"title":"O Conselho Federal aprova mensagem para instala\u00e7\u00f5es de transporte de mercadorias subterr\u00e2neas - Loginfo24","robots":{"index":"index","follow":"follow","max-snippet":"max-snippet:-1","max-image-preview":"max-image-preview:large","max-video-preview":"max-video-preview:-1"},"canonical":"https:\/\/loginfo24.com\/pt-pt\/2020\/10\/29\/o-conselho-federal-aprova-mensagem-para-instalacoes-de-transporte-de-mercadorias-subterraneas\/","og_locale":"pt_PT","og_type":"article","og_title":"O Conselho Federal aprova mensagem para instala\u00e7\u00f5es de transporte de mercadorias subterr\u00e2neas - Loginfo24","og_description":"O Conselho Federal quer, com a lei para instala\u00e7\u00f5es de transporte de mercadorias subterr\u00e2neas, criar as condi\u00e7\u00f5es para que o projeto Cargo sous terrain possa ser [\u2026]","og_url":"https:\/\/loginfo24.com\/pt-pt\/2020\/10\/29\/o-conselho-federal-aprova-mensagem-para-instalacoes-de-transporte-de-mercadorias-subterraneas\/","og_site_name":"Loginfo24","article_publisher":"https:\/\/www.facebook.com\/people\/Loginfo24\/100057360583332\/","article_published_time":"2020-10-29T06:30:40+00:00","article_modified_time":"2025-12-15T11:41:24+00:00","twitter_card":"summary_large_image","twitter_misc":{"Tempo estimado de leitura":"4 minutos"},"schema":{"@context":"https:\/\/schema.org","@graph":[{"@type":"Article","@id":"https:\/\/loginfo24.com\/pt-pt\/2020\/10\/29\/o-conselho-federal-aprova-mensagem-para-instalacoes-de-transporte-de-mercadorias-subterraneas\/#article","isPartOf":{"@id":"https:\/\/loginfo24.com\/pt-pt\/2020\/10\/29\/o-conselho-federal-aprova-mensagem-para-instalacoes-de-transporte-de-mercadorias-subterraneas\/"},"author":{"name":"","@id":""},"headline":"O Conselho Federal aprova mensagem para instala\u00e7\u00f5es de transporte de mercadorias subterr\u00e2neas","datePublished":"2020-10-29T06:30:40+00:00","dateModified":"2025-12-15T11:41:24+00:00","mainEntityOfPage":{"@id":"https:\/\/loginfo24.com\/pt-pt\/2020\/10\/29\/o-conselho-federal-aprova-mensagem-para-instalacoes-de-transporte-de-mercadorias-subterraneas\/"},"wordCount":733,"commentCount":0,"publisher":{"@id":"https:\/\/loginfo24.com\/pt-pt\/#organization"},"articleSection":["Categories","Forwarding &amp; Logistics","Regions"],"inLanguage":"pt-PT","potentialAction":[{"@type":"CommentAction","name":"Comment","target":["https:\/\/loginfo24.com\/pt-pt\/2020\/10\/29\/o-conselho-federal-aprova-mensagem-para-instalacoes-de-transporte-de-mercadorias-subterraneas\/#respond"]}]},{"@type":"WebPage","@id":"https:\/\/loginfo24.com\/pt-pt\/2020\/10\/29\/o-conselho-federal-aprova-mensagem-para-instalacoes-de-transporte-de-mercadorias-subterraneas\/","url":"https:\/\/loginfo24.com\/pt-pt\/2020\/10\/29\/o-conselho-federal-aprova-mensagem-para-instalacoes-de-transporte-de-mercadorias-subterraneas\/","name":"O Conselho Federal aprova mensagem para instala\u00e7\u00f5es de transporte de mercadorias subterr\u00e2neas - Loginfo24","isPartOf":{"@id":"https:\/\/loginfo24.com\/pt-pt\/#website"},"datePublished":"2020-10-29T06:30:40+00:00","dateModified":"2025-12-15T11:41:24+00:00","breadcrumb":{"@id":"https:\/\/loginfo24.com\/pt-pt\/2020\/10\/29\/o-conselho-federal-aprova-mensagem-para-instalacoes-de-transporte-de-mercadorias-subterraneas\/#breadcrumb"},"inLanguage":"pt-PT","potentialAction":[{"@type":"ReadAction","target":["https:\/\/loginfo24.com\/pt-pt\/2020\/10\/29\/o-conselho-federal-aprova-mensagem-para-instalacoes-de-transporte-de-mercadorias-subterraneas\/"]}]},{"@type":"BreadcrumbList","@id":"https:\/\/loginfo24.com\/pt-pt\/2020\/10\/29\/o-conselho-federal-aprova-mensagem-para-instalacoes-de-transporte-de-mercadorias-subterraneas\/#breadcrumb","itemListElement":[{"@type":"ListItem","position":1,"name":"Startseite","item":"https:\/\/loginfo24.com\/pt-pt\/"},{"@type":"ListItem","position":2,"name":"O Conselho Federal aprova mensagem para instala\u00e7\u00f5es de transporte de mercadorias subterr\u00e2neas"}]},{"@type":"WebSite","@id":"https:\/\/loginfo24.com\/pt-pt\/#website","url":"https:\/\/loginfo24.com\/pt-pt\/","name":"Loginfo24","description":"Loginfo24 \u00e9 a plataforma dedicada \u00e0 log\u00edstica e \u00e0s cadeias de abastecimento, com informa\u00e7\u00f5es dispon\u00edveis 24 horas por dia.","publisher":{"@id":"https:\/\/loginfo24.com\/pt-pt\/#organization"},"potentialAction":[{"@type":"SearchAction","target":{"@type":"EntryPoint","urlTemplate":"https:\/\/loginfo24.com\/pt-pt\/?s={search_term_string}"},"query-input":{"@type":"PropertyValueSpecification","valueRequired":true,"valueName":"search_term_string"}}],"inLanguage":"pt-PT"},{"@type":"Organization","@id":"https:\/\/loginfo24.com\/pt-pt\/#organization","name":"Logismedia Group AG","url":"https:\/\/loginfo24.com\/pt-pt\/","logo":{"@type":"ImageObject","inLanguage":"pt-PT","@id":"https:\/\/loginfo24.com\/pt-pt\/#\/schema\/logo\/image\/","url":"https:\/\/loginfo24.com\/wp-content\/uploads\/sites\/7\/2026\/01\/Logo_LogInfo24.png","contentUrl":"https:\/\/loginfo24.com\/wp-content\/uploads\/sites\/7\/2026\/01\/Logo_LogInfo24.png","width":938,"height":351,"caption":"Logismedia Group AG"},"image":{"@id":"https:\/\/loginfo24.com\/pt-pt\/#\/schema\/logo\/image\/"},"sameAs":["https:\/\/www.facebook.com\/people\/Loginfo24\/100057360583332\/","https:\/\/www.linkedin.com\/company\/lofinfo24\/"]}]}},"_links":{"self":[{"href":"https:\/\/loginfo24.com\/pt-pt\/wp-json\/wp\/v2\/posts\/20825","targetHints":{"allow":["GET"]}}],"collection":[{"href":"https:\/\/loginfo24.com\/pt-pt\/wp-json\/wp\/v2\/posts"}],"about":[{"href":"https:\/\/loginfo24.com\/pt-pt\/wp-json\/wp\/v2\/types\/post"}],"replies":[{"embeddable":true,"href":"https:\/\/loginfo24.com\/pt-pt\/wp-json\/wp\/v2\/comments?post=20825"}],"version-history":[{"count":1,"href":"https:\/\/loginfo24.com\/pt-pt\/wp-json\/wp\/v2\/posts\/20825\/revisions"}],"predecessor-version":[{"id":37844,"href":"https:\/\/loginfo24.com\/pt-pt\/wp-json\/wp\/v2\/posts\/20825\/revisions\/37844"}],"wp:attachment":[{"href":"https:\/\/loginfo24.com\/pt-pt\/wp-json\/wp\/v2\/media?parent=20825"}],"wp:term":[{"taxonomy":"category","embeddable":true,"href":"https:\/\/loginfo24.com\/pt-pt\/wp-json\/wp\/v2\/categories?post=20825"},{"taxonomy":"post_tag","embeddable":true,"href":"https:\/\/loginfo24.com\/pt-pt\/wp-json\/wp\/v2\/tags?post=20825"}],"curies":[{"name":"wp","href":"https:\/\/api.w.org\/{rel}","templated":true}]}}