{"id":20693,"date":"2020-10-22T18:00:56","date_gmt":"2020-10-22T16:00:56","guid":{"rendered":"https:\/\/blog.brand-architecture.at\/2020\/10\/22\/karin-radstrom-assume-a-lideranca-da-mercedes-benz-trucks-em-2021\/"},"modified":"2025-12-15T12:40:47","modified_gmt":"2025-12-15T11:40:47","slug":"karin-radstrom-assume-a-lideranca-da-mercedes-benz-trucks-em-2021","status":"publish","type":"post","link":"https:\/\/loginfo24.com\/pt-pt\/2020\/10\/22\/karin-radstrom-assume-a-lideranca-da-mercedes-benz-trucks-em-2021\/","title":{"rendered":"Karin R\u00e5dstr\u00f6m assume a lideran\u00e7a da Mercedes-Benz Trucks em 2021"},"content":{"rendered":"<p>A Daimler Truck AG ter\u00e1 uma nova CEO a partir de 1 de fevereiro de 2021. A sueca Karin R\u00e5dstr\u00f6m suceder\u00e1 a Stefan Buchner, que se aposentou em outubro de 2020.<\/p>\n<p>(Estugarda) \u2013 Karin R\u00e5dstr\u00f6m come\u00e7ar\u00e1 suas atividades como membro do conselho da Daimler Truck AG, respons\u00e1vel pelos caminh\u00f5es Mercedes-Benz, em 1 de fevereiro de 2021. R\u00e5dstr\u00f6m foi, at\u00e9 recentemente, membro do conselho da Scania, respons\u00e1vel por vendas e marketing. A sueca R\u00e5dstr\u00f6m come\u00e7ou em 2004 como trainee na Scania, ap\u00f3s concluir seu mestrado em Engenharia em Gest\u00e3o Industrial na Real Escola T\u00e9cnica de Estocolmo. Desde 2007, ocupou v\u00e1rias posi\u00e7\u00f5es de lideran\u00e7a dentro da organiza\u00e7\u00e3o de vendas e servi\u00e7os da Scania, incluindo a lideran\u00e7a do neg\u00f3cio de \u00f4nibus da empresa e o desenvolvimento do neg\u00f3cio com ve\u00edculos digitais e conectados.<\/p>\n<p>R\u00e5dstr\u00f6m sucede a Stefan Buchner, que se aposentou em outubro de 2020.<strong> <\/strong><\/p>\n<p><a href=\"https:\/\/www.daimler.com\/\" target=\"_blank\" rel=\"noopener noreferrer\">www.daimler.com<\/a><\/p>\n<p>Foto: \u00a9 Daimler Truck A<\/p>\n","protected":false},"excerpt":{"rendered":"<p>A Daimler Truck AG ter\u00e1 uma nova CEO a partir de 1 de fevereiro de 2021. A sueca Karin R\u00e5dstr\u00f6m suceder\u00e1 a Stefan Buchner, que se<span class=\"excerpt-hellip\"> [\u2026]<\/span><\/p>\n","protected":false},"author":0,"featured_media":0,"comment_status":"open","ping_status":"open","sticky":false,"template":"","format":"standard","meta":{"_acf_changed":false,"footnotes":""},"categories":[1557,1561],"tags":[],"class_list":["post-20693","post","type-post","status-publish","format-standard","hentry","category-forwarding-logistics","category-regions"],"acf":[],"yoast_head":"<!-- This site is optimized with the Yoast SEO plugin v27.3 - https:\/\/yoast.com\/product\/yoast-seo-wordpress\/ -->\n<title>Karin R\u00e5dstr\u00f6m assume a lideran\u00e7a da Mercedes-Benz Trucks em 2021 - Loginfo24<\/title>\n<meta name=\"robots\" content=\"index, follow, max-snippet:-1, max-image-preview:large, max-video-preview:-1\" \/>\n<link rel=\"canonical\" href=\"https:\/\/loginfo24.com\/pt-pt\/2020\/10\/22\/karin-radstrom-assume-a-lideranca-da-mercedes-benz-trucks-em-2021\/\" \/>\n<meta property=\"og:locale\" content=\"pt_PT\" \/>\n<meta property=\"og:type\" content=\"article\" \/>\n<meta property=\"og:title\" content=\"Karin R\u00e5dstr\u00f6m assume a lideran\u00e7a da Mercedes-Benz Trucks em 2021 - Loginfo24\" \/>\n<meta property=\"og:description\" content=\"A Daimler Truck AG ter\u00e1 uma nova CEO a partir de 1 de fevereiro de 2021. A sueca Karin R\u00e5dstr\u00f6m suceder\u00e1 a Stefan Buchner, que se [\u2026]\" \/>\n<meta property=\"og:url\" content=\"https:\/\/loginfo24.com\/pt-pt\/2020\/10\/22\/karin-radstrom-assume-a-lideranca-da-mercedes-benz-trucks-em-2021\/\" \/>\n<meta property=\"og:site_name\" content=\"Loginfo24\" \/>\n<meta property=\"article:publisher\" content=\"https:\/\/www.facebook.com\/people\/Loginfo24\/100057360583332\/\" \/>\n<meta property=\"article:published_time\" content=\"2020-10-22T16:00:56+00:00\" \/>\n<meta property=\"article:modified_time\" content=\"2025-12-15T11:40:47+00:00\" \/>\n<meta name=\"twitter:card\" content=\"summary_large_image\" \/>\n<meta name=\"twitter:label1\" content=\"Tempo estimado de leitura\" \/>\n\t<meta name=\"twitter:data1\" content=\"1 minuto\" \/>\n<script type=\"application\/ld+json\" class=\"yoast-schema-graph\">{\"@context\":\"https:\\\/\\\/schema.org\",\"@graph\":[{\"@type\":\"Article\",\"@id\":\"https:\\\/\\\/loginfo24.com\\\/pt-pt\\\/2020\\\/10\\\/22\\\/karin-radstrom-assume-a-lideranca-da-mercedes-benz-trucks-em-2021\\\/#article\",\"isPartOf\":{\"@id\":\"https:\\\/\\\/loginfo24.com\\\/pt-pt\\\/2020\\\/10\\\/22\\\/karin-radstrom-assume-a-lideranca-da-mercedes-benz-trucks-em-2021\\\/\"},\"author\":{\"name\":\"\",\"@id\":\"\"},\"headline\":\"Karin R\u00e5dstr\u00f6m assume a lideran\u00e7a da Mercedes-Benz Trucks em 2021\",\"datePublished\":\"2020-10-22T16:00:56+00:00\",\"dateModified\":\"2025-12-15T11:40:47+00:00\",\"mainEntityOfPage\":{\"@id\":\"https:\\\/\\\/loginfo24.com\\\/pt-pt\\\/2020\\\/10\\\/22\\\/karin-radstrom-assume-a-lideranca-da-mercedes-benz-trucks-em-2021\\\/\"},\"wordCount\":180,\"commentCount\":0,\"publisher\":{\"@id\":\"https:\\\/\\\/loginfo24.com\\\/pt-pt\\\/#organization\"},\"articleSection\":[\"Forwarding &amp; Logistics\",\"Regions\"],\"inLanguage\":\"pt-PT\",\"potentialAction\":[{\"@type\":\"CommentAction\",\"name\":\"Comment\",\"target\":[\"https:\\\/\\\/loginfo24.com\\\/pt-pt\\\/2020\\\/10\\\/22\\\/karin-radstrom-assume-a-lideranca-da-mercedes-benz-trucks-em-2021\\\/#respond\"]}]},{\"@type\":\"WebPage\",\"@id\":\"https:\\\/\\\/loginfo24.com\\\/pt-pt\\\/2020\\\/10\\\/22\\\/karin-radstrom-assume-a-lideranca-da-mercedes-benz-trucks-em-2021\\\/\",\"url\":\"https:\\\/\\\/loginfo24.com\\\/pt-pt\\\/2020\\\/10\\\/22\\\/karin-radstrom-assume-a-lideranca-da-mercedes-benz-trucks-em-2021\\\/\",\"name\":\"Karin R\u00e5dstr\u00f6m assume a lideran\u00e7a da Mercedes-Benz Trucks em 2021 - Loginfo24\",\"isPartOf\":{\"@id\":\"https:\\\/\\\/loginfo24.com\\\/pt-pt\\\/#website\"},\"datePublished\":\"2020-10-22T16:00:56+00:00\",\"dateModified\":\"2025-12-15T11:40:47+00:00\",\"breadcrumb\":{\"@id\":\"https:\\\/\\\/loginfo24.com\\\/pt-pt\\\/2020\\\/10\\\/22\\\/karin-radstrom-assume-a-lideranca-da-mercedes-benz-trucks-em-2021\\\/#breadcrumb\"},\"inLanguage\":\"pt-PT\",\"potentialAction\":[{\"@type\":\"ReadAction\",\"target\":[\"https:\\\/\\\/loginfo24.com\\\/pt-pt\\\/2020\\\/10\\\/22\\\/karin-radstrom-assume-a-lideranca-da-mercedes-benz-trucks-em-2021\\\/\"]}]},{\"@type\":\"BreadcrumbList\",\"@id\":\"https:\\\/\\\/loginfo24.com\\\/pt-pt\\\/2020\\\/10\\\/22\\\/karin-radstrom-assume-a-lideranca-da-mercedes-benz-trucks-em-2021\\\/#breadcrumb\",\"itemListElement\":[{\"@type\":\"ListItem\",\"position\":1,\"name\":\"Startseite\",\"item\":\"https:\\\/\\\/loginfo24.com\\\/pt-pt\\\/\"},{\"@type\":\"ListItem\",\"position\":2,\"name\":\"Karin R\u00e5dstr\u00f6m assume a lideran\u00e7a da Mercedes-Benz Trucks em 2021\"}]},{\"@type\":\"WebSite\",\"@id\":\"https:\\\/\\\/loginfo24.com\\\/pt-pt\\\/#website\",\"url\":\"https:\\\/\\\/loginfo24.com\\\/pt-pt\\\/\",\"name\":\"Loginfo24\",\"description\":\"Loginfo24 \u00e9 a plataforma dedicada \u00e0 log\u00edstica e \u00e0s cadeias de abastecimento, com informa\u00e7\u00f5es dispon\u00edveis 24 horas por dia.\",\"publisher\":{\"@id\":\"https:\\\/\\\/loginfo24.com\\\/pt-pt\\\/#organization\"},\"potentialAction\":[{\"@type\":\"SearchAction\",\"target\":{\"@type\":\"EntryPoint\",\"urlTemplate\":\"https:\\\/\\\/loginfo24.com\\\/pt-pt\\\/?s={search_term_string}\"},\"query-input\":{\"@type\":\"PropertyValueSpecification\",\"valueRequired\":true,\"valueName\":\"search_term_string\"}}],\"inLanguage\":\"pt-PT\"},{\"@type\":\"Organization\",\"@id\":\"https:\\\/\\\/loginfo24.com\\\/pt-pt\\\/#organization\",\"name\":\"Logismedia Group AG\",\"url\":\"https:\\\/\\\/loginfo24.com\\\/pt-pt\\\/\",\"logo\":{\"@type\":\"ImageObject\",\"inLanguage\":\"pt-PT\",\"@id\":\"https:\\\/\\\/loginfo24.com\\\/pt-pt\\\/#\\\/schema\\\/logo\\\/image\\\/\",\"url\":\"https:\\\/\\\/loginfo24.com\\\/wp-content\\\/uploads\\\/sites\\\/7\\\/2026\\\/01\\\/Logo_LogInfo24.png\",\"contentUrl\":\"https:\\\/\\\/loginfo24.com\\\/wp-content\\\/uploads\\\/sites\\\/7\\\/2026\\\/01\\\/Logo_LogInfo24.png\",\"width\":938,\"height\":351,\"caption\":\"Logismedia Group AG\"},\"image\":{\"@id\":\"https:\\\/\\\/loginfo24.com\\\/pt-pt\\\/#\\\/schema\\\/logo\\\/image\\\/\"},\"sameAs\":[\"https:\\\/\\\/www.facebook.com\\\/people\\\/Loginfo24\\\/100057360583332\\\/\",\"https:\\\/\\\/www.linkedin.com\\\/company\\\/lofinfo24\\\/\"]}]}<\/script>\n<!-- \/ Yoast SEO plugin. -->","yoast_head_json":{"title":"Karin R\u00e5dstr\u00f6m assume a lideran\u00e7a da Mercedes-Benz Trucks em 2021 - Loginfo24","robots":{"index":"index","follow":"follow","max-snippet":"max-snippet:-1","max-image-preview":"max-image-preview:large","max-video-preview":"max-video-preview:-1"},"canonical":"https:\/\/loginfo24.com\/pt-pt\/2020\/10\/22\/karin-radstrom-assume-a-lideranca-da-mercedes-benz-trucks-em-2021\/","og_locale":"pt_PT","og_type":"article","og_title":"Karin R\u00e5dstr\u00f6m assume a lideran\u00e7a da Mercedes-Benz Trucks em 2021 - Loginfo24","og_description":"A Daimler Truck AG ter\u00e1 uma nova CEO a partir de 1 de fevereiro de 2021. A sueca Karin R\u00e5dstr\u00f6m suceder\u00e1 a Stefan Buchner, que se [\u2026]","og_url":"https:\/\/loginfo24.com\/pt-pt\/2020\/10\/22\/karin-radstrom-assume-a-lideranca-da-mercedes-benz-trucks-em-2021\/","og_site_name":"Loginfo24","article_publisher":"https:\/\/www.facebook.com\/people\/Loginfo24\/100057360583332\/","article_published_time":"2020-10-22T16:00:56+00:00","article_modified_time":"2025-12-15T11:40:47+00:00","twitter_card":"summary_large_image","twitter_misc":{"Tempo estimado de leitura":"1 minuto"},"schema":{"@context":"https:\/\/schema.org","@graph":[{"@type":"Article","@id":"https:\/\/loginfo24.com\/pt-pt\/2020\/10\/22\/karin-radstrom-assume-a-lideranca-da-mercedes-benz-trucks-em-2021\/#article","isPartOf":{"@id":"https:\/\/loginfo24.com\/pt-pt\/2020\/10\/22\/karin-radstrom-assume-a-lideranca-da-mercedes-benz-trucks-em-2021\/"},"author":{"name":"","@id":""},"headline":"Karin R\u00e5dstr\u00f6m assume a lideran\u00e7a da Mercedes-Benz Trucks em 2021","datePublished":"2020-10-22T16:00:56+00:00","dateModified":"2025-12-15T11:40:47+00:00","mainEntityOfPage":{"@id":"https:\/\/loginfo24.com\/pt-pt\/2020\/10\/22\/karin-radstrom-assume-a-lideranca-da-mercedes-benz-trucks-em-2021\/"},"wordCount":180,"commentCount":0,"publisher":{"@id":"https:\/\/loginfo24.com\/pt-pt\/#organization"},"articleSection":["Forwarding &amp; Logistics","Regions"],"inLanguage":"pt-PT","potentialAction":[{"@type":"CommentAction","name":"Comment","target":["https:\/\/loginfo24.com\/pt-pt\/2020\/10\/22\/karin-radstrom-assume-a-lideranca-da-mercedes-benz-trucks-em-2021\/#respond"]}]},{"@type":"WebPage","@id":"https:\/\/loginfo24.com\/pt-pt\/2020\/10\/22\/karin-radstrom-assume-a-lideranca-da-mercedes-benz-trucks-em-2021\/","url":"https:\/\/loginfo24.com\/pt-pt\/2020\/10\/22\/karin-radstrom-assume-a-lideranca-da-mercedes-benz-trucks-em-2021\/","name":"Karin R\u00e5dstr\u00f6m assume a lideran\u00e7a da Mercedes-Benz Trucks em 2021 - Loginfo24","isPartOf":{"@id":"https:\/\/loginfo24.com\/pt-pt\/#website"},"datePublished":"2020-10-22T16:00:56+00:00","dateModified":"2025-12-15T11:40:47+00:00","breadcrumb":{"@id":"https:\/\/loginfo24.com\/pt-pt\/2020\/10\/22\/karin-radstrom-assume-a-lideranca-da-mercedes-benz-trucks-em-2021\/#breadcrumb"},"inLanguage":"pt-PT","potentialAction":[{"@type":"ReadAction","target":["https:\/\/loginfo24.com\/pt-pt\/2020\/10\/22\/karin-radstrom-assume-a-lideranca-da-mercedes-benz-trucks-em-2021\/"]}]},{"@type":"BreadcrumbList","@id":"https:\/\/loginfo24.com\/pt-pt\/2020\/10\/22\/karin-radstrom-assume-a-lideranca-da-mercedes-benz-trucks-em-2021\/#breadcrumb","itemListElement":[{"@type":"ListItem","position":1,"name":"Startseite","item":"https:\/\/loginfo24.com\/pt-pt\/"},{"@type":"ListItem","position":2,"name":"Karin R\u00e5dstr\u00f6m assume a lideran\u00e7a da Mercedes-Benz Trucks em 2021"}]},{"@type":"WebSite","@id":"https:\/\/loginfo24.com\/pt-pt\/#website","url":"https:\/\/loginfo24.com\/pt-pt\/","name":"Loginfo24","description":"Loginfo24 \u00e9 a plataforma dedicada \u00e0 log\u00edstica e \u00e0s cadeias de abastecimento, com informa\u00e7\u00f5es dispon\u00edveis 24 horas por dia.","publisher":{"@id":"https:\/\/loginfo24.com\/pt-pt\/#organization"},"potentialAction":[{"@type":"SearchAction","target":{"@type":"EntryPoint","urlTemplate":"https:\/\/loginfo24.com\/pt-pt\/?s={search_term_string}"},"query-input":{"@type":"PropertyValueSpecification","valueRequired":true,"valueName":"search_term_string"}}],"inLanguage":"pt-PT"},{"@type":"Organization","@id":"https:\/\/loginfo24.com\/pt-pt\/#organization","name":"Logismedia Group AG","url":"https:\/\/loginfo24.com\/pt-pt\/","logo":{"@type":"ImageObject","inLanguage":"pt-PT","@id":"https:\/\/loginfo24.com\/pt-pt\/#\/schema\/logo\/image\/","url":"https:\/\/loginfo24.com\/wp-content\/uploads\/sites\/7\/2026\/01\/Logo_LogInfo24.png","contentUrl":"https:\/\/loginfo24.com\/wp-content\/uploads\/sites\/7\/2026\/01\/Logo_LogInfo24.png","width":938,"height":351,"caption":"Logismedia Group AG"},"image":{"@id":"https:\/\/loginfo24.com\/pt-pt\/#\/schema\/logo\/image\/"},"sameAs":["https:\/\/www.facebook.com\/people\/Loginfo24\/100057360583332\/","https:\/\/www.linkedin.com\/company\/lofinfo24\/"]}]}},"_links":{"self":[{"href":"https:\/\/loginfo24.com\/pt-pt\/wp-json\/wp\/v2\/posts\/20693","targetHints":{"allow":["GET"]}}],"collection":[{"href":"https:\/\/loginfo24.com\/pt-pt\/wp-json\/wp\/v2\/posts"}],"about":[{"href":"https:\/\/loginfo24.com\/pt-pt\/wp-json\/wp\/v2\/types\/post"}],"replies":[{"embeddable":true,"href":"https:\/\/loginfo24.com\/pt-pt\/wp-json\/wp\/v2\/comments?post=20693"}],"version-history":[{"count":1,"href":"https:\/\/loginfo24.com\/pt-pt\/wp-json\/wp\/v2\/posts\/20693\/revisions"}],"predecessor-version":[{"id":37584,"href":"https:\/\/loginfo24.com\/pt-pt\/wp-json\/wp\/v2\/posts\/20693\/revisions\/37584"}],"wp:attachment":[{"href":"https:\/\/loginfo24.com\/pt-pt\/wp-json\/wp\/v2\/media?parent=20693"}],"wp:term":[{"taxonomy":"category","embeddable":true,"href":"https:\/\/loginfo24.com\/pt-pt\/wp-json\/wp\/v2\/categories?post=20693"},{"taxonomy":"post_tag","embeddable":true,"href":"https:\/\/loginfo24.com\/pt-pt\/wp-json\/wp\/v2\/tags?post=20693"}],"curies":[{"name":"wp","href":"https:\/\/api.w.org\/{rel}","templated":true}]}}