{"id":19834,"date":"2020-09-16T14:52:04","date_gmt":"2020-09-16T12:52:04","guid":{"rendered":"https:\/\/blog.brand-architecture.at\/2020\/09\/16\/sentenca-deutsche-post-deve-registrar-tempos-de-conducao-e-descanso\/"},"modified":"2025-12-15T12:37:02","modified_gmt":"2025-12-15T11:37:02","slug":"sentenca-deutsche-post-deve-registrar-tempos-de-conducao-e-descanso","status":"publish","type":"post","link":"https:\/\/loginfo24.com\/pt-pt\/2020\/09\/16\/sentenca-deutsche-post-deve-registrar-tempos-de-conducao-e-descanso\/","title":{"rendered":"Senten\u00e7a: Deutsche Post deve registrar tempos de condu\u00e7\u00e3o e descanso"},"content":{"rendered":"<p>Sucesso inovador para a Associa\u00e7\u00e3o Federal de Pacotes e Log\u00edstica Expressa (BIEK). O Tribunal Regional de Col\u00f4nia deu raz\u00e3o ao BIEK e decidiu que a Deutsche Post deve documentar os tempos de condu\u00e7\u00e3o e descanso para ve\u00edculos de entrega. Isso cria condi\u00e7\u00f5es para uma concorr\u00eancia justa no mercado de pacotes.<\/p>\n<p>(Berlim) Com sua senten\u00e7a de hoje, o Tribunal Regional de Col\u00f4nia decidiu: A Deutsche Post (DP AG) est\u00e1 proibida de utilizar ve\u00edculos de entrega sem a documenta\u00e7\u00e3o dos tempos de condu\u00e7\u00e3o e descanso.<\/p>\n<p>O tribunal d\u00e1 raz\u00e3o \u00e0 associa\u00e7\u00e3o de pacotes BIEK, que processou a DP AG devido \u00e0 falta de registro dos tempos de condu\u00e7\u00e3o e descanso. Basicamente, todas as empresas de transporte s\u00e3o obrigadas a fazer tal registro para ve\u00edculos de uma determinada classe de peso.<\/p>\n<h5>Contornar o registro com cargas mistas<\/h5>\n<p>A DP AG n\u00e3o cumpre essa obriga\u00e7\u00e3o, referindo-se a uma disposi\u00e7\u00e3o de exce\u00e7\u00e3o ao utilizar ve\u00edculos no \u00e2mbito do servi\u00e7o universal. Ela estende a disposi\u00e7\u00e3o de exce\u00e7\u00e3o tamb\u00e9m a ve\u00edculos que est\u00e3o apenas parcialmente carregados com envios que s\u00e3o transportados no \u00e2mbito do servi\u00e7o universal \u2013 com o efeito de que a DP AG n\u00e3o documenta os tempos de condu\u00e7\u00e3o e descanso de forma alguma. Isso resulta em desvantagens significativas para os concorrentes que cumprem a obriga\u00e7\u00e3o de documenta\u00e7\u00e3o, que est\u00e1 associada a um alto esfor\u00e7o administrativo.<\/p>\n<p>O tribunal agora decidiu: A carga mista de envios dentro e fora do servi\u00e7o universal praticada pela DP AG n\u00e3o justifica a isen\u00e7\u00e3o da obriga\u00e7\u00e3o de documenta\u00e7\u00e3o. O ex-monopolista est\u00e1 agora proibido de utilizar ve\u00edculos de entrega de determinadas classes de peso sem registrar os tempos de condu\u00e7\u00e3o e descanso.<\/p>\n<p>Marten Bosselmann, presidente do BIEK: &#8220;A senten\u00e7a \u00e9 boa para o mercado de pacotes: finalmente, as vantagens injustificadas da Deutsche Post s\u00e3o eliminadas e mais condi\u00e7\u00f5es para uma concorr\u00eancia justa s\u00e3o criadas.&#8221;<\/p>\n<p>Foto: \u00a9 Adobe Stock\/eyewave<\/p>\n<p><a href=\"https:\/\/www.biek.de\" target=\"_blank\" rel=\"noopener noreferrer\">www.biek.de<\/a><\/p>\n","protected":false},"excerpt":{"rendered":"<p>Sucesso inovador para a Associa\u00e7\u00e3o Federal de Pacotes e Log\u00edstica Expressa (BIEK). O Tribunal Regional de Col\u00f4nia deu raz\u00e3o ao BIEK e decidiu que a Deutsche<span class=\"excerpt-hellip\"> [\u2026]<\/span><\/p>\n","protected":false},"author":0,"featured_media":0,"comment_status":"open","ping_status":"open","sticky":false,"template":"","format":"standard","meta":{"_acf_changed":false,"footnotes":""},"categories":[1557,1556,1561],"tags":[],"class_list":["post-19834","post","type-post","status-publish","format-standard","hentry","category-forwarding-logistics","category-intermodal-road","category-regions"],"acf":[],"yoast_head":"<!-- This site is optimized with the Yoast SEO plugin v27.3 - https:\/\/yoast.com\/product\/yoast-seo-wordpress\/ -->\n<title>Senten\u00e7a: Deutsche Post deve registrar tempos de condu\u00e7\u00e3o e descanso - Loginfo24<\/title>\n<meta name=\"robots\" content=\"index, follow, max-snippet:-1, max-image-preview:large, max-video-preview:-1\" \/>\n<link rel=\"canonical\" href=\"https:\/\/loginfo24.com\/pt-pt\/2020\/09\/16\/sentenca-deutsche-post-deve-registrar-tempos-de-conducao-e-descanso\/\" \/>\n<meta property=\"og:locale\" content=\"pt_PT\" \/>\n<meta property=\"og:type\" content=\"article\" \/>\n<meta property=\"og:title\" content=\"Senten\u00e7a: Deutsche Post deve registrar tempos de condu\u00e7\u00e3o e descanso - Loginfo24\" \/>\n<meta property=\"og:description\" content=\"Sucesso inovador para a Associa\u00e7\u00e3o Federal de Pacotes e Log\u00edstica Expressa (BIEK). O Tribunal Regional de Col\u00f4nia deu raz\u00e3o ao BIEK e decidiu que a Deutsche [\u2026]\" \/>\n<meta property=\"og:url\" content=\"https:\/\/loginfo24.com\/pt-pt\/2020\/09\/16\/sentenca-deutsche-post-deve-registrar-tempos-de-conducao-e-descanso\/\" \/>\n<meta property=\"og:site_name\" content=\"Loginfo24\" \/>\n<meta property=\"article:publisher\" content=\"https:\/\/www.facebook.com\/people\/Loginfo24\/100057360583332\/\" \/>\n<meta property=\"article:published_time\" content=\"2020-09-16T12:52:04+00:00\" \/>\n<meta property=\"article:modified_time\" content=\"2025-12-15T11:37:02+00:00\" \/>\n<meta name=\"twitter:card\" content=\"summary_large_image\" \/>\n<meta name=\"twitter:label1\" content=\"Tempo estimado de leitura\" \/>\n\t<meta name=\"twitter:data1\" content=\"2 minutos\" \/>\n<script type=\"application\/ld+json\" class=\"yoast-schema-graph\">{\"@context\":\"https:\\\/\\\/schema.org\",\"@graph\":[{\"@type\":\"Article\",\"@id\":\"https:\\\/\\\/loginfo24.com\\\/pt-pt\\\/2020\\\/09\\\/16\\\/sentenca-deutsche-post-deve-registrar-tempos-de-conducao-e-descanso\\\/#article\",\"isPartOf\":{\"@id\":\"https:\\\/\\\/loginfo24.com\\\/pt-pt\\\/2020\\\/09\\\/16\\\/sentenca-deutsche-post-deve-registrar-tempos-de-conducao-e-descanso\\\/\"},\"author\":{\"name\":\"\",\"@id\":\"\"},\"headline\":\"Senten\u00e7a: Deutsche Post deve registrar tempos de condu\u00e7\u00e3o e descanso\",\"datePublished\":\"2020-09-16T12:52:04+00:00\",\"dateModified\":\"2025-12-15T11:37:02+00:00\",\"mainEntityOfPage\":{\"@id\":\"https:\\\/\\\/loginfo24.com\\\/pt-pt\\\/2020\\\/09\\\/16\\\/sentenca-deutsche-post-deve-registrar-tempos-de-conducao-e-descanso\\\/\"},\"wordCount\":366,\"commentCount\":0,\"publisher\":{\"@id\":\"https:\\\/\\\/loginfo24.com\\\/pt-pt\\\/#organization\"},\"articleSection\":[\"Forwarding &amp; Logistics\",\"Intermodal \\\/ Road\",\"Regions\"],\"inLanguage\":\"pt-PT\",\"potentialAction\":[{\"@type\":\"CommentAction\",\"name\":\"Comment\",\"target\":[\"https:\\\/\\\/loginfo24.com\\\/pt-pt\\\/2020\\\/09\\\/16\\\/sentenca-deutsche-post-deve-registrar-tempos-de-conducao-e-descanso\\\/#respond\"]}]},{\"@type\":\"WebPage\",\"@id\":\"https:\\\/\\\/loginfo24.com\\\/pt-pt\\\/2020\\\/09\\\/16\\\/sentenca-deutsche-post-deve-registrar-tempos-de-conducao-e-descanso\\\/\",\"url\":\"https:\\\/\\\/loginfo24.com\\\/pt-pt\\\/2020\\\/09\\\/16\\\/sentenca-deutsche-post-deve-registrar-tempos-de-conducao-e-descanso\\\/\",\"name\":\"Senten\u00e7a: Deutsche Post deve registrar tempos de condu\u00e7\u00e3o e descanso - Loginfo24\",\"isPartOf\":{\"@id\":\"https:\\\/\\\/loginfo24.com\\\/pt-pt\\\/#website\"},\"datePublished\":\"2020-09-16T12:52:04+00:00\",\"dateModified\":\"2025-12-15T11:37:02+00:00\",\"breadcrumb\":{\"@id\":\"https:\\\/\\\/loginfo24.com\\\/pt-pt\\\/2020\\\/09\\\/16\\\/sentenca-deutsche-post-deve-registrar-tempos-de-conducao-e-descanso\\\/#breadcrumb\"},\"inLanguage\":\"pt-PT\",\"potentialAction\":[{\"@type\":\"ReadAction\",\"target\":[\"https:\\\/\\\/loginfo24.com\\\/pt-pt\\\/2020\\\/09\\\/16\\\/sentenca-deutsche-post-deve-registrar-tempos-de-conducao-e-descanso\\\/\"]}]},{\"@type\":\"BreadcrumbList\",\"@id\":\"https:\\\/\\\/loginfo24.com\\\/pt-pt\\\/2020\\\/09\\\/16\\\/sentenca-deutsche-post-deve-registrar-tempos-de-conducao-e-descanso\\\/#breadcrumb\",\"itemListElement\":[{\"@type\":\"ListItem\",\"position\":1,\"name\":\"Startseite\",\"item\":\"https:\\\/\\\/loginfo24.com\\\/pt-pt\\\/\"},{\"@type\":\"ListItem\",\"position\":2,\"name\":\"Senten\u00e7a: Deutsche Post deve registrar tempos de condu\u00e7\u00e3o e descanso\"}]},{\"@type\":\"WebSite\",\"@id\":\"https:\\\/\\\/loginfo24.com\\\/pt-pt\\\/#website\",\"url\":\"https:\\\/\\\/loginfo24.com\\\/pt-pt\\\/\",\"name\":\"Loginfo24\",\"description\":\"Loginfo24 \u00e9 a plataforma dedicada \u00e0 log\u00edstica e \u00e0s cadeias de abastecimento, com informa\u00e7\u00f5es dispon\u00edveis 24 horas por dia.\",\"publisher\":{\"@id\":\"https:\\\/\\\/loginfo24.com\\\/pt-pt\\\/#organization\"},\"potentialAction\":[{\"@type\":\"SearchAction\",\"target\":{\"@type\":\"EntryPoint\",\"urlTemplate\":\"https:\\\/\\\/loginfo24.com\\\/pt-pt\\\/?s={search_term_string}\"},\"query-input\":{\"@type\":\"PropertyValueSpecification\",\"valueRequired\":true,\"valueName\":\"search_term_string\"}}],\"inLanguage\":\"pt-PT\"},{\"@type\":\"Organization\",\"@id\":\"https:\\\/\\\/loginfo24.com\\\/pt-pt\\\/#organization\",\"name\":\"Logismedia Group AG\",\"url\":\"https:\\\/\\\/loginfo24.com\\\/pt-pt\\\/\",\"logo\":{\"@type\":\"ImageObject\",\"inLanguage\":\"pt-PT\",\"@id\":\"https:\\\/\\\/loginfo24.com\\\/pt-pt\\\/#\\\/schema\\\/logo\\\/image\\\/\",\"url\":\"https:\\\/\\\/loginfo24.com\\\/wp-content\\\/uploads\\\/sites\\\/7\\\/2026\\\/01\\\/Logo_LogInfo24.png\",\"contentUrl\":\"https:\\\/\\\/loginfo24.com\\\/wp-content\\\/uploads\\\/sites\\\/7\\\/2026\\\/01\\\/Logo_LogInfo24.png\",\"width\":938,\"height\":351,\"caption\":\"Logismedia Group AG\"},\"image\":{\"@id\":\"https:\\\/\\\/loginfo24.com\\\/pt-pt\\\/#\\\/schema\\\/logo\\\/image\\\/\"},\"sameAs\":[\"https:\\\/\\\/www.facebook.com\\\/people\\\/Loginfo24\\\/100057360583332\\\/\",\"https:\\\/\\\/www.linkedin.com\\\/company\\\/lofinfo24\\\/\"]}]}<\/script>\n<!-- \/ Yoast SEO plugin. -->","yoast_head_json":{"title":"Senten\u00e7a: Deutsche Post deve registrar tempos de condu\u00e7\u00e3o e descanso - Loginfo24","robots":{"index":"index","follow":"follow","max-snippet":"max-snippet:-1","max-image-preview":"max-image-preview:large","max-video-preview":"max-video-preview:-1"},"canonical":"https:\/\/loginfo24.com\/pt-pt\/2020\/09\/16\/sentenca-deutsche-post-deve-registrar-tempos-de-conducao-e-descanso\/","og_locale":"pt_PT","og_type":"article","og_title":"Senten\u00e7a: Deutsche Post deve registrar tempos de condu\u00e7\u00e3o e descanso - Loginfo24","og_description":"Sucesso inovador para a Associa\u00e7\u00e3o Federal de Pacotes e Log\u00edstica Expressa (BIEK). O Tribunal Regional de Col\u00f4nia deu raz\u00e3o ao BIEK e decidiu que a Deutsche [\u2026]","og_url":"https:\/\/loginfo24.com\/pt-pt\/2020\/09\/16\/sentenca-deutsche-post-deve-registrar-tempos-de-conducao-e-descanso\/","og_site_name":"Loginfo24","article_publisher":"https:\/\/www.facebook.com\/people\/Loginfo24\/100057360583332\/","article_published_time":"2020-09-16T12:52:04+00:00","article_modified_time":"2025-12-15T11:37:02+00:00","twitter_card":"summary_large_image","twitter_misc":{"Tempo estimado de leitura":"2 minutos"},"schema":{"@context":"https:\/\/schema.org","@graph":[{"@type":"Article","@id":"https:\/\/loginfo24.com\/pt-pt\/2020\/09\/16\/sentenca-deutsche-post-deve-registrar-tempos-de-conducao-e-descanso\/#article","isPartOf":{"@id":"https:\/\/loginfo24.com\/pt-pt\/2020\/09\/16\/sentenca-deutsche-post-deve-registrar-tempos-de-conducao-e-descanso\/"},"author":{"name":"","@id":""},"headline":"Senten\u00e7a: Deutsche Post deve registrar tempos de condu\u00e7\u00e3o e descanso","datePublished":"2020-09-16T12:52:04+00:00","dateModified":"2025-12-15T11:37:02+00:00","mainEntityOfPage":{"@id":"https:\/\/loginfo24.com\/pt-pt\/2020\/09\/16\/sentenca-deutsche-post-deve-registrar-tempos-de-conducao-e-descanso\/"},"wordCount":366,"commentCount":0,"publisher":{"@id":"https:\/\/loginfo24.com\/pt-pt\/#organization"},"articleSection":["Forwarding &amp; Logistics","Intermodal \/ Road","Regions"],"inLanguage":"pt-PT","potentialAction":[{"@type":"CommentAction","name":"Comment","target":["https:\/\/loginfo24.com\/pt-pt\/2020\/09\/16\/sentenca-deutsche-post-deve-registrar-tempos-de-conducao-e-descanso\/#respond"]}]},{"@type":"WebPage","@id":"https:\/\/loginfo24.com\/pt-pt\/2020\/09\/16\/sentenca-deutsche-post-deve-registrar-tempos-de-conducao-e-descanso\/","url":"https:\/\/loginfo24.com\/pt-pt\/2020\/09\/16\/sentenca-deutsche-post-deve-registrar-tempos-de-conducao-e-descanso\/","name":"Senten\u00e7a: Deutsche Post deve registrar tempos de condu\u00e7\u00e3o e descanso - Loginfo24","isPartOf":{"@id":"https:\/\/loginfo24.com\/pt-pt\/#website"},"datePublished":"2020-09-16T12:52:04+00:00","dateModified":"2025-12-15T11:37:02+00:00","breadcrumb":{"@id":"https:\/\/loginfo24.com\/pt-pt\/2020\/09\/16\/sentenca-deutsche-post-deve-registrar-tempos-de-conducao-e-descanso\/#breadcrumb"},"inLanguage":"pt-PT","potentialAction":[{"@type":"ReadAction","target":["https:\/\/loginfo24.com\/pt-pt\/2020\/09\/16\/sentenca-deutsche-post-deve-registrar-tempos-de-conducao-e-descanso\/"]}]},{"@type":"BreadcrumbList","@id":"https:\/\/loginfo24.com\/pt-pt\/2020\/09\/16\/sentenca-deutsche-post-deve-registrar-tempos-de-conducao-e-descanso\/#breadcrumb","itemListElement":[{"@type":"ListItem","position":1,"name":"Startseite","item":"https:\/\/loginfo24.com\/pt-pt\/"},{"@type":"ListItem","position":2,"name":"Senten\u00e7a: Deutsche Post deve registrar tempos de condu\u00e7\u00e3o e descanso"}]},{"@type":"WebSite","@id":"https:\/\/loginfo24.com\/pt-pt\/#website","url":"https:\/\/loginfo24.com\/pt-pt\/","name":"Loginfo24","description":"Loginfo24 \u00e9 a plataforma dedicada \u00e0 log\u00edstica e \u00e0s cadeias de abastecimento, com informa\u00e7\u00f5es dispon\u00edveis 24 horas por dia.","publisher":{"@id":"https:\/\/loginfo24.com\/pt-pt\/#organization"},"potentialAction":[{"@type":"SearchAction","target":{"@type":"EntryPoint","urlTemplate":"https:\/\/loginfo24.com\/pt-pt\/?s={search_term_string}"},"query-input":{"@type":"PropertyValueSpecification","valueRequired":true,"valueName":"search_term_string"}}],"inLanguage":"pt-PT"},{"@type":"Organization","@id":"https:\/\/loginfo24.com\/pt-pt\/#organization","name":"Logismedia Group AG","url":"https:\/\/loginfo24.com\/pt-pt\/","logo":{"@type":"ImageObject","inLanguage":"pt-PT","@id":"https:\/\/loginfo24.com\/pt-pt\/#\/schema\/logo\/image\/","url":"https:\/\/loginfo24.com\/wp-content\/uploads\/sites\/7\/2026\/01\/Logo_LogInfo24.png","contentUrl":"https:\/\/loginfo24.com\/wp-content\/uploads\/sites\/7\/2026\/01\/Logo_LogInfo24.png","width":938,"height":351,"caption":"Logismedia Group AG"},"image":{"@id":"https:\/\/loginfo24.com\/pt-pt\/#\/schema\/logo\/image\/"},"sameAs":["https:\/\/www.facebook.com\/people\/Loginfo24\/100057360583332\/","https:\/\/www.linkedin.com\/company\/lofinfo24\/"]}]}},"_links":{"self":[{"href":"https:\/\/loginfo24.com\/pt-pt\/wp-json\/wp\/v2\/posts\/19834","targetHints":{"allow":["GET"]}}],"collection":[{"href":"https:\/\/loginfo24.com\/pt-pt\/wp-json\/wp\/v2\/posts"}],"about":[{"href":"https:\/\/loginfo24.com\/pt-pt\/wp-json\/wp\/v2\/types\/post"}],"replies":[{"embeddable":true,"href":"https:\/\/loginfo24.com\/pt-pt\/wp-json\/wp\/v2\/comments?post=19834"}],"version-history":[{"count":1,"href":"https:\/\/loginfo24.com\/pt-pt\/wp-json\/wp\/v2\/posts\/19834\/revisions"}],"predecessor-version":[{"id":35913,"href":"https:\/\/loginfo24.com\/pt-pt\/wp-json\/wp\/v2\/posts\/19834\/revisions\/35913"}],"wp:attachment":[{"href":"https:\/\/loginfo24.com\/pt-pt\/wp-json\/wp\/v2\/media?parent=19834"}],"wp:term":[{"taxonomy":"category","embeddable":true,"href":"https:\/\/loginfo24.com\/pt-pt\/wp-json\/wp\/v2\/categories?post=19834"},{"taxonomy":"post_tag","embeddable":true,"href":"https:\/\/loginfo24.com\/pt-pt\/wp-json\/wp\/v2\/tags?post=19834"}],"curies":[{"name":"wp","href":"https:\/\/api.w.org\/{rel}","templated":true}]}}