{"id":19773,"date":"2020-09-13T18:35:49","date_gmt":"2020-09-13T16:35:49","guid":{"rendered":"https:\/\/blog.brand-architecture.at\/2020\/09\/13\/veiculos-eletricos-da-daimler-trucks-em-operacao-com-clientes-em-todo-o-mundo\/"},"modified":"2025-12-15T12:36:50","modified_gmt":"2025-12-15T11:36:50","slug":"veiculos-eletricos-da-daimler-trucks-em-operacao-com-clientes-em-todo-o-mundo","status":"publish","type":"post","link":"https:\/\/loginfo24.com\/pt-pt\/2020\/09\/13\/veiculos-eletricos-da-daimler-trucks-em-operacao-com-clientes-em-todo-o-mundo\/","title":{"rendered":"Ve\u00edculos el\u00e9tricos da Daimler Trucks em opera\u00e7\u00e3o com clientes em todo o mundo"},"content":{"rendered":"<p>Caminh\u00f5es e \u00f4nibus el\u00e9tricos a bateria da Daimler Trucks das marcas Mercedes-Benz, FUSO e Freightliner est\u00e3o em intensa opera\u00e7\u00e3o com clientes em todo o mundo. O feedback positivo dos clientes dos testes confirma a estrat\u00e9gia de eletrifica\u00e7\u00e3o da Daimler Trucks &amp; Buses. At\u00e9 2022, est\u00e1 planejado um portf\u00f3lio de ve\u00edculos com ve\u00edculos de produ\u00e7\u00e3o em s\u00e9rie el\u00e9tricos a bateria nas principais regi\u00f5es de vendas Europa, Am\u00e9rica do Norte e Jap\u00e3o.<\/p>\n<p>(Stuttgart \/ Kawasaki, Jap\u00e3o \/ Portland, EUA) \u2013 A Daimler Trucks &amp; Buses celebra mais um marco no caminho para a eletrifica\u00e7\u00e3o de seu portf\u00f3lio de ve\u00edculos. Em todo o mundo, os clientes j\u00e1 percorreram mais de sete milh\u00f5es de quil\u00f4metros localmente neutros em CO<sub>2<\/sub> com caminh\u00f5es e \u00f4nibus el\u00e9tricos a bateria. O feedback positivo dos clientes e as descobertas dos intensos testes pr\u00e1ticos com caminh\u00f5es el\u00e9tricos das marcas Mercedes-Benz, FUSO e Freightliner mostram que a eletrifica\u00e7\u00e3o do transporte rodovi\u00e1rio de mercadorias j\u00e1 \u00e9 vi\u00e1vel hoje. Desde 2018, o \u00f4nibus urbano el\u00e9trico da Mercedes-Benz, o eCitaro, est\u00e1 em opera\u00e7\u00e3o como ve\u00edculo de produ\u00e7\u00e3o em v\u00e1rias cidades europeias.<\/p>\n<p>Como parte de sua estrat\u00e9gia de eletrifica\u00e7\u00e3o, a Daimler Trucks planeja oferecer ve\u00edculos el\u00e9tricos at\u00e9 2022 em todas as principais regi\u00f5es de vendas: do FUSO eCanter no segmento leve ao Freightliner eM2 no segmento m\u00e9dio, at\u00e9 o Mercedes-Benz eActros e o Freightliner eCascadia no segmento pesado.<\/p>\n<h5><strong>Com a ambi\u00e7\u00e3o de ser l\u00edder em tecnologia<\/strong><\/h5>\n<p>Martin Daum, presidente do conselho da Daimler Truck AG e membro do conselho da Daimler AG: &#8220;Como um dos maiores fabricantes de ve\u00edculos comerciais do mundo, temos a ambi\u00e7\u00e3o de ser l\u00edderes em inova\u00e7\u00e3o e tecnologia tamb\u00e9m em sistemas de propuls\u00e3o alternativos. Por exemplo, nosso \u00f4nibus urbano localmente neutro em CO<sub>2<\/sub>, o eCitaro, est\u00e1 em produ\u00e7\u00e3o em s\u00e9rie desde 2018 e eletrifica o transporte p\u00fablico em muitas cidades. Tamb\u00e9m com nossos caminh\u00f5es el\u00e9tricos, queremos oferecer aos nossos clientes ve\u00edculos que estejam \u00e0 altura dos caminh\u00f5es convencionais em termos de disponibilidade e desempenho. Essa foi nossa motiva\u00e7\u00e3o para colocar os caminh\u00f5es el\u00e9tricos nas m\u00e3os dos clientes precocemente. Gra\u00e7as \u00e0 nossa presen\u00e7a global, clientes em todo o mundo testam diferentes conceitos de ve\u00edculos em diversas opera\u00e7\u00f5es pr\u00e1ticas. Isso representa uma vantagem competitiva especial. Atrav\u00e9s da estreita colabora\u00e7\u00e3o com nossos clientes e dos muitos quil\u00f4metros de teste percorridos, importantes descobertas j\u00e1 est\u00e3o sendo incorporadas diretamente ao desenvolvimento em s\u00e9rie de nossos caminh\u00f5es el\u00e9tricos h\u00e1 v\u00e1rios anos.&#8221;<\/p>\n<h5><strong>Caminh\u00f5es el\u00e9tricos com estrela: O Mercedes-Benz eActros e eEconic<\/strong><\/h5>\n<p>J\u00e1 na IAA 2016, a Mercedes-Benz Trucks apresentou como o primeiro fabricante do mundo um caminh\u00e3o el\u00e9trico pesado. Com o caminh\u00e3o totalmente el\u00e9trico eActros, a Mercedes-Benz Trucks demonstra que o transporte de distribui\u00e7\u00e3o pesado para \u00e1reas urbanas j\u00e1 \u00e9 poss\u00edvel de forma localmente isenta de emiss\u00f5es. O eActros, com uma autonomia de cerca de 200 km, tem se destacado desde 2018 em diversas opera\u00e7\u00f5es pr\u00e1ticas com diferentes clientes na Europa como uma alternativa localmente neutra em CO<sub>2<\/sub> para o transporte urbano de distribui\u00e7\u00e3o. O in\u00edcio da produ\u00e7\u00e3o em s\u00e9rie est\u00e1 previsto para 2021.<\/p>\n<p>As primeiras opera\u00e7\u00f5es pr\u00e1ticas do caminh\u00e3o de piso baixo Mercedes-Benz eEconic, anunciado em 2020 e baseado no eActros, est\u00e3o planejadas para o pr\u00f3ximo ano. O in\u00edcio da produ\u00e7\u00e3o em s\u00e9rie est\u00e1 previsto para 2022. O eEconic \u00e9 predominantemente utilizado como ve\u00edculo de coleta de lixo em opera\u00e7\u00f5es urbanas no setor de res\u00edduos, o que se adapta muito bem a caminh\u00f5es el\u00e9tricos a bateria devido \u00e0s rotas comparativamente curtas e fixas de cerca de 100 km, com uma alta propor\u00e7\u00e3o de paradas e arranques.<\/p>\n<h5><strong>Pioneiro no transporte de distribui\u00e7\u00e3o leve: O FUSO eCanter el\u00e9trico em produ\u00e7\u00e3o limitada<\/strong><\/h5>\n<p>J\u00e1 em setembro de 2017, o leve FUSO eCanter celebrou sua estreia mundial e est\u00e1 sendo entregue a numerosos clientes em todo o mundo. O caminh\u00e3o leve totalmente el\u00e9trico da FUSO \u00e9 a resposta \u00e0 demanda p\u00fablica por caminh\u00f5es localmente isentos de emiss\u00f5es para o transporte leve de distribui\u00e7\u00e3o urbano. No \u00e2mbito de uma produ\u00e7\u00e3o limitada, mais de 170 caminh\u00f5es leves do tipo FUSO eCanter j\u00e1 est\u00e3o em opera\u00e7\u00e3o com v\u00e1rios clientes no Jap\u00e3o, EUA e Europa. Mais entregas seguir\u00e3o gradualmente. A autonomia do caminh\u00e3o de 7,49 toneladas de 100 quil\u00f4metros atende com seguran\u00e7a \u00e0 demanda dos clientes no transporte urbano de distribui\u00e7\u00e3o. Com um carregador r\u00e1pido, o tempo de carregamento pode ser reduzido para cerca de uma hora e meia. O eCanter \u00e9 produzido em Kawasaki, Jap\u00e3o, e em Tramagal, Portugal.<\/p>\n<h5><strong>Daimler Trucks North America: Testes com clientes com Freightliner eCascadia &amp; eM2<\/strong><\/h5>\n<p>Nos EUA, em junho de 2018, o pesado eCascadia e o m\u00e9dio eM2 estrearam em Portland. Ambos os caminh\u00f5es el\u00e9tricos est\u00e3o atualmente passando por testes pr\u00e1ticos com clientes nos EUA. A frota de testes inclui mais de 38 ve\u00edculos em uma variedade de aplica\u00e7\u00f5es, incluindo transporte de distribui\u00e7\u00e3o regional e local, distribui\u00e7\u00e3o de alimentos e entrega de pacotes. Espera-se que eles tenham uma autonomia em s\u00e9rie de cerca de 370 km (eM2) ou at\u00e9 400 km (eCascadia). O in\u00edcio da produ\u00e7\u00e3o em s\u00e9rie do eCascadia est\u00e1 previsto para meados de 2022 e do Freightliner eM2 para o final de 2022.<\/p>\n<h5><strong>Sistemas de propuls\u00e3o alternativos na Daimler Trucks<\/strong><\/h5>\n<p>A Daimler Trucks tem a ambi\u00e7\u00e3o de oferecer apenas ve\u00edculos novos que sejam neutros em CO<sub>2<\/sub> durante a opera\u00e7\u00e3o (&#8220;tank-to-wheel&#8221;) na Europa, Jap\u00e3o e Am\u00e9rica do Norte at\u00e9 2039. At\u00e9 2022, o portf\u00f3lio de ve\u00edculos nas principais regi\u00f5es de vendas da Am\u00e9rica do Norte, Europa e Jap\u00e3o deve incluir ve\u00edculos de produ\u00e7\u00e3o em s\u00e9rie com propuls\u00e3o el\u00e9trica a bateria. Na segunda metade da d\u00e9cada de 2020, a Daimler Trucks pretende complementar seu portf\u00f3lio de produ\u00e7\u00e3o em s\u00e9rie com caminh\u00f5es movidos a c\u00e9lulas de combust\u00edvel el\u00e9tricas. Estes devem ser abastecidos com hidrog\u00eanio l\u00edquido. Um transporte neutro em CO<sub>2<\/sub> nas estradas at\u00e9 2050 \u00e9 o objetivo final.<\/p>\n<p>Foto: \u00a9 Daimler Trucks<\/p>\n<p><strong><em>Imagem 1:<\/em><\/strong><em> Desde 2018, o pesado eActros el\u00e9trico a bateria est\u00e1 em intensa opera\u00e7\u00e3o com clientes. As descobertas dos testes com clientes est\u00e3o sendo incorporadas diretamente ao desenvolvimento em s\u00e9rie do caminh\u00e3o el\u00e9trico localmente neutro em CO<sub>2<\/sub> para o transporte urbano de distribui\u00e7\u00e3o. O in\u00edcio da produ\u00e7\u00e3o em s\u00e9rie est\u00e1 previsto para 2021.<\/em><\/p>\n<p><strong><em>S\u00e9rie de imagens:<\/em><\/strong><em> A fam\u00edlia dos caminh\u00f5es el\u00e9tricos da Daimler: O Mercedes eActros (Imagem 1, 5,6), o FUSO eCanter (Imagem 2), o Freightliner eM2 (Imagem 4) e o pesado Freightliner eCascadia (Imagem 3).<\/em><\/p>\n<p><a href=\"https:\/\/www.daimler-truck.com\" target=\"_blank\" rel=\"noopener noreferrer\">www.daimler-truck.com<\/a><\/p>\n","protected":false},"excerpt":{"rendered":"<p>Caminh\u00f5es e \u00f4nibus el\u00e9tricos a bateria da Daimler Trucks das marcas Mercedes-Benz, FUSO e Freightliner est\u00e3o em intensa opera\u00e7\u00e3o com clientes em todo o mundo. O<span class=\"excerpt-hellip\"> [\u2026]<\/span><\/p>\n","protected":false},"author":0,"featured_media":0,"comment_status":"open","ping_status":"open","sticky":false,"template":"","format":"standard","meta":{"_acf_changed":false,"footnotes":""},"categories":[1557,1556,1561],"tags":[],"class_list":["post-19773","post","type-post","status-publish","format-standard","hentry","category-forwarding-logistics","category-intermodal-road","category-regions"],"acf":[],"yoast_head":"<!-- This site is optimized with the Yoast SEO plugin v27.3 - https:\/\/yoast.com\/product\/yoast-seo-wordpress\/ -->\n<title>Ve\u00edculos el\u00e9tricos da Daimler Trucks em opera\u00e7\u00e3o com clientes em todo o mundo - Loginfo24<\/title>\n<meta name=\"robots\" content=\"index, follow, max-snippet:-1, max-image-preview:large, max-video-preview:-1\" \/>\n<link rel=\"canonical\" href=\"https:\/\/loginfo24.com\/pt-pt\/2020\/09\/13\/veiculos-eletricos-da-daimler-trucks-em-operacao-com-clientes-em-todo-o-mundo\/\" \/>\n<meta property=\"og:locale\" content=\"pt_PT\" \/>\n<meta property=\"og:type\" content=\"article\" \/>\n<meta property=\"og:title\" content=\"Ve\u00edculos el\u00e9tricos da Daimler Trucks em opera\u00e7\u00e3o com clientes em todo o mundo - Loginfo24\" \/>\n<meta property=\"og:description\" content=\"Caminh\u00f5es e \u00f4nibus el\u00e9tricos a bateria da Daimler Trucks das marcas Mercedes-Benz, FUSO e Freightliner est\u00e3o em intensa opera\u00e7\u00e3o com clientes em todo o mundo. O [\u2026]\" \/>\n<meta property=\"og:url\" content=\"https:\/\/loginfo24.com\/pt-pt\/2020\/09\/13\/veiculos-eletricos-da-daimler-trucks-em-operacao-com-clientes-em-todo-o-mundo\/\" \/>\n<meta property=\"og:site_name\" content=\"Loginfo24\" \/>\n<meta property=\"article:publisher\" content=\"https:\/\/www.facebook.com\/people\/Loginfo24\/100057360583332\/\" \/>\n<meta property=\"article:published_time\" content=\"2020-09-13T16:35:49+00:00\" \/>\n<meta property=\"article:modified_time\" content=\"2025-12-15T11:36:50+00:00\" \/>\n<meta name=\"twitter:card\" content=\"summary_large_image\" \/>\n<meta name=\"twitter:label1\" content=\"Tempo estimado de leitura\" \/>\n\t<meta name=\"twitter:data1\" content=\"6 minutos\" \/>\n<script type=\"application\/ld+json\" class=\"yoast-schema-graph\">{\"@context\":\"https:\\\/\\\/schema.org\",\"@graph\":[{\"@type\":\"Article\",\"@id\":\"https:\\\/\\\/loginfo24.com\\\/pt-pt\\\/2020\\\/09\\\/13\\\/veiculos-eletricos-da-daimler-trucks-em-operacao-com-clientes-em-todo-o-mundo\\\/#article\",\"isPartOf\":{\"@id\":\"https:\\\/\\\/loginfo24.com\\\/pt-pt\\\/2020\\\/09\\\/13\\\/veiculos-eletricos-da-daimler-trucks-em-operacao-com-clientes-em-todo-o-mundo\\\/\"},\"author\":{\"name\":\"\",\"@id\":\"\"},\"headline\":\"Ve\u00edculos el\u00e9tricos da Daimler Trucks em opera\u00e7\u00e3o com clientes em todo o mundo\",\"datePublished\":\"2020-09-13T16:35:49+00:00\",\"dateModified\":\"2025-12-15T11:36:50+00:00\",\"mainEntityOfPage\":{\"@id\":\"https:\\\/\\\/loginfo24.com\\\/pt-pt\\\/2020\\\/09\\\/13\\\/veiculos-eletricos-da-daimler-trucks-em-operacao-com-clientes-em-todo-o-mundo\\\/\"},\"wordCount\":1188,\"commentCount\":0,\"publisher\":{\"@id\":\"https:\\\/\\\/loginfo24.com\\\/pt-pt\\\/#organization\"},\"articleSection\":[\"Forwarding &amp; Logistics\",\"Intermodal \\\/ Road\",\"Regions\"],\"inLanguage\":\"pt-PT\",\"potentialAction\":[{\"@type\":\"CommentAction\",\"name\":\"Comment\",\"target\":[\"https:\\\/\\\/loginfo24.com\\\/pt-pt\\\/2020\\\/09\\\/13\\\/veiculos-eletricos-da-daimler-trucks-em-operacao-com-clientes-em-todo-o-mundo\\\/#respond\"]}]},{\"@type\":\"WebPage\",\"@id\":\"https:\\\/\\\/loginfo24.com\\\/pt-pt\\\/2020\\\/09\\\/13\\\/veiculos-eletricos-da-daimler-trucks-em-operacao-com-clientes-em-todo-o-mundo\\\/\",\"url\":\"https:\\\/\\\/loginfo24.com\\\/pt-pt\\\/2020\\\/09\\\/13\\\/veiculos-eletricos-da-daimler-trucks-em-operacao-com-clientes-em-todo-o-mundo\\\/\",\"name\":\"Ve\u00edculos el\u00e9tricos da Daimler Trucks em opera\u00e7\u00e3o com clientes em todo o mundo - Loginfo24\",\"isPartOf\":{\"@id\":\"https:\\\/\\\/loginfo24.com\\\/pt-pt\\\/#website\"},\"datePublished\":\"2020-09-13T16:35:49+00:00\",\"dateModified\":\"2025-12-15T11:36:50+00:00\",\"breadcrumb\":{\"@id\":\"https:\\\/\\\/loginfo24.com\\\/pt-pt\\\/2020\\\/09\\\/13\\\/veiculos-eletricos-da-daimler-trucks-em-operacao-com-clientes-em-todo-o-mundo\\\/#breadcrumb\"},\"inLanguage\":\"pt-PT\",\"potentialAction\":[{\"@type\":\"ReadAction\",\"target\":[\"https:\\\/\\\/loginfo24.com\\\/pt-pt\\\/2020\\\/09\\\/13\\\/veiculos-eletricos-da-daimler-trucks-em-operacao-com-clientes-em-todo-o-mundo\\\/\"]}]},{\"@type\":\"BreadcrumbList\",\"@id\":\"https:\\\/\\\/loginfo24.com\\\/pt-pt\\\/2020\\\/09\\\/13\\\/veiculos-eletricos-da-daimler-trucks-em-operacao-com-clientes-em-todo-o-mundo\\\/#breadcrumb\",\"itemListElement\":[{\"@type\":\"ListItem\",\"position\":1,\"name\":\"Startseite\",\"item\":\"https:\\\/\\\/loginfo24.com\\\/pt-pt\\\/\"},{\"@type\":\"ListItem\",\"position\":2,\"name\":\"Ve\u00edculos el\u00e9tricos da Daimler Trucks em opera\u00e7\u00e3o com clientes em todo o mundo\"}]},{\"@type\":\"WebSite\",\"@id\":\"https:\\\/\\\/loginfo24.com\\\/pt-pt\\\/#website\",\"url\":\"https:\\\/\\\/loginfo24.com\\\/pt-pt\\\/\",\"name\":\"Loginfo24\",\"description\":\"Loginfo24 \u00e9 a plataforma dedicada \u00e0 log\u00edstica e \u00e0s cadeias de abastecimento, com informa\u00e7\u00f5es dispon\u00edveis 24 horas por dia.\",\"publisher\":{\"@id\":\"https:\\\/\\\/loginfo24.com\\\/pt-pt\\\/#organization\"},\"potentialAction\":[{\"@type\":\"SearchAction\",\"target\":{\"@type\":\"EntryPoint\",\"urlTemplate\":\"https:\\\/\\\/loginfo24.com\\\/pt-pt\\\/?s={search_term_string}\"},\"query-input\":{\"@type\":\"PropertyValueSpecification\",\"valueRequired\":true,\"valueName\":\"search_term_string\"}}],\"inLanguage\":\"pt-PT\"},{\"@type\":\"Organization\",\"@id\":\"https:\\\/\\\/loginfo24.com\\\/pt-pt\\\/#organization\",\"name\":\"Logismedia Group AG\",\"url\":\"https:\\\/\\\/loginfo24.com\\\/pt-pt\\\/\",\"logo\":{\"@type\":\"ImageObject\",\"inLanguage\":\"pt-PT\",\"@id\":\"https:\\\/\\\/loginfo24.com\\\/pt-pt\\\/#\\\/schema\\\/logo\\\/image\\\/\",\"url\":\"https:\\\/\\\/loginfo24.com\\\/wp-content\\\/uploads\\\/sites\\\/7\\\/2026\\\/01\\\/Logo_LogInfo24.png\",\"contentUrl\":\"https:\\\/\\\/loginfo24.com\\\/wp-content\\\/uploads\\\/sites\\\/7\\\/2026\\\/01\\\/Logo_LogInfo24.png\",\"width\":938,\"height\":351,\"caption\":\"Logismedia Group AG\"},\"image\":{\"@id\":\"https:\\\/\\\/loginfo24.com\\\/pt-pt\\\/#\\\/schema\\\/logo\\\/image\\\/\"},\"sameAs\":[\"https:\\\/\\\/www.facebook.com\\\/people\\\/Loginfo24\\\/100057360583332\\\/\",\"https:\\\/\\\/www.linkedin.com\\\/company\\\/lofinfo24\\\/\"]}]}<\/script>\n<!-- \/ Yoast SEO plugin. -->","yoast_head_json":{"title":"Ve\u00edculos el\u00e9tricos da Daimler Trucks em opera\u00e7\u00e3o com clientes em todo o mundo - Loginfo24","robots":{"index":"index","follow":"follow","max-snippet":"max-snippet:-1","max-image-preview":"max-image-preview:large","max-video-preview":"max-video-preview:-1"},"canonical":"https:\/\/loginfo24.com\/pt-pt\/2020\/09\/13\/veiculos-eletricos-da-daimler-trucks-em-operacao-com-clientes-em-todo-o-mundo\/","og_locale":"pt_PT","og_type":"article","og_title":"Ve\u00edculos el\u00e9tricos da Daimler Trucks em opera\u00e7\u00e3o com clientes em todo o mundo - Loginfo24","og_description":"Caminh\u00f5es e \u00f4nibus el\u00e9tricos a bateria da Daimler Trucks das marcas Mercedes-Benz, FUSO e Freightliner est\u00e3o em intensa opera\u00e7\u00e3o com clientes em todo o mundo. O [\u2026]","og_url":"https:\/\/loginfo24.com\/pt-pt\/2020\/09\/13\/veiculos-eletricos-da-daimler-trucks-em-operacao-com-clientes-em-todo-o-mundo\/","og_site_name":"Loginfo24","article_publisher":"https:\/\/www.facebook.com\/people\/Loginfo24\/100057360583332\/","article_published_time":"2020-09-13T16:35:49+00:00","article_modified_time":"2025-12-15T11:36:50+00:00","twitter_card":"summary_large_image","twitter_misc":{"Tempo estimado de leitura":"6 minutos"},"schema":{"@context":"https:\/\/schema.org","@graph":[{"@type":"Article","@id":"https:\/\/loginfo24.com\/pt-pt\/2020\/09\/13\/veiculos-eletricos-da-daimler-trucks-em-operacao-com-clientes-em-todo-o-mundo\/#article","isPartOf":{"@id":"https:\/\/loginfo24.com\/pt-pt\/2020\/09\/13\/veiculos-eletricos-da-daimler-trucks-em-operacao-com-clientes-em-todo-o-mundo\/"},"author":{"name":"","@id":""},"headline":"Ve\u00edculos el\u00e9tricos da Daimler Trucks em opera\u00e7\u00e3o com clientes em todo o mundo","datePublished":"2020-09-13T16:35:49+00:00","dateModified":"2025-12-15T11:36:50+00:00","mainEntityOfPage":{"@id":"https:\/\/loginfo24.com\/pt-pt\/2020\/09\/13\/veiculos-eletricos-da-daimler-trucks-em-operacao-com-clientes-em-todo-o-mundo\/"},"wordCount":1188,"commentCount":0,"publisher":{"@id":"https:\/\/loginfo24.com\/pt-pt\/#organization"},"articleSection":["Forwarding &amp; Logistics","Intermodal \/ Road","Regions"],"inLanguage":"pt-PT","potentialAction":[{"@type":"CommentAction","name":"Comment","target":["https:\/\/loginfo24.com\/pt-pt\/2020\/09\/13\/veiculos-eletricos-da-daimler-trucks-em-operacao-com-clientes-em-todo-o-mundo\/#respond"]}]},{"@type":"WebPage","@id":"https:\/\/loginfo24.com\/pt-pt\/2020\/09\/13\/veiculos-eletricos-da-daimler-trucks-em-operacao-com-clientes-em-todo-o-mundo\/","url":"https:\/\/loginfo24.com\/pt-pt\/2020\/09\/13\/veiculos-eletricos-da-daimler-trucks-em-operacao-com-clientes-em-todo-o-mundo\/","name":"Ve\u00edculos el\u00e9tricos da Daimler Trucks em opera\u00e7\u00e3o com clientes em todo o mundo - Loginfo24","isPartOf":{"@id":"https:\/\/loginfo24.com\/pt-pt\/#website"},"datePublished":"2020-09-13T16:35:49+00:00","dateModified":"2025-12-15T11:36:50+00:00","breadcrumb":{"@id":"https:\/\/loginfo24.com\/pt-pt\/2020\/09\/13\/veiculos-eletricos-da-daimler-trucks-em-operacao-com-clientes-em-todo-o-mundo\/#breadcrumb"},"inLanguage":"pt-PT","potentialAction":[{"@type":"ReadAction","target":["https:\/\/loginfo24.com\/pt-pt\/2020\/09\/13\/veiculos-eletricos-da-daimler-trucks-em-operacao-com-clientes-em-todo-o-mundo\/"]}]},{"@type":"BreadcrumbList","@id":"https:\/\/loginfo24.com\/pt-pt\/2020\/09\/13\/veiculos-eletricos-da-daimler-trucks-em-operacao-com-clientes-em-todo-o-mundo\/#breadcrumb","itemListElement":[{"@type":"ListItem","position":1,"name":"Startseite","item":"https:\/\/loginfo24.com\/pt-pt\/"},{"@type":"ListItem","position":2,"name":"Ve\u00edculos el\u00e9tricos da Daimler Trucks em opera\u00e7\u00e3o com clientes em todo o mundo"}]},{"@type":"WebSite","@id":"https:\/\/loginfo24.com\/pt-pt\/#website","url":"https:\/\/loginfo24.com\/pt-pt\/","name":"Loginfo24","description":"Loginfo24 \u00e9 a plataforma dedicada \u00e0 log\u00edstica e \u00e0s cadeias de abastecimento, com informa\u00e7\u00f5es dispon\u00edveis 24 horas por dia.","publisher":{"@id":"https:\/\/loginfo24.com\/pt-pt\/#organization"},"potentialAction":[{"@type":"SearchAction","target":{"@type":"EntryPoint","urlTemplate":"https:\/\/loginfo24.com\/pt-pt\/?s={search_term_string}"},"query-input":{"@type":"PropertyValueSpecification","valueRequired":true,"valueName":"search_term_string"}}],"inLanguage":"pt-PT"},{"@type":"Organization","@id":"https:\/\/loginfo24.com\/pt-pt\/#organization","name":"Logismedia Group AG","url":"https:\/\/loginfo24.com\/pt-pt\/","logo":{"@type":"ImageObject","inLanguage":"pt-PT","@id":"https:\/\/loginfo24.com\/pt-pt\/#\/schema\/logo\/image\/","url":"https:\/\/loginfo24.com\/wp-content\/uploads\/sites\/7\/2026\/01\/Logo_LogInfo24.png","contentUrl":"https:\/\/loginfo24.com\/wp-content\/uploads\/sites\/7\/2026\/01\/Logo_LogInfo24.png","width":938,"height":351,"caption":"Logismedia Group AG"},"image":{"@id":"https:\/\/loginfo24.com\/pt-pt\/#\/schema\/logo\/image\/"},"sameAs":["https:\/\/www.facebook.com\/people\/Loginfo24\/100057360583332\/","https:\/\/www.linkedin.com\/company\/lofinfo24\/"]}]}},"_links":{"self":[{"href":"https:\/\/loginfo24.com\/pt-pt\/wp-json\/wp\/v2\/posts\/19773","targetHints":{"allow":["GET"]}}],"collection":[{"href":"https:\/\/loginfo24.com\/pt-pt\/wp-json\/wp\/v2\/posts"}],"about":[{"href":"https:\/\/loginfo24.com\/pt-pt\/wp-json\/wp\/v2\/types\/post"}],"replies":[{"embeddable":true,"href":"https:\/\/loginfo24.com\/pt-pt\/wp-json\/wp\/v2\/comments?post=19773"}],"version-history":[{"count":1,"href":"https:\/\/loginfo24.com\/pt-pt\/wp-json\/wp\/v2\/posts\/19773\/revisions"}],"predecessor-version":[{"id":35808,"href":"https:\/\/loginfo24.com\/pt-pt\/wp-json\/wp\/v2\/posts\/19773\/revisions\/35808"}],"wp:attachment":[{"href":"https:\/\/loginfo24.com\/pt-pt\/wp-json\/wp\/v2\/media?parent=19773"}],"wp:term":[{"taxonomy":"category","embeddable":true,"href":"https:\/\/loginfo24.com\/pt-pt\/wp-json\/wp\/v2\/categories?post=19773"},{"taxonomy":"post_tag","embeddable":true,"href":"https:\/\/loginfo24.com\/pt-pt\/wp-json\/wp\/v2\/tags?post=19773"}],"curies":[{"name":"wp","href":"https:\/\/api.w.org\/{rel}","templated":true}]}}