{"id":19761,"date":"2020-09-13T18:00:25","date_gmt":"2020-09-13T16:00:25","guid":{"rendered":"https:\/\/blog.brand-architecture.at\/2020\/09\/13\/tegut-da-inicio-a-construcao-de-um-novo-centro-logistico-em-hunfeld\/"},"modified":"2025-12-15T12:36:44","modified_gmt":"2025-12-15T11:36:44","slug":"tegut-da-inicio-a-construcao-de-um-novo-centro-logistico-em-hunfeld","status":"publish","type":"post","link":"https:\/\/loginfo24.com\/pt-pt\/2020\/09\/13\/tegut-da-inicio-a-construcao-de-um-novo-centro-logistico-em-hunfeld\/","title":{"rendered":"tegut d\u00e1 in\u00edcio \u00e0 constru\u00e7\u00e3o de um novo centro log\u00edstico em H\u00fcnfeld"},"content":{"rendered":"<p>O comerciante de alimentos tegut\u2026 celebra o in\u00edcio da constru\u00e7\u00e3o de um novo centro log\u00edstico em H\u00fcnfeld-Michelsrombach. A utiliza\u00e7\u00e3o final do centro est\u00e1 prevista para 2023. O terreno abrange 23 hectares e est\u00e1 localizado nas proximidades da A7. A \u00e1rea \u00fatil \u00e9 de 90.000 m2. O volume de investimento est\u00e1 na faixa de centenas de milh\u00f5es de euros.<\/p>\n<p>(Fulda\/H\u00fcnfeld) O comerciante de alimentos tegut\u2026 boa comida de Fulda deu hoje o sinal verde para a realiza\u00e7\u00e3o da nova constru\u00e7\u00e3o do novo centro log\u00edstico tegut\u2026 em H\u00fcnfeld \u2013 Michelsrombach. No parque log\u00edstico Hessisches Kegelspiel, nas proximidades da A7, foi dado o primeiro golpe de spade em um terreno de aproximadamente 23 hectares.<\/p>\n<h5><strong>tegut&#8230; se prepara para o futuro <\/strong><\/h5>\n<p>tegut\u2026 cresceu continuamente nos \u00faltimos anos e continua em curso de expans\u00e3o. &#8220;Com o centro log\u00edstico em H\u00fcnfeld-Michelsrombach, tegut\u2026 se prepara para o futuro. Estamos desenvolvendo e otimizando a infraestrutura existente para fornecer os mercados tegut\u2026 de forma eficiente e confi\u00e1vel, e criando capacidades adicionais para garantir o crescimento da empresa&#8221;, explica Michael Egerer, da gest\u00e3o de log\u00edstica\/gerenciamento da cadeia de suprimentos da tegut\u2026. A empresa investe um valor na faixa de centenas de milh\u00f5es de euros.<\/p>\n<h5><strong>A tecnologia de automa\u00e7\u00e3o apoia os processos futuros<\/strong><\/h5>\n<p>&#8220;No novo centro log\u00edstico em H\u00fcnfeld-Michelsrombach, mais de 800 funcion\u00e1rios organizar\u00e3o a gest\u00e3o e a entrega de cerca de 17.000 itens diferentes em uma \u00e1rea constru\u00edda de mais de 90.000 metros quadrados&#8221;, relata Kathrin Wendt, gerente de projeto de log\u00edstica da tegut\u2026. A tecnologia de automa\u00e7\u00e3o apoiar\u00e1 ainda mais os processos futuros: a empresa SSI Sch\u00e4fer de Giebelstadt realizar\u00e1 para a tegut\u2026 um armaz\u00e9m autom\u00e1tico com cerca de 38.000 espa\u00e7os para paletes e um armaz\u00e9m de cont\u00eaineres com cerca de 85.000 espa\u00e7os para cont\u00eaineres.<\/p>\n<h5><strong><img loading=\"lazy\" decoding=\"async\" class=\"aligncenter wp-image-5425 size-full\" src=\"https:\/\/loginfo24.com\/wp-content\/uploads\/sites\/7\/2025\/12\/tegut_14.9.20_2.jpg\" alt=\"\" width=\"890\" height=\"395\" \/><\/strong><\/h5>\n<h5><strong>Localiza\u00e7\u00e3o central \u00e9 ideal<\/strong><\/h5>\n<p>Nos pr\u00f3ximos meses, o subsolo do terreno de aproximadamente 230.000 metros quadrados ser\u00e1 preparado para a constru\u00e7\u00e3o. Assim, a inclina\u00e7\u00e3o do terreno ser\u00e1 compensada por meio de taludes e estruturas de suporte. A localiza\u00e7\u00e3o em declive do terreno \u00e9 um desafio construtivo, mas a localiza\u00e7\u00e3o central na \u00e1rea de influ\u00eancia da tegut\u2026 diretamente na autoestrada A7 e o tamanho do terreno s\u00e3o ideais para a tegut\u2026&#8221;, explica Michael M\u00f6ller, gerente de projeto de constru\u00e7\u00e3o da tegut\u2026<\/p>\n<h5><strong>A sustentabilidade foi considerada <\/strong><\/h5>\n<p>Durante o per\u00edodo de constru\u00e7\u00e3o, cerca de 570.000 toneladas de rochas soltas e cerca de 480.000 toneladas de rochas s\u00f3lidas ser\u00e3o removidas e reconfiguradas no local da constru\u00e7\u00e3o. Durante o planejamento, a sustentabilidade foi levada em considera\u00e7\u00e3o, de modo que quase todos os materiais de solo no local da constru\u00e7\u00e3o possam ser reutilizados. O in\u00edcio da constru\u00e7\u00e3o \u00e9 planejado para a primavera de 2021, e a utiliza\u00e7\u00e3o final est\u00e1 prevista para 2023. Uma colabora\u00e7\u00e3o precoce e cooperativa com a cidade de H\u00fcnfeld, o escrit\u00f3rio de constru\u00e7\u00e3o em Fulda e outras autoridades e \u00f3rg\u00e3os respons\u00e1veis garantiu um processo de planejamento suave com bons resultados.<\/p>\n<h5><strong>Um ganho para a cidade de H\u00fcnfeld e a regi\u00e3o <\/strong><\/h5>\n<p>Benjamin Tschesnok, prefeito da cidade de H\u00fcnfeld, disse sobre o in\u00edcio da constru\u00e7\u00e3o do novo tegut\u2026: &#8220;Isso \u00e9 um grande ganho para nossa cidade, mas toda a regi\u00e3o se beneficia do fato de que os empregos existentes na regi\u00e3o permanecem e muitos novos s\u00e3o criados. Agrade\u00e7o \u00e0 tegut\u2026 por confiar na din\u00e2mica do local de H\u00fcnfeld. Investimos juntos muita for\u00e7a e trabalho no desenvolvimento deste local. \u00c9 ainda mais bonito que agora possamos come\u00e7ar juntos a colher os frutos.&#8221; Michael Hohenhaus, gerente de projeto da Toll\u00e9 Planungsgesellschaft mbH &amp; Co. KG em Verden, expressou sua alegria pelo in\u00edcio da constru\u00e7\u00e3o: &#8220;Estou muito feliz que, ap\u00f3s um longo e intenso processo de planejamento, agora possamos iniciar a realiza\u00e7\u00e3o do projeto. Estamos felizes e orgulhosos do resultado alcan\u00e7ado em conjunto.&#8221; Uwe Gl\u00fcck, procurador da Bickhardt Bau AG, deu uma vis\u00e3o do que est\u00e1 por vir nos pr\u00f3ximos meses: &#8220;Agradecemos pela concess\u00e3o do contrato para a realiza\u00e7\u00e3o das obras de terraplenagem, funda\u00e7\u00f5es e constru\u00e7\u00e3o de estradas, bem como dos servi\u00e7os de engenharia. Como fornecedor completo regional, estamos felizes em poder participar deste emocionante projeto, certamente um dos maiores do distrito de Fulda, e trazer nosso know-how t\u00e9cnico para a mesa.&#8221; Foto 1: \u00a9 UM-Werbephotographie Ulrich Mayer, tegut\u2026 \/ <strong><em>Legenda da imagem:<\/em><\/strong><em> Sinal de partida para a nova constru\u00e7\u00e3o do centro log\u00edstico tegut, da esquerda para a direita: Uwe Gl\u00fcck (procurador da Bickhardt-Bau), Kathrin Wendt (gerente de projeto da tegut\u2026 Log\u00edstica GmbH &amp; Co. KG), Michael Egerer (chefe de log\u00edstica e membro da gest\u00e3o da tegut\u2026 boa comida GmbH &amp; Co. KG), Michael Hohenhaus (gerente de projeto da empresa Toll\u00e9), Michael M\u00f6ller (gerente de projeto de constru\u00e7\u00e3o da tegut\u2026 boa comida GmbH &amp; Co. KG), Martina Sauerbier (conselheira da cidade de H\u00fcnfeld) <\/em> Foto 2: \u00a9 UM-Werbephotographie Ulrich Mayer, tegut\u2026 \/ <strong><em>Legenda da imagem: <\/em><\/strong><em>Simula\u00e7\u00e3o do novo centro log\u00edstico da tegut\u2026 em H\u00fcnfeld<\/em> <em> <\/em><a href=\"https:\/\/www.tegut.com\" target=\"_blank\" rel=\"noopener noreferrer\">www.tegut.com<\/a><\/p>\n","protected":false},"excerpt":{"rendered":"<p>O comerciante de alimentos tegut\u2026 celebra o in\u00edcio da constru\u00e7\u00e3o de um novo centro log\u00edstico em H\u00fcnfeld-Michelsrombach. A utiliza\u00e7\u00e3o final do centro est\u00e1 prevista para 2023.<span class=\"excerpt-hellip\"> [\u2026]<\/span><\/p>\n","protected":false},"author":0,"featured_media":0,"comment_status":"open","ping_status":"open","sticky":false,"template":"","format":"standard","meta":{"_acf_changed":false,"footnotes":""},"categories":[1557,1560,1561],"tags":[],"class_list":["post-19761","post","type-post","status-publish","format-standard","hentry","category-forwarding-logistics","category-intralogistics","category-regions"],"acf":[],"yoast_head":"<!-- This site is optimized with the Yoast SEO plugin v27.3 - https:\/\/yoast.com\/product\/yoast-seo-wordpress\/ -->\n<title>tegut d\u00e1 in\u00edcio \u00e0 constru\u00e7\u00e3o de um novo centro log\u00edstico em H\u00fcnfeld - Loginfo24<\/title>\n<meta name=\"robots\" content=\"index, follow, max-snippet:-1, max-image-preview:large, max-video-preview:-1\" \/>\n<link rel=\"canonical\" href=\"https:\/\/loginfo24.com\/pt-pt\/2020\/09\/13\/tegut-da-inicio-a-construcao-de-um-novo-centro-logistico-em-hunfeld\/\" \/>\n<meta property=\"og:locale\" content=\"pt_PT\" \/>\n<meta property=\"og:type\" content=\"article\" \/>\n<meta property=\"og:title\" content=\"tegut d\u00e1 in\u00edcio \u00e0 constru\u00e7\u00e3o de um novo centro log\u00edstico em H\u00fcnfeld - Loginfo24\" \/>\n<meta property=\"og:description\" content=\"O comerciante de alimentos tegut\u2026 celebra o in\u00edcio da constru\u00e7\u00e3o de um novo centro log\u00edstico em H\u00fcnfeld-Michelsrombach. A utiliza\u00e7\u00e3o final do centro est\u00e1 prevista para 2023. [\u2026]\" \/>\n<meta property=\"og:url\" content=\"https:\/\/loginfo24.com\/pt-pt\/2020\/09\/13\/tegut-da-inicio-a-construcao-de-um-novo-centro-logistico-em-hunfeld\/\" \/>\n<meta property=\"og:site_name\" content=\"Loginfo24\" \/>\n<meta property=\"article:publisher\" content=\"https:\/\/www.facebook.com\/people\/Loginfo24\/100057360583332\/\" \/>\n<meta property=\"article:published_time\" content=\"2020-09-13T16:00:25+00:00\" \/>\n<meta property=\"article:modified_time\" content=\"2025-12-15T11:36:44+00:00\" \/>\n<meta property=\"og:image\" content=\"https:\/\/loginfo24.com\/wp-content\/uploads\/sites\/7\/2025\/12\/tegut_14.9.20_2.jpg\" \/>\n<meta name=\"twitter:card\" content=\"summary_large_image\" \/>\n<meta name=\"twitter:label1\" content=\"Tempo estimado de leitura\" \/>\n\t<meta name=\"twitter:data1\" content=\"4 minutos\" \/>\n<script type=\"application\/ld+json\" class=\"yoast-schema-graph\">{\"@context\":\"https:\\\/\\\/schema.org\",\"@graph\":[{\"@type\":\"Article\",\"@id\":\"https:\\\/\\\/loginfo24.com\\\/pt-pt\\\/2020\\\/09\\\/13\\\/tegut-da-inicio-a-construcao-de-um-novo-centro-logistico-em-hunfeld\\\/#article\",\"isPartOf\":{\"@id\":\"https:\\\/\\\/loginfo24.com\\\/pt-pt\\\/2020\\\/09\\\/13\\\/tegut-da-inicio-a-construcao-de-um-novo-centro-logistico-em-hunfeld\\\/\"},\"author\":{\"name\":\"\",\"@id\":\"\"},\"headline\":\"tegut d\u00e1 in\u00edcio \u00e0 constru\u00e7\u00e3o de um novo centro log\u00edstico em H\u00fcnfeld\",\"datePublished\":\"2020-09-13T16:00:25+00:00\",\"dateModified\":\"2025-12-15T11:36:44+00:00\",\"mainEntityOfPage\":{\"@id\":\"https:\\\/\\\/loginfo24.com\\\/pt-pt\\\/2020\\\/09\\\/13\\\/tegut-da-inicio-a-construcao-de-um-novo-centro-logistico-em-hunfeld\\\/\"},\"wordCount\":884,\"commentCount\":0,\"publisher\":{\"@id\":\"https:\\\/\\\/loginfo24.com\\\/pt-pt\\\/#organization\"},\"image\":{\"@id\":\"https:\\\/\\\/loginfo24.com\\\/pt-pt\\\/2020\\\/09\\\/13\\\/tegut-da-inicio-a-construcao-de-um-novo-centro-logistico-em-hunfeld\\\/#primaryimage\"},\"thumbnailUrl\":\"https:\\\/\\\/loginfo24.com\\\/wp-content\\\/uploads\\\/sites\\\/7\\\/2025\\\/12\\\/tegut_14.9.20_2.jpg\",\"articleSection\":[\"Forwarding &amp; Logistics\",\"Intralogistics\",\"Regions\"],\"inLanguage\":\"pt-PT\",\"potentialAction\":[{\"@type\":\"CommentAction\",\"name\":\"Comment\",\"target\":[\"https:\\\/\\\/loginfo24.com\\\/pt-pt\\\/2020\\\/09\\\/13\\\/tegut-da-inicio-a-construcao-de-um-novo-centro-logistico-em-hunfeld\\\/#respond\"]}]},{\"@type\":\"WebPage\",\"@id\":\"https:\\\/\\\/loginfo24.com\\\/pt-pt\\\/2020\\\/09\\\/13\\\/tegut-da-inicio-a-construcao-de-um-novo-centro-logistico-em-hunfeld\\\/\",\"url\":\"https:\\\/\\\/loginfo24.com\\\/pt-pt\\\/2020\\\/09\\\/13\\\/tegut-da-inicio-a-construcao-de-um-novo-centro-logistico-em-hunfeld\\\/\",\"name\":\"tegut d\u00e1 in\u00edcio \u00e0 constru\u00e7\u00e3o de um novo centro log\u00edstico em H\u00fcnfeld - Loginfo24\",\"isPartOf\":{\"@id\":\"https:\\\/\\\/loginfo24.com\\\/pt-pt\\\/#website\"},\"primaryImageOfPage\":{\"@id\":\"https:\\\/\\\/loginfo24.com\\\/pt-pt\\\/2020\\\/09\\\/13\\\/tegut-da-inicio-a-construcao-de-um-novo-centro-logistico-em-hunfeld\\\/#primaryimage\"},\"image\":{\"@id\":\"https:\\\/\\\/loginfo24.com\\\/pt-pt\\\/2020\\\/09\\\/13\\\/tegut-da-inicio-a-construcao-de-um-novo-centro-logistico-em-hunfeld\\\/#primaryimage\"},\"thumbnailUrl\":\"https:\\\/\\\/loginfo24.com\\\/wp-content\\\/uploads\\\/sites\\\/7\\\/2025\\\/12\\\/tegut_14.9.20_2.jpg\",\"datePublished\":\"2020-09-13T16:00:25+00:00\",\"dateModified\":\"2025-12-15T11:36:44+00:00\",\"breadcrumb\":{\"@id\":\"https:\\\/\\\/loginfo24.com\\\/pt-pt\\\/2020\\\/09\\\/13\\\/tegut-da-inicio-a-construcao-de-um-novo-centro-logistico-em-hunfeld\\\/#breadcrumb\"},\"inLanguage\":\"pt-PT\",\"potentialAction\":[{\"@type\":\"ReadAction\",\"target\":[\"https:\\\/\\\/loginfo24.com\\\/pt-pt\\\/2020\\\/09\\\/13\\\/tegut-da-inicio-a-construcao-de-um-novo-centro-logistico-em-hunfeld\\\/\"]}]},{\"@type\":\"ImageObject\",\"inLanguage\":\"pt-PT\",\"@id\":\"https:\\\/\\\/loginfo24.com\\\/pt-pt\\\/2020\\\/09\\\/13\\\/tegut-da-inicio-a-construcao-de-um-novo-centro-logistico-em-hunfeld\\\/#primaryimage\",\"url\":\"https:\\\/\\\/loginfo24.com\\\/wp-content\\\/uploads\\\/sites\\\/7\\\/2025\\\/12\\\/tegut_14.9.20_2.jpg\",\"contentUrl\":\"https:\\\/\\\/loginfo24.com\\\/wp-content\\\/uploads\\\/sites\\\/7\\\/2025\\\/12\\\/tegut_14.9.20_2.jpg\"},{\"@type\":\"BreadcrumbList\",\"@id\":\"https:\\\/\\\/loginfo24.com\\\/pt-pt\\\/2020\\\/09\\\/13\\\/tegut-da-inicio-a-construcao-de-um-novo-centro-logistico-em-hunfeld\\\/#breadcrumb\",\"itemListElement\":[{\"@type\":\"ListItem\",\"position\":1,\"name\":\"Startseite\",\"item\":\"https:\\\/\\\/loginfo24.com\\\/pt-pt\\\/\"},{\"@type\":\"ListItem\",\"position\":2,\"name\":\"tegut d\u00e1 in\u00edcio \u00e0 constru\u00e7\u00e3o de um novo centro log\u00edstico em H\u00fcnfeld\"}]},{\"@type\":\"WebSite\",\"@id\":\"https:\\\/\\\/loginfo24.com\\\/pt-pt\\\/#website\",\"url\":\"https:\\\/\\\/loginfo24.com\\\/pt-pt\\\/\",\"name\":\"Loginfo24\",\"description\":\"Loginfo24 \u00e9 a plataforma dedicada \u00e0 log\u00edstica e \u00e0s cadeias de abastecimento, com informa\u00e7\u00f5es dispon\u00edveis 24 horas por dia.\",\"publisher\":{\"@id\":\"https:\\\/\\\/loginfo24.com\\\/pt-pt\\\/#organization\"},\"potentialAction\":[{\"@type\":\"SearchAction\",\"target\":{\"@type\":\"EntryPoint\",\"urlTemplate\":\"https:\\\/\\\/loginfo24.com\\\/pt-pt\\\/?s={search_term_string}\"},\"query-input\":{\"@type\":\"PropertyValueSpecification\",\"valueRequired\":true,\"valueName\":\"search_term_string\"}}],\"inLanguage\":\"pt-PT\"},{\"@type\":\"Organization\",\"@id\":\"https:\\\/\\\/loginfo24.com\\\/pt-pt\\\/#organization\",\"name\":\"Logismedia Group AG\",\"url\":\"https:\\\/\\\/loginfo24.com\\\/pt-pt\\\/\",\"logo\":{\"@type\":\"ImageObject\",\"inLanguage\":\"pt-PT\",\"@id\":\"https:\\\/\\\/loginfo24.com\\\/pt-pt\\\/#\\\/schema\\\/logo\\\/image\\\/\",\"url\":\"https:\\\/\\\/loginfo24.com\\\/wp-content\\\/uploads\\\/sites\\\/7\\\/2026\\\/01\\\/Logo_LogInfo24.png\",\"contentUrl\":\"https:\\\/\\\/loginfo24.com\\\/wp-content\\\/uploads\\\/sites\\\/7\\\/2026\\\/01\\\/Logo_LogInfo24.png\",\"width\":938,\"height\":351,\"caption\":\"Logismedia Group AG\"},\"image\":{\"@id\":\"https:\\\/\\\/loginfo24.com\\\/pt-pt\\\/#\\\/schema\\\/logo\\\/image\\\/\"},\"sameAs\":[\"https:\\\/\\\/www.facebook.com\\\/people\\\/Loginfo24\\\/100057360583332\\\/\",\"https:\\\/\\\/www.linkedin.com\\\/company\\\/lofinfo24\\\/\"]}]}<\/script>\n<!-- \/ Yoast SEO plugin. -->","yoast_head_json":{"title":"tegut d\u00e1 in\u00edcio \u00e0 constru\u00e7\u00e3o de um novo centro log\u00edstico em H\u00fcnfeld - Loginfo24","robots":{"index":"index","follow":"follow","max-snippet":"max-snippet:-1","max-image-preview":"max-image-preview:large","max-video-preview":"max-video-preview:-1"},"canonical":"https:\/\/loginfo24.com\/pt-pt\/2020\/09\/13\/tegut-da-inicio-a-construcao-de-um-novo-centro-logistico-em-hunfeld\/","og_locale":"pt_PT","og_type":"article","og_title":"tegut d\u00e1 in\u00edcio \u00e0 constru\u00e7\u00e3o de um novo centro log\u00edstico em H\u00fcnfeld - Loginfo24","og_description":"O comerciante de alimentos tegut\u2026 celebra o in\u00edcio da constru\u00e7\u00e3o de um novo centro log\u00edstico em H\u00fcnfeld-Michelsrombach. A utiliza\u00e7\u00e3o final do centro est\u00e1 prevista para 2023. [\u2026]","og_url":"https:\/\/loginfo24.com\/pt-pt\/2020\/09\/13\/tegut-da-inicio-a-construcao-de-um-novo-centro-logistico-em-hunfeld\/","og_site_name":"Loginfo24","article_publisher":"https:\/\/www.facebook.com\/people\/Loginfo24\/100057360583332\/","article_published_time":"2020-09-13T16:00:25+00:00","article_modified_time":"2025-12-15T11:36:44+00:00","og_image":[{"url":"https:\/\/loginfo24.com\/wp-content\/uploads\/sites\/7\/2025\/12\/tegut_14.9.20_2.jpg","type":"","width":"","height":""}],"twitter_card":"summary_large_image","twitter_misc":{"Tempo estimado de leitura":"4 minutos"},"schema":{"@context":"https:\/\/schema.org","@graph":[{"@type":"Article","@id":"https:\/\/loginfo24.com\/pt-pt\/2020\/09\/13\/tegut-da-inicio-a-construcao-de-um-novo-centro-logistico-em-hunfeld\/#article","isPartOf":{"@id":"https:\/\/loginfo24.com\/pt-pt\/2020\/09\/13\/tegut-da-inicio-a-construcao-de-um-novo-centro-logistico-em-hunfeld\/"},"author":{"name":"","@id":""},"headline":"tegut d\u00e1 in\u00edcio \u00e0 constru\u00e7\u00e3o de um novo centro log\u00edstico em H\u00fcnfeld","datePublished":"2020-09-13T16:00:25+00:00","dateModified":"2025-12-15T11:36:44+00:00","mainEntityOfPage":{"@id":"https:\/\/loginfo24.com\/pt-pt\/2020\/09\/13\/tegut-da-inicio-a-construcao-de-um-novo-centro-logistico-em-hunfeld\/"},"wordCount":884,"commentCount":0,"publisher":{"@id":"https:\/\/loginfo24.com\/pt-pt\/#organization"},"image":{"@id":"https:\/\/loginfo24.com\/pt-pt\/2020\/09\/13\/tegut-da-inicio-a-construcao-de-um-novo-centro-logistico-em-hunfeld\/#primaryimage"},"thumbnailUrl":"https:\/\/loginfo24.com\/wp-content\/uploads\/sites\/7\/2025\/12\/tegut_14.9.20_2.jpg","articleSection":["Forwarding &amp; Logistics","Intralogistics","Regions"],"inLanguage":"pt-PT","potentialAction":[{"@type":"CommentAction","name":"Comment","target":["https:\/\/loginfo24.com\/pt-pt\/2020\/09\/13\/tegut-da-inicio-a-construcao-de-um-novo-centro-logistico-em-hunfeld\/#respond"]}]},{"@type":"WebPage","@id":"https:\/\/loginfo24.com\/pt-pt\/2020\/09\/13\/tegut-da-inicio-a-construcao-de-um-novo-centro-logistico-em-hunfeld\/","url":"https:\/\/loginfo24.com\/pt-pt\/2020\/09\/13\/tegut-da-inicio-a-construcao-de-um-novo-centro-logistico-em-hunfeld\/","name":"tegut d\u00e1 in\u00edcio \u00e0 constru\u00e7\u00e3o de um novo centro log\u00edstico em H\u00fcnfeld - Loginfo24","isPartOf":{"@id":"https:\/\/loginfo24.com\/pt-pt\/#website"},"primaryImageOfPage":{"@id":"https:\/\/loginfo24.com\/pt-pt\/2020\/09\/13\/tegut-da-inicio-a-construcao-de-um-novo-centro-logistico-em-hunfeld\/#primaryimage"},"image":{"@id":"https:\/\/loginfo24.com\/pt-pt\/2020\/09\/13\/tegut-da-inicio-a-construcao-de-um-novo-centro-logistico-em-hunfeld\/#primaryimage"},"thumbnailUrl":"https:\/\/loginfo24.com\/wp-content\/uploads\/sites\/7\/2025\/12\/tegut_14.9.20_2.jpg","datePublished":"2020-09-13T16:00:25+00:00","dateModified":"2025-12-15T11:36:44+00:00","breadcrumb":{"@id":"https:\/\/loginfo24.com\/pt-pt\/2020\/09\/13\/tegut-da-inicio-a-construcao-de-um-novo-centro-logistico-em-hunfeld\/#breadcrumb"},"inLanguage":"pt-PT","potentialAction":[{"@type":"ReadAction","target":["https:\/\/loginfo24.com\/pt-pt\/2020\/09\/13\/tegut-da-inicio-a-construcao-de-um-novo-centro-logistico-em-hunfeld\/"]}]},{"@type":"ImageObject","inLanguage":"pt-PT","@id":"https:\/\/loginfo24.com\/pt-pt\/2020\/09\/13\/tegut-da-inicio-a-construcao-de-um-novo-centro-logistico-em-hunfeld\/#primaryimage","url":"https:\/\/loginfo24.com\/wp-content\/uploads\/sites\/7\/2025\/12\/tegut_14.9.20_2.jpg","contentUrl":"https:\/\/loginfo24.com\/wp-content\/uploads\/sites\/7\/2025\/12\/tegut_14.9.20_2.jpg"},{"@type":"BreadcrumbList","@id":"https:\/\/loginfo24.com\/pt-pt\/2020\/09\/13\/tegut-da-inicio-a-construcao-de-um-novo-centro-logistico-em-hunfeld\/#breadcrumb","itemListElement":[{"@type":"ListItem","position":1,"name":"Startseite","item":"https:\/\/loginfo24.com\/pt-pt\/"},{"@type":"ListItem","position":2,"name":"tegut d\u00e1 in\u00edcio \u00e0 constru\u00e7\u00e3o de um novo centro log\u00edstico em H\u00fcnfeld"}]},{"@type":"WebSite","@id":"https:\/\/loginfo24.com\/pt-pt\/#website","url":"https:\/\/loginfo24.com\/pt-pt\/","name":"Loginfo24","description":"Loginfo24 \u00e9 a plataforma dedicada \u00e0 log\u00edstica e \u00e0s cadeias de abastecimento, com informa\u00e7\u00f5es dispon\u00edveis 24 horas por dia.","publisher":{"@id":"https:\/\/loginfo24.com\/pt-pt\/#organization"},"potentialAction":[{"@type":"SearchAction","target":{"@type":"EntryPoint","urlTemplate":"https:\/\/loginfo24.com\/pt-pt\/?s={search_term_string}"},"query-input":{"@type":"PropertyValueSpecification","valueRequired":true,"valueName":"search_term_string"}}],"inLanguage":"pt-PT"},{"@type":"Organization","@id":"https:\/\/loginfo24.com\/pt-pt\/#organization","name":"Logismedia Group AG","url":"https:\/\/loginfo24.com\/pt-pt\/","logo":{"@type":"ImageObject","inLanguage":"pt-PT","@id":"https:\/\/loginfo24.com\/pt-pt\/#\/schema\/logo\/image\/","url":"https:\/\/loginfo24.com\/wp-content\/uploads\/sites\/7\/2026\/01\/Logo_LogInfo24.png","contentUrl":"https:\/\/loginfo24.com\/wp-content\/uploads\/sites\/7\/2026\/01\/Logo_LogInfo24.png","width":938,"height":351,"caption":"Logismedia Group AG"},"image":{"@id":"https:\/\/loginfo24.com\/pt-pt\/#\/schema\/logo\/image\/"},"sameAs":["https:\/\/www.facebook.com\/people\/Loginfo24\/100057360583332\/","https:\/\/www.linkedin.com\/company\/lofinfo24\/"]}]}},"_links":{"self":[{"href":"https:\/\/loginfo24.com\/pt-pt\/wp-json\/wp\/v2\/posts\/19761","targetHints":{"allow":["GET"]}}],"collection":[{"href":"https:\/\/loginfo24.com\/pt-pt\/wp-json\/wp\/v2\/posts"}],"about":[{"href":"https:\/\/loginfo24.com\/pt-pt\/wp-json\/wp\/v2\/types\/post"}],"replies":[{"embeddable":true,"href":"https:\/\/loginfo24.com\/pt-pt\/wp-json\/wp\/v2\/comments?post=19761"}],"version-history":[{"count":1,"href":"https:\/\/loginfo24.com\/pt-pt\/wp-json\/wp\/v2\/posts\/19761\/revisions"}],"predecessor-version":[{"id":35784,"href":"https:\/\/loginfo24.com\/pt-pt\/wp-json\/wp\/v2\/posts\/19761\/revisions\/35784"}],"wp:attachment":[{"href":"https:\/\/loginfo24.com\/pt-pt\/wp-json\/wp\/v2\/media?parent=19761"}],"wp:term":[{"taxonomy":"category","embeddable":true,"href":"https:\/\/loginfo24.com\/pt-pt\/wp-json\/wp\/v2\/categories?post=19761"},{"taxonomy":"post_tag","embeddable":true,"href":"https:\/\/loginfo24.com\/pt-pt\/wp-json\/wp\/v2\/tags?post=19761"}],"curies":[{"name":"wp","href":"https:\/\/api.w.org\/{rel}","templated":true}]}}