{"id":19756,"date":"2020-09-13T17:50:19","date_gmt":"2020-09-13T15:50:19","guid":{"rendered":"https:\/\/blog.brand-architecture.at\/2020\/09\/13\/inauguracao-do-armazem-de-carga-pesada-da-nordfrost-no-porto-de-conteineres-de-wilhelmshaven\/"},"modified":"2025-12-15T12:36:43","modified_gmt":"2025-12-15T11:36:43","slug":"inauguracao-do-armazem-de-carga-pesada-da-nordfrost-no-porto-de-conteineres-de-wilhelmshaven","status":"publish","type":"post","link":"https:\/\/loginfo24.com\/pt-pt\/2020\/09\/13\/inauguracao-do-armazem-de-carga-pesada-da-nordfrost-no-porto-de-conteineres-de-wilhelmshaven\/","title":{"rendered":"Inaugura\u00e7\u00e3o do armaz\u00e9m de carga pesada da Nordfrost no porto de cont\u00eaineres de Wilhelmshaven"},"content":{"rendered":"<p>Na semana passada, em um pequeno c\u00edrculo, ocorreu a inaugura\u00e7\u00e3o do novo armaz\u00e9m de carga pesada da Nordfrost no porto de cont\u00eaineres de Wilhelmshaven, que agora oferece as melhores condi\u00e7\u00f5es para o transporte mar\u00edtimo de projetos inteiros para a ind\u00fastria de m\u00e1quinas e equipamentos alem\u00e3. Ao mesmo tempo, foi iniciada a instala\u00e7\u00e3o dos trilhos para a pr\u00f3pria conex\u00e3o ferrovi\u00e1ria.<\/p>\n<p>(Wilhelmshaven) H\u00e1 dois anos e meio, a Nordfrost iniciou o setor de log\u00edstica de projetos. Isso envolve a gest\u00e3o de toda a cadeia de suprimentos e a organiza\u00e7\u00e3o de todos os transportes necess\u00e1rios para diferentes partes de equipamentos, at\u00e9 mesmo para cargas pesadas sob medida, como partes de linhas de produ\u00e7\u00e3o inteiras ou outros sistemas complexos. A empresa reagiu \u00e0 demanda do mercado, que se tornou evidente quando os atores da ind\u00fastria de m\u00e1quinas e equipamentos, interessados no transporte mar\u00edtimo de suas mercadorias atrav\u00e9s de Wilhelmshaven, precisaram de servi\u00e7os log\u00edsticos correspondentes e fizeram consultas. Um servi\u00e7o importante nesse contexto \u00e9 a chamada embalagem mar\u00edtima, com a qual a Nordfrost come\u00e7ou interinamente em suas opera\u00e7\u00f5es portu\u00e1rias no porto interno de Wilhelmshaven. Desde ent\u00e3o, embalagens de exporta\u00e7\u00e3o de madeira foram constru\u00eddas sob medida e partes foram embaladas nas caixas fabricadas ou plataformas de cont\u00eaineres foram produzidas de forma profissional, nas quais grandes componentes s\u00e3o fixados com seguran\u00e7a para a viagem mar\u00edtima em cont\u00eaineres. Agora, a experiente equipe desta unidade de neg\u00f3cios p\u00f4de se mudar para o porto de cont\u00eaineres de Wilhelmshaven.<\/p>\n<h5><strong>Espa\u00e7o para log\u00edstica de projetos em 8.000 m2<\/strong><\/h5>\n<p>Pois, j\u00e1 em junho, a conclus\u00e3o do armaz\u00e9m de carga pesada de 8.000 m\u00b2 na \u00e1rea do terminal portu\u00e1rio da Nordfrost foi realizada conforme o planejado ap\u00f3s um per\u00edodo de constru\u00e7\u00e3o de onze meses. Entretanto, os trabalhos em torno da log\u00edstica de projetos, incluindo a embalagem mar\u00edtima, foram iniciados no novo local. Aqui, tamb\u00e9m h\u00e1 muito espa\u00e7o para o armazenamento das embalagens em cont\u00eaineres ou em plataformas planas e para o armazenamento tempor\u00e1rio. Para isso, est\u00e3o dispon\u00edveis cerca de 65.000 m\u00b2 de espa\u00e7o livre.<br \/>Uma linha ferrovi\u00e1ria tamb\u00e9m passar\u00e1 futuramente pelo novo armaz\u00e9m de carga pesada, de modo que as partes e componentes que chegarem possam ser transportados diretamente para o armaz\u00e9m por trem. Guindastes de teto garantem uma descarga f\u00e1cil e manuseio simples das mercadorias. Para isso, todos os tr\u00eas armaz\u00e9ns est\u00e3o equipados com guindastes com uma capacidade de carga de at\u00e9 120 toneladas. Assim, a instala\u00e7\u00e3o tamb\u00e9m \u00e9 perfeitamente adequada para montagens de partes em unidades maiores.<\/p>\n<h5><strong>Conex\u00e3o ferrovi\u00e1ria em opera\u00e7\u00e3o a partir de janeiro de 2021<\/strong><\/h5>\n<p>A conex\u00e3o da propriedade portu\u00e1ria da Nordfrost \u00e0 rede ferrovi\u00e1ria p\u00fablica, que \u00e9 necess\u00e1ria para isso, j\u00e1 foi iniciada. A linha ferrovi\u00e1ria de 2 km estar\u00e1 em opera\u00e7\u00e3o a partir de janeiro de 2021 e, ao longo de toda a extens\u00e3o da propriedade portu\u00e1ria de 33 ha, ser\u00e1 parcialmente dupla. Transportes combinados com a inclus\u00e3o do trem podem ser organizados para qualquer tipo de mercadoria, o que enriquece a oferta do terminal portu\u00e1rio da Nordfrost como um todo.<br \/>A empresa de log\u00edstica aproveitou o in\u00edcio da conex\u00e3o ferrovi\u00e1ria para, em um pequeno evento, tamb\u00e9m inaugurar o armaz\u00e9m de carga pesada. A equipe de log\u00edstica de projetos foi visitada pelo prefeito de Wilhelmshaven, Carsten Feist, que inspecionou o novo armaz\u00e9m. Ele associou os cumprimentos da cidade de Wilhelmshaven \u00e0 lembran\u00e7a do empres\u00e1rio e fundador da empresa Horst Bartels, que faleceu no in\u00edcio do ano, e seu bem-sucedido e vision\u00e1rio empenho no desenvolvimento do porto de cont\u00eaineres de Wilhelmshaven. &#8220;As novas possibilidades que ele planejou aumentam novamente a atratividade do porto e criam mais empregos. O dia de hoje \u00e9 encorajador!&#8221;, disse Feist. As condi\u00e7\u00f5es ideais diretamente na \u00e1gua profunda contribuir\u00e3o para atrair novos neg\u00f3cios com valor agregado e volume adicional de carga para Wilhelmshaven.<\/p>\n<h5><strong>Investimento de cerca de 10 milh\u00f5es de euros<\/strong><\/h5>\n<p>A empresa familiar investiu cerca de 10 milh\u00f5es de euros na constru\u00e7\u00e3o do armaz\u00e9m de carga pesada. Para a conex\u00e3o ferrovi\u00e1ria, agora seguem mais cerca de 3 milh\u00f5es de euros. Esta ser\u00e1 realizada pelas duas empresas de constru\u00e7\u00e3o de Oldenburg, Ludwig Freytag e Stefen. Ludwig Freytag tamb\u00e9m construiu o armaz\u00e9m de carga pesada e atualmente est\u00e1 realizando outros projetos de constru\u00e7\u00e3o em andamento na \u00e1rea do terminal portu\u00e1rio: A nova entrada de tr\u00eas pistas para o local com edif\u00edcio de portaria foi conclu\u00edda e ocupada nos \u00faltimos dias. Um novo edif\u00edcio administrativo para a administra\u00e7\u00e3o do terminal e uma segunda \u00e1rea de higiene para a embalagem de alimentos est\u00e3o prestes a ser conclu\u00eddos ainda este ano. No terceiro trimestre do pr\u00f3ximo ano, o armaz\u00e9m de prateleiras altas para mais 40.000 posi\u00e7\u00f5es de paletes congelados ser\u00e1 colocado em opera\u00e7\u00e3o.<br \/>Foto: \u00a9 Nordfrost \/ <strong><em>Legenda da imagem:<\/em><\/strong><em> A linha ferrovi\u00e1ria que passar\u00e1 pelo novo armaz\u00e9m de carga pesada est\u00e1 sendo instalada agora na \u00e1rea do terminal portu\u00e1rio da Nordfrost sob a supervis\u00e3o de Michael Kr\u00f6nke (STEFEN). Eles est\u00e3o felizes (da esquerda para a direita): Eike Voigt e Philipp Brandstrup (ambos do terminal portu\u00e1rio da Nordfrost), Christian Kreuzhermes (LUDWIG FREYTAG), Sven Boldt (Nordfrost), Thilo Hullmeine (STEFEN), Carsten Feist (prefeito da cidade de Wilhelmshaven), Britta Bartels e Dr. Falk Bartels (ambos da administra\u00e7\u00e3o da Nordfrost).<\/em><br \/><a href=\"https:\/\/www.nordfrost.de\" target=\"_blank\" rel=\"noopener noreferrer\">www.nordfrost.de<\/a><\/p>\n","protected":false},"excerpt":{"rendered":"<p>Na semana passada, em um pequeno c\u00edrculo, ocorreu a inaugura\u00e7\u00e3o do novo armaz\u00e9m de carga pesada da Nordfrost no porto de cont\u00eaineres de Wilhelmshaven, que agora<span class=\"excerpt-hellip\"> [\u2026]<\/span><\/p>\n","protected":false},"author":0,"featured_media":0,"comment_status":"open","ping_status":"open","sticky":false,"template":"","format":"standard","meta":{"_acf_changed":false,"footnotes":""},"categories":[1557,1560,1561,1559],"tags":[],"class_list":["post-19756","post","type-post","status-publish","format-standard","hentry","category-forwarding-logistics","category-intralogistics","category-regions","category-shipping-ports"],"acf":[],"yoast_head":"<!-- This site is optimized with the Yoast SEO plugin v27.3 - https:\/\/yoast.com\/product\/yoast-seo-wordpress\/ -->\n<title>Inaugura\u00e7\u00e3o do armaz\u00e9m de carga pesada da Nordfrost no porto de cont\u00eaineres de Wilhelmshaven - Loginfo24<\/title>\n<meta name=\"robots\" content=\"index, follow, max-snippet:-1, max-image-preview:large, max-video-preview:-1\" \/>\n<link rel=\"canonical\" href=\"https:\/\/loginfo24.com\/pt-pt\/2020\/09\/13\/inauguracao-do-armazem-de-carga-pesada-da-nordfrost-no-porto-de-conteineres-de-wilhelmshaven\/\" \/>\n<meta property=\"og:locale\" content=\"pt_PT\" \/>\n<meta property=\"og:type\" content=\"article\" \/>\n<meta property=\"og:title\" content=\"Inaugura\u00e7\u00e3o do armaz\u00e9m de carga pesada da Nordfrost no porto de cont\u00eaineres de Wilhelmshaven - Loginfo24\" \/>\n<meta property=\"og:description\" content=\"Na semana passada, em um pequeno c\u00edrculo, ocorreu a inaugura\u00e7\u00e3o do novo armaz\u00e9m de carga pesada da Nordfrost no porto de cont\u00eaineres de Wilhelmshaven, que agora [\u2026]\" \/>\n<meta property=\"og:url\" content=\"https:\/\/loginfo24.com\/pt-pt\/2020\/09\/13\/inauguracao-do-armazem-de-carga-pesada-da-nordfrost-no-porto-de-conteineres-de-wilhelmshaven\/\" \/>\n<meta property=\"og:site_name\" content=\"Loginfo24\" \/>\n<meta property=\"article:publisher\" content=\"https:\/\/www.facebook.com\/people\/Loginfo24\/100057360583332\/\" \/>\n<meta property=\"article:published_time\" content=\"2020-09-13T15:50:19+00:00\" \/>\n<meta property=\"article:modified_time\" content=\"2025-12-15T11:36:43+00:00\" \/>\n<meta name=\"twitter:card\" content=\"summary_large_image\" \/>\n<meta name=\"twitter:label1\" content=\"Tempo estimado de leitura\" \/>\n\t<meta name=\"twitter:data1\" content=\"5 minutos\" \/>\n<script type=\"application\/ld+json\" class=\"yoast-schema-graph\">{\"@context\":\"https:\\\/\\\/schema.org\",\"@graph\":[{\"@type\":\"Article\",\"@id\":\"https:\\\/\\\/loginfo24.com\\\/pt-pt\\\/2020\\\/09\\\/13\\\/inauguracao-do-armazem-de-carga-pesada-da-nordfrost-no-porto-de-conteineres-de-wilhelmshaven\\\/#article\",\"isPartOf\":{\"@id\":\"https:\\\/\\\/loginfo24.com\\\/pt-pt\\\/2020\\\/09\\\/13\\\/inauguracao-do-armazem-de-carga-pesada-da-nordfrost-no-porto-de-conteineres-de-wilhelmshaven\\\/\"},\"author\":{\"name\":\"\",\"@id\":\"\"},\"headline\":\"Inaugura\u00e7\u00e3o do armaz\u00e9m de carga pesada da Nordfrost no porto de cont\u00eaineres de Wilhelmshaven\",\"datePublished\":\"2020-09-13T15:50:19+00:00\",\"dateModified\":\"2025-12-15T11:36:43+00:00\",\"mainEntityOfPage\":{\"@id\":\"https:\\\/\\\/loginfo24.com\\\/pt-pt\\\/2020\\\/09\\\/13\\\/inauguracao-do-armazem-de-carga-pesada-da-nordfrost-no-porto-de-conteineres-de-wilhelmshaven\\\/\"},\"wordCount\":973,\"commentCount\":0,\"publisher\":{\"@id\":\"https:\\\/\\\/loginfo24.com\\\/pt-pt\\\/#organization\"},\"articleSection\":[\"Forwarding &amp; Logistics\",\"Intralogistics\",\"Regions\",\"Shipping &amp; Ports\"],\"inLanguage\":\"pt-PT\",\"potentialAction\":[{\"@type\":\"CommentAction\",\"name\":\"Comment\",\"target\":[\"https:\\\/\\\/loginfo24.com\\\/pt-pt\\\/2020\\\/09\\\/13\\\/inauguracao-do-armazem-de-carga-pesada-da-nordfrost-no-porto-de-conteineres-de-wilhelmshaven\\\/#respond\"]}]},{\"@type\":\"WebPage\",\"@id\":\"https:\\\/\\\/loginfo24.com\\\/pt-pt\\\/2020\\\/09\\\/13\\\/inauguracao-do-armazem-de-carga-pesada-da-nordfrost-no-porto-de-conteineres-de-wilhelmshaven\\\/\",\"url\":\"https:\\\/\\\/loginfo24.com\\\/pt-pt\\\/2020\\\/09\\\/13\\\/inauguracao-do-armazem-de-carga-pesada-da-nordfrost-no-porto-de-conteineres-de-wilhelmshaven\\\/\",\"name\":\"Inaugura\u00e7\u00e3o do armaz\u00e9m de carga pesada da Nordfrost no porto de cont\u00eaineres de Wilhelmshaven - Loginfo24\",\"isPartOf\":{\"@id\":\"https:\\\/\\\/loginfo24.com\\\/pt-pt\\\/#website\"},\"datePublished\":\"2020-09-13T15:50:19+00:00\",\"dateModified\":\"2025-12-15T11:36:43+00:00\",\"breadcrumb\":{\"@id\":\"https:\\\/\\\/loginfo24.com\\\/pt-pt\\\/2020\\\/09\\\/13\\\/inauguracao-do-armazem-de-carga-pesada-da-nordfrost-no-porto-de-conteineres-de-wilhelmshaven\\\/#breadcrumb\"},\"inLanguage\":\"pt-PT\",\"potentialAction\":[{\"@type\":\"ReadAction\",\"target\":[\"https:\\\/\\\/loginfo24.com\\\/pt-pt\\\/2020\\\/09\\\/13\\\/inauguracao-do-armazem-de-carga-pesada-da-nordfrost-no-porto-de-conteineres-de-wilhelmshaven\\\/\"]}]},{\"@type\":\"BreadcrumbList\",\"@id\":\"https:\\\/\\\/loginfo24.com\\\/pt-pt\\\/2020\\\/09\\\/13\\\/inauguracao-do-armazem-de-carga-pesada-da-nordfrost-no-porto-de-conteineres-de-wilhelmshaven\\\/#breadcrumb\",\"itemListElement\":[{\"@type\":\"ListItem\",\"position\":1,\"name\":\"Startseite\",\"item\":\"https:\\\/\\\/loginfo24.com\\\/pt-pt\\\/\"},{\"@type\":\"ListItem\",\"position\":2,\"name\":\"Inaugura\u00e7\u00e3o do armaz\u00e9m de carga pesada da Nordfrost no porto de cont\u00eaineres de Wilhelmshaven\"}]},{\"@type\":\"WebSite\",\"@id\":\"https:\\\/\\\/loginfo24.com\\\/pt-pt\\\/#website\",\"url\":\"https:\\\/\\\/loginfo24.com\\\/pt-pt\\\/\",\"name\":\"Loginfo24\",\"description\":\"Loginfo24 \u00e9 a plataforma dedicada \u00e0 log\u00edstica e \u00e0s cadeias de abastecimento, com informa\u00e7\u00f5es dispon\u00edveis 24 horas por dia.\",\"publisher\":{\"@id\":\"https:\\\/\\\/loginfo24.com\\\/pt-pt\\\/#organization\"},\"potentialAction\":[{\"@type\":\"SearchAction\",\"target\":{\"@type\":\"EntryPoint\",\"urlTemplate\":\"https:\\\/\\\/loginfo24.com\\\/pt-pt\\\/?s={search_term_string}\"},\"query-input\":{\"@type\":\"PropertyValueSpecification\",\"valueRequired\":true,\"valueName\":\"search_term_string\"}}],\"inLanguage\":\"pt-PT\"},{\"@type\":\"Organization\",\"@id\":\"https:\\\/\\\/loginfo24.com\\\/pt-pt\\\/#organization\",\"name\":\"Logismedia Group AG\",\"url\":\"https:\\\/\\\/loginfo24.com\\\/pt-pt\\\/\",\"logo\":{\"@type\":\"ImageObject\",\"inLanguage\":\"pt-PT\",\"@id\":\"https:\\\/\\\/loginfo24.com\\\/pt-pt\\\/#\\\/schema\\\/logo\\\/image\\\/\",\"url\":\"https:\\\/\\\/loginfo24.com\\\/wp-content\\\/uploads\\\/sites\\\/7\\\/2026\\\/01\\\/Logo_LogInfo24.png\",\"contentUrl\":\"https:\\\/\\\/loginfo24.com\\\/wp-content\\\/uploads\\\/sites\\\/7\\\/2026\\\/01\\\/Logo_LogInfo24.png\",\"width\":938,\"height\":351,\"caption\":\"Logismedia Group AG\"},\"image\":{\"@id\":\"https:\\\/\\\/loginfo24.com\\\/pt-pt\\\/#\\\/schema\\\/logo\\\/image\\\/\"},\"sameAs\":[\"https:\\\/\\\/www.facebook.com\\\/people\\\/Loginfo24\\\/100057360583332\\\/\",\"https:\\\/\\\/www.linkedin.com\\\/company\\\/lofinfo24\\\/\"]}]}<\/script>\n<!-- \/ Yoast SEO plugin. -->","yoast_head_json":{"title":"Inaugura\u00e7\u00e3o do armaz\u00e9m de carga pesada da Nordfrost no porto de cont\u00eaineres de Wilhelmshaven - Loginfo24","robots":{"index":"index","follow":"follow","max-snippet":"max-snippet:-1","max-image-preview":"max-image-preview:large","max-video-preview":"max-video-preview:-1"},"canonical":"https:\/\/loginfo24.com\/pt-pt\/2020\/09\/13\/inauguracao-do-armazem-de-carga-pesada-da-nordfrost-no-porto-de-conteineres-de-wilhelmshaven\/","og_locale":"pt_PT","og_type":"article","og_title":"Inaugura\u00e7\u00e3o do armaz\u00e9m de carga pesada da Nordfrost no porto de cont\u00eaineres de Wilhelmshaven - Loginfo24","og_description":"Na semana passada, em um pequeno c\u00edrculo, ocorreu a inaugura\u00e7\u00e3o do novo armaz\u00e9m de carga pesada da Nordfrost no porto de cont\u00eaineres de Wilhelmshaven, que agora [\u2026]","og_url":"https:\/\/loginfo24.com\/pt-pt\/2020\/09\/13\/inauguracao-do-armazem-de-carga-pesada-da-nordfrost-no-porto-de-conteineres-de-wilhelmshaven\/","og_site_name":"Loginfo24","article_publisher":"https:\/\/www.facebook.com\/people\/Loginfo24\/100057360583332\/","article_published_time":"2020-09-13T15:50:19+00:00","article_modified_time":"2025-12-15T11:36:43+00:00","twitter_card":"summary_large_image","twitter_misc":{"Tempo estimado de leitura":"5 minutos"},"schema":{"@context":"https:\/\/schema.org","@graph":[{"@type":"Article","@id":"https:\/\/loginfo24.com\/pt-pt\/2020\/09\/13\/inauguracao-do-armazem-de-carga-pesada-da-nordfrost-no-porto-de-conteineres-de-wilhelmshaven\/#article","isPartOf":{"@id":"https:\/\/loginfo24.com\/pt-pt\/2020\/09\/13\/inauguracao-do-armazem-de-carga-pesada-da-nordfrost-no-porto-de-conteineres-de-wilhelmshaven\/"},"author":{"name":"","@id":""},"headline":"Inaugura\u00e7\u00e3o do armaz\u00e9m de carga pesada da Nordfrost no porto de cont\u00eaineres de Wilhelmshaven","datePublished":"2020-09-13T15:50:19+00:00","dateModified":"2025-12-15T11:36:43+00:00","mainEntityOfPage":{"@id":"https:\/\/loginfo24.com\/pt-pt\/2020\/09\/13\/inauguracao-do-armazem-de-carga-pesada-da-nordfrost-no-porto-de-conteineres-de-wilhelmshaven\/"},"wordCount":973,"commentCount":0,"publisher":{"@id":"https:\/\/loginfo24.com\/pt-pt\/#organization"},"articleSection":["Forwarding &amp; Logistics","Intralogistics","Regions","Shipping &amp; Ports"],"inLanguage":"pt-PT","potentialAction":[{"@type":"CommentAction","name":"Comment","target":["https:\/\/loginfo24.com\/pt-pt\/2020\/09\/13\/inauguracao-do-armazem-de-carga-pesada-da-nordfrost-no-porto-de-conteineres-de-wilhelmshaven\/#respond"]}]},{"@type":"WebPage","@id":"https:\/\/loginfo24.com\/pt-pt\/2020\/09\/13\/inauguracao-do-armazem-de-carga-pesada-da-nordfrost-no-porto-de-conteineres-de-wilhelmshaven\/","url":"https:\/\/loginfo24.com\/pt-pt\/2020\/09\/13\/inauguracao-do-armazem-de-carga-pesada-da-nordfrost-no-porto-de-conteineres-de-wilhelmshaven\/","name":"Inaugura\u00e7\u00e3o do armaz\u00e9m de carga pesada da Nordfrost no porto de cont\u00eaineres de Wilhelmshaven - Loginfo24","isPartOf":{"@id":"https:\/\/loginfo24.com\/pt-pt\/#website"},"datePublished":"2020-09-13T15:50:19+00:00","dateModified":"2025-12-15T11:36:43+00:00","breadcrumb":{"@id":"https:\/\/loginfo24.com\/pt-pt\/2020\/09\/13\/inauguracao-do-armazem-de-carga-pesada-da-nordfrost-no-porto-de-conteineres-de-wilhelmshaven\/#breadcrumb"},"inLanguage":"pt-PT","potentialAction":[{"@type":"ReadAction","target":["https:\/\/loginfo24.com\/pt-pt\/2020\/09\/13\/inauguracao-do-armazem-de-carga-pesada-da-nordfrost-no-porto-de-conteineres-de-wilhelmshaven\/"]}]},{"@type":"BreadcrumbList","@id":"https:\/\/loginfo24.com\/pt-pt\/2020\/09\/13\/inauguracao-do-armazem-de-carga-pesada-da-nordfrost-no-porto-de-conteineres-de-wilhelmshaven\/#breadcrumb","itemListElement":[{"@type":"ListItem","position":1,"name":"Startseite","item":"https:\/\/loginfo24.com\/pt-pt\/"},{"@type":"ListItem","position":2,"name":"Inaugura\u00e7\u00e3o do armaz\u00e9m de carga pesada da Nordfrost no porto de cont\u00eaineres de Wilhelmshaven"}]},{"@type":"WebSite","@id":"https:\/\/loginfo24.com\/pt-pt\/#website","url":"https:\/\/loginfo24.com\/pt-pt\/","name":"Loginfo24","description":"Loginfo24 \u00e9 a plataforma dedicada \u00e0 log\u00edstica e \u00e0s cadeias de abastecimento, com informa\u00e7\u00f5es dispon\u00edveis 24 horas por dia.","publisher":{"@id":"https:\/\/loginfo24.com\/pt-pt\/#organization"},"potentialAction":[{"@type":"SearchAction","target":{"@type":"EntryPoint","urlTemplate":"https:\/\/loginfo24.com\/pt-pt\/?s={search_term_string}"},"query-input":{"@type":"PropertyValueSpecification","valueRequired":true,"valueName":"search_term_string"}}],"inLanguage":"pt-PT"},{"@type":"Organization","@id":"https:\/\/loginfo24.com\/pt-pt\/#organization","name":"Logismedia Group AG","url":"https:\/\/loginfo24.com\/pt-pt\/","logo":{"@type":"ImageObject","inLanguage":"pt-PT","@id":"https:\/\/loginfo24.com\/pt-pt\/#\/schema\/logo\/image\/","url":"https:\/\/loginfo24.com\/wp-content\/uploads\/sites\/7\/2026\/01\/Logo_LogInfo24.png","contentUrl":"https:\/\/loginfo24.com\/wp-content\/uploads\/sites\/7\/2026\/01\/Logo_LogInfo24.png","width":938,"height":351,"caption":"Logismedia Group AG"},"image":{"@id":"https:\/\/loginfo24.com\/pt-pt\/#\/schema\/logo\/image\/"},"sameAs":["https:\/\/www.facebook.com\/people\/Loginfo24\/100057360583332\/","https:\/\/www.linkedin.com\/company\/lofinfo24\/"]}]}},"_links":{"self":[{"href":"https:\/\/loginfo24.com\/pt-pt\/wp-json\/wp\/v2\/posts\/19756","targetHints":{"allow":["GET"]}}],"collection":[{"href":"https:\/\/loginfo24.com\/pt-pt\/wp-json\/wp\/v2\/posts"}],"about":[{"href":"https:\/\/loginfo24.com\/pt-pt\/wp-json\/wp\/v2\/types\/post"}],"replies":[{"embeddable":true,"href":"https:\/\/loginfo24.com\/pt-pt\/wp-json\/wp\/v2\/comments?post=19756"}],"version-history":[{"count":1,"href":"https:\/\/loginfo24.com\/pt-pt\/wp-json\/wp\/v2\/posts\/19756\/revisions"}],"predecessor-version":[{"id":35774,"href":"https:\/\/loginfo24.com\/pt-pt\/wp-json\/wp\/v2\/posts\/19756\/revisions\/35774"}],"wp:attachment":[{"href":"https:\/\/loginfo24.com\/pt-pt\/wp-json\/wp\/v2\/media?parent=19756"}],"wp:term":[{"taxonomy":"category","embeddable":true,"href":"https:\/\/loginfo24.com\/pt-pt\/wp-json\/wp\/v2\/categories?post=19756"},{"taxonomy":"post_tag","embeddable":true,"href":"https:\/\/loginfo24.com\/pt-pt\/wp-json\/wp\/v2\/tags?post=19756"}],"curies":[{"name":"wp","href":"https:\/\/api.w.org\/{rel}","templated":true}]}}