{"id":19713,"date":"2020-06-10T07:30:01","date_gmt":"2020-06-10T05:30:01","guid":{"rendered":"https:\/\/blog.brand-architecture.at\/2020\/06\/10\/dachser-faz-um-balanco-apos-tres-meses-de-medidas-contra-a-corona\/"},"modified":"2025-12-15T12:36:30","modified_gmt":"2025-12-15T11:36:30","slug":"dachser-faz-um-balanco-apos-tres-meses-de-medidas-contra-a-corona","status":"publish","type":"post","link":"https:\/\/loginfo24.com\/pt-pt\/2020\/06\/10\/dachser-faz-um-balanco-apos-tres-meses-de-medidas-contra-a-corona\/","title":{"rendered":"Dachser faz um balan\u00e7o ap\u00f3s tr\u00eas meses de medidas contra a Corona"},"content":{"rendered":"<p>Atrav\u00e9s do exemplo da filial de Memmingen, a Dachser descreve como as medidas contra a Corona afetam o dia a dia. Embora v\u00e1rias flexibiliza\u00e7\u00f5es tenham ocorrido, para o pessoal de armaz\u00e9m e motoristas, ainda n\u00e3o mudou muito. Os clientes exigem, em parte, disciplina rigorosa dos motoristas.<\/p>\n<p>(Memmingen) Motoristas de caminh\u00e3o s\u00e3o &#8220;relevantes para o sistema&#8221; e mant\u00eam as cadeias de suprimento funcionando de forma confi\u00e1vel \u2013 mesmo em tempos de crise. O cotidiano profissional exige bastante dos motoristas, mas eles tamb\u00e9m vivenciam coisas positivas. Perguntamos ao motorista e gerente de frota Christian Ludwig e a J\u00fcrgen Schneider, chefe de entrada e transporte local da Dachser em Memmingen.<\/p>\n<p>Felizmente, os congestionamentos de caminh\u00f5es que duravam horas nas fronteiras em dire\u00e7\u00e3o ao Leste Europeu, \u00c1ustria e It\u00e1lia se desfizeram. No in\u00edcio da crise da Corona, isso n\u00e3o prometia nada bom para as cadeias de suprimento. Embora o tr\u00e1fego tenha voltado a fluir, muito mudou na rotina dos motoristas profissionais durante a pandemia de Covid-19.<\/p>\n<p>Por exemplo, na Dachser em Memmingen. Como primeiro passo, foram implementadas medidas adicionais de higiene na filial da Dachser, instaladas divis\u00f3rias de vidro com passagem no balc\u00e3o e marcadores de dist\u00e2ncia no ch\u00e3o, para que motoristas e pessoal de escrit\u00f3rio estejam adequadamente protegidos. &#8220;Mais tarde, na cantina, s\u00f3 havia comida para levar, e m\u00e1scaras, spray desinfetante e roupas de troca foram distribu\u00eddos aos motoristas&#8221;, relata o motorista Christian Ludwig. Os encontros habituais na \u00e1rea de fumantes agora ocorrem, no m\u00e1ximo, a dois e com dist\u00e2ncia.<\/p>\n<p>A entrega de mercadorias tamb\u00e9m mudou. &#8220;O contato pessoal direto quase n\u00e3o existe mais com os clientes corporativos. A rigidez das medidas preventivas varia de cliente para cliente e depende muito do setor em quest\u00e3o&#8221;, conta Ludwig. Em uma empresa farmac\u00eautica, por exemplo, \u00e9 necess\u00e1rio preencher um documento de sa\u00fade detalhado antes de cada entrega, al\u00e9m de medir a temperatura. No setor de alimentos, o uso de m\u00e1scara e desinfec\u00e7\u00e3o rigorosa \u00e9 obrigat\u00f3rio. Em outros lugares, a abordagem \u00e9 um pouco mais relaxada. Por exemplo, com muitos clientes particulares, cujo n\u00famero dobrou na filial da Dachser em Memmingen durante a crise da Corona.<\/p>\n<h5><strong>Reconhecimento recebido<\/strong><\/h5>\n<p>A crise da Corona est\u00e1, portanto, permanentemente presente no cotidiano dos motoristas. M\u00e1scaras de prote\u00e7\u00e3o, lavagem e desinfec\u00e7\u00e3o frequente das m\u00e3os s\u00e3o uma exig\u00eancia do momento. E, claro, manter dist\u00e2ncia. Mas apenas fisicamente. Na verdade, Christian Ludwig tem a experi\u00eancia de que, no dia a dia, as pessoas muitas vezes se aproximam de uma maneira diferente e mais pessoal do que antes. Quando, por exemplo, ele entrega uma m\u00e1quina de lavar ou uma estufa inteira, muitas pessoas perguntam sobre a situa\u00e7\u00e3o atual dos motoristas profissionais. \u00c0s vezes, at\u00e9 h\u00e1 uma pequena lembran\u00e7a ou uma barra de chocolate como agradecimento. &#8220;Isso certamente eleva a motiva\u00e7\u00e3o. O reconhecimento que estou recebendo atualmente nunca foi t\u00e3o alto em toda a minha carreira profissional&#8221;, diz Christian Ludwig.<\/p>\n<p>J\u00fcrgen Schneider, chefe de entrada e transporte local no centro log\u00edstico da Dachser em Memmingen, pode apenas corroborar isso: &#8220;Estou na Dachser h\u00e1 35 anos. O setor de log\u00edstica definitivamente desfruta de um reconhecimento especialmente alto neste momento dif\u00edcil. N\u00e3o se diz mais: &#8216;Os motoristas de caminh\u00e3o est\u00e3o bloqueando a estrada.&#8217; Mas sim: &#8216;\u00d3timo que voc\u00eas conseguem retirar e entregar as mercadorias pontualmente.&#8217; De repente, nosso grupo profissional se tornou os her\u00f3is do cotidiano \u2013 assim como os profissionais de sa\u00fade.&#8221; Somente em tempos de necessidade \u00e9 que se percebe qu\u00e3o importantes algumas profiss\u00f5es s\u00e3o.<\/p>\n<p>Quando muitas coisas n\u00e3o s\u00e3o mais garantidas, a import\u00e2ncia de um fornecimento b\u00e1sico funcional se torna muito mais evidente para as pessoas. No entanto, segundo Christian Ludwig, nenhum dos motoristas sente medo ao exercer a profiss\u00e3o: &#8220;Desde o in\u00edcio, nos sentimos bem acolhidos na Dachser. Todos t\u00eam respeito por este v\u00edrus, mas um sentimento de medo n\u00e3o surgiu em nenhum de n\u00f3s, tamb\u00e9m devido \u00e0s r\u00e1pidas medidas preventivas.&#8221; Agora ele tamb\u00e9m percebe entre os clientes que, com a reabertura da vida normal, o clima est\u00e1 melhorando um pouco, embora a preocupa\u00e7\u00e3o com a exist\u00eancia profissional seja sentida em todos os lugares. Especialmente nos setores de metal e eletricidade, gastronomia, hotelaria, eventos e catering, muitas empresas perderam 80% ou at\u00e9 mesmo todo o faturamento.<\/p>\n<p>&#8220;O reconhecimento que estou recebendo atualmente nunca foi t\u00e3o alto em toda a minha carreira profissional.&#8221; Christian Ludwig, motorista e gerente de frota no centro log\u00edstico da Dachser Allg\u00e4u em Memmingen.<\/p>\n<p>&#8220;Na Dachser, devido \u00e0 exig\u00eancia de dist\u00e2ncia, atualmente apenas metade dos postos de trabalho no escrit\u00f3rio est\u00e3o ocupados&#8221;, diz Ludwig. Isso tamb\u00e9m poderia ser o caso nas \u00e1reas externas da gastronomia. Ou nos hot\u00e9is. &#8220;Muitos dependem disso: seja agricultores de vegetais, a\u00e7ougues ou cervejarias&#8221;, preocupa-se o motorista.<\/p>\n<p>Na Dachser em Memmingen, o lockdown tamb\u00e9m deixou suas marcas. Em muitos setores econ\u00f4micos, as opera\u00e7\u00f5es est\u00e3o paradas ou foram drasticamente reduzidas. Isso, naturalmente, tamb\u00e9m afeta o n\u00famero de transportes.<\/p>\n<h5><strong>Superando a crise juntos<\/strong><\/h5>\n<p>&#8220;No entanto, a Dachser se esfor\u00e7a para que os impactos para as empresas de transporte sob contrato sejam os menores poss\u00edveis&#8221;, diz J\u00fcrgen Schneider. &#8220;Estamos mantendo os ve\u00edculos em rota\u00e7\u00e3o, para que as perdas para cada empresa sejam o menores poss\u00edveis. Comunicamos intensamente com nossos parceiros de transporte e queremos mostrar a eles que fazem parte da fam\u00edlia Dachser e que juntos superaremos esta crise.&#8221; N\u00e3o se trata de mais r\u00e1pido, mais alto, mais longe, mas de responsabilidade integrativa, honestidade e confiabilidade. &#8220;Ou seja, valores pelos quais a Dachser sempre se destacou&#8221;, diz J\u00fcrgen Schneider.<\/p>\n<p>J\u00fcrgen Schneider espera que o setor de log\u00edstica mantenha sua atual posi\u00e7\u00e3o na sociedade: &#8220;A empatia, solidariedade e reconhecimento atuais por nossa profiss\u00e3o oferecem uma base completamente diferente para a colabora\u00e7\u00e3o e conviv\u00eancia em todos os n\u00edveis. Isso tamb\u00e9m impacta a atratividade da profiss\u00e3o de motorista. E \u00e9 a\u00ed que devemos agir.&#8221;<\/p>\n<p>Foto: \u00a9 Dachser<\/p>\n<p>Legenda da imagem: <em>Christian Ludwig e J\u00fcrgen Schneider do centro log\u00edstico DACHSER Allg\u00e4u em Memmingen<\/em><\/p>\n<p><a href=\"https:\/\/www.dachser.de\" target=\"_blank\" rel=\"noopener noreferrer\">www.dachser.de<\/a><\/p>\n","protected":false},"excerpt":{"rendered":"<p>Atrav\u00e9s do exemplo da filial de Memmingen, a Dachser descreve como as medidas contra a Corona afetam o dia a dia. Embora v\u00e1rias flexibiliza\u00e7\u00f5es tenham ocorrido,<span class=\"excerpt-hellip\"> [\u2026]<\/span><\/p>\n","protected":false},"author":0,"featured_media":0,"comment_status":"open","ping_status":"open","sticky":false,"template":"","format":"standard","meta":{"_acf_changed":false,"footnotes":""},"categories":[1561],"tags":[],"class_list":["post-19713","post","type-post","status-publish","format-standard","hentry","category-regions"],"acf":[],"yoast_head":"<!-- This site is optimized with the Yoast SEO plugin v27.3 - https:\/\/yoast.com\/product\/yoast-seo-wordpress\/ -->\n<title>Dachser faz um balan\u00e7o ap\u00f3s tr\u00eas meses de medidas contra a Corona - Loginfo24<\/title>\n<meta name=\"robots\" content=\"index, follow, max-snippet:-1, max-image-preview:large, max-video-preview:-1\" \/>\n<link rel=\"canonical\" href=\"https:\/\/loginfo24.com\/pt-pt\/2020\/06\/10\/dachser-faz-um-balanco-apos-tres-meses-de-medidas-contra-a-corona\/\" \/>\n<meta property=\"og:locale\" content=\"pt_PT\" \/>\n<meta property=\"og:type\" content=\"article\" \/>\n<meta property=\"og:title\" content=\"Dachser faz um balan\u00e7o ap\u00f3s tr\u00eas meses de medidas contra a Corona - Loginfo24\" \/>\n<meta property=\"og:description\" content=\"Atrav\u00e9s do exemplo da filial de Memmingen, a Dachser descreve como as medidas contra a Corona afetam o dia a dia. Embora v\u00e1rias flexibiliza\u00e7\u00f5es tenham ocorrido, [\u2026]\" \/>\n<meta property=\"og:url\" content=\"https:\/\/loginfo24.com\/pt-pt\/2020\/06\/10\/dachser-faz-um-balanco-apos-tres-meses-de-medidas-contra-a-corona\/\" \/>\n<meta property=\"og:site_name\" content=\"Loginfo24\" \/>\n<meta property=\"article:publisher\" content=\"https:\/\/www.facebook.com\/people\/Loginfo24\/100057360583332\/\" \/>\n<meta property=\"article:published_time\" content=\"2020-06-10T05:30:01+00:00\" \/>\n<meta property=\"article:modified_time\" content=\"2025-12-15T11:36:30+00:00\" \/>\n<meta name=\"twitter:card\" content=\"summary_large_image\" \/>\n<meta name=\"twitter:label1\" content=\"Tempo estimado de leitura\" \/>\n\t<meta name=\"twitter:data1\" content=\"5 minutos\" \/>\n<script type=\"application\/ld+json\" class=\"yoast-schema-graph\">{\"@context\":\"https:\\\/\\\/schema.org\",\"@graph\":[{\"@type\":\"Article\",\"@id\":\"https:\\\/\\\/loginfo24.com\\\/pt-pt\\\/2020\\\/06\\\/10\\\/dachser-faz-um-balanco-apos-tres-meses-de-medidas-contra-a-corona\\\/#article\",\"isPartOf\":{\"@id\":\"https:\\\/\\\/loginfo24.com\\\/pt-pt\\\/2020\\\/06\\\/10\\\/dachser-faz-um-balanco-apos-tres-meses-de-medidas-contra-a-corona\\\/\"},\"author\":{\"name\":\"\",\"@id\":\"\"},\"headline\":\"Dachser faz um balan\u00e7o ap\u00f3s tr\u00eas meses de medidas contra a Corona\",\"datePublished\":\"2020-06-10T05:30:01+00:00\",\"dateModified\":\"2025-12-15T11:36:30+00:00\",\"mainEntityOfPage\":{\"@id\":\"https:\\\/\\\/loginfo24.com\\\/pt-pt\\\/2020\\\/06\\\/10\\\/dachser-faz-um-balanco-apos-tres-meses-de-medidas-contra-a-corona\\\/\"},\"wordCount\":1093,\"commentCount\":0,\"publisher\":{\"@id\":\"https:\\\/\\\/loginfo24.com\\\/pt-pt\\\/#organization\"},\"articleSection\":[\"Regions\"],\"inLanguage\":\"pt-PT\",\"potentialAction\":[{\"@type\":\"CommentAction\",\"name\":\"Comment\",\"target\":[\"https:\\\/\\\/loginfo24.com\\\/pt-pt\\\/2020\\\/06\\\/10\\\/dachser-faz-um-balanco-apos-tres-meses-de-medidas-contra-a-corona\\\/#respond\"]}]},{\"@type\":\"WebPage\",\"@id\":\"https:\\\/\\\/loginfo24.com\\\/pt-pt\\\/2020\\\/06\\\/10\\\/dachser-faz-um-balanco-apos-tres-meses-de-medidas-contra-a-corona\\\/\",\"url\":\"https:\\\/\\\/loginfo24.com\\\/pt-pt\\\/2020\\\/06\\\/10\\\/dachser-faz-um-balanco-apos-tres-meses-de-medidas-contra-a-corona\\\/\",\"name\":\"Dachser faz um balan\u00e7o ap\u00f3s tr\u00eas meses de medidas contra a Corona - Loginfo24\",\"isPartOf\":{\"@id\":\"https:\\\/\\\/loginfo24.com\\\/pt-pt\\\/#website\"},\"datePublished\":\"2020-06-10T05:30:01+00:00\",\"dateModified\":\"2025-12-15T11:36:30+00:00\",\"breadcrumb\":{\"@id\":\"https:\\\/\\\/loginfo24.com\\\/pt-pt\\\/2020\\\/06\\\/10\\\/dachser-faz-um-balanco-apos-tres-meses-de-medidas-contra-a-corona\\\/#breadcrumb\"},\"inLanguage\":\"pt-PT\",\"potentialAction\":[{\"@type\":\"ReadAction\",\"target\":[\"https:\\\/\\\/loginfo24.com\\\/pt-pt\\\/2020\\\/06\\\/10\\\/dachser-faz-um-balanco-apos-tres-meses-de-medidas-contra-a-corona\\\/\"]}]},{\"@type\":\"BreadcrumbList\",\"@id\":\"https:\\\/\\\/loginfo24.com\\\/pt-pt\\\/2020\\\/06\\\/10\\\/dachser-faz-um-balanco-apos-tres-meses-de-medidas-contra-a-corona\\\/#breadcrumb\",\"itemListElement\":[{\"@type\":\"ListItem\",\"position\":1,\"name\":\"Startseite\",\"item\":\"https:\\\/\\\/loginfo24.com\\\/pt-pt\\\/\"},{\"@type\":\"ListItem\",\"position\":2,\"name\":\"Dachser faz um balan\u00e7o ap\u00f3s tr\u00eas meses de medidas contra a Corona\"}]},{\"@type\":\"WebSite\",\"@id\":\"https:\\\/\\\/loginfo24.com\\\/pt-pt\\\/#website\",\"url\":\"https:\\\/\\\/loginfo24.com\\\/pt-pt\\\/\",\"name\":\"Loginfo24\",\"description\":\"Loginfo24 \u00e9 a plataforma dedicada \u00e0 log\u00edstica e \u00e0s cadeias de abastecimento, com informa\u00e7\u00f5es dispon\u00edveis 24 horas por dia.\",\"publisher\":{\"@id\":\"https:\\\/\\\/loginfo24.com\\\/pt-pt\\\/#organization\"},\"potentialAction\":[{\"@type\":\"SearchAction\",\"target\":{\"@type\":\"EntryPoint\",\"urlTemplate\":\"https:\\\/\\\/loginfo24.com\\\/pt-pt\\\/?s={search_term_string}\"},\"query-input\":{\"@type\":\"PropertyValueSpecification\",\"valueRequired\":true,\"valueName\":\"search_term_string\"}}],\"inLanguage\":\"pt-PT\"},{\"@type\":\"Organization\",\"@id\":\"https:\\\/\\\/loginfo24.com\\\/pt-pt\\\/#organization\",\"name\":\"Logismedia Group AG\",\"url\":\"https:\\\/\\\/loginfo24.com\\\/pt-pt\\\/\",\"logo\":{\"@type\":\"ImageObject\",\"inLanguage\":\"pt-PT\",\"@id\":\"https:\\\/\\\/loginfo24.com\\\/pt-pt\\\/#\\\/schema\\\/logo\\\/image\\\/\",\"url\":\"https:\\\/\\\/loginfo24.com\\\/wp-content\\\/uploads\\\/sites\\\/7\\\/2026\\\/01\\\/Logo_LogInfo24.png\",\"contentUrl\":\"https:\\\/\\\/loginfo24.com\\\/wp-content\\\/uploads\\\/sites\\\/7\\\/2026\\\/01\\\/Logo_LogInfo24.png\",\"width\":938,\"height\":351,\"caption\":\"Logismedia Group AG\"},\"image\":{\"@id\":\"https:\\\/\\\/loginfo24.com\\\/pt-pt\\\/#\\\/schema\\\/logo\\\/image\\\/\"},\"sameAs\":[\"https:\\\/\\\/www.facebook.com\\\/people\\\/Loginfo24\\\/100057360583332\\\/\",\"https:\\\/\\\/www.linkedin.com\\\/company\\\/lofinfo24\\\/\"]}]}<\/script>\n<!-- \/ Yoast SEO plugin. -->","yoast_head_json":{"title":"Dachser faz um balan\u00e7o ap\u00f3s tr\u00eas meses de medidas contra a Corona - Loginfo24","robots":{"index":"index","follow":"follow","max-snippet":"max-snippet:-1","max-image-preview":"max-image-preview:large","max-video-preview":"max-video-preview:-1"},"canonical":"https:\/\/loginfo24.com\/pt-pt\/2020\/06\/10\/dachser-faz-um-balanco-apos-tres-meses-de-medidas-contra-a-corona\/","og_locale":"pt_PT","og_type":"article","og_title":"Dachser faz um balan\u00e7o ap\u00f3s tr\u00eas meses de medidas contra a Corona - Loginfo24","og_description":"Atrav\u00e9s do exemplo da filial de Memmingen, a Dachser descreve como as medidas contra a Corona afetam o dia a dia. Embora v\u00e1rias flexibiliza\u00e7\u00f5es tenham ocorrido, [\u2026]","og_url":"https:\/\/loginfo24.com\/pt-pt\/2020\/06\/10\/dachser-faz-um-balanco-apos-tres-meses-de-medidas-contra-a-corona\/","og_site_name":"Loginfo24","article_publisher":"https:\/\/www.facebook.com\/people\/Loginfo24\/100057360583332\/","article_published_time":"2020-06-10T05:30:01+00:00","article_modified_time":"2025-12-15T11:36:30+00:00","twitter_card":"summary_large_image","twitter_misc":{"Tempo estimado de leitura":"5 minutos"},"schema":{"@context":"https:\/\/schema.org","@graph":[{"@type":"Article","@id":"https:\/\/loginfo24.com\/pt-pt\/2020\/06\/10\/dachser-faz-um-balanco-apos-tres-meses-de-medidas-contra-a-corona\/#article","isPartOf":{"@id":"https:\/\/loginfo24.com\/pt-pt\/2020\/06\/10\/dachser-faz-um-balanco-apos-tres-meses-de-medidas-contra-a-corona\/"},"author":{"name":"","@id":""},"headline":"Dachser faz um balan\u00e7o ap\u00f3s tr\u00eas meses de medidas contra a Corona","datePublished":"2020-06-10T05:30:01+00:00","dateModified":"2025-12-15T11:36:30+00:00","mainEntityOfPage":{"@id":"https:\/\/loginfo24.com\/pt-pt\/2020\/06\/10\/dachser-faz-um-balanco-apos-tres-meses-de-medidas-contra-a-corona\/"},"wordCount":1093,"commentCount":0,"publisher":{"@id":"https:\/\/loginfo24.com\/pt-pt\/#organization"},"articleSection":["Regions"],"inLanguage":"pt-PT","potentialAction":[{"@type":"CommentAction","name":"Comment","target":["https:\/\/loginfo24.com\/pt-pt\/2020\/06\/10\/dachser-faz-um-balanco-apos-tres-meses-de-medidas-contra-a-corona\/#respond"]}]},{"@type":"WebPage","@id":"https:\/\/loginfo24.com\/pt-pt\/2020\/06\/10\/dachser-faz-um-balanco-apos-tres-meses-de-medidas-contra-a-corona\/","url":"https:\/\/loginfo24.com\/pt-pt\/2020\/06\/10\/dachser-faz-um-balanco-apos-tres-meses-de-medidas-contra-a-corona\/","name":"Dachser faz um balan\u00e7o ap\u00f3s tr\u00eas meses de medidas contra a Corona - Loginfo24","isPartOf":{"@id":"https:\/\/loginfo24.com\/pt-pt\/#website"},"datePublished":"2020-06-10T05:30:01+00:00","dateModified":"2025-12-15T11:36:30+00:00","breadcrumb":{"@id":"https:\/\/loginfo24.com\/pt-pt\/2020\/06\/10\/dachser-faz-um-balanco-apos-tres-meses-de-medidas-contra-a-corona\/#breadcrumb"},"inLanguage":"pt-PT","potentialAction":[{"@type":"ReadAction","target":["https:\/\/loginfo24.com\/pt-pt\/2020\/06\/10\/dachser-faz-um-balanco-apos-tres-meses-de-medidas-contra-a-corona\/"]}]},{"@type":"BreadcrumbList","@id":"https:\/\/loginfo24.com\/pt-pt\/2020\/06\/10\/dachser-faz-um-balanco-apos-tres-meses-de-medidas-contra-a-corona\/#breadcrumb","itemListElement":[{"@type":"ListItem","position":1,"name":"Startseite","item":"https:\/\/loginfo24.com\/pt-pt\/"},{"@type":"ListItem","position":2,"name":"Dachser faz um balan\u00e7o ap\u00f3s tr\u00eas meses de medidas contra a Corona"}]},{"@type":"WebSite","@id":"https:\/\/loginfo24.com\/pt-pt\/#website","url":"https:\/\/loginfo24.com\/pt-pt\/","name":"Loginfo24","description":"Loginfo24 \u00e9 a plataforma dedicada \u00e0 log\u00edstica e \u00e0s cadeias de abastecimento, com informa\u00e7\u00f5es dispon\u00edveis 24 horas por dia.","publisher":{"@id":"https:\/\/loginfo24.com\/pt-pt\/#organization"},"potentialAction":[{"@type":"SearchAction","target":{"@type":"EntryPoint","urlTemplate":"https:\/\/loginfo24.com\/pt-pt\/?s={search_term_string}"},"query-input":{"@type":"PropertyValueSpecification","valueRequired":true,"valueName":"search_term_string"}}],"inLanguage":"pt-PT"},{"@type":"Organization","@id":"https:\/\/loginfo24.com\/pt-pt\/#organization","name":"Logismedia Group AG","url":"https:\/\/loginfo24.com\/pt-pt\/","logo":{"@type":"ImageObject","inLanguage":"pt-PT","@id":"https:\/\/loginfo24.com\/pt-pt\/#\/schema\/logo\/image\/","url":"https:\/\/loginfo24.com\/wp-content\/uploads\/sites\/7\/2026\/01\/Logo_LogInfo24.png","contentUrl":"https:\/\/loginfo24.com\/wp-content\/uploads\/sites\/7\/2026\/01\/Logo_LogInfo24.png","width":938,"height":351,"caption":"Logismedia Group AG"},"image":{"@id":"https:\/\/loginfo24.com\/pt-pt\/#\/schema\/logo\/image\/"},"sameAs":["https:\/\/www.facebook.com\/people\/Loginfo24\/100057360583332\/","https:\/\/www.linkedin.com\/company\/lofinfo24\/"]}]}},"_links":{"self":[{"href":"https:\/\/loginfo24.com\/pt-pt\/wp-json\/wp\/v2\/posts\/19713","targetHints":{"allow":["GET"]}}],"collection":[{"href":"https:\/\/loginfo24.com\/pt-pt\/wp-json\/wp\/v2\/posts"}],"about":[{"href":"https:\/\/loginfo24.com\/pt-pt\/wp-json\/wp\/v2\/types\/post"}],"replies":[{"embeddable":true,"href":"https:\/\/loginfo24.com\/pt-pt\/wp-json\/wp\/v2\/comments?post=19713"}],"version-history":[{"count":1,"href":"https:\/\/loginfo24.com\/pt-pt\/wp-json\/wp\/v2\/posts\/19713\/revisions"}],"predecessor-version":[{"id":35699,"href":"https:\/\/loginfo24.com\/pt-pt\/wp-json\/wp\/v2\/posts\/19713\/revisions\/35699"}],"wp:attachment":[{"href":"https:\/\/loginfo24.com\/pt-pt\/wp-json\/wp\/v2\/media?parent=19713"}],"wp:term":[{"taxonomy":"category","embeddable":true,"href":"https:\/\/loginfo24.com\/pt-pt\/wp-json\/wp\/v2\/categories?post=19713"},{"taxonomy":"post_tag","embeddable":true,"href":"https:\/\/loginfo24.com\/pt-pt\/wp-json\/wp\/v2\/tags?post=19713"}],"curies":[{"name":"wp","href":"https:\/\/api.w.org\/{rel}","templated":true}]}}