{"id":19661,"date":"2020-09-11T20:02:39","date_gmt":"2020-09-11T18:02:39","guid":{"rendered":"https:\/\/blog.brand-architecture.at\/2020\/09\/11\/dachser-expande-area-no-seu-centro-logistico-em-rheine\/"},"modified":"2025-12-15T12:36:17","modified_gmt":"2025-12-15T11:36:17","slug":"dachser-expande-area-no-seu-centro-logistico-em-rheine","status":"publish","type":"post","link":"https:\/\/loginfo24.com\/pt-pt\/2020\/09\/11\/dachser-expande-area-no-seu-centro-logistico-em-rheine\/","title":{"rendered":"Dachser expande \u00e1rea no seu centro log\u00edstico em Rheine"},"content":{"rendered":"<p>O prestador de servi\u00e7os log\u00edsticos Dachser est\u00e1 a expandir o seu centro log\u00edstico em Rheine. Est\u00e1 a ser constru\u00eddo um centro de distribui\u00e7\u00e3o que entrar\u00e1 em opera\u00e7\u00e3o em outubro de 2020. O novo armaz\u00e9m abrange 20.800 m2 de \u00e1rea log\u00edstica e possui 36.800 lugares para paletes, que s\u00e3o atendidos por 26 portas para cami\u00f5es.<\/p>\n<p>(Rheine) O centro log\u00edstico Dachser Rheine cria mais espa\u00e7o para armazenamento e servi\u00e7os de valor acrescentado. Perto da sede da empresa, est\u00e1 a ser constru\u00eddo um novo centro de distribui\u00e7\u00e3o que ser\u00e1 inaugurado em outubro de 2020. O cora\u00e7\u00e3o da instala\u00e7\u00e3o na Sandkampstra\u00dfe \u00e9 um armaz\u00e9m log\u00edstico de 20.800 metros quadrados com 26 portas para cami\u00f5es e at\u00e9 36.800 lugares para paletes. Al\u00e9m disso, h\u00e1 \u00e1reas de escrit\u00f3rio com cerca de 1.200 metros quadrados.<\/p>\n<p>Na nova instala\u00e7\u00e3o moderna, a Dachser Rheine consolida os locais de armazenamento existentes nas proximidades e garante mais capacidade para o crescimento futuro. Assim, o prestador de servi\u00e7os log\u00edsticos otimiza os fluxos de tr\u00e1fego e as condi\u00e7\u00f5es de produ\u00e7\u00e3o. O novo centro de distribui\u00e7\u00e3o ser\u00e1 operado para clientes de v\u00e1rios setores, incluindo a ind\u00fastria de produ\u00e7\u00e3o, o setor de sa\u00fade, o setor de bricolagem e o com\u00e9rcio t\u00eaxtil. Al\u00e9m do armazenamento de mercadorias, da prepara\u00e7\u00e3o de pedidos e do envio de produtos, os funcion\u00e1rios prestam, conforme as exig\u00eancias dos clientes, servi\u00e7os adicionais como constru\u00e7\u00e3o de expositores, reembalagem, etiquetagem especial, montagem e manuseio de devolu\u00e7\u00f5es.<\/p>\n<p>&#8220;Na \u00e1rea de armazenamento, estamos a registar um crescimento adicional e uma procura crescente na regi\u00e3o&#8221;, diz Markus Dodt, gerente geral do centro log\u00edstico Dachser Rheine. &#8220;Rheine e a regi\u00e3o de M\u00fcnsterland, com a sua economia forte, a disponibilidade de m\u00e3o de obra qualificada e a localiza\u00e7\u00e3o favor\u00e1vel em termos de transporte, s\u00e3o um local ideal para servi\u00e7os log\u00edsticos integrados.&#8221;<\/p>\n<p>A Dachser est\u00e1 presente em Rheine desde 1990 e atualmente emprega 390 colaboradores. Destes, 60 colaboradores estar\u00e3o futuramente a trabalhar na nova localiza\u00e7\u00e3o. A m\u00e9dio prazo, ser\u00e3o criados mais 60 postos de trabalho.<\/p>\n<p>Foto: \u00a9 Dachser<\/p>\n<p><a href=\"https:\/\/www.dachser.de\" target=\"_blank\" rel=\"noopener noreferrer\">www.dachser.de<\/a><\/p>\n","protected":false},"excerpt":{"rendered":"<p>O prestador de servi\u00e7os log\u00edsticos Dachser est\u00e1 a expandir o seu centro log\u00edstico em Rheine. Est\u00e1 a ser constru\u00eddo um centro de distribui\u00e7\u00e3o que entrar\u00e1 em<span class=\"excerpt-hellip\"> [\u2026]<\/span><\/p>\n","protected":false},"author":0,"featured_media":0,"comment_status":"open","ping_status":"open","sticky":false,"template":"","format":"standard","meta":{"_acf_changed":false,"footnotes":""},"categories":[1557,1560,1561],"tags":[],"class_list":["post-19661","post","type-post","status-publish","format-standard","hentry","category-forwarding-logistics","category-intralogistics","category-regions"],"acf":[],"yoast_head":"<!-- This site is optimized with the Yoast SEO plugin v27.3 - https:\/\/yoast.com\/product\/yoast-seo-wordpress\/ -->\n<title>Dachser expande \u00e1rea no seu centro log\u00edstico em Rheine - Loginfo24<\/title>\n<meta name=\"robots\" content=\"index, follow, max-snippet:-1, max-image-preview:large, max-video-preview:-1\" \/>\n<link rel=\"canonical\" href=\"https:\/\/loginfo24.com\/pt-pt\/2020\/09\/11\/dachser-expande-area-no-seu-centro-logistico-em-rheine\/\" \/>\n<meta property=\"og:locale\" content=\"pt_PT\" \/>\n<meta property=\"og:type\" content=\"article\" \/>\n<meta property=\"og:title\" content=\"Dachser expande \u00e1rea no seu centro log\u00edstico em Rheine - Loginfo24\" \/>\n<meta property=\"og:description\" content=\"O prestador de servi\u00e7os log\u00edsticos Dachser est\u00e1 a expandir o seu centro log\u00edstico em Rheine. Est\u00e1 a ser constru\u00eddo um centro de distribui\u00e7\u00e3o que entrar\u00e1 em [\u2026]\" \/>\n<meta property=\"og:url\" content=\"https:\/\/loginfo24.com\/pt-pt\/2020\/09\/11\/dachser-expande-area-no-seu-centro-logistico-em-rheine\/\" \/>\n<meta property=\"og:site_name\" content=\"Loginfo24\" \/>\n<meta property=\"article:publisher\" content=\"https:\/\/www.facebook.com\/people\/Loginfo24\/100057360583332\/\" \/>\n<meta property=\"article:published_time\" content=\"2020-09-11T18:02:39+00:00\" \/>\n<meta property=\"article:modified_time\" content=\"2025-12-15T11:36:17+00:00\" \/>\n<meta name=\"twitter:card\" content=\"summary_large_image\" \/>\n<meta name=\"twitter:label1\" content=\"Tempo estimado de leitura\" \/>\n\t<meta name=\"twitter:data1\" content=\"2 minutos\" \/>\n<script type=\"application\/ld+json\" class=\"yoast-schema-graph\">{\"@context\":\"https:\\\/\\\/schema.org\",\"@graph\":[{\"@type\":\"Article\",\"@id\":\"https:\\\/\\\/loginfo24.com\\\/pt-pt\\\/2020\\\/09\\\/11\\\/dachser-expande-area-no-seu-centro-logistico-em-rheine\\\/#article\",\"isPartOf\":{\"@id\":\"https:\\\/\\\/loginfo24.com\\\/pt-pt\\\/2020\\\/09\\\/11\\\/dachser-expande-area-no-seu-centro-logistico-em-rheine\\\/\"},\"author\":{\"name\":\"\",\"@id\":\"\"},\"headline\":\"Dachser expande \u00e1rea no seu centro log\u00edstico em Rheine\",\"datePublished\":\"2020-09-11T18:02:39+00:00\",\"dateModified\":\"2025-12-15T11:36:17+00:00\",\"mainEntityOfPage\":{\"@id\":\"https:\\\/\\\/loginfo24.com\\\/pt-pt\\\/2020\\\/09\\\/11\\\/dachser-expande-area-no-seu-centro-logistico-em-rheine\\\/\"},\"wordCount\":383,\"commentCount\":0,\"publisher\":{\"@id\":\"https:\\\/\\\/loginfo24.com\\\/pt-pt\\\/#organization\"},\"articleSection\":[\"Forwarding &amp; Logistics\",\"Intralogistics\",\"Regions\"],\"inLanguage\":\"pt-PT\",\"potentialAction\":[{\"@type\":\"CommentAction\",\"name\":\"Comment\",\"target\":[\"https:\\\/\\\/loginfo24.com\\\/pt-pt\\\/2020\\\/09\\\/11\\\/dachser-expande-area-no-seu-centro-logistico-em-rheine\\\/#respond\"]}]},{\"@type\":\"WebPage\",\"@id\":\"https:\\\/\\\/loginfo24.com\\\/pt-pt\\\/2020\\\/09\\\/11\\\/dachser-expande-area-no-seu-centro-logistico-em-rheine\\\/\",\"url\":\"https:\\\/\\\/loginfo24.com\\\/pt-pt\\\/2020\\\/09\\\/11\\\/dachser-expande-area-no-seu-centro-logistico-em-rheine\\\/\",\"name\":\"Dachser expande \u00e1rea no seu centro log\u00edstico em Rheine - Loginfo24\",\"isPartOf\":{\"@id\":\"https:\\\/\\\/loginfo24.com\\\/pt-pt\\\/#website\"},\"datePublished\":\"2020-09-11T18:02:39+00:00\",\"dateModified\":\"2025-12-15T11:36:17+00:00\",\"breadcrumb\":{\"@id\":\"https:\\\/\\\/loginfo24.com\\\/pt-pt\\\/2020\\\/09\\\/11\\\/dachser-expande-area-no-seu-centro-logistico-em-rheine\\\/#breadcrumb\"},\"inLanguage\":\"pt-PT\",\"potentialAction\":[{\"@type\":\"ReadAction\",\"target\":[\"https:\\\/\\\/loginfo24.com\\\/pt-pt\\\/2020\\\/09\\\/11\\\/dachser-expande-area-no-seu-centro-logistico-em-rheine\\\/\"]}]},{\"@type\":\"BreadcrumbList\",\"@id\":\"https:\\\/\\\/loginfo24.com\\\/pt-pt\\\/2020\\\/09\\\/11\\\/dachser-expande-area-no-seu-centro-logistico-em-rheine\\\/#breadcrumb\",\"itemListElement\":[{\"@type\":\"ListItem\",\"position\":1,\"name\":\"Startseite\",\"item\":\"https:\\\/\\\/loginfo24.com\\\/pt-pt\\\/\"},{\"@type\":\"ListItem\",\"position\":2,\"name\":\"Dachser expande \u00e1rea no seu centro log\u00edstico em Rheine\"}]},{\"@type\":\"WebSite\",\"@id\":\"https:\\\/\\\/loginfo24.com\\\/pt-pt\\\/#website\",\"url\":\"https:\\\/\\\/loginfo24.com\\\/pt-pt\\\/\",\"name\":\"Loginfo24\",\"description\":\"Loginfo24 \u00e9 a plataforma dedicada \u00e0 log\u00edstica e \u00e0s cadeias de abastecimento, com informa\u00e7\u00f5es dispon\u00edveis 24 horas por dia.\",\"publisher\":{\"@id\":\"https:\\\/\\\/loginfo24.com\\\/pt-pt\\\/#organization\"},\"potentialAction\":[{\"@type\":\"SearchAction\",\"target\":{\"@type\":\"EntryPoint\",\"urlTemplate\":\"https:\\\/\\\/loginfo24.com\\\/pt-pt\\\/?s={search_term_string}\"},\"query-input\":{\"@type\":\"PropertyValueSpecification\",\"valueRequired\":true,\"valueName\":\"search_term_string\"}}],\"inLanguage\":\"pt-PT\"},{\"@type\":\"Organization\",\"@id\":\"https:\\\/\\\/loginfo24.com\\\/pt-pt\\\/#organization\",\"name\":\"Logismedia Group AG\",\"url\":\"https:\\\/\\\/loginfo24.com\\\/pt-pt\\\/\",\"logo\":{\"@type\":\"ImageObject\",\"inLanguage\":\"pt-PT\",\"@id\":\"https:\\\/\\\/loginfo24.com\\\/pt-pt\\\/#\\\/schema\\\/logo\\\/image\\\/\",\"url\":\"https:\\\/\\\/loginfo24.com\\\/wp-content\\\/uploads\\\/sites\\\/7\\\/2026\\\/01\\\/Logo_LogInfo24.png\",\"contentUrl\":\"https:\\\/\\\/loginfo24.com\\\/wp-content\\\/uploads\\\/sites\\\/7\\\/2026\\\/01\\\/Logo_LogInfo24.png\",\"width\":938,\"height\":351,\"caption\":\"Logismedia Group AG\"},\"image\":{\"@id\":\"https:\\\/\\\/loginfo24.com\\\/pt-pt\\\/#\\\/schema\\\/logo\\\/image\\\/\"},\"sameAs\":[\"https:\\\/\\\/www.facebook.com\\\/people\\\/Loginfo24\\\/100057360583332\\\/\",\"https:\\\/\\\/www.linkedin.com\\\/company\\\/lofinfo24\\\/\"]}]}<\/script>\n<!-- \/ Yoast SEO plugin. -->","yoast_head_json":{"title":"Dachser expande \u00e1rea no seu centro log\u00edstico em Rheine - Loginfo24","robots":{"index":"index","follow":"follow","max-snippet":"max-snippet:-1","max-image-preview":"max-image-preview:large","max-video-preview":"max-video-preview:-1"},"canonical":"https:\/\/loginfo24.com\/pt-pt\/2020\/09\/11\/dachser-expande-area-no-seu-centro-logistico-em-rheine\/","og_locale":"pt_PT","og_type":"article","og_title":"Dachser expande \u00e1rea no seu centro log\u00edstico em Rheine - Loginfo24","og_description":"O prestador de servi\u00e7os log\u00edsticos Dachser est\u00e1 a expandir o seu centro log\u00edstico em Rheine. Est\u00e1 a ser constru\u00eddo um centro de distribui\u00e7\u00e3o que entrar\u00e1 em [\u2026]","og_url":"https:\/\/loginfo24.com\/pt-pt\/2020\/09\/11\/dachser-expande-area-no-seu-centro-logistico-em-rheine\/","og_site_name":"Loginfo24","article_publisher":"https:\/\/www.facebook.com\/people\/Loginfo24\/100057360583332\/","article_published_time":"2020-09-11T18:02:39+00:00","article_modified_time":"2025-12-15T11:36:17+00:00","twitter_card":"summary_large_image","twitter_misc":{"Tempo estimado de leitura":"2 minutos"},"schema":{"@context":"https:\/\/schema.org","@graph":[{"@type":"Article","@id":"https:\/\/loginfo24.com\/pt-pt\/2020\/09\/11\/dachser-expande-area-no-seu-centro-logistico-em-rheine\/#article","isPartOf":{"@id":"https:\/\/loginfo24.com\/pt-pt\/2020\/09\/11\/dachser-expande-area-no-seu-centro-logistico-em-rheine\/"},"author":{"name":"","@id":""},"headline":"Dachser expande \u00e1rea no seu centro log\u00edstico em Rheine","datePublished":"2020-09-11T18:02:39+00:00","dateModified":"2025-12-15T11:36:17+00:00","mainEntityOfPage":{"@id":"https:\/\/loginfo24.com\/pt-pt\/2020\/09\/11\/dachser-expande-area-no-seu-centro-logistico-em-rheine\/"},"wordCount":383,"commentCount":0,"publisher":{"@id":"https:\/\/loginfo24.com\/pt-pt\/#organization"},"articleSection":["Forwarding &amp; Logistics","Intralogistics","Regions"],"inLanguage":"pt-PT","potentialAction":[{"@type":"CommentAction","name":"Comment","target":["https:\/\/loginfo24.com\/pt-pt\/2020\/09\/11\/dachser-expande-area-no-seu-centro-logistico-em-rheine\/#respond"]}]},{"@type":"WebPage","@id":"https:\/\/loginfo24.com\/pt-pt\/2020\/09\/11\/dachser-expande-area-no-seu-centro-logistico-em-rheine\/","url":"https:\/\/loginfo24.com\/pt-pt\/2020\/09\/11\/dachser-expande-area-no-seu-centro-logistico-em-rheine\/","name":"Dachser expande \u00e1rea no seu centro log\u00edstico em Rheine - Loginfo24","isPartOf":{"@id":"https:\/\/loginfo24.com\/pt-pt\/#website"},"datePublished":"2020-09-11T18:02:39+00:00","dateModified":"2025-12-15T11:36:17+00:00","breadcrumb":{"@id":"https:\/\/loginfo24.com\/pt-pt\/2020\/09\/11\/dachser-expande-area-no-seu-centro-logistico-em-rheine\/#breadcrumb"},"inLanguage":"pt-PT","potentialAction":[{"@type":"ReadAction","target":["https:\/\/loginfo24.com\/pt-pt\/2020\/09\/11\/dachser-expande-area-no-seu-centro-logistico-em-rheine\/"]}]},{"@type":"BreadcrumbList","@id":"https:\/\/loginfo24.com\/pt-pt\/2020\/09\/11\/dachser-expande-area-no-seu-centro-logistico-em-rheine\/#breadcrumb","itemListElement":[{"@type":"ListItem","position":1,"name":"Startseite","item":"https:\/\/loginfo24.com\/pt-pt\/"},{"@type":"ListItem","position":2,"name":"Dachser expande \u00e1rea no seu centro log\u00edstico em Rheine"}]},{"@type":"WebSite","@id":"https:\/\/loginfo24.com\/pt-pt\/#website","url":"https:\/\/loginfo24.com\/pt-pt\/","name":"Loginfo24","description":"Loginfo24 \u00e9 a plataforma dedicada \u00e0 log\u00edstica e \u00e0s cadeias de abastecimento, com informa\u00e7\u00f5es dispon\u00edveis 24 horas por dia.","publisher":{"@id":"https:\/\/loginfo24.com\/pt-pt\/#organization"},"potentialAction":[{"@type":"SearchAction","target":{"@type":"EntryPoint","urlTemplate":"https:\/\/loginfo24.com\/pt-pt\/?s={search_term_string}"},"query-input":{"@type":"PropertyValueSpecification","valueRequired":true,"valueName":"search_term_string"}}],"inLanguage":"pt-PT"},{"@type":"Organization","@id":"https:\/\/loginfo24.com\/pt-pt\/#organization","name":"Logismedia Group AG","url":"https:\/\/loginfo24.com\/pt-pt\/","logo":{"@type":"ImageObject","inLanguage":"pt-PT","@id":"https:\/\/loginfo24.com\/pt-pt\/#\/schema\/logo\/image\/","url":"https:\/\/loginfo24.com\/wp-content\/uploads\/sites\/7\/2026\/01\/Logo_LogInfo24.png","contentUrl":"https:\/\/loginfo24.com\/wp-content\/uploads\/sites\/7\/2026\/01\/Logo_LogInfo24.png","width":938,"height":351,"caption":"Logismedia Group AG"},"image":{"@id":"https:\/\/loginfo24.com\/pt-pt\/#\/schema\/logo\/image\/"},"sameAs":["https:\/\/www.facebook.com\/people\/Loginfo24\/100057360583332\/","https:\/\/www.linkedin.com\/company\/lofinfo24\/"]}]}},"_links":{"self":[{"href":"https:\/\/loginfo24.com\/pt-pt\/wp-json\/wp\/v2\/posts\/19661","targetHints":{"allow":["GET"]}}],"collection":[{"href":"https:\/\/loginfo24.com\/pt-pt\/wp-json\/wp\/v2\/posts"}],"about":[{"href":"https:\/\/loginfo24.com\/pt-pt\/wp-json\/wp\/v2\/types\/post"}],"replies":[{"embeddable":true,"href":"https:\/\/loginfo24.com\/pt-pt\/wp-json\/wp\/v2\/comments?post=19661"}],"version-history":[{"count":1,"href":"https:\/\/loginfo24.com\/pt-pt\/wp-json\/wp\/v2\/posts\/19661\/revisions"}],"predecessor-version":[{"id":35604,"href":"https:\/\/loginfo24.com\/pt-pt\/wp-json\/wp\/v2\/posts\/19661\/revisions\/35604"}],"wp:attachment":[{"href":"https:\/\/loginfo24.com\/pt-pt\/wp-json\/wp\/v2\/media?parent=19661"}],"wp:term":[{"taxonomy":"category","embeddable":true,"href":"https:\/\/loginfo24.com\/pt-pt\/wp-json\/wp\/v2\/categories?post=19661"},{"taxonomy":"post_tag","embeddable":true,"href":"https:\/\/loginfo24.com\/pt-pt\/wp-json\/wp\/v2\/tags?post=19661"}],"curies":[{"name":"wp","href":"https:\/\/api.w.org\/{rel}","templated":true}]}}