{"id":19643,"date":"2020-09-10T19:12:09","date_gmt":"2020-09-10T17:12:09","guid":{"rendered":"https:\/\/blog.brand-architecture.at\/2020\/09\/10\/correios-suicos-assumem-a-maioria-da-klara-business-ag\/"},"modified":"2025-12-15T12:36:15","modified_gmt":"2025-12-15T11:36:15","slug":"correios-suicos-assumem-a-maioria-da-klara-business-ag","status":"publish","type":"post","link":"https:\/\/loginfo24.com\/pt-pt\/2020\/09\/10\/correios-suicos-assumem-a-maioria-da-klara-business-ag\/","title":{"rendered":"Correios Su\u00ed\u00e7os assumem a maioria da Klara Business AG"},"content":{"rendered":"<p>Os Correios Su\u00ed\u00e7os est\u00e3o a refor\u00e7ar os seus esfor\u00e7os na digitaliza\u00e7\u00e3o e assumem a maioria de 50,1 por cento da Klara Business AG. A Klara ajuda as PME su\u00ed\u00e7as com assistentes digitais a simplificar a administra\u00e7\u00e3o. Entre outras coisas, com uma solu\u00e7\u00e3o de loja online e uma solu\u00e7\u00e3o setorial para o com\u00e9rcio a retalho.<\/p>\n<p>(Berna) Os Correios pretendem apoiar mais as PME su\u00ed\u00e7as na digitaliza\u00e7\u00e3o e simplifica\u00e7\u00e3o de tarefas administrativas. Para isso, intensificam a colabora\u00e7\u00e3o com a Klara Business AG: com a participa\u00e7\u00e3o de 50,1 por cento, assumem a maioria da empresa de Lucerna dedicada a servi\u00e7os digitais. Assim, os Correios investem na expans\u00e3o dos seus setores de neg\u00f3cios digitais e impulsionam a implementa\u00e7\u00e3o da estrat\u00e9gia de crescimento &#8220;Correios do Amanh\u00e3&#8221;.<\/p>\n<p>Desde maio de 2018, os Correios est\u00e3o envolvidos na Klara Business AG, com sede em Lucerna. A empresa \u00e9 conhecida principalmente pelo seu assistente digital KLARA, que ajuda as PME su\u00ed\u00e7as e os lares a simplificar a administra\u00e7\u00e3o. O KLARA automatiza completamente os processos administrativos das PME e conecta todas as \u00e1reas da empresa numa base de dados unificada. O KLARA est\u00e1 no mercado desde 2017. Agora, os Correios aumentam a sua participa\u00e7\u00e3o de cerca de 9 por cento para 50,1 por cento, assumindo assim a maioria das a\u00e7\u00f5es. Os Correios est\u00e3o convencidos da colabora\u00e7\u00e3o com a empresa de Lucerna dedicada a servi\u00e7os digitais e pretendem aproveitar as sinergias de ambos os parceiros com uma joint venture.<\/p>\n<h5><strong>Os Correios investem em novos servi\u00e7os de comunica\u00e7\u00e3o digital<\/strong><\/h5>\n<p>&#8220;Na estrat\u00e9gia de crescimento dos &#8216;Correios do Amanh\u00e3&#8217;, a coopera\u00e7\u00e3o com a Klara Business AG \u00e9 mais um passo. Com isso, facilitamos gradualmente o dia a dia das empresas e das pessoas na Su\u00ed\u00e7a tamb\u00e9m no mundo digital&#8221;, diz Roberto Cirillo, CEO dos Correios. Os Correios querem apoiar as pequenas e m\u00e9dias empresas na transforma\u00e7\u00e3o digital e, assim, fortalecer ainda mais a economia da Su\u00ed\u00e7a. Para alcan\u00e7ar esse objetivo, os Correios e a Klara Business AG oferecer\u00e3o novos servi\u00e7os digitais. &#8220;Gra\u00e7as a solu\u00e7\u00f5es baseadas na nuvem no ecossistema, os processos administrativos devem ser facilitados e a troca de informa\u00e7\u00f5es com autoridades e empresas parceiras simplificada&#8221;, explica Peter Delfosse, presidente do conselho de administra\u00e7\u00e3o da Klara Business AG.<\/p>\n<h5><strong>Sobre a Klara Business AG<\/strong><\/h5>\n<p>A Klara Business AG, com sede em Lucerna, faz parte do grupo Axon, foi fundada em 2016 e emprega cerca de 110 colaboradores. A empresa ajuda PME e lares na Su\u00ed\u00e7a a digitalizar e simplificar tarefas administrativas. Para isso, disponibiliza aos seus clientes o assistente digital KLARA, uma solu\u00e7\u00e3o de valor acrescentado baseada na nuvem para a digitaliza\u00e7\u00e3o e simplifica\u00e7\u00e3o de processos administrativos, como por exemplo a administra\u00e7\u00e3o de sal\u00e1rios ou a gest\u00e3o de dados de clientes. Mais de 25 000 PME j\u00e1 utilizam os servi\u00e7os da Klara. Mensalmente, o n\u00famero de utilizadores do KLARA cresce cerca de 4%.<\/p>\n<p>Foto: \u00a9 Correios Su\u00ed\u00e7os<\/p>\n<p><a href=\"https:\/\/www.post.ch\" target=\"_blank\" rel=\"noopener noreferrer\">www.post.ch<\/a>\u00a0\u00a0\u00a0 <a href=\"https:\/\/www.klara.ch\" target=\"_blank\" rel=\"noopener noreferrer\">www.klara.ch<\/a><\/p>\n","protected":false},"excerpt":{"rendered":"<p>Os Correios Su\u00ed\u00e7os est\u00e3o a refor\u00e7ar os seus esfor\u00e7os na digitaliza\u00e7\u00e3o e assumem a maioria de 50,1 por cento da Klara Business AG. A Klara ajuda<span class=\"excerpt-hellip\"> [\u2026]<\/span><\/p>\n","protected":false},"author":0,"featured_media":0,"comment_status":"open","ping_status":"open","sticky":false,"template":"","format":"standard","meta":{"_acf_changed":false,"footnotes":""},"categories":[1557,1561],"tags":[],"class_list":["post-19643","post","type-post","status-publish","format-standard","hentry","category-forwarding-logistics","category-regions"],"acf":[],"yoast_head":"<!-- This site is optimized with the Yoast SEO plugin v27.3 - https:\/\/yoast.com\/product\/yoast-seo-wordpress\/ -->\n<title>Correios Su\u00ed\u00e7os assumem a maioria da Klara Business AG - Loginfo24<\/title>\n<meta name=\"robots\" content=\"index, follow, max-snippet:-1, max-image-preview:large, max-video-preview:-1\" \/>\n<link rel=\"canonical\" href=\"https:\/\/loginfo24.com\/pt-pt\/2020\/09\/10\/correios-suicos-assumem-a-maioria-da-klara-business-ag\/\" \/>\n<meta property=\"og:locale\" content=\"pt_PT\" \/>\n<meta property=\"og:type\" content=\"article\" \/>\n<meta property=\"og:title\" content=\"Correios Su\u00ed\u00e7os assumem a maioria da Klara Business AG - Loginfo24\" \/>\n<meta property=\"og:description\" content=\"Os Correios Su\u00ed\u00e7os est\u00e3o a refor\u00e7ar os seus esfor\u00e7os na digitaliza\u00e7\u00e3o e assumem a maioria de 50,1 por cento da Klara Business AG. A Klara ajuda [\u2026]\" \/>\n<meta property=\"og:url\" content=\"https:\/\/loginfo24.com\/pt-pt\/2020\/09\/10\/correios-suicos-assumem-a-maioria-da-klara-business-ag\/\" \/>\n<meta property=\"og:site_name\" content=\"Loginfo24\" \/>\n<meta property=\"article:publisher\" content=\"https:\/\/www.facebook.com\/people\/Loginfo24\/100057360583332\/\" \/>\n<meta property=\"article:published_time\" content=\"2020-09-10T17:12:09+00:00\" \/>\n<meta property=\"article:modified_time\" content=\"2025-12-15T11:36:15+00:00\" \/>\n<meta name=\"twitter:card\" content=\"summary_large_image\" \/>\n<meta name=\"twitter:label1\" content=\"Tempo estimado de leitura\" \/>\n\t<meta name=\"twitter:data1\" content=\"3 minutos\" \/>\n<script type=\"application\/ld+json\" class=\"yoast-schema-graph\">{\"@context\":\"https:\\\/\\\/schema.org\",\"@graph\":[{\"@type\":\"Article\",\"@id\":\"https:\\\/\\\/loginfo24.com\\\/pt-pt\\\/2020\\\/09\\\/10\\\/correios-suicos-assumem-a-maioria-da-klara-business-ag\\\/#article\",\"isPartOf\":{\"@id\":\"https:\\\/\\\/loginfo24.com\\\/pt-pt\\\/2020\\\/09\\\/10\\\/correios-suicos-assumem-a-maioria-da-klara-business-ag\\\/\"},\"author\":{\"name\":\"\",\"@id\":\"\"},\"headline\":\"Correios Su\u00ed\u00e7os assumem a maioria da Klara Business AG\",\"datePublished\":\"2020-09-10T17:12:09+00:00\",\"dateModified\":\"2025-12-15T11:36:15+00:00\",\"mainEntityOfPage\":{\"@id\":\"https:\\\/\\\/loginfo24.com\\\/pt-pt\\\/2020\\\/09\\\/10\\\/correios-suicos-assumem-a-maioria-da-klara-business-ag\\\/\"},\"wordCount\":528,\"commentCount\":0,\"publisher\":{\"@id\":\"https:\\\/\\\/loginfo24.com\\\/pt-pt\\\/#organization\"},\"articleSection\":[\"Forwarding &amp; Logistics\",\"Regions\"],\"inLanguage\":\"pt-PT\",\"potentialAction\":[{\"@type\":\"CommentAction\",\"name\":\"Comment\",\"target\":[\"https:\\\/\\\/loginfo24.com\\\/pt-pt\\\/2020\\\/09\\\/10\\\/correios-suicos-assumem-a-maioria-da-klara-business-ag\\\/#respond\"]}]},{\"@type\":\"WebPage\",\"@id\":\"https:\\\/\\\/loginfo24.com\\\/pt-pt\\\/2020\\\/09\\\/10\\\/correios-suicos-assumem-a-maioria-da-klara-business-ag\\\/\",\"url\":\"https:\\\/\\\/loginfo24.com\\\/pt-pt\\\/2020\\\/09\\\/10\\\/correios-suicos-assumem-a-maioria-da-klara-business-ag\\\/\",\"name\":\"Correios Su\u00ed\u00e7os assumem a maioria da Klara Business AG - Loginfo24\",\"isPartOf\":{\"@id\":\"https:\\\/\\\/loginfo24.com\\\/pt-pt\\\/#website\"},\"datePublished\":\"2020-09-10T17:12:09+00:00\",\"dateModified\":\"2025-12-15T11:36:15+00:00\",\"breadcrumb\":{\"@id\":\"https:\\\/\\\/loginfo24.com\\\/pt-pt\\\/2020\\\/09\\\/10\\\/correios-suicos-assumem-a-maioria-da-klara-business-ag\\\/#breadcrumb\"},\"inLanguage\":\"pt-PT\",\"potentialAction\":[{\"@type\":\"ReadAction\",\"target\":[\"https:\\\/\\\/loginfo24.com\\\/pt-pt\\\/2020\\\/09\\\/10\\\/correios-suicos-assumem-a-maioria-da-klara-business-ag\\\/\"]}]},{\"@type\":\"BreadcrumbList\",\"@id\":\"https:\\\/\\\/loginfo24.com\\\/pt-pt\\\/2020\\\/09\\\/10\\\/correios-suicos-assumem-a-maioria-da-klara-business-ag\\\/#breadcrumb\",\"itemListElement\":[{\"@type\":\"ListItem\",\"position\":1,\"name\":\"Startseite\",\"item\":\"https:\\\/\\\/loginfo24.com\\\/pt-pt\\\/\"},{\"@type\":\"ListItem\",\"position\":2,\"name\":\"Correios Su\u00ed\u00e7os assumem a maioria da Klara Business AG\"}]},{\"@type\":\"WebSite\",\"@id\":\"https:\\\/\\\/loginfo24.com\\\/pt-pt\\\/#website\",\"url\":\"https:\\\/\\\/loginfo24.com\\\/pt-pt\\\/\",\"name\":\"Loginfo24\",\"description\":\"Loginfo24 \u00e9 a plataforma dedicada \u00e0 log\u00edstica e \u00e0s cadeias de abastecimento, com informa\u00e7\u00f5es dispon\u00edveis 24 horas por dia.\",\"publisher\":{\"@id\":\"https:\\\/\\\/loginfo24.com\\\/pt-pt\\\/#organization\"},\"potentialAction\":[{\"@type\":\"SearchAction\",\"target\":{\"@type\":\"EntryPoint\",\"urlTemplate\":\"https:\\\/\\\/loginfo24.com\\\/pt-pt\\\/?s={search_term_string}\"},\"query-input\":{\"@type\":\"PropertyValueSpecification\",\"valueRequired\":true,\"valueName\":\"search_term_string\"}}],\"inLanguage\":\"pt-PT\"},{\"@type\":\"Organization\",\"@id\":\"https:\\\/\\\/loginfo24.com\\\/pt-pt\\\/#organization\",\"name\":\"Logismedia Group AG\",\"url\":\"https:\\\/\\\/loginfo24.com\\\/pt-pt\\\/\",\"logo\":{\"@type\":\"ImageObject\",\"inLanguage\":\"pt-PT\",\"@id\":\"https:\\\/\\\/loginfo24.com\\\/pt-pt\\\/#\\\/schema\\\/logo\\\/image\\\/\",\"url\":\"https:\\\/\\\/loginfo24.com\\\/wp-content\\\/uploads\\\/sites\\\/7\\\/2026\\\/01\\\/Logo_LogInfo24.png\",\"contentUrl\":\"https:\\\/\\\/loginfo24.com\\\/wp-content\\\/uploads\\\/sites\\\/7\\\/2026\\\/01\\\/Logo_LogInfo24.png\",\"width\":938,\"height\":351,\"caption\":\"Logismedia Group AG\"},\"image\":{\"@id\":\"https:\\\/\\\/loginfo24.com\\\/pt-pt\\\/#\\\/schema\\\/logo\\\/image\\\/\"},\"sameAs\":[\"https:\\\/\\\/www.facebook.com\\\/people\\\/Loginfo24\\\/100057360583332\\\/\",\"https:\\\/\\\/www.linkedin.com\\\/company\\\/lofinfo24\\\/\"]}]}<\/script>\n<!-- \/ Yoast SEO plugin. -->","yoast_head_json":{"title":"Correios Su\u00ed\u00e7os assumem a maioria da Klara Business AG - Loginfo24","robots":{"index":"index","follow":"follow","max-snippet":"max-snippet:-1","max-image-preview":"max-image-preview:large","max-video-preview":"max-video-preview:-1"},"canonical":"https:\/\/loginfo24.com\/pt-pt\/2020\/09\/10\/correios-suicos-assumem-a-maioria-da-klara-business-ag\/","og_locale":"pt_PT","og_type":"article","og_title":"Correios Su\u00ed\u00e7os assumem a maioria da Klara Business AG - Loginfo24","og_description":"Os Correios Su\u00ed\u00e7os est\u00e3o a refor\u00e7ar os seus esfor\u00e7os na digitaliza\u00e7\u00e3o e assumem a maioria de 50,1 por cento da Klara Business AG. A Klara ajuda [\u2026]","og_url":"https:\/\/loginfo24.com\/pt-pt\/2020\/09\/10\/correios-suicos-assumem-a-maioria-da-klara-business-ag\/","og_site_name":"Loginfo24","article_publisher":"https:\/\/www.facebook.com\/people\/Loginfo24\/100057360583332\/","article_published_time":"2020-09-10T17:12:09+00:00","article_modified_time":"2025-12-15T11:36:15+00:00","twitter_card":"summary_large_image","twitter_misc":{"Tempo estimado de leitura":"3 minutos"},"schema":{"@context":"https:\/\/schema.org","@graph":[{"@type":"Article","@id":"https:\/\/loginfo24.com\/pt-pt\/2020\/09\/10\/correios-suicos-assumem-a-maioria-da-klara-business-ag\/#article","isPartOf":{"@id":"https:\/\/loginfo24.com\/pt-pt\/2020\/09\/10\/correios-suicos-assumem-a-maioria-da-klara-business-ag\/"},"author":{"name":"","@id":""},"headline":"Correios Su\u00ed\u00e7os assumem a maioria da Klara Business AG","datePublished":"2020-09-10T17:12:09+00:00","dateModified":"2025-12-15T11:36:15+00:00","mainEntityOfPage":{"@id":"https:\/\/loginfo24.com\/pt-pt\/2020\/09\/10\/correios-suicos-assumem-a-maioria-da-klara-business-ag\/"},"wordCount":528,"commentCount":0,"publisher":{"@id":"https:\/\/loginfo24.com\/pt-pt\/#organization"},"articleSection":["Forwarding &amp; Logistics","Regions"],"inLanguage":"pt-PT","potentialAction":[{"@type":"CommentAction","name":"Comment","target":["https:\/\/loginfo24.com\/pt-pt\/2020\/09\/10\/correios-suicos-assumem-a-maioria-da-klara-business-ag\/#respond"]}]},{"@type":"WebPage","@id":"https:\/\/loginfo24.com\/pt-pt\/2020\/09\/10\/correios-suicos-assumem-a-maioria-da-klara-business-ag\/","url":"https:\/\/loginfo24.com\/pt-pt\/2020\/09\/10\/correios-suicos-assumem-a-maioria-da-klara-business-ag\/","name":"Correios Su\u00ed\u00e7os assumem a maioria da Klara Business AG - Loginfo24","isPartOf":{"@id":"https:\/\/loginfo24.com\/pt-pt\/#website"},"datePublished":"2020-09-10T17:12:09+00:00","dateModified":"2025-12-15T11:36:15+00:00","breadcrumb":{"@id":"https:\/\/loginfo24.com\/pt-pt\/2020\/09\/10\/correios-suicos-assumem-a-maioria-da-klara-business-ag\/#breadcrumb"},"inLanguage":"pt-PT","potentialAction":[{"@type":"ReadAction","target":["https:\/\/loginfo24.com\/pt-pt\/2020\/09\/10\/correios-suicos-assumem-a-maioria-da-klara-business-ag\/"]}]},{"@type":"BreadcrumbList","@id":"https:\/\/loginfo24.com\/pt-pt\/2020\/09\/10\/correios-suicos-assumem-a-maioria-da-klara-business-ag\/#breadcrumb","itemListElement":[{"@type":"ListItem","position":1,"name":"Startseite","item":"https:\/\/loginfo24.com\/pt-pt\/"},{"@type":"ListItem","position":2,"name":"Correios Su\u00ed\u00e7os assumem a maioria da Klara Business AG"}]},{"@type":"WebSite","@id":"https:\/\/loginfo24.com\/pt-pt\/#website","url":"https:\/\/loginfo24.com\/pt-pt\/","name":"Loginfo24","description":"Loginfo24 \u00e9 a plataforma dedicada \u00e0 log\u00edstica e \u00e0s cadeias de abastecimento, com informa\u00e7\u00f5es dispon\u00edveis 24 horas por dia.","publisher":{"@id":"https:\/\/loginfo24.com\/pt-pt\/#organization"},"potentialAction":[{"@type":"SearchAction","target":{"@type":"EntryPoint","urlTemplate":"https:\/\/loginfo24.com\/pt-pt\/?s={search_term_string}"},"query-input":{"@type":"PropertyValueSpecification","valueRequired":true,"valueName":"search_term_string"}}],"inLanguage":"pt-PT"},{"@type":"Organization","@id":"https:\/\/loginfo24.com\/pt-pt\/#organization","name":"Logismedia Group AG","url":"https:\/\/loginfo24.com\/pt-pt\/","logo":{"@type":"ImageObject","inLanguage":"pt-PT","@id":"https:\/\/loginfo24.com\/pt-pt\/#\/schema\/logo\/image\/","url":"https:\/\/loginfo24.com\/wp-content\/uploads\/sites\/7\/2026\/01\/Logo_LogInfo24.png","contentUrl":"https:\/\/loginfo24.com\/wp-content\/uploads\/sites\/7\/2026\/01\/Logo_LogInfo24.png","width":938,"height":351,"caption":"Logismedia Group AG"},"image":{"@id":"https:\/\/loginfo24.com\/pt-pt\/#\/schema\/logo\/image\/"},"sameAs":["https:\/\/www.facebook.com\/people\/Loginfo24\/100057360583332\/","https:\/\/www.linkedin.com\/company\/lofinfo24\/"]}]}},"_links":{"self":[{"href":"https:\/\/loginfo24.com\/pt-pt\/wp-json\/wp\/v2\/posts\/19643","targetHints":{"allow":["GET"]}}],"collection":[{"href":"https:\/\/loginfo24.com\/pt-pt\/wp-json\/wp\/v2\/posts"}],"about":[{"href":"https:\/\/loginfo24.com\/pt-pt\/wp-json\/wp\/v2\/types\/post"}],"replies":[{"embeddable":true,"href":"https:\/\/loginfo24.com\/pt-pt\/wp-json\/wp\/v2\/comments?post=19643"}],"version-history":[{"count":1,"href":"https:\/\/loginfo24.com\/pt-pt\/wp-json\/wp\/v2\/posts\/19643\/revisions"}],"predecessor-version":[{"id":35568,"href":"https:\/\/loginfo24.com\/pt-pt\/wp-json\/wp\/v2\/posts\/19643\/revisions\/35568"}],"wp:attachment":[{"href":"https:\/\/loginfo24.com\/pt-pt\/wp-json\/wp\/v2\/media?parent=19643"}],"wp:term":[{"taxonomy":"category","embeddable":true,"href":"https:\/\/loginfo24.com\/pt-pt\/wp-json\/wp\/v2\/categories?post=19643"},{"taxonomy":"post_tag","embeddable":true,"href":"https:\/\/loginfo24.com\/pt-pt\/wp-json\/wp\/v2\/tags?post=19643"}],"curies":[{"name":"wp","href":"https:\/\/api.w.org\/{rel}","templated":true}]}}