{"id":19534,"date":"2020-09-04T17:53:03","date_gmt":"2020-09-04T15:53:03","guid":{"rendered":"https:\/\/blog.brand-architecture.at\/2020\/09\/04\/camara-de-comercio-quer-visao-de-futuro-para-o-porto-de-hamburgo\/"},"modified":"2025-12-15T12:35:47","modified_gmt":"2025-12-15T11:35:47","slug":"camara-de-comercio-quer-visao-de-futuro-para-o-porto-de-hamburgo","status":"publish","type":"post","link":"https:\/\/loginfo24.com\/pt-pt\/2020\/09\/04\/camara-de-comercio-quer-visao-de-futuro-para-o-porto-de-hamburgo\/","title":{"rendered":"C\u00e2mara de Com\u00e9rcio quer vis\u00e3o de futuro para o Porto de Hamburgo"},"content":{"rendered":"<p>Em uma reuni\u00e3o de c\u00fapula da economia portu\u00e1ria de Hamburgo na C\u00e2mara de Com\u00e9rcio de Hamburgo, foi discutido o futuro do Porto de Hamburgo. Ficou decidido que Hamburgo est\u00e1 em desvantagem em rela\u00e7\u00e3o aos portos da Benelux. A economia portu\u00e1ria de Hamburgo deve falar com uma s\u00f3 voz e a C\u00e2mara de Com\u00e9rcio quer atuar como mediadora.<\/p>\n<p>(Hamburgo) &#8220;O Porto de Hamburgo precisa de um di\u00e1logo aberto sobre seu futuro para manter seu papel destacado em nossa cidade hanse\u00e1tica&#8221;, diz o presidente da C\u00e2mara de Com\u00e9rcio, Prof. Norbert Aust, na reuni\u00e3o de c\u00fapula da economia portu\u00e1ria de Hamburgo na C\u00e2mara de Com\u00e9rcio. A pandemia de Corona mostrou como s\u00e3o decisivos os caminhos comerciais funcionais. &#8220;O Porto de Hamburgo foi e \u00e9 importante, agora precisamos fazer tudo para que ele continue sendo o portal para a economia mundial.&#8221;<\/p>\n<h5><strong>Grandes desafios<\/strong><\/h5>\n<p> Estruturas comerciais globais alteradas de um lado e mudan\u00e7as no ambiente industrial devido a megatend\u00eancias globais, como a prote\u00e7\u00e3o clim\u00e1tica, do outro, apresentam grandes desafios para Hamburgo. O hinterland do porto na Europa Central e Oriental tamb\u00e9m n\u00e3o foi explorado de forma consistente ap\u00f3s a queda do Muro de Berlim. Al\u00e9m disso, existem desvantagens competitivas em rela\u00e7\u00e3o a outros portos n\u00f3rdicos. &#8220;O Porto de Hamburgo \u00e9 indiscutivelmente o mais caro na faixa n\u00f3rdica. O processo de cobran\u00e7a do imposto sobre o valor agregado na importa\u00e7\u00e3o ainda retira liquidez das empresas e \u00e9 um alto esfor\u00e7o burocr\u00e1tico. Al\u00e9m disso, n\u00e3o h\u00e1 solu\u00e7\u00e3o \u00e0 vista para o problema da lama&#8221;, diz o vice-presidente da C\u00e2mara de Com\u00e9rcio, Willem van der Schalk, na reuni\u00e3o de c\u00fapula. Isso leva a que Hamburgo esteja em desvantagem em rela\u00e7\u00e3o a portos como Antu\u00e9rpia ou Roterd\u00e3. Hamburgo deve competir com os outros portos alem\u00e3es com conceitos convincentes em rela\u00e7\u00e3o aos concorrentes na faixa n\u00f3rdica. &#8220;Acima de tudo, a economia portu\u00e1ria de Hamburgo deve falar com uma s\u00f3 voz e a pol\u00edtica tamb\u00e9m deve se comprometer novamente com o desenvolvimento do porto&#8221;, diz van der Schalk.<\/p>\n<h5><strong>C\u00e2mara de Com\u00e9rcio como mediadora<\/strong><\/h5>\n<p> A C\u00e2mara de Com\u00e9rcio quer ajudar como mediadora a desenvolver estrat\u00e9gias eficazes. &#8220;Precisamos enfrentar os desafios estruturais do porto e, em conjunto com todas as partes interessadas, desenvolver uma vis\u00e3o de futuro que deve ser incorporada em um novo plano de desenvolvimento do porto&#8221;, diz o diretor-geral da C\u00e2mara de Com\u00e9rcio, Dr. Malte Heyne. Isso ser\u00e1 abordado pela C\u00e2mara de Com\u00e9rcio no \u00e2mbito de seu projeto Hamburgo 2040. &#8220;O porto poderia, por exemplo, ser expandido como um n\u00facleo para energias alternativas. A instala\u00e7\u00e3o de ind\u00fastrias inovadoras tamb\u00e9m seria uma possibilidade&#8221;, diz Heyne. Al\u00e9m disso, a infraestrutura deve ser garantida e melhorada. Outra op\u00e7\u00e3o seriam custos de atraca\u00e7\u00e3o harmonizados nos portos alem\u00e3es e um conceito de marketing conjunto.<br \/>Foto: \u00a9 Hafen Hamburg Marketing \/ Peter Glaubitt<br \/><a href=\"https:\/\/www.hk24.com\" target=\"_blank\" rel=\"noopener noreferrer\">www.hk24.com<\/a> \u00a0\u00a0\u00a0<a href=\"https:\/\/www.hafen-hamburg.de\" target=\"_blank\" rel=\"noopener noreferrer\">www.hafen-hamburg.de<\/a><br \/>&nbsp;&lt;\/vc_column_text]<\/p>\n","protected":false},"excerpt":{"rendered":"<p>Em uma reuni\u00e3o de c\u00fapula da economia portu\u00e1ria de Hamburgo na C\u00e2mara de Com\u00e9rcio de Hamburgo, foi discutido o futuro do Porto de Hamburgo. Ficou decidido<span class=\"excerpt-hellip\"> [\u2026]<\/span><\/p>\n","protected":false},"author":0,"featured_media":0,"comment_status":"open","ping_status":"open","sticky":false,"template":"","format":"standard","meta":{"_acf_changed":false,"footnotes":""},"categories":[1557,1561,1559],"tags":[],"class_list":["post-19534","post","type-post","status-publish","format-standard","hentry","category-forwarding-logistics","category-regions","category-shipping-ports"],"acf":[],"yoast_head":"<!-- This site is optimized with the Yoast SEO plugin v27.3 - https:\/\/yoast.com\/product\/yoast-seo-wordpress\/ -->\n<title>C\u00e2mara de Com\u00e9rcio quer vis\u00e3o de futuro para o Porto de Hamburgo - Loginfo24<\/title>\n<meta name=\"robots\" content=\"index, follow, max-snippet:-1, max-image-preview:large, max-video-preview:-1\" \/>\n<link rel=\"canonical\" href=\"https:\/\/loginfo24.com\/pt-pt\/2020\/09\/04\/camara-de-comercio-quer-visao-de-futuro-para-o-porto-de-hamburgo\/\" \/>\n<meta property=\"og:locale\" content=\"pt_PT\" \/>\n<meta property=\"og:type\" content=\"article\" \/>\n<meta property=\"og:title\" content=\"C\u00e2mara de Com\u00e9rcio quer vis\u00e3o de futuro para o Porto de Hamburgo - Loginfo24\" \/>\n<meta property=\"og:description\" content=\"Em uma reuni\u00e3o de c\u00fapula da economia portu\u00e1ria de Hamburgo na C\u00e2mara de Com\u00e9rcio de Hamburgo, foi discutido o futuro do Porto de Hamburgo. Ficou decidido [\u2026]\" \/>\n<meta property=\"og:url\" content=\"https:\/\/loginfo24.com\/pt-pt\/2020\/09\/04\/camara-de-comercio-quer-visao-de-futuro-para-o-porto-de-hamburgo\/\" \/>\n<meta property=\"og:site_name\" content=\"Loginfo24\" \/>\n<meta property=\"article:publisher\" content=\"https:\/\/www.facebook.com\/people\/Loginfo24\/100057360583332\/\" \/>\n<meta property=\"article:published_time\" content=\"2020-09-04T15:53:03+00:00\" \/>\n<meta property=\"article:modified_time\" content=\"2025-12-15T11:35:47+00:00\" \/>\n<meta name=\"twitter:card\" content=\"summary_large_image\" \/>\n<meta name=\"twitter:label1\" content=\"Tempo estimado de leitura\" \/>\n\t<meta name=\"twitter:data1\" content=\"3 minutos\" \/>\n<script type=\"application\/ld+json\" class=\"yoast-schema-graph\">{\"@context\":\"https:\\\/\\\/schema.org\",\"@graph\":[{\"@type\":\"Article\",\"@id\":\"https:\\\/\\\/loginfo24.com\\\/pt-pt\\\/2020\\\/09\\\/04\\\/camara-de-comercio-quer-visao-de-futuro-para-o-porto-de-hamburgo\\\/#article\",\"isPartOf\":{\"@id\":\"https:\\\/\\\/loginfo24.com\\\/pt-pt\\\/2020\\\/09\\\/04\\\/camara-de-comercio-quer-visao-de-futuro-para-o-porto-de-hamburgo\\\/\"},\"author\":{\"name\":\"\",\"@id\":\"\"},\"headline\":\"C\u00e2mara de Com\u00e9rcio quer vis\u00e3o de futuro para o Porto de Hamburgo\",\"datePublished\":\"2020-09-04T15:53:03+00:00\",\"dateModified\":\"2025-12-15T11:35:47+00:00\",\"mainEntityOfPage\":{\"@id\":\"https:\\\/\\\/loginfo24.com\\\/pt-pt\\\/2020\\\/09\\\/04\\\/camara-de-comercio-quer-visao-de-futuro-para-o-porto-de-hamburgo\\\/\"},\"wordCount\":543,\"commentCount\":0,\"publisher\":{\"@id\":\"https:\\\/\\\/loginfo24.com\\\/pt-pt\\\/#organization\"},\"articleSection\":[\"Forwarding &amp; Logistics\",\"Regions\",\"Shipping &amp; Ports\"],\"inLanguage\":\"pt-PT\",\"potentialAction\":[{\"@type\":\"CommentAction\",\"name\":\"Comment\",\"target\":[\"https:\\\/\\\/loginfo24.com\\\/pt-pt\\\/2020\\\/09\\\/04\\\/camara-de-comercio-quer-visao-de-futuro-para-o-porto-de-hamburgo\\\/#respond\"]}]},{\"@type\":\"WebPage\",\"@id\":\"https:\\\/\\\/loginfo24.com\\\/pt-pt\\\/2020\\\/09\\\/04\\\/camara-de-comercio-quer-visao-de-futuro-para-o-porto-de-hamburgo\\\/\",\"url\":\"https:\\\/\\\/loginfo24.com\\\/pt-pt\\\/2020\\\/09\\\/04\\\/camara-de-comercio-quer-visao-de-futuro-para-o-porto-de-hamburgo\\\/\",\"name\":\"C\u00e2mara de Com\u00e9rcio quer vis\u00e3o de futuro para o Porto de Hamburgo - Loginfo24\",\"isPartOf\":{\"@id\":\"https:\\\/\\\/loginfo24.com\\\/pt-pt\\\/#website\"},\"datePublished\":\"2020-09-04T15:53:03+00:00\",\"dateModified\":\"2025-12-15T11:35:47+00:00\",\"breadcrumb\":{\"@id\":\"https:\\\/\\\/loginfo24.com\\\/pt-pt\\\/2020\\\/09\\\/04\\\/camara-de-comercio-quer-visao-de-futuro-para-o-porto-de-hamburgo\\\/#breadcrumb\"},\"inLanguage\":\"pt-PT\",\"potentialAction\":[{\"@type\":\"ReadAction\",\"target\":[\"https:\\\/\\\/loginfo24.com\\\/pt-pt\\\/2020\\\/09\\\/04\\\/camara-de-comercio-quer-visao-de-futuro-para-o-porto-de-hamburgo\\\/\"]}]},{\"@type\":\"BreadcrumbList\",\"@id\":\"https:\\\/\\\/loginfo24.com\\\/pt-pt\\\/2020\\\/09\\\/04\\\/camara-de-comercio-quer-visao-de-futuro-para-o-porto-de-hamburgo\\\/#breadcrumb\",\"itemListElement\":[{\"@type\":\"ListItem\",\"position\":1,\"name\":\"Startseite\",\"item\":\"https:\\\/\\\/loginfo24.com\\\/pt-pt\\\/\"},{\"@type\":\"ListItem\",\"position\":2,\"name\":\"C\u00e2mara de Com\u00e9rcio quer vis\u00e3o de futuro para o Porto de Hamburgo\"}]},{\"@type\":\"WebSite\",\"@id\":\"https:\\\/\\\/loginfo24.com\\\/pt-pt\\\/#website\",\"url\":\"https:\\\/\\\/loginfo24.com\\\/pt-pt\\\/\",\"name\":\"Loginfo24\",\"description\":\"Loginfo24 \u00e9 a plataforma dedicada \u00e0 log\u00edstica e \u00e0s cadeias de abastecimento, com informa\u00e7\u00f5es dispon\u00edveis 24 horas por dia.\",\"publisher\":{\"@id\":\"https:\\\/\\\/loginfo24.com\\\/pt-pt\\\/#organization\"},\"potentialAction\":[{\"@type\":\"SearchAction\",\"target\":{\"@type\":\"EntryPoint\",\"urlTemplate\":\"https:\\\/\\\/loginfo24.com\\\/pt-pt\\\/?s={search_term_string}\"},\"query-input\":{\"@type\":\"PropertyValueSpecification\",\"valueRequired\":true,\"valueName\":\"search_term_string\"}}],\"inLanguage\":\"pt-PT\"},{\"@type\":\"Organization\",\"@id\":\"https:\\\/\\\/loginfo24.com\\\/pt-pt\\\/#organization\",\"name\":\"Logismedia Group AG\",\"url\":\"https:\\\/\\\/loginfo24.com\\\/pt-pt\\\/\",\"logo\":{\"@type\":\"ImageObject\",\"inLanguage\":\"pt-PT\",\"@id\":\"https:\\\/\\\/loginfo24.com\\\/pt-pt\\\/#\\\/schema\\\/logo\\\/image\\\/\",\"url\":\"https:\\\/\\\/loginfo24.com\\\/wp-content\\\/uploads\\\/sites\\\/7\\\/2026\\\/01\\\/Logo_LogInfo24.png\",\"contentUrl\":\"https:\\\/\\\/loginfo24.com\\\/wp-content\\\/uploads\\\/sites\\\/7\\\/2026\\\/01\\\/Logo_LogInfo24.png\",\"width\":938,\"height\":351,\"caption\":\"Logismedia Group AG\"},\"image\":{\"@id\":\"https:\\\/\\\/loginfo24.com\\\/pt-pt\\\/#\\\/schema\\\/logo\\\/image\\\/\"},\"sameAs\":[\"https:\\\/\\\/www.facebook.com\\\/people\\\/Loginfo24\\\/100057360583332\\\/\",\"https:\\\/\\\/www.linkedin.com\\\/company\\\/lofinfo24\\\/\"]}]}<\/script>\n<!-- \/ Yoast SEO plugin. -->","yoast_head_json":{"title":"C\u00e2mara de Com\u00e9rcio quer vis\u00e3o de futuro para o Porto de Hamburgo - Loginfo24","robots":{"index":"index","follow":"follow","max-snippet":"max-snippet:-1","max-image-preview":"max-image-preview:large","max-video-preview":"max-video-preview:-1"},"canonical":"https:\/\/loginfo24.com\/pt-pt\/2020\/09\/04\/camara-de-comercio-quer-visao-de-futuro-para-o-porto-de-hamburgo\/","og_locale":"pt_PT","og_type":"article","og_title":"C\u00e2mara de Com\u00e9rcio quer vis\u00e3o de futuro para o Porto de Hamburgo - Loginfo24","og_description":"Em uma reuni\u00e3o de c\u00fapula da economia portu\u00e1ria de Hamburgo na C\u00e2mara de Com\u00e9rcio de Hamburgo, foi discutido o futuro do Porto de Hamburgo. Ficou decidido [\u2026]","og_url":"https:\/\/loginfo24.com\/pt-pt\/2020\/09\/04\/camara-de-comercio-quer-visao-de-futuro-para-o-porto-de-hamburgo\/","og_site_name":"Loginfo24","article_publisher":"https:\/\/www.facebook.com\/people\/Loginfo24\/100057360583332\/","article_published_time":"2020-09-04T15:53:03+00:00","article_modified_time":"2025-12-15T11:35:47+00:00","twitter_card":"summary_large_image","twitter_misc":{"Tempo estimado de leitura":"3 minutos"},"schema":{"@context":"https:\/\/schema.org","@graph":[{"@type":"Article","@id":"https:\/\/loginfo24.com\/pt-pt\/2020\/09\/04\/camara-de-comercio-quer-visao-de-futuro-para-o-porto-de-hamburgo\/#article","isPartOf":{"@id":"https:\/\/loginfo24.com\/pt-pt\/2020\/09\/04\/camara-de-comercio-quer-visao-de-futuro-para-o-porto-de-hamburgo\/"},"author":{"name":"","@id":""},"headline":"C\u00e2mara de Com\u00e9rcio quer vis\u00e3o de futuro para o Porto de Hamburgo","datePublished":"2020-09-04T15:53:03+00:00","dateModified":"2025-12-15T11:35:47+00:00","mainEntityOfPage":{"@id":"https:\/\/loginfo24.com\/pt-pt\/2020\/09\/04\/camara-de-comercio-quer-visao-de-futuro-para-o-porto-de-hamburgo\/"},"wordCount":543,"commentCount":0,"publisher":{"@id":"https:\/\/loginfo24.com\/pt-pt\/#organization"},"articleSection":["Forwarding &amp; Logistics","Regions","Shipping &amp; Ports"],"inLanguage":"pt-PT","potentialAction":[{"@type":"CommentAction","name":"Comment","target":["https:\/\/loginfo24.com\/pt-pt\/2020\/09\/04\/camara-de-comercio-quer-visao-de-futuro-para-o-porto-de-hamburgo\/#respond"]}]},{"@type":"WebPage","@id":"https:\/\/loginfo24.com\/pt-pt\/2020\/09\/04\/camara-de-comercio-quer-visao-de-futuro-para-o-porto-de-hamburgo\/","url":"https:\/\/loginfo24.com\/pt-pt\/2020\/09\/04\/camara-de-comercio-quer-visao-de-futuro-para-o-porto-de-hamburgo\/","name":"C\u00e2mara de Com\u00e9rcio quer vis\u00e3o de futuro para o Porto de Hamburgo - Loginfo24","isPartOf":{"@id":"https:\/\/loginfo24.com\/pt-pt\/#website"},"datePublished":"2020-09-04T15:53:03+00:00","dateModified":"2025-12-15T11:35:47+00:00","breadcrumb":{"@id":"https:\/\/loginfo24.com\/pt-pt\/2020\/09\/04\/camara-de-comercio-quer-visao-de-futuro-para-o-porto-de-hamburgo\/#breadcrumb"},"inLanguage":"pt-PT","potentialAction":[{"@type":"ReadAction","target":["https:\/\/loginfo24.com\/pt-pt\/2020\/09\/04\/camara-de-comercio-quer-visao-de-futuro-para-o-porto-de-hamburgo\/"]}]},{"@type":"BreadcrumbList","@id":"https:\/\/loginfo24.com\/pt-pt\/2020\/09\/04\/camara-de-comercio-quer-visao-de-futuro-para-o-porto-de-hamburgo\/#breadcrumb","itemListElement":[{"@type":"ListItem","position":1,"name":"Startseite","item":"https:\/\/loginfo24.com\/pt-pt\/"},{"@type":"ListItem","position":2,"name":"C\u00e2mara de Com\u00e9rcio quer vis\u00e3o de futuro para o Porto de Hamburgo"}]},{"@type":"WebSite","@id":"https:\/\/loginfo24.com\/pt-pt\/#website","url":"https:\/\/loginfo24.com\/pt-pt\/","name":"Loginfo24","description":"Loginfo24 \u00e9 a plataforma dedicada \u00e0 log\u00edstica e \u00e0s cadeias de abastecimento, com informa\u00e7\u00f5es dispon\u00edveis 24 horas por dia.","publisher":{"@id":"https:\/\/loginfo24.com\/pt-pt\/#organization"},"potentialAction":[{"@type":"SearchAction","target":{"@type":"EntryPoint","urlTemplate":"https:\/\/loginfo24.com\/pt-pt\/?s={search_term_string}"},"query-input":{"@type":"PropertyValueSpecification","valueRequired":true,"valueName":"search_term_string"}}],"inLanguage":"pt-PT"},{"@type":"Organization","@id":"https:\/\/loginfo24.com\/pt-pt\/#organization","name":"Logismedia Group AG","url":"https:\/\/loginfo24.com\/pt-pt\/","logo":{"@type":"ImageObject","inLanguage":"pt-PT","@id":"https:\/\/loginfo24.com\/pt-pt\/#\/schema\/logo\/image\/","url":"https:\/\/loginfo24.com\/wp-content\/uploads\/sites\/7\/2026\/01\/Logo_LogInfo24.png","contentUrl":"https:\/\/loginfo24.com\/wp-content\/uploads\/sites\/7\/2026\/01\/Logo_LogInfo24.png","width":938,"height":351,"caption":"Logismedia Group AG"},"image":{"@id":"https:\/\/loginfo24.com\/pt-pt\/#\/schema\/logo\/image\/"},"sameAs":["https:\/\/www.facebook.com\/people\/Loginfo24\/100057360583332\/","https:\/\/www.linkedin.com\/company\/lofinfo24\/"]}]}},"_links":{"self":[{"href":"https:\/\/loginfo24.com\/pt-pt\/wp-json\/wp\/v2\/posts\/19534","targetHints":{"allow":["GET"]}}],"collection":[{"href":"https:\/\/loginfo24.com\/pt-pt\/wp-json\/wp\/v2\/posts"}],"about":[{"href":"https:\/\/loginfo24.com\/pt-pt\/wp-json\/wp\/v2\/types\/post"}],"replies":[{"embeddable":true,"href":"https:\/\/loginfo24.com\/pt-pt\/wp-json\/wp\/v2\/comments?post=19534"}],"version-history":[{"count":1,"href":"https:\/\/loginfo24.com\/pt-pt\/wp-json\/wp\/v2\/posts\/19534\/revisions"}],"predecessor-version":[{"id":35350,"href":"https:\/\/loginfo24.com\/pt-pt\/wp-json\/wp\/v2\/posts\/19534\/revisions\/35350"}],"wp:attachment":[{"href":"https:\/\/loginfo24.com\/pt-pt\/wp-json\/wp\/v2\/media?parent=19534"}],"wp:term":[{"taxonomy":"category","embeddable":true,"href":"https:\/\/loginfo24.com\/pt-pt\/wp-json\/wp\/v2\/categories?post=19534"},{"taxonomy":"post_tag","embeddable":true,"href":"https:\/\/loginfo24.com\/pt-pt\/wp-json\/wp\/v2\/tags?post=19534"}],"curies":[{"name":"wp","href":"https:\/\/api.w.org\/{rel}","templated":true}]}}