{"id":19414,"date":"2020-09-01T07:02:38","date_gmt":"2020-09-01T05:02:38","guid":{"rendered":"https:\/\/blog.brand-architecture.at\/2020\/09\/01\/a-sbb-assume-a-responsabilidade-pelo-tunel-base-de-ceneri\/"},"modified":"2025-12-15T12:35:17","modified_gmt":"2025-12-15T11:35:17","slug":"a-sbb-assume-a-responsabilidade-pelo-tunel-base-de-ceneri","status":"publish","type":"post","link":"https:\/\/loginfo24.com\/pt-pt\/2020\/09\/01\/a-sbb-assume-a-responsabilidade-pelo-tunel-base-de-ceneri\/","title":{"rendered":"A SBB assume a responsabilidade pelo t\u00fanel base de Ceneri"},"content":{"rendered":"<p>Na noite de ontem para hoje, o t\u00fanel base de Ceneri, o \u00faltimo elemento da NEAT, foi transferido da criadora AlpTransit Gotthard AG para a SBB como operadora. A SBB enviar\u00e1, no \u00e2mbito do chamado funcionamento de teste, cerca de 4000 a 5000 comboios com passageiros ou mercadorias atrav\u00e9s do t\u00fanel, antes de entrar em opera\u00e7\u00e3o regular em dezembro de 2020.<\/p>\n<p>(Berna) A transi\u00e7\u00e3o legal da AlpTransit Gotthard AG (ATG) para a SBB marca o in\u00edcio das celebra\u00e7\u00f5es em torno da inaugura\u00e7\u00e3o do t\u00fanel base de Ceneri e da conclus\u00e3o das Novas Transversais Ferrovi\u00e1rias dos Alpes NEAT. Numa confer\u00eancia de imprensa no portal norte em Camorino (TI), representantes da ATG, da SBB e do Escrit\u00f3rio Federal dos Transportes (BAV) informaram sobre o estado atual dos trabalhos.<\/p>\n<h5>2.000 testes de condu\u00e7\u00e3o<\/h5>\n<p>Dieter Schwank, CEO da ATG, informou sobre os \u00faltimos trabalhos no t\u00fanel base de Ceneri e sobre o estado do funcionamento de teste. De 1 de mar\u00e7o de 2020 at\u00e9 o final de agosto de 2020, foram realizadas mais de 2000 viagens de teste com uma dist\u00e2ncia de viagem de cerca de 40.000 km. Esses testes s\u00e3o realizados sem passageiros ou mercadorias para verificar o funcionamento seguro de todas as instala\u00e7\u00f5es e sistemas no novo t\u00fanel. Devido aos impactos da pandemia de Corona, o funcionamento de teste teve que ser interrompido durante quatro semanas. Foi retomado em 20 de abril, em conformidade com as diretrizes do Escrit\u00f3rio Federal da Sa\u00fade. Na manh\u00e3 de 1 de maio, um comboio de teste ICE-S passou pelo t\u00fanel a 275 km\/h.<\/p>\n<h5>Tr\u00eas meses de funcionamento de teste<\/h5>\n<p>O respons\u00e1vel pela organiza\u00e7\u00e3o do projeto da linha Norte-Sul Gotthard da SBB, Daniel Salzmann, destacou como a opera\u00e7\u00e3o ferrovi\u00e1ria ser\u00e1 gradualmente aumentada ap\u00f3s a transfer\u00eancia do t\u00fanel para a SBB durante o funcionamento de teste. Est\u00e3o planejadas um total de 4000 a 5000 viagens de comboios regulares com passageiros ou mercadorias a bordo atrav\u00e9s do t\u00fanel. A SBB utiliza o funcionamento de teste, que dura pouco mais de tr\u00eas meses, como um &#8220;ensaio geral&#8221; antes da mudan\u00e7a de hor\u00e1rio, para praticar a opera\u00e7\u00e3o, a manuten\u00e7\u00e3o e a interven\u00e7\u00e3o.<\/p>\n<h5>Celebra\u00e7\u00e3o de inaugura\u00e7\u00e3o a 4 de setembro de 2020<\/h5>\n<p>Gregor Saladin, co-respons\u00e1vel pelo projeto das celebra\u00e7\u00f5es pela conclus\u00e3o da NEAT (&#8220;Ceneri 2020&#8221;) no BAV, deu uma vis\u00e3o geral dos eventos nos dias 3 e 4 de setembro. No dia 3 de setembro, por convite da Presidente da Confedera\u00e7\u00e3o Simonetta Sommaruga, delega\u00e7\u00f5es dos minist\u00e9rios dos transportes dos pa\u00edses vizinhos se re\u00fanem em Locarno. O foco ser\u00e1 o transporte ferrovi\u00e1rio de mercadorias atrav\u00e9s dos Alpes, os comboios internacionais de passageiros e uma pol\u00edtica de transporte ambientalmente amig\u00e1vel. No dia 4 de setembro, ocorrer\u00e1 a celebra\u00e7\u00e3o da inaugura\u00e7\u00e3o do t\u00fanel e da conclus\u00e3o da NEAT. A Presidente da Confedera\u00e7\u00e3o Simonetta Sommaruga, o Conselheiro Federal Ignazio Cassis e o Presidente do Conselho de Estado do Ticino, Norman Gobbi, far\u00e3o os discursos de inaugura\u00e7\u00e3o. A conclus\u00e3o do t\u00fanel ser\u00e1 marcada pelo tradicional corte da fita. Durante a cerim\u00f4nia, ocorrer\u00e1 a primeira viagem oficial de um comboio de mercadorias atrav\u00e9s do t\u00fanel base de Ceneri.<\/p>\n<p>Foto: \u00a9 SBB<br \/><a href=\"https:\/\/www.sbb.ch\" target=\"_blank\" rel=\"noopener noreferrer\">www.sbb.ch<\/a><\/p>\n","protected":false},"excerpt":{"rendered":"<p>Na noite de ontem para hoje, o t\u00fanel base de Ceneri, o \u00faltimo elemento da NEAT, foi transferido da criadora AlpTransit Gotthard AG para a SBB<span class=\"excerpt-hellip\"> [\u2026]<\/span><\/p>\n","protected":false},"author":0,"featured_media":0,"comment_status":"open","ping_status":"open","sticky":false,"template":"","format":"standard","meta":{"_acf_changed":false,"footnotes":""},"categories":[1557,1561],"tags":[],"class_list":["post-19414","post","type-post","status-publish","format-standard","hentry","category-forwarding-logistics","category-regions"],"acf":[],"yoast_head":"<!-- This site is optimized with the Yoast SEO plugin v27.3 - https:\/\/yoast.com\/product\/yoast-seo-wordpress\/ -->\n<title>A SBB assume a responsabilidade pelo t\u00fanel base de Ceneri - Loginfo24<\/title>\n<meta name=\"robots\" content=\"index, follow, max-snippet:-1, max-image-preview:large, max-video-preview:-1\" \/>\n<link rel=\"canonical\" href=\"https:\/\/loginfo24.com\/pt-pt\/2020\/09\/01\/a-sbb-assume-a-responsabilidade-pelo-tunel-base-de-ceneri\/\" \/>\n<meta property=\"og:locale\" content=\"pt_PT\" \/>\n<meta property=\"og:type\" content=\"article\" \/>\n<meta property=\"og:title\" content=\"A SBB assume a responsabilidade pelo t\u00fanel base de Ceneri - Loginfo24\" \/>\n<meta property=\"og:description\" content=\"Na noite de ontem para hoje, o t\u00fanel base de Ceneri, o \u00faltimo elemento da NEAT, foi transferido da criadora AlpTransit Gotthard AG para a SBB [\u2026]\" \/>\n<meta property=\"og:url\" content=\"https:\/\/loginfo24.com\/pt-pt\/2020\/09\/01\/a-sbb-assume-a-responsabilidade-pelo-tunel-base-de-ceneri\/\" \/>\n<meta property=\"og:site_name\" content=\"Loginfo24\" \/>\n<meta property=\"article:publisher\" content=\"https:\/\/www.facebook.com\/people\/Loginfo24\/100057360583332\/\" \/>\n<meta property=\"article:published_time\" content=\"2020-09-01T05:02:38+00:00\" \/>\n<meta property=\"article:modified_time\" content=\"2025-12-15T11:35:17+00:00\" \/>\n<meta name=\"twitter:card\" content=\"summary_large_image\" \/>\n<meta name=\"twitter:label1\" content=\"Tempo estimado de leitura\" \/>\n\t<meta name=\"twitter:data1\" content=\"3 minutos\" \/>\n<script type=\"application\/ld+json\" class=\"yoast-schema-graph\">{\"@context\":\"https:\\\/\\\/schema.org\",\"@graph\":[{\"@type\":\"Article\",\"@id\":\"https:\\\/\\\/loginfo24.com\\\/pt-pt\\\/2020\\\/09\\\/01\\\/a-sbb-assume-a-responsabilidade-pelo-tunel-base-de-ceneri\\\/#article\",\"isPartOf\":{\"@id\":\"https:\\\/\\\/loginfo24.com\\\/pt-pt\\\/2020\\\/09\\\/01\\\/a-sbb-assume-a-responsabilidade-pelo-tunel-base-de-ceneri\\\/\"},\"author\":{\"name\":\"\",\"@id\":\"\"},\"headline\":\"A SBB assume a responsabilidade pelo t\u00fanel base de Ceneri\",\"datePublished\":\"2020-09-01T05:02:38+00:00\",\"dateModified\":\"2025-12-15T11:35:17+00:00\",\"mainEntityOfPage\":{\"@id\":\"https:\\\/\\\/loginfo24.com\\\/pt-pt\\\/2020\\\/09\\\/01\\\/a-sbb-assume-a-responsabilidade-pelo-tunel-base-de-ceneri\\\/\"},\"wordCount\":571,\"commentCount\":0,\"publisher\":{\"@id\":\"https:\\\/\\\/loginfo24.com\\\/pt-pt\\\/#organization\"},\"articleSection\":[\"Forwarding &amp; Logistics\",\"Regions\"],\"inLanguage\":\"pt-PT\",\"potentialAction\":[{\"@type\":\"CommentAction\",\"name\":\"Comment\",\"target\":[\"https:\\\/\\\/loginfo24.com\\\/pt-pt\\\/2020\\\/09\\\/01\\\/a-sbb-assume-a-responsabilidade-pelo-tunel-base-de-ceneri\\\/#respond\"]}]},{\"@type\":\"WebPage\",\"@id\":\"https:\\\/\\\/loginfo24.com\\\/pt-pt\\\/2020\\\/09\\\/01\\\/a-sbb-assume-a-responsabilidade-pelo-tunel-base-de-ceneri\\\/\",\"url\":\"https:\\\/\\\/loginfo24.com\\\/pt-pt\\\/2020\\\/09\\\/01\\\/a-sbb-assume-a-responsabilidade-pelo-tunel-base-de-ceneri\\\/\",\"name\":\"A SBB assume a responsabilidade pelo t\u00fanel base de Ceneri - Loginfo24\",\"isPartOf\":{\"@id\":\"https:\\\/\\\/loginfo24.com\\\/pt-pt\\\/#website\"},\"datePublished\":\"2020-09-01T05:02:38+00:00\",\"dateModified\":\"2025-12-15T11:35:17+00:00\",\"breadcrumb\":{\"@id\":\"https:\\\/\\\/loginfo24.com\\\/pt-pt\\\/2020\\\/09\\\/01\\\/a-sbb-assume-a-responsabilidade-pelo-tunel-base-de-ceneri\\\/#breadcrumb\"},\"inLanguage\":\"pt-PT\",\"potentialAction\":[{\"@type\":\"ReadAction\",\"target\":[\"https:\\\/\\\/loginfo24.com\\\/pt-pt\\\/2020\\\/09\\\/01\\\/a-sbb-assume-a-responsabilidade-pelo-tunel-base-de-ceneri\\\/\"]}]},{\"@type\":\"BreadcrumbList\",\"@id\":\"https:\\\/\\\/loginfo24.com\\\/pt-pt\\\/2020\\\/09\\\/01\\\/a-sbb-assume-a-responsabilidade-pelo-tunel-base-de-ceneri\\\/#breadcrumb\",\"itemListElement\":[{\"@type\":\"ListItem\",\"position\":1,\"name\":\"Startseite\",\"item\":\"https:\\\/\\\/loginfo24.com\\\/pt-pt\\\/\"},{\"@type\":\"ListItem\",\"position\":2,\"name\":\"A SBB assume a responsabilidade pelo t\u00fanel base de Ceneri\"}]},{\"@type\":\"WebSite\",\"@id\":\"https:\\\/\\\/loginfo24.com\\\/pt-pt\\\/#website\",\"url\":\"https:\\\/\\\/loginfo24.com\\\/pt-pt\\\/\",\"name\":\"Loginfo24\",\"description\":\"Loginfo24 \u00e9 a plataforma dedicada \u00e0 log\u00edstica e \u00e0s cadeias de abastecimento, com informa\u00e7\u00f5es dispon\u00edveis 24 horas por dia.\",\"publisher\":{\"@id\":\"https:\\\/\\\/loginfo24.com\\\/pt-pt\\\/#organization\"},\"potentialAction\":[{\"@type\":\"SearchAction\",\"target\":{\"@type\":\"EntryPoint\",\"urlTemplate\":\"https:\\\/\\\/loginfo24.com\\\/pt-pt\\\/?s={search_term_string}\"},\"query-input\":{\"@type\":\"PropertyValueSpecification\",\"valueRequired\":true,\"valueName\":\"search_term_string\"}}],\"inLanguage\":\"pt-PT\"},{\"@type\":\"Organization\",\"@id\":\"https:\\\/\\\/loginfo24.com\\\/pt-pt\\\/#organization\",\"name\":\"Logismedia Group AG\",\"url\":\"https:\\\/\\\/loginfo24.com\\\/pt-pt\\\/\",\"logo\":{\"@type\":\"ImageObject\",\"inLanguage\":\"pt-PT\",\"@id\":\"https:\\\/\\\/loginfo24.com\\\/pt-pt\\\/#\\\/schema\\\/logo\\\/image\\\/\",\"url\":\"https:\\\/\\\/loginfo24.com\\\/wp-content\\\/uploads\\\/sites\\\/7\\\/2026\\\/01\\\/Logo_LogInfo24.png\",\"contentUrl\":\"https:\\\/\\\/loginfo24.com\\\/wp-content\\\/uploads\\\/sites\\\/7\\\/2026\\\/01\\\/Logo_LogInfo24.png\",\"width\":938,\"height\":351,\"caption\":\"Logismedia Group AG\"},\"image\":{\"@id\":\"https:\\\/\\\/loginfo24.com\\\/pt-pt\\\/#\\\/schema\\\/logo\\\/image\\\/\"},\"sameAs\":[\"https:\\\/\\\/www.facebook.com\\\/people\\\/Loginfo24\\\/100057360583332\\\/\",\"https:\\\/\\\/www.linkedin.com\\\/company\\\/lofinfo24\\\/\"]}]}<\/script>\n<!-- \/ Yoast SEO plugin. -->","yoast_head_json":{"title":"A SBB assume a responsabilidade pelo t\u00fanel base de Ceneri - Loginfo24","robots":{"index":"index","follow":"follow","max-snippet":"max-snippet:-1","max-image-preview":"max-image-preview:large","max-video-preview":"max-video-preview:-1"},"canonical":"https:\/\/loginfo24.com\/pt-pt\/2020\/09\/01\/a-sbb-assume-a-responsabilidade-pelo-tunel-base-de-ceneri\/","og_locale":"pt_PT","og_type":"article","og_title":"A SBB assume a responsabilidade pelo t\u00fanel base de Ceneri - Loginfo24","og_description":"Na noite de ontem para hoje, o t\u00fanel base de Ceneri, o \u00faltimo elemento da NEAT, foi transferido da criadora AlpTransit Gotthard AG para a SBB [\u2026]","og_url":"https:\/\/loginfo24.com\/pt-pt\/2020\/09\/01\/a-sbb-assume-a-responsabilidade-pelo-tunel-base-de-ceneri\/","og_site_name":"Loginfo24","article_publisher":"https:\/\/www.facebook.com\/people\/Loginfo24\/100057360583332\/","article_published_time":"2020-09-01T05:02:38+00:00","article_modified_time":"2025-12-15T11:35:17+00:00","twitter_card":"summary_large_image","twitter_misc":{"Tempo estimado de leitura":"3 minutos"},"schema":{"@context":"https:\/\/schema.org","@graph":[{"@type":"Article","@id":"https:\/\/loginfo24.com\/pt-pt\/2020\/09\/01\/a-sbb-assume-a-responsabilidade-pelo-tunel-base-de-ceneri\/#article","isPartOf":{"@id":"https:\/\/loginfo24.com\/pt-pt\/2020\/09\/01\/a-sbb-assume-a-responsabilidade-pelo-tunel-base-de-ceneri\/"},"author":{"name":"","@id":""},"headline":"A SBB assume a responsabilidade pelo t\u00fanel base de Ceneri","datePublished":"2020-09-01T05:02:38+00:00","dateModified":"2025-12-15T11:35:17+00:00","mainEntityOfPage":{"@id":"https:\/\/loginfo24.com\/pt-pt\/2020\/09\/01\/a-sbb-assume-a-responsabilidade-pelo-tunel-base-de-ceneri\/"},"wordCount":571,"commentCount":0,"publisher":{"@id":"https:\/\/loginfo24.com\/pt-pt\/#organization"},"articleSection":["Forwarding &amp; Logistics","Regions"],"inLanguage":"pt-PT","potentialAction":[{"@type":"CommentAction","name":"Comment","target":["https:\/\/loginfo24.com\/pt-pt\/2020\/09\/01\/a-sbb-assume-a-responsabilidade-pelo-tunel-base-de-ceneri\/#respond"]}]},{"@type":"WebPage","@id":"https:\/\/loginfo24.com\/pt-pt\/2020\/09\/01\/a-sbb-assume-a-responsabilidade-pelo-tunel-base-de-ceneri\/","url":"https:\/\/loginfo24.com\/pt-pt\/2020\/09\/01\/a-sbb-assume-a-responsabilidade-pelo-tunel-base-de-ceneri\/","name":"A SBB assume a responsabilidade pelo t\u00fanel base de Ceneri - Loginfo24","isPartOf":{"@id":"https:\/\/loginfo24.com\/pt-pt\/#website"},"datePublished":"2020-09-01T05:02:38+00:00","dateModified":"2025-12-15T11:35:17+00:00","breadcrumb":{"@id":"https:\/\/loginfo24.com\/pt-pt\/2020\/09\/01\/a-sbb-assume-a-responsabilidade-pelo-tunel-base-de-ceneri\/#breadcrumb"},"inLanguage":"pt-PT","potentialAction":[{"@type":"ReadAction","target":["https:\/\/loginfo24.com\/pt-pt\/2020\/09\/01\/a-sbb-assume-a-responsabilidade-pelo-tunel-base-de-ceneri\/"]}]},{"@type":"BreadcrumbList","@id":"https:\/\/loginfo24.com\/pt-pt\/2020\/09\/01\/a-sbb-assume-a-responsabilidade-pelo-tunel-base-de-ceneri\/#breadcrumb","itemListElement":[{"@type":"ListItem","position":1,"name":"Startseite","item":"https:\/\/loginfo24.com\/pt-pt\/"},{"@type":"ListItem","position":2,"name":"A SBB assume a responsabilidade pelo t\u00fanel base de Ceneri"}]},{"@type":"WebSite","@id":"https:\/\/loginfo24.com\/pt-pt\/#website","url":"https:\/\/loginfo24.com\/pt-pt\/","name":"Loginfo24","description":"Loginfo24 \u00e9 a plataforma dedicada \u00e0 log\u00edstica e \u00e0s cadeias de abastecimento, com informa\u00e7\u00f5es dispon\u00edveis 24 horas por dia.","publisher":{"@id":"https:\/\/loginfo24.com\/pt-pt\/#organization"},"potentialAction":[{"@type":"SearchAction","target":{"@type":"EntryPoint","urlTemplate":"https:\/\/loginfo24.com\/pt-pt\/?s={search_term_string}"},"query-input":{"@type":"PropertyValueSpecification","valueRequired":true,"valueName":"search_term_string"}}],"inLanguage":"pt-PT"},{"@type":"Organization","@id":"https:\/\/loginfo24.com\/pt-pt\/#organization","name":"Logismedia Group AG","url":"https:\/\/loginfo24.com\/pt-pt\/","logo":{"@type":"ImageObject","inLanguage":"pt-PT","@id":"https:\/\/loginfo24.com\/pt-pt\/#\/schema\/logo\/image\/","url":"https:\/\/loginfo24.com\/wp-content\/uploads\/sites\/7\/2026\/01\/Logo_LogInfo24.png","contentUrl":"https:\/\/loginfo24.com\/wp-content\/uploads\/sites\/7\/2026\/01\/Logo_LogInfo24.png","width":938,"height":351,"caption":"Logismedia Group AG"},"image":{"@id":"https:\/\/loginfo24.com\/pt-pt\/#\/schema\/logo\/image\/"},"sameAs":["https:\/\/www.facebook.com\/people\/Loginfo24\/100057360583332\/","https:\/\/www.linkedin.com\/company\/lofinfo24\/"]}]}},"_links":{"self":[{"href":"https:\/\/loginfo24.com\/pt-pt\/wp-json\/wp\/v2\/posts\/19414","targetHints":{"allow":["GET"]}}],"collection":[{"href":"https:\/\/loginfo24.com\/pt-pt\/wp-json\/wp\/v2\/posts"}],"about":[{"href":"https:\/\/loginfo24.com\/pt-pt\/wp-json\/wp\/v2\/types\/post"}],"replies":[{"embeddable":true,"href":"https:\/\/loginfo24.com\/pt-pt\/wp-json\/wp\/v2\/comments?post=19414"}],"version-history":[{"count":1,"href":"https:\/\/loginfo24.com\/pt-pt\/wp-json\/wp\/v2\/posts\/19414\/revisions"}],"predecessor-version":[{"id":35116,"href":"https:\/\/loginfo24.com\/pt-pt\/wp-json\/wp\/v2\/posts\/19414\/revisions\/35116"}],"wp:attachment":[{"href":"https:\/\/loginfo24.com\/pt-pt\/wp-json\/wp\/v2\/media?parent=19414"}],"wp:term":[{"taxonomy":"category","embeddable":true,"href":"https:\/\/loginfo24.com\/pt-pt\/wp-json\/wp\/v2\/categories?post=19414"},{"taxonomy":"post_tag","embeddable":true,"href":"https:\/\/loginfo24.com\/pt-pt\/wp-json\/wp\/v2\/tags?post=19414"}],"curies":[{"name":"wp","href":"https:\/\/api.w.org\/{rel}","templated":true}]}}