{"id":18843,"date":"2020-07-29T07:05:12","date_gmt":"2020-07-29T05:05:12","guid":{"rendered":"https:\/\/blog.brand-architecture.at\/2020\/07\/29\/os-logisticos-de-hamburgo-estao-fortemente-afetados-pela-crise-do-coronavirus\/"},"modified":"2025-12-15T12:32:58","modified_gmt":"2025-12-15T11:32:58","slug":"os-logisticos-de-hamburgo-estao-fortemente-afetados-pela-crise-do-coronavirus","status":"publish","type":"post","link":"https:\/\/loginfo24.com\/pt-pt\/2020\/07\/29\/os-logisticos-de-hamburgo-estao-fortemente-afetados-pela-crise-do-coronavirus\/","title":{"rendered":"Os Log\u00edsticos de Hamburgo est\u00e3o fortemente afetados pela crise do Coronav\u00edrus"},"content":{"rendered":"<p>A economia log\u00edstica de Hamburgo est\u00e1 a sofrer muito devido \u00e0s consequ\u00eancias da crise do Coronav\u00edrus. 80 por cento das empresas esperam uma queda nas receitas em 2020, em alguns casos superior a 50 por cento. Uma melhoria da situa\u00e7\u00e3o n\u00e3o \u00e9 esperada antes de 2021. H\u00e1 receios de que um atual atraso nos investimentos possa adiar a crise.<\/p>\n<p>(Hamburgo) A situa\u00e7\u00e3o da ind\u00fastria log\u00edstica de Hamburgo \u00e9, devido \u00e0 crise do Coronav\u00edrus, em parte dram\u00e1tica. O volume de transporte em queda enfraquece significativamente a situa\u00e7\u00e3o financeira e os planos de investimento das empresas. Cerca de 80 por cento das empresas de log\u00edstica esperam uma queda nas receitas para o ano total de 2020. Uma em cada dez empresas teme at\u00e9 uma queda de mais de 50 por cento devido ao Coronav\u00edrus.<\/p>\n<p>&#8220;O porto de Hamburgo e, com ele, os transit\u00e1rios de portos mar\u00edtimos est\u00e3o a sofrer uma forte queda no volume de carga&#8221;, diz Willem van der Schalk, vice-presidente da C\u00e2mara de Com\u00e9rcio de Hamburgo e presidente da associa\u00e7\u00e3o dos transit\u00e1rios de Hamburgo. &#8220;Cerca de 39 por cento das empresas de log\u00edstica de Hamburgo entrevistadas s\u00f3 veem uma normaliza\u00e7\u00e3o dos seus neg\u00f3cios em 2021.&#8221; A ind\u00fastria log\u00edstica conseguiu, apesar das fortes restri\u00e7\u00f5es no tr\u00e1fego transfronteiri\u00e7o, manter as cadeias log\u00edsticas, especialmente para bens cr\u00edticos como alimentos e produtos m\u00e9dicos, em funcionamento da melhor forma poss\u00edvel. &#8220;No entanto, as restri\u00e7\u00f5es de produ\u00e7\u00e3o em muitas ind\u00fastrias e a queda nas importa\u00e7\u00f5es e exporta\u00e7\u00f5es pelo maior porto universal da Alemanha n\u00e3o passaram sem deixar marcas na ind\u00fastria&#8221;, afirma van der Schalk.<\/p>\n<h5><strong>Um raio de esperan\u00e7a no horizonte<\/strong><\/h5>\n<p>No entanto, um raio de esperan\u00e7a est\u00e1 a surgir: 28,9 por cento das empresas entrevistadas esperam uma melhoria na sua situa\u00e7\u00e3o empresarial nos pr\u00f3ximos 12 meses. Apesar do aumento das quantidades de mercadorias em junho de 2020, para Christian Koopmann, presidente da associa\u00e7\u00e3o dos transit\u00e1rios de Hamburgo e Bremen (VHBS), ainda \u00e9 cedo para falar de uma mudan\u00e7a de tend\u00eancia. &#8220;A ind\u00fastria log\u00edstica foi bastante afetada pela pandemia, embora os efeitos concretos variem dependendo do modo de transporte e, em parte, da \u00e1rea comercial&#8221;, diz Koopmann. &#8220;Particularmente no setor de carga a granel ou no setor de cont\u00eaineres, vimos recentemente um aumento nas quantidades. No entanto, isso n\u00e3o significa que j\u00e1 tenhamos superado a crise. Na verdade, ainda estamos significativamente abaixo das quantidades do ano anterior.&#8221; As causas para isso s\u00e3o a falta de consumo privado e o comportamento cauteloso de investimento da ind\u00fastria. Este \u00faltimo afeta especialmente o setor de carga pesada e de projetos. &#8220;Cada investimento que n\u00e3o \u00e9 feito agora \u00e9 um pedido de transporte que falta em seis a nove meses. Portanto, devemos nos preparar para lidar com as consequ\u00eancias econ\u00f4micas da pandemia tamb\u00e9m em 2021&#8221;, prev\u00ea Koopmann. Pelo menos no setor de cont\u00eaineres, espera-se que as quantidades de mercadorias de 2019 sejam alcan\u00e7adas at\u00e9 2022.<\/p>\n<p>O indicador de clima de neg\u00f3cios da economia log\u00edstica de Hamburgo*, que inclui as avalia\u00e7\u00f5es da situa\u00e7\u00e3o atual e do desenvolvimento futuro, subiu para 60,2 pontos no ver\u00e3o, ap\u00f3s um recorde de baixa no final do primeiro trimestre (24,4 pontos). No entanto, em compara\u00e7\u00e3o com os anos anteriores, ainda se encontra em um n\u00edvel relativamente baixo.<\/p>\n<h5><strong><img loading=\"lazy\" decoding=\"async\" class=\"aligncenter wp-image-4490 size-full\" src=\"https:\/\/loginfo24.com\/wp-content\/uploads\/sites\/7\/2025\/12\/Hamburger_Logistikindikator_2020.jpg\" alt=\"\" width=\"621\" height=\"391\" \/><\/strong><\/h5>\n<h5><strong>Leve movimento ascendente<\/strong><\/h5>\n<p>O atual bar\u00f4metro log\u00edstico de Hamburgo 2020 mostra que a leve movimenta\u00e7\u00e3o ascendente do clima de neg\u00f3cios \u00e9 principalmente atribu\u00edda \u00e0s expectativas futuras. A situa\u00e7\u00e3o atual dos neg\u00f3cios, por outro lado, \u00e9 avaliada como pouco melhor do que h\u00e1 tr\u00eas meses. As expectativas um pouco mais otimistas, no entanto, est\u00e3o condicionadas \u00e0 recupera\u00e7\u00e3o da demanda interna e externa. Cerca de 39 por cento das empresas de log\u00edstica entrevistadas tamb\u00e9m esperam uma normaliza\u00e7\u00e3o de seus neg\u00f3cios apenas para 2021.<\/p>\n<p>O bar\u00f4metro log\u00edstico de Hamburgo \u00e9 uma avalia\u00e7\u00e3o especial do &#8220;<a href=\"https:\/\/www.hk24.de\/produktmarken\/beratung-service\/konjunktur-statistik\/hamburger-konjunkturbarometer-1153212\">Bar\u00f4metro Econ\u00f4mico de Hamburgo<\/a>&#8220;. Para o bar\u00f4metro log\u00edstico, apenas as respostas da ind\u00fastria log\u00edstica s\u00e3o avaliadas. A cada trimestre, mais de 600 empresas de diferentes setores econ\u00f4micos atendidos pela C\u00e2mara de Com\u00e9rcio de Hamburgo participam da pesquisa.<\/p>\n<p>O bar\u00f4metro log\u00edstico de Hamburgo \u00e9 publicado em conjunto pela C\u00e2mara de Com\u00e9rcio de Hamburgo, pela Iniciativa Log\u00edstica de Hamburgo, pela associa\u00e7\u00e3o dos transit\u00e1rios de Hamburgo e Bremen, pela associa\u00e7\u00e3o de transporte rodovi\u00e1rio e log\u00edstica de Hamburgo e pela associa\u00e7\u00e3o dos transit\u00e1rios de Hamburgo.<\/p>\n<p>O bar\u00f4metro log\u00edstico de Hamburgo 2020 completo pode ser encontrado na \u00e1rea de download.<\/p>\n<p>*O segmento &#8220;economia log\u00edstica de Hamburgo&#8221; aqui considerado abrange, de acordo com a classifica\u00e7\u00e3o oficial dos setores econ\u00f4micos (WZ 2008), os setores de transporte terrestre e transporte por dutos, navega\u00e7\u00e3o, avia\u00e7\u00e3o, armazenamento e presta\u00e7\u00e3o de outros servi\u00e7os de transporte, bem como servi\u00e7os postais, de courier e expressos.<\/p>\n<h4><a href=\"https:\/\/www.hk24.de\/blueprint\/servlet\/resource\/blob\/4852098\/fd4f4005645b8720ea776cc13ce384b9\/hamburger-logistikbarometer-2020-data.pdf\" target=\"_blank\" rel=\"noopener noreferrer\"><strong>O Bar\u00f4metro Log\u00edstico de Hamburgo 2020<\/strong><\/a><\/h4>\n<p>Foto: \u00a9 Adobe Stock \/ Gr\u00e1fico C\u00e2mara de Com\u00e9rcio de Hamburgo<\/p>\n<h5><a href=\"https:\/\/www.hk24.de\" target=\"_blank\" rel=\"noopener noreferrer\">www.hk24.de<\/a><\/h5>\n","protected":false},"excerpt":{"rendered":"<p>A economia log\u00edstica de Hamburgo est\u00e1 a sofrer muito devido \u00e0s consequ\u00eancias da crise do Coronav\u00edrus. 80 por cento das empresas esperam uma queda nas receitas<span class=\"excerpt-hellip\"> [\u2026]<\/span><\/p>\n","protected":false},"author":0,"featured_media":0,"comment_status":"open","ping_status":"open","sticky":false,"template":"","format":"standard","meta":{"_acf_changed":false,"footnotes":""},"categories":[1560,1561,1559],"tags":[],"class_list":["post-18843","post","type-post","status-publish","format-standard","hentry","category-intralogistics","category-regions","category-shipping-ports"],"acf":[],"yoast_head":"<!-- This site is optimized with the Yoast SEO plugin v27.3 - https:\/\/yoast.com\/product\/yoast-seo-wordpress\/ -->\n<title>Os Log\u00edsticos de Hamburgo est\u00e3o fortemente afetados pela crise do Coronav\u00edrus - Loginfo24<\/title>\n<meta name=\"robots\" content=\"index, follow, max-snippet:-1, max-image-preview:large, max-video-preview:-1\" \/>\n<link rel=\"canonical\" href=\"https:\/\/loginfo24.com\/pt-pt\/2020\/07\/29\/os-logisticos-de-hamburgo-estao-fortemente-afetados-pela-crise-do-coronavirus\/\" \/>\n<meta property=\"og:locale\" content=\"pt_PT\" \/>\n<meta property=\"og:type\" content=\"article\" \/>\n<meta property=\"og:title\" content=\"Os Log\u00edsticos de Hamburgo est\u00e3o fortemente afetados pela crise do Coronav\u00edrus - Loginfo24\" \/>\n<meta property=\"og:description\" content=\"A economia log\u00edstica de Hamburgo est\u00e1 a sofrer muito devido \u00e0s consequ\u00eancias da crise do Coronav\u00edrus. 80 por cento das empresas esperam uma queda nas receitas [\u2026]\" \/>\n<meta property=\"og:url\" content=\"https:\/\/loginfo24.com\/pt-pt\/2020\/07\/29\/os-logisticos-de-hamburgo-estao-fortemente-afetados-pela-crise-do-coronavirus\/\" \/>\n<meta property=\"og:site_name\" content=\"Loginfo24\" \/>\n<meta property=\"article:publisher\" content=\"https:\/\/www.facebook.com\/people\/Loginfo24\/100057360583332\/\" \/>\n<meta property=\"article:published_time\" content=\"2020-07-29T05:05:12+00:00\" \/>\n<meta property=\"article:modified_time\" content=\"2025-12-15T11:32:58+00:00\" \/>\n<meta property=\"og:image\" content=\"https:\/\/loginfo24.com\/wp-content\/uploads\/sites\/7\/2025\/12\/Hamburger_Logistikindikator_2020.jpg\" \/>\n<meta name=\"twitter:card\" content=\"summary_large_image\" \/>\n<meta name=\"twitter:label1\" content=\"Tempo estimado de leitura\" \/>\n\t<meta name=\"twitter:data1\" content=\"4 minutos\" \/>\n<script type=\"application\/ld+json\" class=\"yoast-schema-graph\">{\"@context\":\"https:\\\/\\\/schema.org\",\"@graph\":[{\"@type\":\"Article\",\"@id\":\"https:\\\/\\\/loginfo24.com\\\/pt-pt\\\/2020\\\/07\\\/29\\\/os-logisticos-de-hamburgo-estao-fortemente-afetados-pela-crise-do-coronavirus\\\/#article\",\"isPartOf\":{\"@id\":\"https:\\\/\\\/loginfo24.com\\\/pt-pt\\\/2020\\\/07\\\/29\\\/os-logisticos-de-hamburgo-estao-fortemente-afetados-pela-crise-do-coronavirus\\\/\"},\"author\":{\"name\":\"\",\"@id\":\"\"},\"headline\":\"Os Log\u00edsticos de Hamburgo est\u00e3o fortemente afetados pela crise do Coronav\u00edrus\",\"datePublished\":\"2020-07-29T05:05:12+00:00\",\"dateModified\":\"2025-12-15T11:32:58+00:00\",\"mainEntityOfPage\":{\"@id\":\"https:\\\/\\\/loginfo24.com\\\/pt-pt\\\/2020\\\/07\\\/29\\\/os-logisticos-de-hamburgo-estao-fortemente-afetados-pela-crise-do-coronavirus\\\/\"},\"wordCount\":881,\"commentCount\":0,\"publisher\":{\"@id\":\"https:\\\/\\\/loginfo24.com\\\/pt-pt\\\/#organization\"},\"image\":{\"@id\":\"https:\\\/\\\/loginfo24.com\\\/pt-pt\\\/2020\\\/07\\\/29\\\/os-logisticos-de-hamburgo-estao-fortemente-afetados-pela-crise-do-coronavirus\\\/#primaryimage\"},\"thumbnailUrl\":\"https:\\\/\\\/loginfo24.com\\\/wp-content\\\/uploads\\\/sites\\\/7\\\/2025\\\/12\\\/Hamburger_Logistikindikator_2020.jpg\",\"articleSection\":[\"Intralogistics\",\"Regions\",\"Shipping &amp; Ports\"],\"inLanguage\":\"pt-PT\",\"potentialAction\":[{\"@type\":\"CommentAction\",\"name\":\"Comment\",\"target\":[\"https:\\\/\\\/loginfo24.com\\\/pt-pt\\\/2020\\\/07\\\/29\\\/os-logisticos-de-hamburgo-estao-fortemente-afetados-pela-crise-do-coronavirus\\\/#respond\"]}]},{\"@type\":\"WebPage\",\"@id\":\"https:\\\/\\\/loginfo24.com\\\/pt-pt\\\/2020\\\/07\\\/29\\\/os-logisticos-de-hamburgo-estao-fortemente-afetados-pela-crise-do-coronavirus\\\/\",\"url\":\"https:\\\/\\\/loginfo24.com\\\/pt-pt\\\/2020\\\/07\\\/29\\\/os-logisticos-de-hamburgo-estao-fortemente-afetados-pela-crise-do-coronavirus\\\/\",\"name\":\"Os Log\u00edsticos de Hamburgo est\u00e3o fortemente afetados pela crise do Coronav\u00edrus - Loginfo24\",\"isPartOf\":{\"@id\":\"https:\\\/\\\/loginfo24.com\\\/pt-pt\\\/#website\"},\"primaryImageOfPage\":{\"@id\":\"https:\\\/\\\/loginfo24.com\\\/pt-pt\\\/2020\\\/07\\\/29\\\/os-logisticos-de-hamburgo-estao-fortemente-afetados-pela-crise-do-coronavirus\\\/#primaryimage\"},\"image\":{\"@id\":\"https:\\\/\\\/loginfo24.com\\\/pt-pt\\\/2020\\\/07\\\/29\\\/os-logisticos-de-hamburgo-estao-fortemente-afetados-pela-crise-do-coronavirus\\\/#primaryimage\"},\"thumbnailUrl\":\"https:\\\/\\\/loginfo24.com\\\/wp-content\\\/uploads\\\/sites\\\/7\\\/2025\\\/12\\\/Hamburger_Logistikindikator_2020.jpg\",\"datePublished\":\"2020-07-29T05:05:12+00:00\",\"dateModified\":\"2025-12-15T11:32:58+00:00\",\"breadcrumb\":{\"@id\":\"https:\\\/\\\/loginfo24.com\\\/pt-pt\\\/2020\\\/07\\\/29\\\/os-logisticos-de-hamburgo-estao-fortemente-afetados-pela-crise-do-coronavirus\\\/#breadcrumb\"},\"inLanguage\":\"pt-PT\",\"potentialAction\":[{\"@type\":\"ReadAction\",\"target\":[\"https:\\\/\\\/loginfo24.com\\\/pt-pt\\\/2020\\\/07\\\/29\\\/os-logisticos-de-hamburgo-estao-fortemente-afetados-pela-crise-do-coronavirus\\\/\"]}]},{\"@type\":\"ImageObject\",\"inLanguage\":\"pt-PT\",\"@id\":\"https:\\\/\\\/loginfo24.com\\\/pt-pt\\\/2020\\\/07\\\/29\\\/os-logisticos-de-hamburgo-estao-fortemente-afetados-pela-crise-do-coronavirus\\\/#primaryimage\",\"url\":\"https:\\\/\\\/loginfo24.com\\\/wp-content\\\/uploads\\\/sites\\\/7\\\/2025\\\/12\\\/Hamburger_Logistikindikator_2020.jpg\",\"contentUrl\":\"https:\\\/\\\/loginfo24.com\\\/wp-content\\\/uploads\\\/sites\\\/7\\\/2025\\\/12\\\/Hamburger_Logistikindikator_2020.jpg\"},{\"@type\":\"BreadcrumbList\",\"@id\":\"https:\\\/\\\/loginfo24.com\\\/pt-pt\\\/2020\\\/07\\\/29\\\/os-logisticos-de-hamburgo-estao-fortemente-afetados-pela-crise-do-coronavirus\\\/#breadcrumb\",\"itemListElement\":[{\"@type\":\"ListItem\",\"position\":1,\"name\":\"Startseite\",\"item\":\"https:\\\/\\\/loginfo24.com\\\/pt-pt\\\/\"},{\"@type\":\"ListItem\",\"position\":2,\"name\":\"Os Log\u00edsticos de Hamburgo est\u00e3o fortemente afetados pela crise do Coronav\u00edrus\"}]},{\"@type\":\"WebSite\",\"@id\":\"https:\\\/\\\/loginfo24.com\\\/pt-pt\\\/#website\",\"url\":\"https:\\\/\\\/loginfo24.com\\\/pt-pt\\\/\",\"name\":\"Loginfo24\",\"description\":\"Loginfo24 \u00e9 a plataforma dedicada \u00e0 log\u00edstica e \u00e0s cadeias de abastecimento, com informa\u00e7\u00f5es dispon\u00edveis 24 horas por dia.\",\"publisher\":{\"@id\":\"https:\\\/\\\/loginfo24.com\\\/pt-pt\\\/#organization\"},\"potentialAction\":[{\"@type\":\"SearchAction\",\"target\":{\"@type\":\"EntryPoint\",\"urlTemplate\":\"https:\\\/\\\/loginfo24.com\\\/pt-pt\\\/?s={search_term_string}\"},\"query-input\":{\"@type\":\"PropertyValueSpecification\",\"valueRequired\":true,\"valueName\":\"search_term_string\"}}],\"inLanguage\":\"pt-PT\"},{\"@type\":\"Organization\",\"@id\":\"https:\\\/\\\/loginfo24.com\\\/pt-pt\\\/#organization\",\"name\":\"Logismedia Group AG\",\"url\":\"https:\\\/\\\/loginfo24.com\\\/pt-pt\\\/\",\"logo\":{\"@type\":\"ImageObject\",\"inLanguage\":\"pt-PT\",\"@id\":\"https:\\\/\\\/loginfo24.com\\\/pt-pt\\\/#\\\/schema\\\/logo\\\/image\\\/\",\"url\":\"https:\\\/\\\/loginfo24.com\\\/wp-content\\\/uploads\\\/sites\\\/7\\\/2026\\\/01\\\/Logo_LogInfo24.png\",\"contentUrl\":\"https:\\\/\\\/loginfo24.com\\\/wp-content\\\/uploads\\\/sites\\\/7\\\/2026\\\/01\\\/Logo_LogInfo24.png\",\"width\":938,\"height\":351,\"caption\":\"Logismedia Group AG\"},\"image\":{\"@id\":\"https:\\\/\\\/loginfo24.com\\\/pt-pt\\\/#\\\/schema\\\/logo\\\/image\\\/\"},\"sameAs\":[\"https:\\\/\\\/www.facebook.com\\\/people\\\/Loginfo24\\\/100057360583332\\\/\",\"https:\\\/\\\/www.linkedin.com\\\/company\\\/lofinfo24\\\/\"]}]}<\/script>\n<!-- \/ Yoast SEO plugin. -->","yoast_head_json":{"title":"Os Log\u00edsticos de Hamburgo est\u00e3o fortemente afetados pela crise do Coronav\u00edrus - Loginfo24","robots":{"index":"index","follow":"follow","max-snippet":"max-snippet:-1","max-image-preview":"max-image-preview:large","max-video-preview":"max-video-preview:-1"},"canonical":"https:\/\/loginfo24.com\/pt-pt\/2020\/07\/29\/os-logisticos-de-hamburgo-estao-fortemente-afetados-pela-crise-do-coronavirus\/","og_locale":"pt_PT","og_type":"article","og_title":"Os Log\u00edsticos de Hamburgo est\u00e3o fortemente afetados pela crise do Coronav\u00edrus - Loginfo24","og_description":"A economia log\u00edstica de Hamburgo est\u00e1 a sofrer muito devido \u00e0s consequ\u00eancias da crise do Coronav\u00edrus. 80 por cento das empresas esperam uma queda nas receitas [\u2026]","og_url":"https:\/\/loginfo24.com\/pt-pt\/2020\/07\/29\/os-logisticos-de-hamburgo-estao-fortemente-afetados-pela-crise-do-coronavirus\/","og_site_name":"Loginfo24","article_publisher":"https:\/\/www.facebook.com\/people\/Loginfo24\/100057360583332\/","article_published_time":"2020-07-29T05:05:12+00:00","article_modified_time":"2025-12-15T11:32:58+00:00","og_image":[{"url":"https:\/\/loginfo24.com\/wp-content\/uploads\/sites\/7\/2025\/12\/Hamburger_Logistikindikator_2020.jpg","type":"","width":"","height":""}],"twitter_card":"summary_large_image","twitter_misc":{"Tempo estimado de leitura":"4 minutos"},"schema":{"@context":"https:\/\/schema.org","@graph":[{"@type":"Article","@id":"https:\/\/loginfo24.com\/pt-pt\/2020\/07\/29\/os-logisticos-de-hamburgo-estao-fortemente-afetados-pela-crise-do-coronavirus\/#article","isPartOf":{"@id":"https:\/\/loginfo24.com\/pt-pt\/2020\/07\/29\/os-logisticos-de-hamburgo-estao-fortemente-afetados-pela-crise-do-coronavirus\/"},"author":{"name":"","@id":""},"headline":"Os Log\u00edsticos de Hamburgo est\u00e3o fortemente afetados pela crise do Coronav\u00edrus","datePublished":"2020-07-29T05:05:12+00:00","dateModified":"2025-12-15T11:32:58+00:00","mainEntityOfPage":{"@id":"https:\/\/loginfo24.com\/pt-pt\/2020\/07\/29\/os-logisticos-de-hamburgo-estao-fortemente-afetados-pela-crise-do-coronavirus\/"},"wordCount":881,"commentCount":0,"publisher":{"@id":"https:\/\/loginfo24.com\/pt-pt\/#organization"},"image":{"@id":"https:\/\/loginfo24.com\/pt-pt\/2020\/07\/29\/os-logisticos-de-hamburgo-estao-fortemente-afetados-pela-crise-do-coronavirus\/#primaryimage"},"thumbnailUrl":"https:\/\/loginfo24.com\/wp-content\/uploads\/sites\/7\/2025\/12\/Hamburger_Logistikindikator_2020.jpg","articleSection":["Intralogistics","Regions","Shipping &amp; Ports"],"inLanguage":"pt-PT","potentialAction":[{"@type":"CommentAction","name":"Comment","target":["https:\/\/loginfo24.com\/pt-pt\/2020\/07\/29\/os-logisticos-de-hamburgo-estao-fortemente-afetados-pela-crise-do-coronavirus\/#respond"]}]},{"@type":"WebPage","@id":"https:\/\/loginfo24.com\/pt-pt\/2020\/07\/29\/os-logisticos-de-hamburgo-estao-fortemente-afetados-pela-crise-do-coronavirus\/","url":"https:\/\/loginfo24.com\/pt-pt\/2020\/07\/29\/os-logisticos-de-hamburgo-estao-fortemente-afetados-pela-crise-do-coronavirus\/","name":"Os Log\u00edsticos de Hamburgo est\u00e3o fortemente afetados pela crise do Coronav\u00edrus - Loginfo24","isPartOf":{"@id":"https:\/\/loginfo24.com\/pt-pt\/#website"},"primaryImageOfPage":{"@id":"https:\/\/loginfo24.com\/pt-pt\/2020\/07\/29\/os-logisticos-de-hamburgo-estao-fortemente-afetados-pela-crise-do-coronavirus\/#primaryimage"},"image":{"@id":"https:\/\/loginfo24.com\/pt-pt\/2020\/07\/29\/os-logisticos-de-hamburgo-estao-fortemente-afetados-pela-crise-do-coronavirus\/#primaryimage"},"thumbnailUrl":"https:\/\/loginfo24.com\/wp-content\/uploads\/sites\/7\/2025\/12\/Hamburger_Logistikindikator_2020.jpg","datePublished":"2020-07-29T05:05:12+00:00","dateModified":"2025-12-15T11:32:58+00:00","breadcrumb":{"@id":"https:\/\/loginfo24.com\/pt-pt\/2020\/07\/29\/os-logisticos-de-hamburgo-estao-fortemente-afetados-pela-crise-do-coronavirus\/#breadcrumb"},"inLanguage":"pt-PT","potentialAction":[{"@type":"ReadAction","target":["https:\/\/loginfo24.com\/pt-pt\/2020\/07\/29\/os-logisticos-de-hamburgo-estao-fortemente-afetados-pela-crise-do-coronavirus\/"]}]},{"@type":"ImageObject","inLanguage":"pt-PT","@id":"https:\/\/loginfo24.com\/pt-pt\/2020\/07\/29\/os-logisticos-de-hamburgo-estao-fortemente-afetados-pela-crise-do-coronavirus\/#primaryimage","url":"https:\/\/loginfo24.com\/wp-content\/uploads\/sites\/7\/2025\/12\/Hamburger_Logistikindikator_2020.jpg","contentUrl":"https:\/\/loginfo24.com\/wp-content\/uploads\/sites\/7\/2025\/12\/Hamburger_Logistikindikator_2020.jpg"},{"@type":"BreadcrumbList","@id":"https:\/\/loginfo24.com\/pt-pt\/2020\/07\/29\/os-logisticos-de-hamburgo-estao-fortemente-afetados-pela-crise-do-coronavirus\/#breadcrumb","itemListElement":[{"@type":"ListItem","position":1,"name":"Startseite","item":"https:\/\/loginfo24.com\/pt-pt\/"},{"@type":"ListItem","position":2,"name":"Os Log\u00edsticos de Hamburgo est\u00e3o fortemente afetados pela crise do Coronav\u00edrus"}]},{"@type":"WebSite","@id":"https:\/\/loginfo24.com\/pt-pt\/#website","url":"https:\/\/loginfo24.com\/pt-pt\/","name":"Loginfo24","description":"Loginfo24 \u00e9 a plataforma dedicada \u00e0 log\u00edstica e \u00e0s cadeias de abastecimento, com informa\u00e7\u00f5es dispon\u00edveis 24 horas por dia.","publisher":{"@id":"https:\/\/loginfo24.com\/pt-pt\/#organization"},"potentialAction":[{"@type":"SearchAction","target":{"@type":"EntryPoint","urlTemplate":"https:\/\/loginfo24.com\/pt-pt\/?s={search_term_string}"},"query-input":{"@type":"PropertyValueSpecification","valueRequired":true,"valueName":"search_term_string"}}],"inLanguage":"pt-PT"},{"@type":"Organization","@id":"https:\/\/loginfo24.com\/pt-pt\/#organization","name":"Logismedia Group AG","url":"https:\/\/loginfo24.com\/pt-pt\/","logo":{"@type":"ImageObject","inLanguage":"pt-PT","@id":"https:\/\/loginfo24.com\/pt-pt\/#\/schema\/logo\/image\/","url":"https:\/\/loginfo24.com\/wp-content\/uploads\/sites\/7\/2026\/01\/Logo_LogInfo24.png","contentUrl":"https:\/\/loginfo24.com\/wp-content\/uploads\/sites\/7\/2026\/01\/Logo_LogInfo24.png","width":938,"height":351,"caption":"Logismedia Group AG"},"image":{"@id":"https:\/\/loginfo24.com\/pt-pt\/#\/schema\/logo\/image\/"},"sameAs":["https:\/\/www.facebook.com\/people\/Loginfo24\/100057360583332\/","https:\/\/www.linkedin.com\/company\/lofinfo24\/"]}]}},"_links":{"self":[{"href":"https:\/\/loginfo24.com\/pt-pt\/wp-json\/wp\/v2\/posts\/18843","targetHints":{"allow":["GET"]}}],"collection":[{"href":"https:\/\/loginfo24.com\/pt-pt\/wp-json\/wp\/v2\/posts"}],"about":[{"href":"https:\/\/loginfo24.com\/pt-pt\/wp-json\/wp\/v2\/types\/post"}],"replies":[{"embeddable":true,"href":"https:\/\/loginfo24.com\/pt-pt\/wp-json\/wp\/v2\/comments?post=18843"}],"version-history":[{"count":1,"href":"https:\/\/loginfo24.com\/pt-pt\/wp-json\/wp\/v2\/posts\/18843\/revisions"}],"predecessor-version":[{"id":33997,"href":"https:\/\/loginfo24.com\/pt-pt\/wp-json\/wp\/v2\/posts\/18843\/revisions\/33997"}],"wp:attachment":[{"href":"https:\/\/loginfo24.com\/pt-pt\/wp-json\/wp\/v2\/media?parent=18843"}],"wp:term":[{"taxonomy":"category","embeddable":true,"href":"https:\/\/loginfo24.com\/pt-pt\/wp-json\/wp\/v2\/categories?post=18843"},{"taxonomy":"post_tag","embeddable":true,"href":"https:\/\/loginfo24.com\/pt-pt\/wp-json\/wp\/v2\/tags?post=18843"}],"curies":[{"name":"wp","href":"https:\/\/api.w.org\/{rel}","templated":true}]}}