{"id":18747,"date":"2020-07-24T07:00:52","date_gmt":"2020-07-24T05:00:52","guid":{"rendered":"https:\/\/blog.brand-architecture.at\/2020\/07\/24\/bvl-com-tendencias-e-estrategias-em-logistica-e-gestao-da-cadeia-de-suprimentos\/"},"modified":"2025-12-15T12:32:34","modified_gmt":"2025-12-15T11:32:34","slug":"bvl-com-tendencias-e-estrategias-em-logistica-e-gestao-da-cadeia-de-suprimentos","status":"publish","type":"post","link":"https:\/\/loginfo24.com\/pt-pt\/2020\/07\/24\/bvl-com-tendencias-e-estrategias-em-logistica-e-gestao-da-cadeia-de-suprimentos\/","title":{"rendered":"BVL com &#8220;Tend\u00eancias e Estrat\u00e9gias em Log\u00edstica e Gest\u00e3o da Cadeia de Suprimentos&#8221;"},"content":{"rendered":"<p>A Associa\u00e7\u00e3o Federal de Log\u00edstica (BVL) publica a nova edi\u00e7\u00e3o do estudo &#8216;Tend\u00eancias e Estrat\u00e9gias em Log\u00edstica e Gest\u00e3o da Cadeia de Suprimentos&#8217;. O estudo mostra o estado de uma transforma\u00e7\u00e3o sustent\u00e1vel e digital e foi elaborado pela BVL.digital GmbH e pelo Instituto de Log\u00edstica e Gest\u00e3o Empresarial da TU Hamburg.<\/p>\n<p>(Bremen) A nova edi\u00e7\u00e3o do estudo &#8216;Tend\u00eancias e Estrat\u00e9gias em Log\u00edstica e Gest\u00e3o da Cadeia de Suprimentos&#8217; est\u00e1 dispon\u00edvel. Com isso, os atores do setor log\u00edstico recebem um guia que pode ser especialmente \u00fatil em tempos confusos como a crise da Corona. O estudo foi elaborado pela BVL.digital GmbH em colabora\u00e7\u00e3o e sob a dire\u00e7\u00e3o cient\u00edfica do Prof. Dr. Dr. h. c. Wolfgang Kersten do Instituto de Log\u00edstica e Gest\u00e3o Empresarial da TU Hamburg. O foco estava nos temas de transforma\u00e7\u00e3o digital, an\u00e1lise de dados e sustentabilidade.<\/p>\n<p>Cerca de 300 profissionais de log\u00edstica foram entrevistados entre 5 de fevereiro e 11 de mar\u00e7o \u2013 16% deles do setor de com\u00e9rcio, o restante em partes iguais da ind\u00fastria e servi\u00e7os log\u00edsticos. As an\u00e1lises referem-se comparativamente \u00e0 edi\u00e7\u00e3o anterior do estudo de 2016. O estudo aborda a transforma\u00e7\u00e3o sustent\u00e1vel e digital em log\u00edstica e gest\u00e3o da cadeia de suprimentos, onde tanto a cria\u00e7\u00e3o de valor quanto o modelo de neg\u00f3cios s\u00e3o ajustados. Um fator central de sucesso \u00e9 a considera\u00e7\u00e3o hol\u00edstica das dimens\u00f5es de pessoas, tecnologia e organiza\u00e7\u00e3o.<\/p>\n<h5><strong>Site interativo facilita a classifica\u00e7\u00e3o<\/strong><\/h5>\n<p>No site www.bvl-trends.de, os resultados do estudo est\u00e3o dispon\u00edveis a partir de agora. Para ilustr\u00e1-los e facilitar a classifica\u00e7\u00e3o, l\u00e1 podem ser encontrados, al\u00e9m das tend\u00eancias identificadas pela pesquisa, tamb\u00e9m relatos pr\u00e1ticos e declara\u00e7\u00f5es de especialistas, podcasts, trechos de webinars ou conte\u00fados de grandes eventos log\u00edsticos, como o Congresso Alem\u00e3o de Log\u00edstica. Al\u00e9m disso, no Datacenter est\u00e3o dispon\u00edveis gr\u00e1ficos interativos \u00fateis, por exemplo, sobre as emiss\u00f5es de gases de efeito estufa por pa\u00eds na Europa ou sobre o cen\u00e1rio de riscos global de 2020. &#8220;A cria\u00e7\u00e3o do site foi um projeto colaborativo, pois recebemos contribui\u00e7\u00f5es valiosas de muitos lados da rede BVL. Os visitantes do site t\u00eam assim a oportunidade de descobrir as tend\u00eancias em suas diferentes facetas de forma multim\u00eddia&#8221;, diz Dr. Christian Grotemeier, diretor da BVL.digital.<\/p>\n<p><img loading=\"lazy\" decoding=\"async\" class=\"aligncenter wp-image-4407 size-large\" src=\"https:\/\/loginfo24.com\/wp-content\/uploads\/sites\/7\/2025\/12\/BVL_24.7.20_1.jpg\" alt=\"\" width=\"1024\" height=\"557\" \/><\/p>\n<h5><strong>Entrevistados veem mais oportunidades, menos riscos<\/strong><\/h5>\n<p>&#8220;Os resultados do estudo indicam, entre outras coisas, uma certa press\u00e3o para agir, por exemplo, na transforma\u00e7\u00e3o digital dos modelos de neg\u00f3cios \u2013 a implementa\u00e7\u00e3o n\u00e3o avan\u00e7ou tanto quanto esper\u00e1vamos&#8221;, diz o Prof. Wolfgang Kersten sobre o estudo. Algumas outras declara\u00e7\u00f5es principais s\u00e3o: Quase todos os profissionais de log\u00edstica associam a digitaliza\u00e7\u00e3o a grandes oportunidades, mas tamb\u00e9m a riscos. Enquanto as oportunidades s\u00e3o avaliadas como ligeiramente superiores, os riscos s\u00e3o considerados um pouco menores do que em 2016. Os entrevistados esperam que a digitaliza\u00e7\u00e3o traga tanto redu\u00e7\u00e3o de custos quanto aumento de receitas e esperam requisitos crescentes em rela\u00e7\u00e3o \u00e0 capacidade de inova\u00e7\u00e3o.<\/p>\n<p>As tr\u00eas principais tend\u00eancias s\u00e3o, como em 2016, a digitaliza\u00e7\u00e3o dos processos de neg\u00f3cios, transpar\u00eancia na cadeia de valor e press\u00e3o sobre custos. A tend\u00eancia de sustentabilidade tamb\u00e9m est\u00e1 entre as dez principais, e quase metade das empresas avalia sua capacidade de adapta\u00e7\u00e3o correspondente como alta.<\/p>\n<h5><strong>Estado de implementa\u00e7\u00e3o da digitaliza\u00e7\u00e3o relativamente baixo<\/strong><\/h5>\n<p>Ao considerar o estado da digitaliza\u00e7\u00e3o nas empresas, observa-se que o n\u00edvel de implementa\u00e7\u00e3o \u00e9 relativamente baixo, apesar da alta relev\u00e2ncia que os entrevistados atribuem a essa tend\u00eancia. Isso se aplica especialmente a sistemas de assist\u00eancia como Pick-by-Vision\/AR, que cerca de um quinto dos entrevistados implementou. O \u00faltimo em termos de estado de implementa\u00e7\u00e3o, apesar da avalia\u00e7\u00e3o m\u00e9dia de relev\u00e2ncia, s\u00e3o os caminh\u00f5es\/carros aut\u00f4nomos.<\/p>\n<p>Nas tecnologias futuras da \u00e1rea de an\u00e1lise de dados, ainda h\u00e1 potencial de recupera\u00e7\u00e3o para os profissionais de log\u00edstica. Por exemplo, a an\u00e1lise preditiva \u00e9 considerada bastante relevante, mas o n\u00edvel de implementa\u00e7\u00e3o est\u00e1 abaixo de 50 por cento.<\/p>\n<p>Um foco na digitaliza\u00e7\u00e3o dos modelos de neg\u00f3cios n\u00e3o pode ser observado entre os entrevistados atualmente: 38% n\u00e3o t\u00eam uma oferta de servi\u00e7os digitais, mais da metade n\u00e3o possui um ramo de neg\u00f3cios para servi\u00e7os e produtos digitais ou um modelo de neg\u00f3cios digital. Em compara\u00e7\u00e3o com 2016, quase n\u00e3o h\u00e1 diferen\u00e7as: 62% (2016: 58%) planejam expandir sua oferta com servi\u00e7os digitais, 44% (2016: 39%) querem expandir seu modelo de neg\u00f3cios com um ramo de neg\u00f3cios digital e 43% querem transformar seu modelo de neg\u00f3cios existente em um digital.<\/p>\n<p><img loading=\"lazy\" decoding=\"async\" class=\"aligncenter wp-image-4406 size-large\" src=\"https:\/\/loginfo24.com\/wp-content\/uploads\/sites\/7\/2025\/12\/BVL_24.7.20_2.jpg\" alt=\"\" width=\"1024\" height=\"601\" \/><\/p>\n<p>&nbsp;<\/p>\n<h5><strong>Sustentabilidade sob a responsabilidade da pol\u00edtica e dos clientes<\/strong><\/h5>\n<p>Cerca de 100 profissionais de log\u00edstica participaram da investiga\u00e7\u00e3o aprofundada sobre sustentabilidade, que atuam em partes iguais na ind\u00fastria, com\u00e9rcio e servi\u00e7os log\u00edsticos. O resultado revela, entre outras coisas, que eles veem a maior responsabilidade pela sustentabilidade na pol\u00edtica (82%) e nos clientes finais (76%). Mas tamb\u00e9m os prestadores de servi\u00e7os log\u00edsticos (71%) e os remetentes da ind\u00fastria e do com\u00e9rcio (73%) s\u00e3o considerados altamente respons\u00e1veis.<\/p>\n<p>Embora os entrevistados estejam cientes da relev\u00e2ncia da convers\u00e3o da frota de caminh\u00f5es para motores alternativos, a implementa\u00e7\u00e3o ainda est\u00e1 no in\u00edcio. Quando perguntados sobre qual tecnologia de propuls\u00e3o prevalecer\u00e1 no futuro, a maioria est\u00e1 convencida de que a eletricidade ser\u00e1 a escolha para curtas dist\u00e2ncias e o hidrog\u00eanio para longas dist\u00e2ncias.<\/p>\n<p>Cerca de um quarto dos prestadores de servi\u00e7os log\u00edsticos entrevistados recebe &#8220;pelo menos frequentemente&#8221; solicita\u00e7\u00f5es por log\u00edstica mais sustent\u00e1vel e avalia a tend\u00eancia como crescente. A mesma propor\u00e7\u00e3o dos remetentes entrevistados exige sustentabilidade de seus prestadores de servi\u00e7os em muitos pedidos de transporte. O problema se revela na dimens\u00e3o econ\u00f4mica: apenas quatro por cento dos entrevistados avaliam a disposi\u00e7\u00e3o de seus clientes em pagar um pre\u00e7o adicional pela sustentabilidade como alta ou muito alta.<\/p>\n<h5><strong>Ainda h\u00e1 potencial em An\u00e1lise Avan\u00e7ada de Dados<\/strong><\/h5>\n<p>Cerca de 80 profissionais de log\u00edstica participaram da an\u00e1lise aprofundada sobre An\u00e1lise Avan\u00e7ada de Dados (ADA). ADA abrange m\u00e9todos para a an\u00e1lise de dados que geram valor, permitindo avalia\u00e7\u00f5es preditivas e prescritivas, por exemplo, por meio de minera\u00e7\u00e3o de texto ou aprendizado de m\u00e1quina. Cerca de um ter\u00e7o dos entrevistados afirmou usar ADA de forma ben\u00e9fica. Embora, por exemplo, o aprendizado de m\u00e1quina ou decis\u00f5es automatizadas sejam considerados altamente relevantes, apenas a An\u00e1lise Descritiva (estat\u00edstica) \u00e9 utilizada na maioria das empresas (61%).<\/p>\n<p>Os maiores motivadores para iniciar um projeto de ADA s\u00e3o a utiliza\u00e7\u00e3o valiosa de dados e o desejo de mais transpar\u00eancia ou compreens\u00e3o em uma \u00e1rea. Os tr\u00eas principais objetivos s\u00e3o otimizar decis\u00f5es, processos internos e produtos e servi\u00e7os existentes. Para a implementa\u00e7\u00e3o, em muitos casos, especialistas s\u00e3o envolvidos. A relev\u00e2ncia dos fatores de sucesso t\u00e9cnicos \u00e9 considerada alta, enquanto a dos fatores organizacionais \u00e9 menor. Isso revela uma fraqueza t\u00edpica \u2013 o foco ainda insuficiente na organiza\u00e7\u00e3o.<\/p>\n<p>Os resultados do estudo e todas as outras informa\u00e7\u00f5es podem ser encontradas online em <a href=\"https:\/\/www.bvl-trends.de\/\" target=\"_blank\" rel=\"noopener noreferrer\"><strong>www.bvl-trends.de<\/strong><\/a>. Em um v\u00eddeo na p\u00e1gina inicial, o Prof. Wolfgang Kersten fala sobre os motivos e d\u00e1 uma primeira classifica\u00e7\u00e3o dos resultados. O estudo e o site ser\u00e3o atualizados mensalmente a partir de agora, complementados e expandidos com resultados de outras tend\u00eancias.<\/p>\n<p>Foto\/Graficos: \u00a9 Adobe Stock<\/p>\n<p><a href=\"https:\/\/www.bvl.de\" target=\"_blank\" rel=\"noopener noreferrer\">www.bvl.de<\/a><\/p>\n","protected":false},"excerpt":{"rendered":"<p>A Associa\u00e7\u00e3o Federal de Log\u00edstica (BVL) publica a nova edi\u00e7\u00e3o do estudo &#8216;Tend\u00eancias e Estrat\u00e9gias em Log\u00edstica e Gest\u00e3o da Cadeia de Suprimentos&#8217;. O estudo mostra<span class=\"excerpt-hellip\"> [\u2026]<\/span><\/p>\n","protected":false},"author":0,"featured_media":0,"comment_status":"open","ping_status":"open","sticky":false,"template":"","format":"standard","meta":{"_acf_changed":false,"footnotes":""},"categories":[1665,1557,1561],"tags":[],"class_list":["post-18747","post","type-post","status-publish","format-standard","hentry","category-categories","category-forwarding-logistics","category-regions"],"acf":[],"yoast_head":"<!-- This site is optimized with the Yoast SEO plugin v27.3 - https:\/\/yoast.com\/product\/yoast-seo-wordpress\/ -->\n<title>BVL com &quot;Tend\u00eancias e Estrat\u00e9gias em Log\u00edstica e Gest\u00e3o da Cadeia de Suprimentos&quot; - Loginfo24<\/title>\n<meta name=\"robots\" content=\"index, follow, max-snippet:-1, max-image-preview:large, max-video-preview:-1\" \/>\n<link rel=\"canonical\" href=\"https:\/\/loginfo24.com\/pt-pt\/2020\/07\/24\/bvl-com-tendencias-e-estrategias-em-logistica-e-gestao-da-cadeia-de-suprimentos\/\" \/>\n<meta property=\"og:locale\" content=\"pt_PT\" \/>\n<meta property=\"og:type\" content=\"article\" \/>\n<meta property=\"og:title\" content=\"BVL com &quot;Tend\u00eancias e Estrat\u00e9gias em Log\u00edstica e Gest\u00e3o da Cadeia de Suprimentos&quot; - Loginfo24\" \/>\n<meta property=\"og:description\" content=\"A Associa\u00e7\u00e3o Federal de Log\u00edstica (BVL) publica a nova edi\u00e7\u00e3o do estudo &#8216;Tend\u00eancias e Estrat\u00e9gias em Log\u00edstica e Gest\u00e3o da Cadeia de Suprimentos&#8217;. O estudo mostra [\u2026]\" \/>\n<meta property=\"og:url\" content=\"https:\/\/loginfo24.com\/pt-pt\/2020\/07\/24\/bvl-com-tendencias-e-estrategias-em-logistica-e-gestao-da-cadeia-de-suprimentos\/\" \/>\n<meta property=\"og:site_name\" content=\"Loginfo24\" \/>\n<meta property=\"article:publisher\" content=\"https:\/\/www.facebook.com\/people\/Loginfo24\/100057360583332\/\" \/>\n<meta property=\"article:published_time\" content=\"2020-07-24T05:00:52+00:00\" \/>\n<meta property=\"article:modified_time\" content=\"2025-12-15T11:32:34+00:00\" \/>\n<meta property=\"og:image\" content=\"https:\/\/loginfo24.com\/wp-content\/uploads\/sites\/7\/2025\/12\/BVL_24.7.20_1.jpg\" \/>\n<meta name=\"twitter:card\" content=\"summary_large_image\" \/>\n<meta name=\"twitter:label1\" content=\"Tempo estimado de leitura\" \/>\n\t<meta name=\"twitter:data1\" content=\"7 minutos\" \/>\n<script type=\"application\/ld+json\" class=\"yoast-schema-graph\">{\"@context\":\"https:\\\/\\\/schema.org\",\"@graph\":[{\"@type\":\"Article\",\"@id\":\"https:\\\/\\\/loginfo24.com\\\/pt-pt\\\/2020\\\/07\\\/24\\\/bvl-com-tendencias-e-estrategias-em-logistica-e-gestao-da-cadeia-de-suprimentos\\\/#article\",\"isPartOf\":{\"@id\":\"https:\\\/\\\/loginfo24.com\\\/pt-pt\\\/2020\\\/07\\\/24\\\/bvl-com-tendencias-e-estrategias-em-logistica-e-gestao-da-cadeia-de-suprimentos\\\/\"},\"author\":{\"name\":\"\",\"@id\":\"\"},\"headline\":\"BVL com &#8220;Tend\u00eancias e Estrat\u00e9gias em Log\u00edstica e Gest\u00e3o da Cadeia de Suprimentos&#8221;\",\"datePublished\":\"2020-07-24T05:00:52+00:00\",\"dateModified\":\"2025-12-15T11:32:34+00:00\",\"mainEntityOfPage\":{\"@id\":\"https:\\\/\\\/loginfo24.com\\\/pt-pt\\\/2020\\\/07\\\/24\\\/bvl-com-tendencias-e-estrategias-em-logistica-e-gestao-da-cadeia-de-suprimentos\\\/\"},\"wordCount\":1346,\"commentCount\":0,\"publisher\":{\"@id\":\"https:\\\/\\\/loginfo24.com\\\/pt-pt\\\/#organization\"},\"image\":{\"@id\":\"https:\\\/\\\/loginfo24.com\\\/pt-pt\\\/2020\\\/07\\\/24\\\/bvl-com-tendencias-e-estrategias-em-logistica-e-gestao-da-cadeia-de-suprimentos\\\/#primaryimage\"},\"thumbnailUrl\":\"https:\\\/\\\/loginfo24.com\\\/wp-content\\\/uploads\\\/sites\\\/7\\\/2025\\\/12\\\/BVL_24.7.20_1.jpg\",\"articleSection\":[\"Categories\",\"Forwarding &amp; Logistics\",\"Regions\"],\"inLanguage\":\"pt-PT\",\"potentialAction\":[{\"@type\":\"CommentAction\",\"name\":\"Comment\",\"target\":[\"https:\\\/\\\/loginfo24.com\\\/pt-pt\\\/2020\\\/07\\\/24\\\/bvl-com-tendencias-e-estrategias-em-logistica-e-gestao-da-cadeia-de-suprimentos\\\/#respond\"]}]},{\"@type\":\"WebPage\",\"@id\":\"https:\\\/\\\/loginfo24.com\\\/pt-pt\\\/2020\\\/07\\\/24\\\/bvl-com-tendencias-e-estrategias-em-logistica-e-gestao-da-cadeia-de-suprimentos\\\/\",\"url\":\"https:\\\/\\\/loginfo24.com\\\/pt-pt\\\/2020\\\/07\\\/24\\\/bvl-com-tendencias-e-estrategias-em-logistica-e-gestao-da-cadeia-de-suprimentos\\\/\",\"name\":\"BVL com \\\"Tend\u00eancias e Estrat\u00e9gias em Log\u00edstica e Gest\u00e3o da Cadeia de Suprimentos\\\" - Loginfo24\",\"isPartOf\":{\"@id\":\"https:\\\/\\\/loginfo24.com\\\/pt-pt\\\/#website\"},\"primaryImageOfPage\":{\"@id\":\"https:\\\/\\\/loginfo24.com\\\/pt-pt\\\/2020\\\/07\\\/24\\\/bvl-com-tendencias-e-estrategias-em-logistica-e-gestao-da-cadeia-de-suprimentos\\\/#primaryimage\"},\"image\":{\"@id\":\"https:\\\/\\\/loginfo24.com\\\/pt-pt\\\/2020\\\/07\\\/24\\\/bvl-com-tendencias-e-estrategias-em-logistica-e-gestao-da-cadeia-de-suprimentos\\\/#primaryimage\"},\"thumbnailUrl\":\"https:\\\/\\\/loginfo24.com\\\/wp-content\\\/uploads\\\/sites\\\/7\\\/2025\\\/12\\\/BVL_24.7.20_1.jpg\",\"datePublished\":\"2020-07-24T05:00:52+00:00\",\"dateModified\":\"2025-12-15T11:32:34+00:00\",\"breadcrumb\":{\"@id\":\"https:\\\/\\\/loginfo24.com\\\/pt-pt\\\/2020\\\/07\\\/24\\\/bvl-com-tendencias-e-estrategias-em-logistica-e-gestao-da-cadeia-de-suprimentos\\\/#breadcrumb\"},\"inLanguage\":\"pt-PT\",\"potentialAction\":[{\"@type\":\"ReadAction\",\"target\":[\"https:\\\/\\\/loginfo24.com\\\/pt-pt\\\/2020\\\/07\\\/24\\\/bvl-com-tendencias-e-estrategias-em-logistica-e-gestao-da-cadeia-de-suprimentos\\\/\"]}]},{\"@type\":\"ImageObject\",\"inLanguage\":\"pt-PT\",\"@id\":\"https:\\\/\\\/loginfo24.com\\\/pt-pt\\\/2020\\\/07\\\/24\\\/bvl-com-tendencias-e-estrategias-em-logistica-e-gestao-da-cadeia-de-suprimentos\\\/#primaryimage\",\"url\":\"https:\\\/\\\/loginfo24.com\\\/wp-content\\\/uploads\\\/sites\\\/7\\\/2025\\\/12\\\/BVL_24.7.20_1.jpg\",\"contentUrl\":\"https:\\\/\\\/loginfo24.com\\\/wp-content\\\/uploads\\\/sites\\\/7\\\/2025\\\/12\\\/BVL_24.7.20_1.jpg\"},{\"@type\":\"BreadcrumbList\",\"@id\":\"https:\\\/\\\/loginfo24.com\\\/pt-pt\\\/2020\\\/07\\\/24\\\/bvl-com-tendencias-e-estrategias-em-logistica-e-gestao-da-cadeia-de-suprimentos\\\/#breadcrumb\",\"itemListElement\":[{\"@type\":\"ListItem\",\"position\":1,\"name\":\"Startseite\",\"item\":\"https:\\\/\\\/loginfo24.com\\\/pt-pt\\\/\"},{\"@type\":\"ListItem\",\"position\":2,\"name\":\"BVL com &#8222;Tend\u00eancias e Estrat\u00e9gias em Log\u00edstica e Gest\u00e3o da Cadeia de Suprimentos&#8220;\"}]},{\"@type\":\"WebSite\",\"@id\":\"https:\\\/\\\/loginfo24.com\\\/pt-pt\\\/#website\",\"url\":\"https:\\\/\\\/loginfo24.com\\\/pt-pt\\\/\",\"name\":\"Loginfo24\",\"description\":\"Loginfo24 \u00e9 a plataforma dedicada \u00e0 log\u00edstica e \u00e0s cadeias de abastecimento, com informa\u00e7\u00f5es dispon\u00edveis 24 horas por dia.\",\"publisher\":{\"@id\":\"https:\\\/\\\/loginfo24.com\\\/pt-pt\\\/#organization\"},\"potentialAction\":[{\"@type\":\"SearchAction\",\"target\":{\"@type\":\"EntryPoint\",\"urlTemplate\":\"https:\\\/\\\/loginfo24.com\\\/pt-pt\\\/?s={search_term_string}\"},\"query-input\":{\"@type\":\"PropertyValueSpecification\",\"valueRequired\":true,\"valueName\":\"search_term_string\"}}],\"inLanguage\":\"pt-PT\"},{\"@type\":\"Organization\",\"@id\":\"https:\\\/\\\/loginfo24.com\\\/pt-pt\\\/#organization\",\"name\":\"Logismedia Group AG\",\"url\":\"https:\\\/\\\/loginfo24.com\\\/pt-pt\\\/\",\"logo\":{\"@type\":\"ImageObject\",\"inLanguage\":\"pt-PT\",\"@id\":\"https:\\\/\\\/loginfo24.com\\\/pt-pt\\\/#\\\/schema\\\/logo\\\/image\\\/\",\"url\":\"https:\\\/\\\/loginfo24.com\\\/wp-content\\\/uploads\\\/sites\\\/7\\\/2026\\\/01\\\/Logo_LogInfo24.png\",\"contentUrl\":\"https:\\\/\\\/loginfo24.com\\\/wp-content\\\/uploads\\\/sites\\\/7\\\/2026\\\/01\\\/Logo_LogInfo24.png\",\"width\":938,\"height\":351,\"caption\":\"Logismedia Group AG\"},\"image\":{\"@id\":\"https:\\\/\\\/loginfo24.com\\\/pt-pt\\\/#\\\/schema\\\/logo\\\/image\\\/\"},\"sameAs\":[\"https:\\\/\\\/www.facebook.com\\\/people\\\/Loginfo24\\\/100057360583332\\\/\",\"https:\\\/\\\/www.linkedin.com\\\/company\\\/lofinfo24\\\/\"]}]}<\/script>\n<!-- \/ Yoast SEO plugin. -->","yoast_head_json":{"title":"BVL com \"Tend\u00eancias e Estrat\u00e9gias em Log\u00edstica e Gest\u00e3o da Cadeia de Suprimentos\" - Loginfo24","robots":{"index":"index","follow":"follow","max-snippet":"max-snippet:-1","max-image-preview":"max-image-preview:large","max-video-preview":"max-video-preview:-1"},"canonical":"https:\/\/loginfo24.com\/pt-pt\/2020\/07\/24\/bvl-com-tendencias-e-estrategias-em-logistica-e-gestao-da-cadeia-de-suprimentos\/","og_locale":"pt_PT","og_type":"article","og_title":"BVL com \"Tend\u00eancias e Estrat\u00e9gias em Log\u00edstica e Gest\u00e3o da Cadeia de Suprimentos\" - Loginfo24","og_description":"A Associa\u00e7\u00e3o Federal de Log\u00edstica (BVL) publica a nova edi\u00e7\u00e3o do estudo &#8216;Tend\u00eancias e Estrat\u00e9gias em Log\u00edstica e Gest\u00e3o da Cadeia de Suprimentos&#8217;. O estudo mostra [\u2026]","og_url":"https:\/\/loginfo24.com\/pt-pt\/2020\/07\/24\/bvl-com-tendencias-e-estrategias-em-logistica-e-gestao-da-cadeia-de-suprimentos\/","og_site_name":"Loginfo24","article_publisher":"https:\/\/www.facebook.com\/people\/Loginfo24\/100057360583332\/","article_published_time":"2020-07-24T05:00:52+00:00","article_modified_time":"2025-12-15T11:32:34+00:00","og_image":[{"url":"https:\/\/loginfo24.com\/wp-content\/uploads\/sites\/7\/2025\/12\/BVL_24.7.20_1.jpg","type":"","width":"","height":""}],"twitter_card":"summary_large_image","twitter_misc":{"Tempo estimado de leitura":"7 minutos"},"schema":{"@context":"https:\/\/schema.org","@graph":[{"@type":"Article","@id":"https:\/\/loginfo24.com\/pt-pt\/2020\/07\/24\/bvl-com-tendencias-e-estrategias-em-logistica-e-gestao-da-cadeia-de-suprimentos\/#article","isPartOf":{"@id":"https:\/\/loginfo24.com\/pt-pt\/2020\/07\/24\/bvl-com-tendencias-e-estrategias-em-logistica-e-gestao-da-cadeia-de-suprimentos\/"},"author":{"name":"","@id":""},"headline":"BVL com &#8220;Tend\u00eancias e Estrat\u00e9gias em Log\u00edstica e Gest\u00e3o da Cadeia de Suprimentos&#8221;","datePublished":"2020-07-24T05:00:52+00:00","dateModified":"2025-12-15T11:32:34+00:00","mainEntityOfPage":{"@id":"https:\/\/loginfo24.com\/pt-pt\/2020\/07\/24\/bvl-com-tendencias-e-estrategias-em-logistica-e-gestao-da-cadeia-de-suprimentos\/"},"wordCount":1346,"commentCount":0,"publisher":{"@id":"https:\/\/loginfo24.com\/pt-pt\/#organization"},"image":{"@id":"https:\/\/loginfo24.com\/pt-pt\/2020\/07\/24\/bvl-com-tendencias-e-estrategias-em-logistica-e-gestao-da-cadeia-de-suprimentos\/#primaryimage"},"thumbnailUrl":"https:\/\/loginfo24.com\/wp-content\/uploads\/sites\/7\/2025\/12\/BVL_24.7.20_1.jpg","articleSection":["Categories","Forwarding &amp; Logistics","Regions"],"inLanguage":"pt-PT","potentialAction":[{"@type":"CommentAction","name":"Comment","target":["https:\/\/loginfo24.com\/pt-pt\/2020\/07\/24\/bvl-com-tendencias-e-estrategias-em-logistica-e-gestao-da-cadeia-de-suprimentos\/#respond"]}]},{"@type":"WebPage","@id":"https:\/\/loginfo24.com\/pt-pt\/2020\/07\/24\/bvl-com-tendencias-e-estrategias-em-logistica-e-gestao-da-cadeia-de-suprimentos\/","url":"https:\/\/loginfo24.com\/pt-pt\/2020\/07\/24\/bvl-com-tendencias-e-estrategias-em-logistica-e-gestao-da-cadeia-de-suprimentos\/","name":"BVL com \"Tend\u00eancias e Estrat\u00e9gias em Log\u00edstica e Gest\u00e3o da Cadeia de Suprimentos\" - Loginfo24","isPartOf":{"@id":"https:\/\/loginfo24.com\/pt-pt\/#website"},"primaryImageOfPage":{"@id":"https:\/\/loginfo24.com\/pt-pt\/2020\/07\/24\/bvl-com-tendencias-e-estrategias-em-logistica-e-gestao-da-cadeia-de-suprimentos\/#primaryimage"},"image":{"@id":"https:\/\/loginfo24.com\/pt-pt\/2020\/07\/24\/bvl-com-tendencias-e-estrategias-em-logistica-e-gestao-da-cadeia-de-suprimentos\/#primaryimage"},"thumbnailUrl":"https:\/\/loginfo24.com\/wp-content\/uploads\/sites\/7\/2025\/12\/BVL_24.7.20_1.jpg","datePublished":"2020-07-24T05:00:52+00:00","dateModified":"2025-12-15T11:32:34+00:00","breadcrumb":{"@id":"https:\/\/loginfo24.com\/pt-pt\/2020\/07\/24\/bvl-com-tendencias-e-estrategias-em-logistica-e-gestao-da-cadeia-de-suprimentos\/#breadcrumb"},"inLanguage":"pt-PT","potentialAction":[{"@type":"ReadAction","target":["https:\/\/loginfo24.com\/pt-pt\/2020\/07\/24\/bvl-com-tendencias-e-estrategias-em-logistica-e-gestao-da-cadeia-de-suprimentos\/"]}]},{"@type":"ImageObject","inLanguage":"pt-PT","@id":"https:\/\/loginfo24.com\/pt-pt\/2020\/07\/24\/bvl-com-tendencias-e-estrategias-em-logistica-e-gestao-da-cadeia-de-suprimentos\/#primaryimage","url":"https:\/\/loginfo24.com\/wp-content\/uploads\/sites\/7\/2025\/12\/BVL_24.7.20_1.jpg","contentUrl":"https:\/\/loginfo24.com\/wp-content\/uploads\/sites\/7\/2025\/12\/BVL_24.7.20_1.jpg"},{"@type":"BreadcrumbList","@id":"https:\/\/loginfo24.com\/pt-pt\/2020\/07\/24\/bvl-com-tendencias-e-estrategias-em-logistica-e-gestao-da-cadeia-de-suprimentos\/#breadcrumb","itemListElement":[{"@type":"ListItem","position":1,"name":"Startseite","item":"https:\/\/loginfo24.com\/pt-pt\/"},{"@type":"ListItem","position":2,"name":"BVL com &#8222;Tend\u00eancias e Estrat\u00e9gias em Log\u00edstica e Gest\u00e3o da Cadeia de Suprimentos&#8220;"}]},{"@type":"WebSite","@id":"https:\/\/loginfo24.com\/pt-pt\/#website","url":"https:\/\/loginfo24.com\/pt-pt\/","name":"Loginfo24","description":"Loginfo24 \u00e9 a plataforma dedicada \u00e0 log\u00edstica e \u00e0s cadeias de abastecimento, com informa\u00e7\u00f5es dispon\u00edveis 24 horas por dia.","publisher":{"@id":"https:\/\/loginfo24.com\/pt-pt\/#organization"},"potentialAction":[{"@type":"SearchAction","target":{"@type":"EntryPoint","urlTemplate":"https:\/\/loginfo24.com\/pt-pt\/?s={search_term_string}"},"query-input":{"@type":"PropertyValueSpecification","valueRequired":true,"valueName":"search_term_string"}}],"inLanguage":"pt-PT"},{"@type":"Organization","@id":"https:\/\/loginfo24.com\/pt-pt\/#organization","name":"Logismedia Group AG","url":"https:\/\/loginfo24.com\/pt-pt\/","logo":{"@type":"ImageObject","inLanguage":"pt-PT","@id":"https:\/\/loginfo24.com\/pt-pt\/#\/schema\/logo\/image\/","url":"https:\/\/loginfo24.com\/wp-content\/uploads\/sites\/7\/2026\/01\/Logo_LogInfo24.png","contentUrl":"https:\/\/loginfo24.com\/wp-content\/uploads\/sites\/7\/2026\/01\/Logo_LogInfo24.png","width":938,"height":351,"caption":"Logismedia Group AG"},"image":{"@id":"https:\/\/loginfo24.com\/pt-pt\/#\/schema\/logo\/image\/"},"sameAs":["https:\/\/www.facebook.com\/people\/Loginfo24\/100057360583332\/","https:\/\/www.linkedin.com\/company\/lofinfo24\/"]}]}},"_links":{"self":[{"href":"https:\/\/loginfo24.com\/pt-pt\/wp-json\/wp\/v2\/posts\/18747","targetHints":{"allow":["GET"]}}],"collection":[{"href":"https:\/\/loginfo24.com\/pt-pt\/wp-json\/wp\/v2\/posts"}],"about":[{"href":"https:\/\/loginfo24.com\/pt-pt\/wp-json\/wp\/v2\/types\/post"}],"replies":[{"embeddable":true,"href":"https:\/\/loginfo24.com\/pt-pt\/wp-json\/wp\/v2\/comments?post=18747"}],"version-history":[{"count":1,"href":"https:\/\/loginfo24.com\/pt-pt\/wp-json\/wp\/v2\/posts\/18747\/revisions"}],"predecessor-version":[{"id":33810,"href":"https:\/\/loginfo24.com\/pt-pt\/wp-json\/wp\/v2\/posts\/18747\/revisions\/33810"}],"wp:attachment":[{"href":"https:\/\/loginfo24.com\/pt-pt\/wp-json\/wp\/v2\/media?parent=18747"}],"wp:term":[{"taxonomy":"category","embeddable":true,"href":"https:\/\/loginfo24.com\/pt-pt\/wp-json\/wp\/v2\/categories?post=18747"},{"taxonomy":"post_tag","embeddable":true,"href":"https:\/\/loginfo24.com\/pt-pt\/wp-json\/wp\/v2\/tags?post=18747"}],"curies":[{"name":"wp","href":"https:\/\/api.w.org\/{rel}","templated":true}]}}