{"id":18737,"date":"2020-07-24T07:00:43","date_gmt":"2020-07-24T05:00:43","guid":{"rendered":"https:\/\/blog.brand-architecture.at\/2020\/07\/24\/gebruder-weiss-aumenta-capacidades-logisticas-em-kalsdorf-perto-de-graz\/"},"modified":"2025-12-15T12:32:32","modified_gmt":"2025-12-15T11:32:32","slug":"gebruder-weiss-aumenta-capacidades-logisticas-em-kalsdorf-perto-de-graz","status":"publish","type":"post","link":"https:\/\/loginfo24.com\/pt-pt\/2020\/07\/24\/gebruder-weiss-aumenta-capacidades-logisticas-em-kalsdorf-perto-de-graz\/","title":{"rendered":"Gebr\u00fcder Weiss aumenta capacidades log\u00edsticas em Kalsdorf, perto de Graz"},"content":{"rendered":"<p>Gebr\u00fcder Weiss celebra o in\u00edcio da constru\u00e7\u00e3o do novo centro log\u00edstico em Kalsdorf, perto de Graz. As obras come\u00e7aram oficialmente. O novo terminal ser\u00e1 constru\u00eddo em uma \u00e1rea total de 70.000 metros quadrados e ser\u00e1 inaugurado na primavera de 2021. O investimento totaliza 26 milh\u00f5es de euros.<\/p>\n<p>(Lauterach \/ Kalsdorf) Gebr\u00fcder Weiss est\u00e1 se expandindo na Est\u00edria: No dia 22 de julho, foi dado o in\u00edcio oficial da constru\u00e7\u00e3o de um novo local com um total de 70.000 metros quadrados em Kalsdorf, perto de Graz. O terminal log\u00edstico projetado para 26 milh\u00f5es de euros substituir\u00e1 a localiza\u00e7\u00e3o atual. A instala\u00e7\u00e3o anterior na Alten Poststra\u00dfe havia atingido seus limites de capacidade. O in\u00edcio da constru\u00e7\u00e3o do novo terminal j\u00e1 ocorreu em abril. O in\u00edcio da constru\u00e7\u00e3o originalmente planejado foi adiado devido \u00e0 crise da Coronav\u00edrus. A inaugura\u00e7\u00e3o da nova filial est\u00e1 prevista para a pr\u00f3xima primavera.<\/p>\n<h5><strong>Concentrar pedidos em um s\u00f3 lugar<\/strong><\/h5>\n<p> &#8220;Ap\u00f3s a conclus\u00e3o, teremos um local log\u00edstico de \u00faltima gera\u00e7\u00e3o para nossos clientes e nossos 180 funcion\u00e1rios. Com esta instala\u00e7\u00e3o, podemos tamb\u00e9m concentrar pedidos que anteriormente estavam distribu\u00eddos em v\u00e1rias unidades operacionais na regi\u00e3o&#8221;, diz Gerhard Haas, gerente da filial Gebr\u00fcder Weiss Graz. &#8220;A nova instala\u00e7\u00e3o possibilita processos mais eficientes e um desenvolvimento adicional para o mercado da Est\u00edria \u2013 tamb\u00e9m em dire\u00e7\u00e3o \u00e0 entrega em domic\u00edlio. Decidimos, apesar da crise da Coronav\u00edrus, dar este passo importante para Graz.&#8221;<\/p>\n<h5><\/h5>\n<h5><strong><img loading=\"lazy\" decoding=\"async\" class=\"aligncenter wp-image-4395 size-large\" src=\"https:\/\/loginfo24.com\/wp-content\/uploads\/sites\/7\/2025\/12\/Gebrueder_Weiss_24.7.20_1.jpg\" alt=\"\" width=\"1024\" height=\"344\" \/><\/strong><\/h5>\n<h5><strong>Localiza\u00e7\u00e3o favor\u00e1vel ao tr\u00e1fego com grande \u00e1rea de armazenamento e transbordo<\/strong><\/h5>\n<p> A localiza\u00e7\u00e3o da Gebr\u00fcder Weiss em Graz processou cerca de 670.000 envios em 2019. Para um dos motores de crescimento, o neg\u00f3cio de entrega em domic\u00edlio, uma d\u00fazia de ve\u00edculos est\u00e1 em opera\u00e7\u00e3o diariamente, distribuindo at\u00e9 300 envios para clientes finais. Os clientes da filial v\u00eam, al\u00e9m do com\u00e9rcio varejista e do e-commerce, dos setores automotivo, bem como da ind\u00fastria metal\u00fargica, de processamento de madeira e de m\u00e1quinas. &#8220;Ap\u00f3s nove meses de constru\u00e7\u00e3o, teremos \u00e0 disposi\u00e7\u00e3o um armaz\u00e9m log\u00edstico de 16.500 metros quadrados, 6.500 metros quadrados para transbordo e 4.000 metros quadrados de espa\u00e7o de escrit\u00f3rio&#8221;, avalia Gerhard Haas as dimens\u00f5es da nova constru\u00e7\u00e3o. &#8220;Localizados de forma favor\u00e1vel perto da A9 e do n\u00f3 Graz-Oeste, estaremos ainda mais r\u00e1pidos com os carregadores e seus clientes.&#8221;<\/p>\n<p>Foto 1: \u00a9 Goldbeck-Rhomberg \/<em> O novo terminal da Gebr\u00fcder Weiss em Graz abrange uma \u00e1rea total de 70.000 metros quadrados e deve ser inaugurado na primavera de 2021. <\/em><\/p>\n<p>Foto 2: \u00a9 Gebr\u00fcder Weiss \/ RIMO Foto: <em>Legenda da imagem: No in\u00edcio da constru\u00e7\u00e3o, estavam presentes (da esquerda para a direita) no dia 22 de julho: Gerhard Haas (gerente da filial Gebr\u00fcder Weiss Graz), Michael Schmid (diretor executivo Goldbeck-Rhomberg), Wolfram Senger-Weiss (CEO Gebr\u00fcder Weiss), Alexander Liebewein (gerente da filial Goldbeck-Rhomberg Salzburg), Martin Reinprecht (gerente de projeto Gebr\u00fcder Weiss) e Martin Gasser (gerente de projeto Goldbeck-Rhomberg) <\/em><\/p>\n<p><a href=\"https:\/\/www.gw-world.com\" target=\"_blank\" rel=\"noopener noreferrer\">www.gw-world.com<\/a><\/p>\n","protected":false},"excerpt":{"rendered":"<p>Gebr\u00fcder Weiss celebra o in\u00edcio da constru\u00e7\u00e3o do novo centro log\u00edstico em Kalsdorf, perto de Graz. As obras come\u00e7aram oficialmente. O novo terminal ser\u00e1 constru\u00eddo em<span class=\"excerpt-hellip\"> [\u2026]<\/span><\/p>\n","protected":false},"author":0,"featured_media":0,"comment_status":"open","ping_status":"open","sticky":false,"template":"","format":"standard","meta":{"_acf_changed":false,"footnotes":""},"categories":[1560,1561],"tags":[],"class_list":["post-18737","post","type-post","status-publish","format-standard","hentry","category-intralogistics","category-regions"],"acf":[],"yoast_head":"<!-- This site is optimized with the Yoast SEO plugin v27.3 - https:\/\/yoast.com\/product\/yoast-seo-wordpress\/ -->\n<title>Gebr\u00fcder Weiss aumenta capacidades log\u00edsticas em Kalsdorf, perto de Graz - Loginfo24<\/title>\n<meta name=\"robots\" content=\"index, follow, max-snippet:-1, max-image-preview:large, max-video-preview:-1\" \/>\n<link rel=\"canonical\" href=\"https:\/\/loginfo24.com\/pt-pt\/2020\/07\/24\/gebruder-weiss-aumenta-capacidades-logisticas-em-kalsdorf-perto-de-graz\/\" \/>\n<meta property=\"og:locale\" content=\"pt_PT\" \/>\n<meta property=\"og:type\" content=\"article\" \/>\n<meta property=\"og:title\" content=\"Gebr\u00fcder Weiss aumenta capacidades log\u00edsticas em Kalsdorf, perto de Graz - Loginfo24\" \/>\n<meta property=\"og:description\" content=\"Gebr\u00fcder Weiss celebra o in\u00edcio da constru\u00e7\u00e3o do novo centro log\u00edstico em Kalsdorf, perto de Graz. As obras come\u00e7aram oficialmente. O novo terminal ser\u00e1 constru\u00eddo em [\u2026]\" \/>\n<meta property=\"og:url\" content=\"https:\/\/loginfo24.com\/pt-pt\/2020\/07\/24\/gebruder-weiss-aumenta-capacidades-logisticas-em-kalsdorf-perto-de-graz\/\" \/>\n<meta property=\"og:site_name\" content=\"Loginfo24\" \/>\n<meta property=\"article:publisher\" content=\"https:\/\/www.facebook.com\/people\/Loginfo24\/100057360583332\/\" \/>\n<meta property=\"article:published_time\" content=\"2020-07-24T05:00:43+00:00\" \/>\n<meta property=\"article:modified_time\" content=\"2025-12-15T11:32:32+00:00\" \/>\n<meta property=\"og:image\" content=\"https:\/\/loginfo24.com\/wp-content\/uploads\/sites\/7\/2025\/12\/Gebrueder_Weiss_24.7.20_1.jpg\" \/>\n<meta name=\"twitter:card\" content=\"summary_large_image\" \/>\n<meta name=\"twitter:label1\" content=\"Tempo estimado de leitura\" \/>\n\t<meta name=\"twitter:data1\" content=\"3 minutos\" \/>\n<script type=\"application\/ld+json\" class=\"yoast-schema-graph\">{\"@context\":\"https:\\\/\\\/schema.org\",\"@graph\":[{\"@type\":\"Article\",\"@id\":\"https:\\\/\\\/loginfo24.com\\\/pt-pt\\\/2020\\\/07\\\/24\\\/gebruder-weiss-aumenta-capacidades-logisticas-em-kalsdorf-perto-de-graz\\\/#article\",\"isPartOf\":{\"@id\":\"https:\\\/\\\/loginfo24.com\\\/pt-pt\\\/2020\\\/07\\\/24\\\/gebruder-weiss-aumenta-capacidades-logisticas-em-kalsdorf-perto-de-graz\\\/\"},\"author\":{\"name\":\"\",\"@id\":\"\"},\"headline\":\"Gebr\u00fcder Weiss aumenta capacidades log\u00edsticas em Kalsdorf, perto de Graz\",\"datePublished\":\"2020-07-24T05:00:43+00:00\",\"dateModified\":\"2025-12-15T11:32:32+00:00\",\"mainEntityOfPage\":{\"@id\":\"https:\\\/\\\/loginfo24.com\\\/pt-pt\\\/2020\\\/07\\\/24\\\/gebruder-weiss-aumenta-capacidades-logisticas-em-kalsdorf-perto-de-graz\\\/\"},\"wordCount\":523,\"commentCount\":0,\"publisher\":{\"@id\":\"https:\\\/\\\/loginfo24.com\\\/pt-pt\\\/#organization\"},\"image\":{\"@id\":\"https:\\\/\\\/loginfo24.com\\\/pt-pt\\\/2020\\\/07\\\/24\\\/gebruder-weiss-aumenta-capacidades-logisticas-em-kalsdorf-perto-de-graz\\\/#primaryimage\"},\"thumbnailUrl\":\"https:\\\/\\\/loginfo24.com\\\/wp-content\\\/uploads\\\/sites\\\/7\\\/2025\\\/12\\\/Gebrueder_Weiss_24.7.20_1.jpg\",\"articleSection\":[\"Intralogistics\",\"Regions\"],\"inLanguage\":\"pt-PT\",\"potentialAction\":[{\"@type\":\"CommentAction\",\"name\":\"Comment\",\"target\":[\"https:\\\/\\\/loginfo24.com\\\/pt-pt\\\/2020\\\/07\\\/24\\\/gebruder-weiss-aumenta-capacidades-logisticas-em-kalsdorf-perto-de-graz\\\/#respond\"]}]},{\"@type\":\"WebPage\",\"@id\":\"https:\\\/\\\/loginfo24.com\\\/pt-pt\\\/2020\\\/07\\\/24\\\/gebruder-weiss-aumenta-capacidades-logisticas-em-kalsdorf-perto-de-graz\\\/\",\"url\":\"https:\\\/\\\/loginfo24.com\\\/pt-pt\\\/2020\\\/07\\\/24\\\/gebruder-weiss-aumenta-capacidades-logisticas-em-kalsdorf-perto-de-graz\\\/\",\"name\":\"Gebr\u00fcder Weiss aumenta capacidades log\u00edsticas em Kalsdorf, perto de Graz - Loginfo24\",\"isPartOf\":{\"@id\":\"https:\\\/\\\/loginfo24.com\\\/pt-pt\\\/#website\"},\"primaryImageOfPage\":{\"@id\":\"https:\\\/\\\/loginfo24.com\\\/pt-pt\\\/2020\\\/07\\\/24\\\/gebruder-weiss-aumenta-capacidades-logisticas-em-kalsdorf-perto-de-graz\\\/#primaryimage\"},\"image\":{\"@id\":\"https:\\\/\\\/loginfo24.com\\\/pt-pt\\\/2020\\\/07\\\/24\\\/gebruder-weiss-aumenta-capacidades-logisticas-em-kalsdorf-perto-de-graz\\\/#primaryimage\"},\"thumbnailUrl\":\"https:\\\/\\\/loginfo24.com\\\/wp-content\\\/uploads\\\/sites\\\/7\\\/2025\\\/12\\\/Gebrueder_Weiss_24.7.20_1.jpg\",\"datePublished\":\"2020-07-24T05:00:43+00:00\",\"dateModified\":\"2025-12-15T11:32:32+00:00\",\"breadcrumb\":{\"@id\":\"https:\\\/\\\/loginfo24.com\\\/pt-pt\\\/2020\\\/07\\\/24\\\/gebruder-weiss-aumenta-capacidades-logisticas-em-kalsdorf-perto-de-graz\\\/#breadcrumb\"},\"inLanguage\":\"pt-PT\",\"potentialAction\":[{\"@type\":\"ReadAction\",\"target\":[\"https:\\\/\\\/loginfo24.com\\\/pt-pt\\\/2020\\\/07\\\/24\\\/gebruder-weiss-aumenta-capacidades-logisticas-em-kalsdorf-perto-de-graz\\\/\"]}]},{\"@type\":\"ImageObject\",\"inLanguage\":\"pt-PT\",\"@id\":\"https:\\\/\\\/loginfo24.com\\\/pt-pt\\\/2020\\\/07\\\/24\\\/gebruder-weiss-aumenta-capacidades-logisticas-em-kalsdorf-perto-de-graz\\\/#primaryimage\",\"url\":\"https:\\\/\\\/loginfo24.com\\\/wp-content\\\/uploads\\\/sites\\\/7\\\/2025\\\/12\\\/Gebrueder_Weiss_24.7.20_1.jpg\",\"contentUrl\":\"https:\\\/\\\/loginfo24.com\\\/wp-content\\\/uploads\\\/sites\\\/7\\\/2025\\\/12\\\/Gebrueder_Weiss_24.7.20_1.jpg\"},{\"@type\":\"BreadcrumbList\",\"@id\":\"https:\\\/\\\/loginfo24.com\\\/pt-pt\\\/2020\\\/07\\\/24\\\/gebruder-weiss-aumenta-capacidades-logisticas-em-kalsdorf-perto-de-graz\\\/#breadcrumb\",\"itemListElement\":[{\"@type\":\"ListItem\",\"position\":1,\"name\":\"Startseite\",\"item\":\"https:\\\/\\\/loginfo24.com\\\/pt-pt\\\/\"},{\"@type\":\"ListItem\",\"position\":2,\"name\":\"Gebr\u00fcder Weiss aumenta capacidades log\u00edsticas em Kalsdorf, perto de Graz\"}]},{\"@type\":\"WebSite\",\"@id\":\"https:\\\/\\\/loginfo24.com\\\/pt-pt\\\/#website\",\"url\":\"https:\\\/\\\/loginfo24.com\\\/pt-pt\\\/\",\"name\":\"Loginfo24\",\"description\":\"Loginfo24 \u00e9 a plataforma dedicada \u00e0 log\u00edstica e \u00e0s cadeias de abastecimento, com informa\u00e7\u00f5es dispon\u00edveis 24 horas por dia.\",\"publisher\":{\"@id\":\"https:\\\/\\\/loginfo24.com\\\/pt-pt\\\/#organization\"},\"potentialAction\":[{\"@type\":\"SearchAction\",\"target\":{\"@type\":\"EntryPoint\",\"urlTemplate\":\"https:\\\/\\\/loginfo24.com\\\/pt-pt\\\/?s={search_term_string}\"},\"query-input\":{\"@type\":\"PropertyValueSpecification\",\"valueRequired\":true,\"valueName\":\"search_term_string\"}}],\"inLanguage\":\"pt-PT\"},{\"@type\":\"Organization\",\"@id\":\"https:\\\/\\\/loginfo24.com\\\/pt-pt\\\/#organization\",\"name\":\"Logismedia Group AG\",\"url\":\"https:\\\/\\\/loginfo24.com\\\/pt-pt\\\/\",\"logo\":{\"@type\":\"ImageObject\",\"inLanguage\":\"pt-PT\",\"@id\":\"https:\\\/\\\/loginfo24.com\\\/pt-pt\\\/#\\\/schema\\\/logo\\\/image\\\/\",\"url\":\"https:\\\/\\\/loginfo24.com\\\/wp-content\\\/uploads\\\/sites\\\/7\\\/2026\\\/01\\\/Logo_LogInfo24.png\",\"contentUrl\":\"https:\\\/\\\/loginfo24.com\\\/wp-content\\\/uploads\\\/sites\\\/7\\\/2026\\\/01\\\/Logo_LogInfo24.png\",\"width\":938,\"height\":351,\"caption\":\"Logismedia Group AG\"},\"image\":{\"@id\":\"https:\\\/\\\/loginfo24.com\\\/pt-pt\\\/#\\\/schema\\\/logo\\\/image\\\/\"},\"sameAs\":[\"https:\\\/\\\/www.facebook.com\\\/people\\\/Loginfo24\\\/100057360583332\\\/\",\"https:\\\/\\\/www.linkedin.com\\\/company\\\/lofinfo24\\\/\"]}]}<\/script>\n<!-- \/ Yoast SEO plugin. -->","yoast_head_json":{"title":"Gebr\u00fcder Weiss aumenta capacidades log\u00edsticas em Kalsdorf, perto de Graz - Loginfo24","robots":{"index":"index","follow":"follow","max-snippet":"max-snippet:-1","max-image-preview":"max-image-preview:large","max-video-preview":"max-video-preview:-1"},"canonical":"https:\/\/loginfo24.com\/pt-pt\/2020\/07\/24\/gebruder-weiss-aumenta-capacidades-logisticas-em-kalsdorf-perto-de-graz\/","og_locale":"pt_PT","og_type":"article","og_title":"Gebr\u00fcder Weiss aumenta capacidades log\u00edsticas em Kalsdorf, perto de Graz - Loginfo24","og_description":"Gebr\u00fcder Weiss celebra o in\u00edcio da constru\u00e7\u00e3o do novo centro log\u00edstico em Kalsdorf, perto de Graz. As obras come\u00e7aram oficialmente. O novo terminal ser\u00e1 constru\u00eddo em [\u2026]","og_url":"https:\/\/loginfo24.com\/pt-pt\/2020\/07\/24\/gebruder-weiss-aumenta-capacidades-logisticas-em-kalsdorf-perto-de-graz\/","og_site_name":"Loginfo24","article_publisher":"https:\/\/www.facebook.com\/people\/Loginfo24\/100057360583332\/","article_published_time":"2020-07-24T05:00:43+00:00","article_modified_time":"2025-12-15T11:32:32+00:00","og_image":[{"url":"https:\/\/loginfo24.com\/wp-content\/uploads\/sites\/7\/2025\/12\/Gebrueder_Weiss_24.7.20_1.jpg","type":"","width":"","height":""}],"twitter_card":"summary_large_image","twitter_misc":{"Tempo estimado de leitura":"3 minutos"},"schema":{"@context":"https:\/\/schema.org","@graph":[{"@type":"Article","@id":"https:\/\/loginfo24.com\/pt-pt\/2020\/07\/24\/gebruder-weiss-aumenta-capacidades-logisticas-em-kalsdorf-perto-de-graz\/#article","isPartOf":{"@id":"https:\/\/loginfo24.com\/pt-pt\/2020\/07\/24\/gebruder-weiss-aumenta-capacidades-logisticas-em-kalsdorf-perto-de-graz\/"},"author":{"name":"","@id":""},"headline":"Gebr\u00fcder Weiss aumenta capacidades log\u00edsticas em Kalsdorf, perto de Graz","datePublished":"2020-07-24T05:00:43+00:00","dateModified":"2025-12-15T11:32:32+00:00","mainEntityOfPage":{"@id":"https:\/\/loginfo24.com\/pt-pt\/2020\/07\/24\/gebruder-weiss-aumenta-capacidades-logisticas-em-kalsdorf-perto-de-graz\/"},"wordCount":523,"commentCount":0,"publisher":{"@id":"https:\/\/loginfo24.com\/pt-pt\/#organization"},"image":{"@id":"https:\/\/loginfo24.com\/pt-pt\/2020\/07\/24\/gebruder-weiss-aumenta-capacidades-logisticas-em-kalsdorf-perto-de-graz\/#primaryimage"},"thumbnailUrl":"https:\/\/loginfo24.com\/wp-content\/uploads\/sites\/7\/2025\/12\/Gebrueder_Weiss_24.7.20_1.jpg","articleSection":["Intralogistics","Regions"],"inLanguage":"pt-PT","potentialAction":[{"@type":"CommentAction","name":"Comment","target":["https:\/\/loginfo24.com\/pt-pt\/2020\/07\/24\/gebruder-weiss-aumenta-capacidades-logisticas-em-kalsdorf-perto-de-graz\/#respond"]}]},{"@type":"WebPage","@id":"https:\/\/loginfo24.com\/pt-pt\/2020\/07\/24\/gebruder-weiss-aumenta-capacidades-logisticas-em-kalsdorf-perto-de-graz\/","url":"https:\/\/loginfo24.com\/pt-pt\/2020\/07\/24\/gebruder-weiss-aumenta-capacidades-logisticas-em-kalsdorf-perto-de-graz\/","name":"Gebr\u00fcder Weiss aumenta capacidades log\u00edsticas em Kalsdorf, perto de Graz - Loginfo24","isPartOf":{"@id":"https:\/\/loginfo24.com\/pt-pt\/#website"},"primaryImageOfPage":{"@id":"https:\/\/loginfo24.com\/pt-pt\/2020\/07\/24\/gebruder-weiss-aumenta-capacidades-logisticas-em-kalsdorf-perto-de-graz\/#primaryimage"},"image":{"@id":"https:\/\/loginfo24.com\/pt-pt\/2020\/07\/24\/gebruder-weiss-aumenta-capacidades-logisticas-em-kalsdorf-perto-de-graz\/#primaryimage"},"thumbnailUrl":"https:\/\/loginfo24.com\/wp-content\/uploads\/sites\/7\/2025\/12\/Gebrueder_Weiss_24.7.20_1.jpg","datePublished":"2020-07-24T05:00:43+00:00","dateModified":"2025-12-15T11:32:32+00:00","breadcrumb":{"@id":"https:\/\/loginfo24.com\/pt-pt\/2020\/07\/24\/gebruder-weiss-aumenta-capacidades-logisticas-em-kalsdorf-perto-de-graz\/#breadcrumb"},"inLanguage":"pt-PT","potentialAction":[{"@type":"ReadAction","target":["https:\/\/loginfo24.com\/pt-pt\/2020\/07\/24\/gebruder-weiss-aumenta-capacidades-logisticas-em-kalsdorf-perto-de-graz\/"]}]},{"@type":"ImageObject","inLanguage":"pt-PT","@id":"https:\/\/loginfo24.com\/pt-pt\/2020\/07\/24\/gebruder-weiss-aumenta-capacidades-logisticas-em-kalsdorf-perto-de-graz\/#primaryimage","url":"https:\/\/loginfo24.com\/wp-content\/uploads\/sites\/7\/2025\/12\/Gebrueder_Weiss_24.7.20_1.jpg","contentUrl":"https:\/\/loginfo24.com\/wp-content\/uploads\/sites\/7\/2025\/12\/Gebrueder_Weiss_24.7.20_1.jpg"},{"@type":"BreadcrumbList","@id":"https:\/\/loginfo24.com\/pt-pt\/2020\/07\/24\/gebruder-weiss-aumenta-capacidades-logisticas-em-kalsdorf-perto-de-graz\/#breadcrumb","itemListElement":[{"@type":"ListItem","position":1,"name":"Startseite","item":"https:\/\/loginfo24.com\/pt-pt\/"},{"@type":"ListItem","position":2,"name":"Gebr\u00fcder Weiss aumenta capacidades log\u00edsticas em Kalsdorf, perto de Graz"}]},{"@type":"WebSite","@id":"https:\/\/loginfo24.com\/pt-pt\/#website","url":"https:\/\/loginfo24.com\/pt-pt\/","name":"Loginfo24","description":"Loginfo24 \u00e9 a plataforma dedicada \u00e0 log\u00edstica e \u00e0s cadeias de abastecimento, com informa\u00e7\u00f5es dispon\u00edveis 24 horas por dia.","publisher":{"@id":"https:\/\/loginfo24.com\/pt-pt\/#organization"},"potentialAction":[{"@type":"SearchAction","target":{"@type":"EntryPoint","urlTemplate":"https:\/\/loginfo24.com\/pt-pt\/?s={search_term_string}"},"query-input":{"@type":"PropertyValueSpecification","valueRequired":true,"valueName":"search_term_string"}}],"inLanguage":"pt-PT"},{"@type":"Organization","@id":"https:\/\/loginfo24.com\/pt-pt\/#organization","name":"Logismedia Group AG","url":"https:\/\/loginfo24.com\/pt-pt\/","logo":{"@type":"ImageObject","inLanguage":"pt-PT","@id":"https:\/\/loginfo24.com\/pt-pt\/#\/schema\/logo\/image\/","url":"https:\/\/loginfo24.com\/wp-content\/uploads\/sites\/7\/2026\/01\/Logo_LogInfo24.png","contentUrl":"https:\/\/loginfo24.com\/wp-content\/uploads\/sites\/7\/2026\/01\/Logo_LogInfo24.png","width":938,"height":351,"caption":"Logismedia Group AG"},"image":{"@id":"https:\/\/loginfo24.com\/pt-pt\/#\/schema\/logo\/image\/"},"sameAs":["https:\/\/www.facebook.com\/people\/Loginfo24\/100057360583332\/","https:\/\/www.linkedin.com\/company\/lofinfo24\/"]}]}},"_links":{"self":[{"href":"https:\/\/loginfo24.com\/pt-pt\/wp-json\/wp\/v2\/posts\/18737","targetHints":{"allow":["GET"]}}],"collection":[{"href":"https:\/\/loginfo24.com\/pt-pt\/wp-json\/wp\/v2\/posts"}],"about":[{"href":"https:\/\/loginfo24.com\/pt-pt\/wp-json\/wp\/v2\/types\/post"}],"replies":[{"embeddable":true,"href":"https:\/\/loginfo24.com\/pt-pt\/wp-json\/wp\/v2\/comments?post=18737"}],"version-history":[{"count":1,"href":"https:\/\/loginfo24.com\/pt-pt\/wp-json\/wp\/v2\/posts\/18737\/revisions"}],"predecessor-version":[{"id":33790,"href":"https:\/\/loginfo24.com\/pt-pt\/wp-json\/wp\/v2\/posts\/18737\/revisions\/33790"}],"wp:attachment":[{"href":"https:\/\/loginfo24.com\/pt-pt\/wp-json\/wp\/v2\/media?parent=18737"}],"wp:term":[{"taxonomy":"category","embeddable":true,"href":"https:\/\/loginfo24.com\/pt-pt\/wp-json\/wp\/v2\/categories?post=18737"},{"taxonomy":"post_tag","embeddable":true,"href":"https:\/\/loginfo24.com\/pt-pt\/wp-json\/wp\/v2\/tags?post=18737"}],"curies":[{"name":"wp","href":"https:\/\/api.w.org\/{rel}","templated":true}]}}