{"id":18653,"date":"2020-07-21T07:01:49","date_gmt":"2020-07-21T05:01:49","guid":{"rendered":"https:\/\/blog.brand-architecture.at\/2020\/07\/21\/o-novo-centro-logistico-da-amazon-em-sulzetal-comeca-no-inicio-de-agosto\/"},"modified":"2025-12-15T12:32:12","modified_gmt":"2025-12-15T11:32:12","slug":"o-novo-centro-logistico-da-amazon-em-sulzetal-comeca-no-inicio-de-agosto","status":"publish","type":"post","link":"https:\/\/loginfo24.com\/pt-pt\/2020\/07\/21\/o-novo-centro-logistico-da-amazon-em-sulzetal-comeca-no-inicio-de-agosto\/","title":{"rendered":"O novo centro log\u00edstico da Amazon em S\u00fclzetal come\u00e7a no in\u00edcio de agosto"},"content":{"rendered":"<p>Em breve ser\u00e1 a hora, o novo centro log\u00edstico da Amazon em S\u00fclzetal, perto de Magdeburgo, come\u00e7ar\u00e1 suas opera\u00e7\u00f5es. A partir de 3 de agosto, a log\u00edstica come\u00e7ar\u00e1. Um total de cerca de 1.000 colaboradores dever\u00e1 encontrar um emprego aqui. O in\u00edcio ser\u00e1 com cerca de 170 pessoas. At\u00e9 100.000 pacotes dever\u00e3o sair do armaz\u00e9m em dias de pico. O foco dos produtos est\u00e1 em artigos maiores, como ferramentas de jardinagem.<\/p>\n<p>(S\u00fclzetal) O logotipo da Amazon est\u00e1 pendurado e os t\u00e9cnicos est\u00e3o ajustando a tecnologia de transporte: A contagem regressiva para o in\u00edcio do novo centro log\u00edstico da Amazon em S\u00fclzetal, perto de Magdeburgo, come\u00e7ou. A partir de 3 de agosto de 2020, os pedidos dos clientes ser\u00e3o processados l\u00e1.<\/p>\n<p>Os pacotes de S\u00fclzetal v\u00e3o para clientes da regi\u00e3o e de toda a Europa. Em dias de pico, mais de 100.000 pacotes ser\u00e3o enviados do centro log\u00edstico em S\u00fclzetal. Antes que isso aconte\u00e7a, a tecnologia e os processos ainda est\u00e3o sendo ajustados, e as mercadorias est\u00e3o sendo armazenadas. Em S\u00fclzetal, h\u00e1 cerca de 13.200 espa\u00e7os para paletes em prateleiras altas. O centro log\u00edstico tem seu foco em artigos maiores, como ferramentas de jardinagem ou grandes embalagens. Os produtos s\u00e3o armazenados nas prateleiras altas individualmente ou em paletes. No total, 97.000 m\u00b2 de \u00e1rea est\u00e3o dispon\u00edveis para isso. Isso corresponde ao tamanho de 13 campos de futebol.<\/p>\n<h5><strong>At\u00e9 1.000 funcion\u00e1rios<\/strong><\/h5>\n<p>Cerca de 1.000 funcion\u00e1rias e funcion\u00e1rios garantir\u00e3o que os pedidos da Amazon cheguem a tempo. Cerca de 170 ser\u00e3o no in\u00edcio, na segunda semana de opera\u00e7\u00e3o a equipe j\u00e1 crescer\u00e1 para mais de 400 e, em seguida, ser\u00e1 expandida gradualmente.<\/p>\n<p>Para a regi\u00e3o, a instala\u00e7\u00e3o da Amazon j\u00e1 se tornou um fator econ\u00f4mico importante. &#8220;Estou grato que uma grande empresa como a Amazon se estabeleceu aqui conosco&#8221;, diz J\u00f6rg Methner, prefeito de S\u00fclzetal: &#8220;\u00c9 importante destacar a cria\u00e7\u00e3o de empregos. Tamb\u00e9m sou grato que o imposto sobre empresas permane\u00e7a aqui em nossa comunidade unificada. Algumas empresas deveriam se inspirar nisso.&#8221; <\/p>\n<h5><strong>Sinal para o distrito de B\u00f6rde<\/strong><\/h5>\n<p>O novo local da Amazon envia um forte sinal no distrito, afirma Martin Stichnoth, chefe do distrito de B\u00f6rde. &#8220;O investimento em nossa regi\u00e3o \u00e9, especialmente na atual situa\u00e7\u00e3o, uma contribui\u00e7\u00e3o valiosa para o mercado de trabalho regional e para o desenvolvimento econ\u00f4mico geral no distrito de B\u00f6rde.&#8221;<\/p>\n<p>Os trabalhadores de envio em S\u00fclzetal come\u00e7am com um sal\u00e1rio base de 11,66 euros brutos por hora. Os l\u00edderes de equipe come\u00e7am com um sal\u00e1rio de 17,07 euros brutos por hora. Ao sal\u00e1rio base, s\u00e3o adicionados benef\u00edcios extras, como um seguro de vida e invalidez gratuito e previd\u00eancia privada.<\/p>\n<p>Foto: \u00a9 Amazon Logistik Holger Peters<\/p>\n<p>Fonte:  <a href=\"https:\/\/blog.aboutamazon.de\/logistikzentren\/\" target=\"_blank\" rel=\"noopener noreferrer\"><strong>Blog de Log\u00edstica da Amazon<\/strong><\/a> \/ Irmgard Jarosch<\/p>\n","protected":false},"excerpt":{"rendered":"<p>Em breve ser\u00e1 a hora, o novo centro log\u00edstico da Amazon em S\u00fclzetal, perto de Magdeburgo, come\u00e7ar\u00e1 suas opera\u00e7\u00f5es. A partir de 3 de agosto, a<span class=\"excerpt-hellip\"> [\u2026]<\/span><\/p>\n","protected":false},"author":0,"featured_media":0,"comment_status":"open","ping_status":"open","sticky":false,"template":"","format":"standard","meta":{"_acf_changed":false,"footnotes":""},"categories":[1557,1560,1561],"tags":[],"class_list":["post-18653","post","type-post","status-publish","format-standard","hentry","category-forwarding-logistics","category-intralogistics","category-regions"],"acf":[],"yoast_head":"<!-- This site is optimized with the Yoast SEO plugin v27.3 - https:\/\/yoast.com\/product\/yoast-seo-wordpress\/ -->\n<title>O novo centro log\u00edstico da Amazon em S\u00fclzetal come\u00e7a no in\u00edcio de agosto - Loginfo24<\/title>\n<meta name=\"robots\" content=\"index, follow, max-snippet:-1, max-image-preview:large, max-video-preview:-1\" \/>\n<link rel=\"canonical\" href=\"https:\/\/loginfo24.com\/pt-pt\/2020\/07\/21\/o-novo-centro-logistico-da-amazon-em-sulzetal-comeca-no-inicio-de-agosto\/\" \/>\n<meta property=\"og:locale\" content=\"pt_PT\" \/>\n<meta property=\"og:type\" content=\"article\" \/>\n<meta property=\"og:title\" content=\"O novo centro log\u00edstico da Amazon em S\u00fclzetal come\u00e7a no in\u00edcio de agosto - Loginfo24\" \/>\n<meta property=\"og:description\" content=\"Em breve ser\u00e1 a hora, o novo centro log\u00edstico da Amazon em S\u00fclzetal, perto de Magdeburgo, come\u00e7ar\u00e1 suas opera\u00e7\u00f5es. A partir de 3 de agosto, a [\u2026]\" \/>\n<meta property=\"og:url\" content=\"https:\/\/loginfo24.com\/pt-pt\/2020\/07\/21\/o-novo-centro-logistico-da-amazon-em-sulzetal-comeca-no-inicio-de-agosto\/\" \/>\n<meta property=\"og:site_name\" content=\"Loginfo24\" \/>\n<meta property=\"article:publisher\" content=\"https:\/\/www.facebook.com\/people\/Loginfo24\/100057360583332\/\" \/>\n<meta property=\"article:published_time\" content=\"2020-07-21T05:01:49+00:00\" \/>\n<meta property=\"article:modified_time\" content=\"2025-12-15T11:32:12+00:00\" \/>\n<meta name=\"twitter:card\" content=\"summary_large_image\" \/>\n<meta name=\"twitter:label1\" content=\"Tempo estimado de leitura\" \/>\n\t<meta name=\"twitter:data1\" content=\"2 minutos\" \/>\n<script type=\"application\/ld+json\" class=\"yoast-schema-graph\">{\"@context\":\"https:\\\/\\\/schema.org\",\"@graph\":[{\"@type\":\"Article\",\"@id\":\"https:\\\/\\\/loginfo24.com\\\/pt-pt\\\/2020\\\/07\\\/21\\\/o-novo-centro-logistico-da-amazon-em-sulzetal-comeca-no-inicio-de-agosto\\\/#article\",\"isPartOf\":{\"@id\":\"https:\\\/\\\/loginfo24.com\\\/pt-pt\\\/2020\\\/07\\\/21\\\/o-novo-centro-logistico-da-amazon-em-sulzetal-comeca-no-inicio-de-agosto\\\/\"},\"author\":{\"name\":\"\",\"@id\":\"\"},\"headline\":\"O novo centro log\u00edstico da Amazon em S\u00fclzetal come\u00e7a no in\u00edcio de agosto\",\"datePublished\":\"2020-07-21T05:01:49+00:00\",\"dateModified\":\"2025-12-15T11:32:12+00:00\",\"mainEntityOfPage\":{\"@id\":\"https:\\\/\\\/loginfo24.com\\\/pt-pt\\\/2020\\\/07\\\/21\\\/o-novo-centro-logistico-da-amazon-em-sulzetal-comeca-no-inicio-de-agosto\\\/\"},\"wordCount\":509,\"commentCount\":0,\"publisher\":{\"@id\":\"https:\\\/\\\/loginfo24.com\\\/pt-pt\\\/#organization\"},\"articleSection\":[\"Forwarding &amp; Logistics\",\"Intralogistics\",\"Regions\"],\"inLanguage\":\"pt-PT\",\"potentialAction\":[{\"@type\":\"CommentAction\",\"name\":\"Comment\",\"target\":[\"https:\\\/\\\/loginfo24.com\\\/pt-pt\\\/2020\\\/07\\\/21\\\/o-novo-centro-logistico-da-amazon-em-sulzetal-comeca-no-inicio-de-agosto\\\/#respond\"]}]},{\"@type\":\"WebPage\",\"@id\":\"https:\\\/\\\/loginfo24.com\\\/pt-pt\\\/2020\\\/07\\\/21\\\/o-novo-centro-logistico-da-amazon-em-sulzetal-comeca-no-inicio-de-agosto\\\/\",\"url\":\"https:\\\/\\\/loginfo24.com\\\/pt-pt\\\/2020\\\/07\\\/21\\\/o-novo-centro-logistico-da-amazon-em-sulzetal-comeca-no-inicio-de-agosto\\\/\",\"name\":\"O novo centro log\u00edstico da Amazon em S\u00fclzetal come\u00e7a no in\u00edcio de agosto - Loginfo24\",\"isPartOf\":{\"@id\":\"https:\\\/\\\/loginfo24.com\\\/pt-pt\\\/#website\"},\"datePublished\":\"2020-07-21T05:01:49+00:00\",\"dateModified\":\"2025-12-15T11:32:12+00:00\",\"breadcrumb\":{\"@id\":\"https:\\\/\\\/loginfo24.com\\\/pt-pt\\\/2020\\\/07\\\/21\\\/o-novo-centro-logistico-da-amazon-em-sulzetal-comeca-no-inicio-de-agosto\\\/#breadcrumb\"},\"inLanguage\":\"pt-PT\",\"potentialAction\":[{\"@type\":\"ReadAction\",\"target\":[\"https:\\\/\\\/loginfo24.com\\\/pt-pt\\\/2020\\\/07\\\/21\\\/o-novo-centro-logistico-da-amazon-em-sulzetal-comeca-no-inicio-de-agosto\\\/\"]}]},{\"@type\":\"BreadcrumbList\",\"@id\":\"https:\\\/\\\/loginfo24.com\\\/pt-pt\\\/2020\\\/07\\\/21\\\/o-novo-centro-logistico-da-amazon-em-sulzetal-comeca-no-inicio-de-agosto\\\/#breadcrumb\",\"itemListElement\":[{\"@type\":\"ListItem\",\"position\":1,\"name\":\"Startseite\",\"item\":\"https:\\\/\\\/loginfo24.com\\\/pt-pt\\\/\"},{\"@type\":\"ListItem\",\"position\":2,\"name\":\"O novo centro log\u00edstico da Amazon em S\u00fclzetal come\u00e7a no in\u00edcio de agosto\"}]},{\"@type\":\"WebSite\",\"@id\":\"https:\\\/\\\/loginfo24.com\\\/pt-pt\\\/#website\",\"url\":\"https:\\\/\\\/loginfo24.com\\\/pt-pt\\\/\",\"name\":\"Loginfo24\",\"description\":\"Loginfo24 \u00e9 a plataforma dedicada \u00e0 log\u00edstica e \u00e0s cadeias de abastecimento, com informa\u00e7\u00f5es dispon\u00edveis 24 horas por dia.\",\"publisher\":{\"@id\":\"https:\\\/\\\/loginfo24.com\\\/pt-pt\\\/#organization\"},\"potentialAction\":[{\"@type\":\"SearchAction\",\"target\":{\"@type\":\"EntryPoint\",\"urlTemplate\":\"https:\\\/\\\/loginfo24.com\\\/pt-pt\\\/?s={search_term_string}\"},\"query-input\":{\"@type\":\"PropertyValueSpecification\",\"valueRequired\":true,\"valueName\":\"search_term_string\"}}],\"inLanguage\":\"pt-PT\"},{\"@type\":\"Organization\",\"@id\":\"https:\\\/\\\/loginfo24.com\\\/pt-pt\\\/#organization\",\"name\":\"Logismedia Group AG\",\"url\":\"https:\\\/\\\/loginfo24.com\\\/pt-pt\\\/\",\"logo\":{\"@type\":\"ImageObject\",\"inLanguage\":\"pt-PT\",\"@id\":\"https:\\\/\\\/loginfo24.com\\\/pt-pt\\\/#\\\/schema\\\/logo\\\/image\\\/\",\"url\":\"https:\\\/\\\/loginfo24.com\\\/wp-content\\\/uploads\\\/sites\\\/7\\\/2026\\\/01\\\/Logo_LogInfo24.png\",\"contentUrl\":\"https:\\\/\\\/loginfo24.com\\\/wp-content\\\/uploads\\\/sites\\\/7\\\/2026\\\/01\\\/Logo_LogInfo24.png\",\"width\":938,\"height\":351,\"caption\":\"Logismedia Group AG\"},\"image\":{\"@id\":\"https:\\\/\\\/loginfo24.com\\\/pt-pt\\\/#\\\/schema\\\/logo\\\/image\\\/\"},\"sameAs\":[\"https:\\\/\\\/www.facebook.com\\\/people\\\/Loginfo24\\\/100057360583332\\\/\",\"https:\\\/\\\/www.linkedin.com\\\/company\\\/lofinfo24\\\/\"]}]}<\/script>\n<!-- \/ Yoast SEO plugin. -->","yoast_head_json":{"title":"O novo centro log\u00edstico da Amazon em S\u00fclzetal come\u00e7a no in\u00edcio de agosto - Loginfo24","robots":{"index":"index","follow":"follow","max-snippet":"max-snippet:-1","max-image-preview":"max-image-preview:large","max-video-preview":"max-video-preview:-1"},"canonical":"https:\/\/loginfo24.com\/pt-pt\/2020\/07\/21\/o-novo-centro-logistico-da-amazon-em-sulzetal-comeca-no-inicio-de-agosto\/","og_locale":"pt_PT","og_type":"article","og_title":"O novo centro log\u00edstico da Amazon em S\u00fclzetal come\u00e7a no in\u00edcio de agosto - Loginfo24","og_description":"Em breve ser\u00e1 a hora, o novo centro log\u00edstico da Amazon em S\u00fclzetal, perto de Magdeburgo, come\u00e7ar\u00e1 suas opera\u00e7\u00f5es. A partir de 3 de agosto, a [\u2026]","og_url":"https:\/\/loginfo24.com\/pt-pt\/2020\/07\/21\/o-novo-centro-logistico-da-amazon-em-sulzetal-comeca-no-inicio-de-agosto\/","og_site_name":"Loginfo24","article_publisher":"https:\/\/www.facebook.com\/people\/Loginfo24\/100057360583332\/","article_published_time":"2020-07-21T05:01:49+00:00","article_modified_time":"2025-12-15T11:32:12+00:00","twitter_card":"summary_large_image","twitter_misc":{"Tempo estimado de leitura":"2 minutos"},"schema":{"@context":"https:\/\/schema.org","@graph":[{"@type":"Article","@id":"https:\/\/loginfo24.com\/pt-pt\/2020\/07\/21\/o-novo-centro-logistico-da-amazon-em-sulzetal-comeca-no-inicio-de-agosto\/#article","isPartOf":{"@id":"https:\/\/loginfo24.com\/pt-pt\/2020\/07\/21\/o-novo-centro-logistico-da-amazon-em-sulzetal-comeca-no-inicio-de-agosto\/"},"author":{"name":"","@id":""},"headline":"O novo centro log\u00edstico da Amazon em S\u00fclzetal come\u00e7a no in\u00edcio de agosto","datePublished":"2020-07-21T05:01:49+00:00","dateModified":"2025-12-15T11:32:12+00:00","mainEntityOfPage":{"@id":"https:\/\/loginfo24.com\/pt-pt\/2020\/07\/21\/o-novo-centro-logistico-da-amazon-em-sulzetal-comeca-no-inicio-de-agosto\/"},"wordCount":509,"commentCount":0,"publisher":{"@id":"https:\/\/loginfo24.com\/pt-pt\/#organization"},"articleSection":["Forwarding &amp; Logistics","Intralogistics","Regions"],"inLanguage":"pt-PT","potentialAction":[{"@type":"CommentAction","name":"Comment","target":["https:\/\/loginfo24.com\/pt-pt\/2020\/07\/21\/o-novo-centro-logistico-da-amazon-em-sulzetal-comeca-no-inicio-de-agosto\/#respond"]}]},{"@type":"WebPage","@id":"https:\/\/loginfo24.com\/pt-pt\/2020\/07\/21\/o-novo-centro-logistico-da-amazon-em-sulzetal-comeca-no-inicio-de-agosto\/","url":"https:\/\/loginfo24.com\/pt-pt\/2020\/07\/21\/o-novo-centro-logistico-da-amazon-em-sulzetal-comeca-no-inicio-de-agosto\/","name":"O novo centro log\u00edstico da Amazon em S\u00fclzetal come\u00e7a no in\u00edcio de agosto - Loginfo24","isPartOf":{"@id":"https:\/\/loginfo24.com\/pt-pt\/#website"},"datePublished":"2020-07-21T05:01:49+00:00","dateModified":"2025-12-15T11:32:12+00:00","breadcrumb":{"@id":"https:\/\/loginfo24.com\/pt-pt\/2020\/07\/21\/o-novo-centro-logistico-da-amazon-em-sulzetal-comeca-no-inicio-de-agosto\/#breadcrumb"},"inLanguage":"pt-PT","potentialAction":[{"@type":"ReadAction","target":["https:\/\/loginfo24.com\/pt-pt\/2020\/07\/21\/o-novo-centro-logistico-da-amazon-em-sulzetal-comeca-no-inicio-de-agosto\/"]}]},{"@type":"BreadcrumbList","@id":"https:\/\/loginfo24.com\/pt-pt\/2020\/07\/21\/o-novo-centro-logistico-da-amazon-em-sulzetal-comeca-no-inicio-de-agosto\/#breadcrumb","itemListElement":[{"@type":"ListItem","position":1,"name":"Startseite","item":"https:\/\/loginfo24.com\/pt-pt\/"},{"@type":"ListItem","position":2,"name":"O novo centro log\u00edstico da Amazon em S\u00fclzetal come\u00e7a no in\u00edcio de agosto"}]},{"@type":"WebSite","@id":"https:\/\/loginfo24.com\/pt-pt\/#website","url":"https:\/\/loginfo24.com\/pt-pt\/","name":"Loginfo24","description":"Loginfo24 \u00e9 a plataforma dedicada \u00e0 log\u00edstica e \u00e0s cadeias de abastecimento, com informa\u00e7\u00f5es dispon\u00edveis 24 horas por dia.","publisher":{"@id":"https:\/\/loginfo24.com\/pt-pt\/#organization"},"potentialAction":[{"@type":"SearchAction","target":{"@type":"EntryPoint","urlTemplate":"https:\/\/loginfo24.com\/pt-pt\/?s={search_term_string}"},"query-input":{"@type":"PropertyValueSpecification","valueRequired":true,"valueName":"search_term_string"}}],"inLanguage":"pt-PT"},{"@type":"Organization","@id":"https:\/\/loginfo24.com\/pt-pt\/#organization","name":"Logismedia Group AG","url":"https:\/\/loginfo24.com\/pt-pt\/","logo":{"@type":"ImageObject","inLanguage":"pt-PT","@id":"https:\/\/loginfo24.com\/pt-pt\/#\/schema\/logo\/image\/","url":"https:\/\/loginfo24.com\/wp-content\/uploads\/sites\/7\/2026\/01\/Logo_LogInfo24.png","contentUrl":"https:\/\/loginfo24.com\/wp-content\/uploads\/sites\/7\/2026\/01\/Logo_LogInfo24.png","width":938,"height":351,"caption":"Logismedia Group AG"},"image":{"@id":"https:\/\/loginfo24.com\/pt-pt\/#\/schema\/logo\/image\/"},"sameAs":["https:\/\/www.facebook.com\/people\/Loginfo24\/100057360583332\/","https:\/\/www.linkedin.com\/company\/lofinfo24\/"]}]}},"_links":{"self":[{"href":"https:\/\/loginfo24.com\/pt-pt\/wp-json\/wp\/v2\/posts\/18653","targetHints":{"allow":["GET"]}}],"collection":[{"href":"https:\/\/loginfo24.com\/pt-pt\/wp-json\/wp\/v2\/posts"}],"about":[{"href":"https:\/\/loginfo24.com\/pt-pt\/wp-json\/wp\/v2\/types\/post"}],"replies":[{"embeddable":true,"href":"https:\/\/loginfo24.com\/pt-pt\/wp-json\/wp\/v2\/comments?post=18653"}],"version-history":[{"count":1,"href":"https:\/\/loginfo24.com\/pt-pt\/wp-json\/wp\/v2\/posts\/18653\/revisions"}],"predecessor-version":[{"id":33628,"href":"https:\/\/loginfo24.com\/pt-pt\/wp-json\/wp\/v2\/posts\/18653\/revisions\/33628"}],"wp:attachment":[{"href":"https:\/\/loginfo24.com\/pt-pt\/wp-json\/wp\/v2\/media?parent=18653"}],"wp:term":[{"taxonomy":"category","embeddable":true,"href":"https:\/\/loginfo24.com\/pt-pt\/wp-json\/wp\/v2\/categories?post=18653"},{"taxonomy":"post_tag","embeddable":true,"href":"https:\/\/loginfo24.com\/pt-pt\/wp-json\/wp\/v2\/tags?post=18653"}],"curies":[{"name":"wp","href":"https:\/\/api.w.org\/{rel}","templated":true}]}}