{"id":18557,"date":"2020-07-15T07:04:14","date_gmt":"2020-07-15T05:04:14","guid":{"rendered":"https:\/\/blog.brand-architecture.at\/2020\/07\/15\/a-logistica-apos-a-pandemia-licoes-e-aprendizagens-da-corona\/"},"modified":"2025-12-15T12:31:47","modified_gmt":"2025-12-15T11:31:47","slug":"a-logistica-apos-a-pandemia-licoes-e-aprendizagens-da-corona","status":"publish","type":"post","link":"https:\/\/loginfo24.com\/pt-pt\/2020\/07\/15\/a-logistica-apos-a-pandemia-licoes-e-aprendizagens-da-corona\/","title":{"rendered":"A Log\u00edstica Ap\u00f3s a Pandemia \u2013 Li\u00e7\u00f5es e Aprendizagens da Corona"},"content":{"rendered":"<p>(Dortmund) Conversa de especialistas entre Arnold Schroven, presidente do Club of Logistics e.V. e membro do Logistikweisen, e Sven Neumann, propriet\u00e1rio da consultoria impacts4u. Eles discutem a situa\u00e7\u00e3o da log\u00edstica em torno da crise do coronav\u00edrus.<\/p>\n<p style=\"text-align: center\">Por Sven Neumann<\/p>\n<p><strong>(Sven Neumann) Como voc\u00ea percebe a situa\u00e7\u00e3o atual da ind\u00fastria de log\u00edstica? Qual \u00e9 a sua avalia\u00e7\u00e3o?<\/strong><\/p>\n<p>(Arnold Schroven) Existem diferen\u00e7as significativas tanto a n\u00edvel internacional quanto nacional. Enquanto a ind\u00fastria de log\u00edstica globalmente est\u00e1 sofrendo muito, a situa\u00e7\u00e3o na Alemanha \u00e9 mais diferenciada. Os maiores players do mercado est\u00e3o passando por essa fase relativamente ilesos, enquanto pequenas transportadoras e subcontratadas est\u00e3o enfrentando limites em sua capacidade e viabilidade econ\u00f4mica. Essas pequenas empresas n\u00e3o conseguiram formar grandes reservas no passado; portanto, a situa\u00e7\u00e3o est\u00e1 se tornando cada vez mais cr\u00edtica se a economia n\u00e3o se recuperar rapidamente.<\/p>\n<p><strong>Quais s\u00e3o as raz\u00f5es para isso?<\/strong><\/p>\n<p>Isso se deve \u00e0 mudan\u00e7a na demanda e na situa\u00e7\u00e3o competitiva desde o fechamento em mar\u00e7o deste ano. O medo de volumes de pedidos menores, a perda de clientes e a falta de capacidade econ\u00f4mica levam a rea\u00e7\u00f5es de p\u00e2nico na forma\u00e7\u00e3o de pre\u00e7os, at\u00e9 mesmo a pre\u00e7os baixos que desencadeiam uma guerra de pre\u00e7os ruinosa. De acordo com o lema: \u00e9 melhor ter uma pequena receita do que nenhuma. Naturalmente, isso ocorre principalmente porque os custos fixos n\u00e3o podem ser ajustados rapidamente o suficiente.<\/p>\n<p><strong>Quais s\u00e3o suas propostas de solu\u00e7\u00e3o?<\/strong><\/p>\n<p>Essa espiral precisa ser interrompida. N\u00f3s, na ind\u00fastria de log\u00edstica, precisamos nos unir para defender pre\u00e7os compat\u00edveis com o mercado. O setor precisa gerar lucro para poder lidar com as mudan\u00e7as estrat\u00e9gicas que est\u00e3o por vir em rela\u00e7\u00e3o \u00e0 globaliza\u00e7\u00e3o, crescimento e efici\u00eancia digital.<\/p>\n<p><strong>O que devemos esperar?<\/strong><\/p>\n<p>\u00c9 previs\u00edvel que o B2C ter\u00e1 um significado duradouro diferente e n\u00e3o retornar\u00e1 ao n\u00edvel anterior ao coronav\u00edrus. O processo de pedido e entrega sem complica\u00e7\u00f5es convenceu completamente o consumidor. Ele aprecia esse estado. Alimentos e produtos de drogaria certamente est\u00e3o entre os vencedores deste per\u00edodo.<\/p>\n<p><strong>Onde h\u00e1 vencedores, certamente h\u00e1 tamb\u00e9m perdedores?<\/strong><\/p>\n<p>Sim, e esses est\u00e3o do lado do com\u00e9rcio f\u00edsico, com impactos na utiliza\u00e7\u00e3o do espa\u00e7o em nossas cidades. Aqui, a ind\u00fastria de log\u00edstica \u00e9 chamada a colaborar cooperativamente com o desenvolvimento urbano. Novos conceitos precisam restaurar a atratividade dos centros urbanos, caso contr\u00e1rio, ocorrer\u00e1 um lento processo de desola\u00e7\u00e3o.<\/p>\n<p><strong>Voc\u00ea menciona o ecossistema urbano. Onde voc\u00ea v\u00ea pontos de conex\u00e3o concretos para a log\u00edstica?<\/strong><\/p>\n<p>Log\u00edstica 4.0 ou SmartLogistik se encaixa aqui. Precisamos desenvolver juntos processos de entrega e recebimento, considerando tamb\u00e9m a mudan\u00e7a ou realoca\u00e7\u00e3o de espa\u00e7os. As entregas nas \u00e1reas urbanas devem ser garantidas em princ\u00edpio. Naturalmente, as janelas de tempo e os ve\u00edculos de entrega devem ser flex\u00edveis e adapt\u00e1veis \u00e0 situa\u00e7\u00e3o espec\u00edfica da cidade. Alguns projetos piloto internacionais j\u00e1 mostraram para onde estamos indo.<\/p>\n<p><strong>Voc\u00ea vai t\u00e3o longe a ponto de incluir o ecossistema de startups aqui?<\/strong><\/p>\n<p>Com certeza. Aqui, a economia, seja &#8220;jovem ou velha&#8221;, a ci\u00eancia e, acima de tudo, a popula\u00e7\u00e3o civil de uma regi\u00e3o devem estar \u00e0 mesa para mudar o tempo ap\u00f3s a corona.<\/p>\n<p><strong>Por fim, estou interessado na integra\u00e7\u00e3o e intera\u00e7\u00e3o com as autoridades ou o governo. Quais s\u00e3o suas expectativas nesse sentido?<\/strong><\/p>\n<p>\u00c9 bom que voc\u00ea mencione isso. Na situa\u00e7\u00e3o atual, tamb\u00e9m se trata de participa\u00e7\u00e3o monet\u00e1ria. Existem diferentes programas de apoio, que n\u00e3o vou detalhar, que s\u00e3o necess\u00e1rios. No entanto, com base nas experi\u00eancias das \u00faltimas semanas sobre o tema BAFA, espero tamb\u00e9m aqui mais estrutura e diretrizes, para que esses programas, que est\u00e3o bem orientados em princ\u00edpio, cheguem onde s\u00e3o realmente necess\u00e1rios.<\/p>\n<p>Fotos: \u00a9 Arnold Schroven\/Sven Neumann \u2013 <em>Legenda da imagem: Arnold Schroven (esquerda) e Sven Neumann (direita)<\/em><\/p>\n<blockquote>\n<h5><strong><span lang=\"DE\">Arnold Schroven<\/span><\/strong><\/h5>\n<p><span lang=\"DE\"><img loading=\"lazy\" decoding=\"async\" class=\"alignleft wp-image-4161 \" src=\"https:\/\/loginfo24.com\/wp-content\/uploads\/sites\/7\/2025\/12\/Experten_AlfredSchroven_15.7.20-199x300.jpg\" alt=\"\" width=\"134\" height=\"202\" \/>Desde 1992, Arnold Schroven ocupou posi\u00e7\u00f5es na alta administra\u00e7\u00e3o da DPD. Como diretor executivo, ele moldou o desenvolvimento da rede internacional da DPD nas \u00e1reas de desenvolvimento de franquias, opera\u00e7\u00f5es, sistemas de TI e gest\u00e3o estrat\u00e9gica de contas-chave, com seu longo e abrangente conhecimento do setor.<\/span><\/p>\n<p><span lang=\"DE\">Al\u00e9m de v\u00e1rios compromissos volunt\u00e1rios, Arnold Schroven fundou, com outros empres\u00e1rios do setor de log\u00edstica, o Club of Logistics e.V., do qual \u00e9 presidente desde 2005. Arnold Schroven foi nomeado para o conselho do Logistikweisen em 2014, que assessora o Minist\u00e9rio Federal dos Transportes. Ele continua a trabalhar ativamente aqui. <\/span><\/p><\/blockquote>\n<blockquote>\n<h5><strong>Sven Neumann<\/strong><\/h5>\n<p><img loading=\"lazy\" decoding=\"async\" class=\" wp-image-4164 alignleft\" src=\"https:\/\/loginfo24.com\/wp-content\/uploads\/sites\/7\/2025\/12\/Experten_Sven_Neumann_15.7.20-250x300.jpg\" alt=\"\" width=\"135\" height=\"162\" \/>Diretor executivo da consultoria impacts4u, que se especializa na transforma\u00e7\u00e3o de empresas na era da disrup\u00e7\u00e3o.<\/p>\n<p>Ao mesmo tempo, ele se envolve como professor e docente em universidades privadas selecionadas para a forma\u00e7\u00e3o da nova gera\u00e7\u00e3o de pensadores criativos e inovadores em gest\u00e3o empresarial e funda\u00e7\u00e3o. Assim, ele contribui e garante a transfer\u00eancia de conhecimento entre as gera\u00e7\u00f5es.<\/p>\n<p>Antes, ele foi diretor comercial de um grupo empresarial familiar que opera globalmente na tecnologia de instala\u00e7\u00e3o de edif\u00edcios. Nessa fun\u00e7\u00e3o, ele contribuiu significativamente ao longo dos anos para o desenvolvimento e a garantia da viabilidade futura da empresa. Com mais de 25 anos de experi\u00eancia em diversos processos de mudan\u00e7a nacionais e internacionais, Sven Neumann \u00e9 um parceiro competente.<\/p>\n<p><a href=\"https:\/\/www.impacts4u.com\" target=\"_blank\" rel=\"noopener noreferrer\">www.impacts4u.com<\/a><\/p><\/blockquote>\n","protected":false},"excerpt":{"rendered":"<p>(Dortmund) Conversa de especialistas entre Arnold Schroven, presidente do Club of Logistics e.V. e membro do Logistikweisen, e Sven Neumann, propriet\u00e1rio da consultoria impacts4u. Eles discutem<span class=\"excerpt-hellip\"> [\u2026]<\/span><\/p>\n","protected":false},"author":0,"featured_media":0,"comment_status":"open","ping_status":"open","sticky":false,"template":"","format":"standard","meta":{"_acf_changed":false,"footnotes":""},"categories":[1665,1561],"tags":[],"class_list":["post-18557","post","type-post","status-publish","format-standard","hentry","category-categories","category-regions"],"acf":[],"yoast_head":"<!-- This site is optimized with the Yoast SEO plugin v27.3 - https:\/\/yoast.com\/product\/yoast-seo-wordpress\/ -->\n<title>A Log\u00edstica Ap\u00f3s a Pandemia - Li\u00e7\u00f5es e Aprendizagens da Corona - Loginfo24<\/title>\n<meta name=\"robots\" content=\"index, follow, max-snippet:-1, max-image-preview:large, max-video-preview:-1\" \/>\n<link rel=\"canonical\" href=\"https:\/\/loginfo24.com\/pt-pt\/2020\/07\/15\/a-logistica-apos-a-pandemia-licoes-e-aprendizagens-da-corona\/\" \/>\n<meta property=\"og:locale\" content=\"pt_PT\" \/>\n<meta property=\"og:type\" content=\"article\" \/>\n<meta property=\"og:title\" content=\"A Log\u00edstica Ap\u00f3s a Pandemia - Li\u00e7\u00f5es e Aprendizagens da Corona - Loginfo24\" \/>\n<meta property=\"og:description\" content=\"(Dortmund) Conversa de especialistas entre Arnold Schroven, presidente do Club of Logistics e.V. e membro do Logistikweisen, e Sven Neumann, propriet\u00e1rio da consultoria impacts4u. Eles discutem [\u2026]\" \/>\n<meta property=\"og:url\" content=\"https:\/\/loginfo24.com\/pt-pt\/2020\/07\/15\/a-logistica-apos-a-pandemia-licoes-e-aprendizagens-da-corona\/\" \/>\n<meta property=\"og:site_name\" content=\"Loginfo24\" \/>\n<meta property=\"article:publisher\" content=\"https:\/\/www.facebook.com\/people\/Loginfo24\/100057360583332\/\" \/>\n<meta property=\"article:published_time\" content=\"2020-07-15T05:04:14+00:00\" \/>\n<meta property=\"article:modified_time\" content=\"2025-12-15T11:31:47+00:00\" \/>\n<meta property=\"og:image\" content=\"https:\/\/loginfo24.com\/wp-content\/uploads\/sites\/7\/2025\/12\/Experten_AlfredSchroven_15.7.20-199x300.jpg\" \/>\n<meta name=\"twitter:card\" content=\"summary_large_image\" \/>\n<meta name=\"twitter:label1\" content=\"Tempo estimado de leitura\" \/>\n\t<meta name=\"twitter:data1\" content=\"5 minutos\" \/>\n<script type=\"application\/ld+json\" class=\"yoast-schema-graph\">{\"@context\":\"https:\\\/\\\/schema.org\",\"@graph\":[{\"@type\":\"Article\",\"@id\":\"https:\\\/\\\/loginfo24.com\\\/pt-pt\\\/2020\\\/07\\\/15\\\/a-logistica-apos-a-pandemia-licoes-e-aprendizagens-da-corona\\\/#article\",\"isPartOf\":{\"@id\":\"https:\\\/\\\/loginfo24.com\\\/pt-pt\\\/2020\\\/07\\\/15\\\/a-logistica-apos-a-pandemia-licoes-e-aprendizagens-da-corona\\\/\"},\"author\":{\"name\":\"\",\"@id\":\"\"},\"headline\":\"A Log\u00edstica Ap\u00f3s a Pandemia \u2013 Li\u00e7\u00f5es e Aprendizagens da Corona\",\"datePublished\":\"2020-07-15T05:04:14+00:00\",\"dateModified\":\"2025-12-15T11:31:47+00:00\",\"mainEntityOfPage\":{\"@id\":\"https:\\\/\\\/loginfo24.com\\\/pt-pt\\\/2020\\\/07\\\/15\\\/a-logistica-apos-a-pandemia-licoes-e-aprendizagens-da-corona\\\/\"},\"wordCount\":949,\"commentCount\":0,\"publisher\":{\"@id\":\"https:\\\/\\\/loginfo24.com\\\/pt-pt\\\/#organization\"},\"image\":{\"@id\":\"https:\\\/\\\/loginfo24.com\\\/pt-pt\\\/2020\\\/07\\\/15\\\/a-logistica-apos-a-pandemia-licoes-e-aprendizagens-da-corona\\\/#primaryimage\"},\"thumbnailUrl\":\"https:\\\/\\\/loginfo24.com\\\/wp-content\\\/uploads\\\/sites\\\/7\\\/2025\\\/12\\\/Experten_AlfredSchroven_15.7.20-199x300.jpg\",\"articleSection\":[\"Categories\",\"Regions\"],\"inLanguage\":\"pt-PT\",\"potentialAction\":[{\"@type\":\"CommentAction\",\"name\":\"Comment\",\"target\":[\"https:\\\/\\\/loginfo24.com\\\/pt-pt\\\/2020\\\/07\\\/15\\\/a-logistica-apos-a-pandemia-licoes-e-aprendizagens-da-corona\\\/#respond\"]}]},{\"@type\":\"WebPage\",\"@id\":\"https:\\\/\\\/loginfo24.com\\\/pt-pt\\\/2020\\\/07\\\/15\\\/a-logistica-apos-a-pandemia-licoes-e-aprendizagens-da-corona\\\/\",\"url\":\"https:\\\/\\\/loginfo24.com\\\/pt-pt\\\/2020\\\/07\\\/15\\\/a-logistica-apos-a-pandemia-licoes-e-aprendizagens-da-corona\\\/\",\"name\":\"A Log\u00edstica Ap\u00f3s a Pandemia - Li\u00e7\u00f5es e Aprendizagens da Corona - Loginfo24\",\"isPartOf\":{\"@id\":\"https:\\\/\\\/loginfo24.com\\\/pt-pt\\\/#website\"},\"primaryImageOfPage\":{\"@id\":\"https:\\\/\\\/loginfo24.com\\\/pt-pt\\\/2020\\\/07\\\/15\\\/a-logistica-apos-a-pandemia-licoes-e-aprendizagens-da-corona\\\/#primaryimage\"},\"image\":{\"@id\":\"https:\\\/\\\/loginfo24.com\\\/pt-pt\\\/2020\\\/07\\\/15\\\/a-logistica-apos-a-pandemia-licoes-e-aprendizagens-da-corona\\\/#primaryimage\"},\"thumbnailUrl\":\"https:\\\/\\\/loginfo24.com\\\/wp-content\\\/uploads\\\/sites\\\/7\\\/2025\\\/12\\\/Experten_AlfredSchroven_15.7.20-199x300.jpg\",\"datePublished\":\"2020-07-15T05:04:14+00:00\",\"dateModified\":\"2025-12-15T11:31:47+00:00\",\"breadcrumb\":{\"@id\":\"https:\\\/\\\/loginfo24.com\\\/pt-pt\\\/2020\\\/07\\\/15\\\/a-logistica-apos-a-pandemia-licoes-e-aprendizagens-da-corona\\\/#breadcrumb\"},\"inLanguage\":\"pt-PT\",\"potentialAction\":[{\"@type\":\"ReadAction\",\"target\":[\"https:\\\/\\\/loginfo24.com\\\/pt-pt\\\/2020\\\/07\\\/15\\\/a-logistica-apos-a-pandemia-licoes-e-aprendizagens-da-corona\\\/\"]}]},{\"@type\":\"ImageObject\",\"inLanguage\":\"pt-PT\",\"@id\":\"https:\\\/\\\/loginfo24.com\\\/pt-pt\\\/2020\\\/07\\\/15\\\/a-logistica-apos-a-pandemia-licoes-e-aprendizagens-da-corona\\\/#primaryimage\",\"url\":\"https:\\\/\\\/loginfo24.com\\\/wp-content\\\/uploads\\\/sites\\\/7\\\/2025\\\/12\\\/Experten_AlfredSchroven_15.7.20-199x300.jpg\",\"contentUrl\":\"https:\\\/\\\/loginfo24.com\\\/wp-content\\\/uploads\\\/sites\\\/7\\\/2025\\\/12\\\/Experten_AlfredSchroven_15.7.20-199x300.jpg\"},{\"@type\":\"BreadcrumbList\",\"@id\":\"https:\\\/\\\/loginfo24.com\\\/pt-pt\\\/2020\\\/07\\\/15\\\/a-logistica-apos-a-pandemia-licoes-e-aprendizagens-da-corona\\\/#breadcrumb\",\"itemListElement\":[{\"@type\":\"ListItem\",\"position\":1,\"name\":\"Startseite\",\"item\":\"https:\\\/\\\/loginfo24.com\\\/pt-pt\\\/\"},{\"@type\":\"ListItem\",\"position\":2,\"name\":\"A Log\u00edstica Ap\u00f3s a Pandemia &#8211; Li\u00e7\u00f5es e Aprendizagens da Corona\"}]},{\"@type\":\"WebSite\",\"@id\":\"https:\\\/\\\/loginfo24.com\\\/pt-pt\\\/#website\",\"url\":\"https:\\\/\\\/loginfo24.com\\\/pt-pt\\\/\",\"name\":\"Loginfo24\",\"description\":\"Loginfo24 \u00e9 a plataforma dedicada \u00e0 log\u00edstica e \u00e0s cadeias de abastecimento, com informa\u00e7\u00f5es dispon\u00edveis 24 horas por dia.\",\"publisher\":{\"@id\":\"https:\\\/\\\/loginfo24.com\\\/pt-pt\\\/#organization\"},\"potentialAction\":[{\"@type\":\"SearchAction\",\"target\":{\"@type\":\"EntryPoint\",\"urlTemplate\":\"https:\\\/\\\/loginfo24.com\\\/pt-pt\\\/?s={search_term_string}\"},\"query-input\":{\"@type\":\"PropertyValueSpecification\",\"valueRequired\":true,\"valueName\":\"search_term_string\"}}],\"inLanguage\":\"pt-PT\"},{\"@type\":\"Organization\",\"@id\":\"https:\\\/\\\/loginfo24.com\\\/pt-pt\\\/#organization\",\"name\":\"Logismedia Group AG\",\"url\":\"https:\\\/\\\/loginfo24.com\\\/pt-pt\\\/\",\"logo\":{\"@type\":\"ImageObject\",\"inLanguage\":\"pt-PT\",\"@id\":\"https:\\\/\\\/loginfo24.com\\\/pt-pt\\\/#\\\/schema\\\/logo\\\/image\\\/\",\"url\":\"https:\\\/\\\/loginfo24.com\\\/wp-content\\\/uploads\\\/sites\\\/7\\\/2026\\\/01\\\/Logo_LogInfo24.png\",\"contentUrl\":\"https:\\\/\\\/loginfo24.com\\\/wp-content\\\/uploads\\\/sites\\\/7\\\/2026\\\/01\\\/Logo_LogInfo24.png\",\"width\":938,\"height\":351,\"caption\":\"Logismedia Group AG\"},\"image\":{\"@id\":\"https:\\\/\\\/loginfo24.com\\\/pt-pt\\\/#\\\/schema\\\/logo\\\/image\\\/\"},\"sameAs\":[\"https:\\\/\\\/www.facebook.com\\\/people\\\/Loginfo24\\\/100057360583332\\\/\",\"https:\\\/\\\/www.linkedin.com\\\/company\\\/lofinfo24\\\/\"]}]}<\/script>\n<!-- \/ Yoast SEO plugin. -->","yoast_head_json":{"title":"A Log\u00edstica Ap\u00f3s a Pandemia - Li\u00e7\u00f5es e Aprendizagens da Corona - Loginfo24","robots":{"index":"index","follow":"follow","max-snippet":"max-snippet:-1","max-image-preview":"max-image-preview:large","max-video-preview":"max-video-preview:-1"},"canonical":"https:\/\/loginfo24.com\/pt-pt\/2020\/07\/15\/a-logistica-apos-a-pandemia-licoes-e-aprendizagens-da-corona\/","og_locale":"pt_PT","og_type":"article","og_title":"A Log\u00edstica Ap\u00f3s a Pandemia - Li\u00e7\u00f5es e Aprendizagens da Corona - Loginfo24","og_description":"(Dortmund) Conversa de especialistas entre Arnold Schroven, presidente do Club of Logistics e.V. e membro do Logistikweisen, e Sven Neumann, propriet\u00e1rio da consultoria impacts4u. Eles discutem [\u2026]","og_url":"https:\/\/loginfo24.com\/pt-pt\/2020\/07\/15\/a-logistica-apos-a-pandemia-licoes-e-aprendizagens-da-corona\/","og_site_name":"Loginfo24","article_publisher":"https:\/\/www.facebook.com\/people\/Loginfo24\/100057360583332\/","article_published_time":"2020-07-15T05:04:14+00:00","article_modified_time":"2025-12-15T11:31:47+00:00","og_image":[{"url":"https:\/\/loginfo24.com\/wp-content\/uploads\/sites\/7\/2025\/12\/Experten_AlfredSchroven_15.7.20-199x300.jpg","type":"","width":"","height":""}],"twitter_card":"summary_large_image","twitter_misc":{"Tempo estimado de leitura":"5 minutos"},"schema":{"@context":"https:\/\/schema.org","@graph":[{"@type":"Article","@id":"https:\/\/loginfo24.com\/pt-pt\/2020\/07\/15\/a-logistica-apos-a-pandemia-licoes-e-aprendizagens-da-corona\/#article","isPartOf":{"@id":"https:\/\/loginfo24.com\/pt-pt\/2020\/07\/15\/a-logistica-apos-a-pandemia-licoes-e-aprendizagens-da-corona\/"},"author":{"name":"","@id":""},"headline":"A Log\u00edstica Ap\u00f3s a Pandemia \u2013 Li\u00e7\u00f5es e Aprendizagens da Corona","datePublished":"2020-07-15T05:04:14+00:00","dateModified":"2025-12-15T11:31:47+00:00","mainEntityOfPage":{"@id":"https:\/\/loginfo24.com\/pt-pt\/2020\/07\/15\/a-logistica-apos-a-pandemia-licoes-e-aprendizagens-da-corona\/"},"wordCount":949,"commentCount":0,"publisher":{"@id":"https:\/\/loginfo24.com\/pt-pt\/#organization"},"image":{"@id":"https:\/\/loginfo24.com\/pt-pt\/2020\/07\/15\/a-logistica-apos-a-pandemia-licoes-e-aprendizagens-da-corona\/#primaryimage"},"thumbnailUrl":"https:\/\/loginfo24.com\/wp-content\/uploads\/sites\/7\/2025\/12\/Experten_AlfredSchroven_15.7.20-199x300.jpg","articleSection":["Categories","Regions"],"inLanguage":"pt-PT","potentialAction":[{"@type":"CommentAction","name":"Comment","target":["https:\/\/loginfo24.com\/pt-pt\/2020\/07\/15\/a-logistica-apos-a-pandemia-licoes-e-aprendizagens-da-corona\/#respond"]}]},{"@type":"WebPage","@id":"https:\/\/loginfo24.com\/pt-pt\/2020\/07\/15\/a-logistica-apos-a-pandemia-licoes-e-aprendizagens-da-corona\/","url":"https:\/\/loginfo24.com\/pt-pt\/2020\/07\/15\/a-logistica-apos-a-pandemia-licoes-e-aprendizagens-da-corona\/","name":"A Log\u00edstica Ap\u00f3s a Pandemia - Li\u00e7\u00f5es e Aprendizagens da Corona - Loginfo24","isPartOf":{"@id":"https:\/\/loginfo24.com\/pt-pt\/#website"},"primaryImageOfPage":{"@id":"https:\/\/loginfo24.com\/pt-pt\/2020\/07\/15\/a-logistica-apos-a-pandemia-licoes-e-aprendizagens-da-corona\/#primaryimage"},"image":{"@id":"https:\/\/loginfo24.com\/pt-pt\/2020\/07\/15\/a-logistica-apos-a-pandemia-licoes-e-aprendizagens-da-corona\/#primaryimage"},"thumbnailUrl":"https:\/\/loginfo24.com\/wp-content\/uploads\/sites\/7\/2025\/12\/Experten_AlfredSchroven_15.7.20-199x300.jpg","datePublished":"2020-07-15T05:04:14+00:00","dateModified":"2025-12-15T11:31:47+00:00","breadcrumb":{"@id":"https:\/\/loginfo24.com\/pt-pt\/2020\/07\/15\/a-logistica-apos-a-pandemia-licoes-e-aprendizagens-da-corona\/#breadcrumb"},"inLanguage":"pt-PT","potentialAction":[{"@type":"ReadAction","target":["https:\/\/loginfo24.com\/pt-pt\/2020\/07\/15\/a-logistica-apos-a-pandemia-licoes-e-aprendizagens-da-corona\/"]}]},{"@type":"ImageObject","inLanguage":"pt-PT","@id":"https:\/\/loginfo24.com\/pt-pt\/2020\/07\/15\/a-logistica-apos-a-pandemia-licoes-e-aprendizagens-da-corona\/#primaryimage","url":"https:\/\/loginfo24.com\/wp-content\/uploads\/sites\/7\/2025\/12\/Experten_AlfredSchroven_15.7.20-199x300.jpg","contentUrl":"https:\/\/loginfo24.com\/wp-content\/uploads\/sites\/7\/2025\/12\/Experten_AlfredSchroven_15.7.20-199x300.jpg"},{"@type":"BreadcrumbList","@id":"https:\/\/loginfo24.com\/pt-pt\/2020\/07\/15\/a-logistica-apos-a-pandemia-licoes-e-aprendizagens-da-corona\/#breadcrumb","itemListElement":[{"@type":"ListItem","position":1,"name":"Startseite","item":"https:\/\/loginfo24.com\/pt-pt\/"},{"@type":"ListItem","position":2,"name":"A Log\u00edstica Ap\u00f3s a Pandemia &#8211; Li\u00e7\u00f5es e Aprendizagens da Corona"}]},{"@type":"WebSite","@id":"https:\/\/loginfo24.com\/pt-pt\/#website","url":"https:\/\/loginfo24.com\/pt-pt\/","name":"Loginfo24","description":"Loginfo24 \u00e9 a plataforma dedicada \u00e0 log\u00edstica e \u00e0s cadeias de abastecimento, com informa\u00e7\u00f5es dispon\u00edveis 24 horas por dia.","publisher":{"@id":"https:\/\/loginfo24.com\/pt-pt\/#organization"},"potentialAction":[{"@type":"SearchAction","target":{"@type":"EntryPoint","urlTemplate":"https:\/\/loginfo24.com\/pt-pt\/?s={search_term_string}"},"query-input":{"@type":"PropertyValueSpecification","valueRequired":true,"valueName":"search_term_string"}}],"inLanguage":"pt-PT"},{"@type":"Organization","@id":"https:\/\/loginfo24.com\/pt-pt\/#organization","name":"Logismedia Group AG","url":"https:\/\/loginfo24.com\/pt-pt\/","logo":{"@type":"ImageObject","inLanguage":"pt-PT","@id":"https:\/\/loginfo24.com\/pt-pt\/#\/schema\/logo\/image\/","url":"https:\/\/loginfo24.com\/wp-content\/uploads\/sites\/7\/2026\/01\/Logo_LogInfo24.png","contentUrl":"https:\/\/loginfo24.com\/wp-content\/uploads\/sites\/7\/2026\/01\/Logo_LogInfo24.png","width":938,"height":351,"caption":"Logismedia Group AG"},"image":{"@id":"https:\/\/loginfo24.com\/pt-pt\/#\/schema\/logo\/image\/"},"sameAs":["https:\/\/www.facebook.com\/people\/Loginfo24\/100057360583332\/","https:\/\/www.linkedin.com\/company\/lofinfo24\/"]}]}},"_links":{"self":[{"href":"https:\/\/loginfo24.com\/pt-pt\/wp-json\/wp\/v2\/posts\/18557","targetHints":{"allow":["GET"]}}],"collection":[{"href":"https:\/\/loginfo24.com\/pt-pt\/wp-json\/wp\/v2\/posts"}],"about":[{"href":"https:\/\/loginfo24.com\/pt-pt\/wp-json\/wp\/v2\/types\/post"}],"replies":[{"embeddable":true,"href":"https:\/\/loginfo24.com\/pt-pt\/wp-json\/wp\/v2\/comments?post=18557"}],"version-history":[{"count":1,"href":"https:\/\/loginfo24.com\/pt-pt\/wp-json\/wp\/v2\/posts\/18557\/revisions"}],"predecessor-version":[{"id":33442,"href":"https:\/\/loginfo24.com\/pt-pt\/wp-json\/wp\/v2\/posts\/18557\/revisions\/33442"}],"wp:attachment":[{"href":"https:\/\/loginfo24.com\/pt-pt\/wp-json\/wp\/v2\/media?parent=18557"}],"wp:term":[{"taxonomy":"category","embeddable":true,"href":"https:\/\/loginfo24.com\/pt-pt\/wp-json\/wp\/v2\/categories?post=18557"},{"taxonomy":"post_tag","embeddable":true,"href":"https:\/\/loginfo24.com\/pt-pt\/wp-json\/wp\/v2\/tags?post=18557"}],"curies":[{"name":"wp","href":"https:\/\/api.w.org\/{rel}","templated":true}]}}