{"id":18479,"date":"2020-07-13T06:57:55","date_gmt":"2020-07-13T04:57:55","guid":{"rendered":"https:\/\/blog.brand-architecture.at\/2020\/07\/13\/alexander-bernhard-torna-se-o-unico-diretor-geral-da-swan-gmbh\/"},"modified":"2025-12-15T12:31:28","modified_gmt":"2025-12-15T11:31:28","slug":"alexander-bernhard-torna-se-o-unico-diretor-geral-da-swan-gmbh","status":"publish","type":"post","link":"https:\/\/loginfo24.com\/pt-pt\/2020\/07\/13\/alexander-bernhard-torna-se-o-unico-diretor-geral-da-swan-gmbh\/","title":{"rendered":"Alexander Bernhard torna-se o \u00fanico diretor-geral da SWAN GmbH"},"content":{"rendered":"<p>Na Swan GmbH, haver\u00e1 uma mudan\u00e7a no final de julho. Alexander Bernhard assume a dire\u00e7\u00e3o \u00fanica. Andr\u00e9 Nowinski deixa a empresa para aceitar um novo desafio. No entanto, ele permanece a bordo como s\u00f3cio.<\/p>\n<p>(Augsburgo) Na SWAN GmbH, uma mudan\u00e7a de lideran\u00e7a est\u00e1 prevista para o final de julho. A partir desse momento, Alexander Bernhard assumir\u00e1 a lideran\u00e7a \u00fanica da empresa de projetos de log\u00edstica SAP, que possui quatro locais em Augsburg, Nuremberga, W\u00e4chtersbach e Altenstadt. Seu parceiro na funda\u00e7\u00e3o e na gest\u00e3o da empresa, Andr\u00e9 Nowinski, deixa a empresa ap\u00f3s quase dez anos para enfrentar um novo desafio profissional. Andr\u00e9 Nowinski sai em um dos anos mais bem-sucedidos da hist\u00f3ria da SWAN GmbH. Como s\u00f3cio, ele permanece intimamente ligado \u00e0 empresa.<\/p>\n<h5>Mais responsabilidade para os colaboradores<\/h5>\n<p>As responsabilidades de Andr\u00e9 Nowinski ser\u00e3o totalmente transferidas para Alexander Bernhard. Os l\u00edderes de equipe receber\u00e3o mais responsabilidade nas opera\u00e7\u00f5es, o que sublinha a orienta\u00e7\u00e3o estrat\u00e9gica da SWAN em rela\u00e7\u00e3o a m\u00e9todos de trabalho novos e \u00e0 autonomia de todos os colaboradores. A empresa de projetos de log\u00edstica SAP est\u00e1 em uma posi\u00e7\u00e3o muito s\u00f3lida. Teve um excelente primeiro semestre. Com Alexander Bernhard na lideran\u00e7a, a SWAN est\u00e1 bem posicionada para continuar em um curso de sucesso. &#8220;Agradecemos a Andr\u00e9 por suas grandes contribui\u00e7\u00f5es para a SWAN. Com sua ampla experi\u00eancia na ind\u00fastria de log\u00edstica, seu conhecimento t\u00e9cnico e um bom senso das tend\u00eancias de mercado, al\u00e9m de sua alta colegialidade, ele fez da SWAN um jogador de sucesso no mercado de software de log\u00edstica&#8221;, diz Alexander Bernhard. &#8220;Desejo a ele tudo de bom em seu novo come\u00e7o.&#8221; &#8220;Estou profundamente agradecido \u00e0 SWAN, seus colaboradores e s\u00f3cios pelos \u00faltimos nove anos, pela colabora\u00e7\u00e3o sempre muito colegial e bem-sucedida&#8221;, diz Andr\u00e9 Nowinski. &#8220;Estou convencido de que a SWAN, sob a lideran\u00e7a de Alexander Bernhard, continuar\u00e1 a se desenvolver positivamente. Estou ansioso para continuar intimamente ligado \u00e0 empresa como s\u00f3cio.&#8221;<br \/>Foto: \u00a9 Swan<br \/><a href=\"https:\/\/swan.de\" target=\"_blank\" rel=\"noopener noreferrer\">https:\/\/swan.de<\/a><\/p>\n","protected":false},"excerpt":{"rendered":"<p>Na Swan GmbH, haver\u00e1 uma mudan\u00e7a no final de julho. Alexander Bernhard assume a dire\u00e7\u00e3o \u00fanica. Andr\u00e9 Nowinski deixa a empresa para aceitar um novo desafio.<span class=\"excerpt-hellip\"> [\u2026]<\/span><\/p>\n","protected":false},"author":0,"featured_media":0,"comment_status":"open","ping_status":"open","sticky":false,"template":"","format":"standard","meta":{"_acf_changed":false,"footnotes":""},"categories":[1557,1560,1561],"tags":[],"class_list":["post-18479","post","type-post","status-publish","format-standard","hentry","category-forwarding-logistics","category-intralogistics","category-regions"],"acf":[],"yoast_head":"<!-- This site is optimized with the Yoast SEO plugin v27.3 - https:\/\/yoast.com\/product\/yoast-seo-wordpress\/ -->\n<title>Alexander Bernhard torna-se o \u00fanico diretor-geral da SWAN GmbH - Loginfo24<\/title>\n<meta name=\"robots\" content=\"index, follow, max-snippet:-1, max-image-preview:large, max-video-preview:-1\" \/>\n<link rel=\"canonical\" href=\"https:\/\/loginfo24.com\/pt-pt\/2020\/07\/13\/alexander-bernhard-torna-se-o-unico-diretor-geral-da-swan-gmbh\/\" \/>\n<meta property=\"og:locale\" content=\"pt_PT\" \/>\n<meta property=\"og:type\" content=\"article\" \/>\n<meta property=\"og:title\" content=\"Alexander Bernhard torna-se o \u00fanico diretor-geral da SWAN GmbH - Loginfo24\" \/>\n<meta property=\"og:description\" content=\"Na Swan GmbH, haver\u00e1 uma mudan\u00e7a no final de julho. Alexander Bernhard assume a dire\u00e7\u00e3o \u00fanica. Andr\u00e9 Nowinski deixa a empresa para aceitar um novo desafio. [\u2026]\" \/>\n<meta property=\"og:url\" content=\"https:\/\/loginfo24.com\/pt-pt\/2020\/07\/13\/alexander-bernhard-torna-se-o-unico-diretor-geral-da-swan-gmbh\/\" \/>\n<meta property=\"og:site_name\" content=\"Loginfo24\" \/>\n<meta property=\"article:publisher\" content=\"https:\/\/www.facebook.com\/people\/Loginfo24\/100057360583332\/\" \/>\n<meta property=\"article:published_time\" content=\"2020-07-13T04:57:55+00:00\" \/>\n<meta property=\"article:modified_time\" content=\"2025-12-15T11:31:28+00:00\" \/>\n<meta name=\"twitter:card\" content=\"summary_large_image\" \/>\n<meta name=\"twitter:label1\" content=\"Tempo estimado de leitura\" \/>\n\t<meta name=\"twitter:data1\" content=\"2 minutos\" \/>\n<script type=\"application\/ld+json\" class=\"yoast-schema-graph\">{\"@context\":\"https:\\\/\\\/schema.org\",\"@graph\":[{\"@type\":\"Article\",\"@id\":\"https:\\\/\\\/loginfo24.com\\\/pt-pt\\\/2020\\\/07\\\/13\\\/alexander-bernhard-torna-se-o-unico-diretor-geral-da-swan-gmbh\\\/#article\",\"isPartOf\":{\"@id\":\"https:\\\/\\\/loginfo24.com\\\/pt-pt\\\/2020\\\/07\\\/13\\\/alexander-bernhard-torna-se-o-unico-diretor-geral-da-swan-gmbh\\\/\"},\"author\":{\"name\":\"\",\"@id\":\"\"},\"headline\":\"Alexander Bernhard torna-se o \u00fanico diretor-geral da SWAN GmbH\",\"datePublished\":\"2020-07-13T04:57:55+00:00\",\"dateModified\":\"2025-12-15T11:31:28+00:00\",\"mainEntityOfPage\":{\"@id\":\"https:\\\/\\\/loginfo24.com\\\/pt-pt\\\/2020\\\/07\\\/13\\\/alexander-bernhard-torna-se-o-unico-diretor-geral-da-swan-gmbh\\\/\"},\"wordCount\":362,\"commentCount\":0,\"publisher\":{\"@id\":\"https:\\\/\\\/loginfo24.com\\\/pt-pt\\\/#organization\"},\"articleSection\":[\"Forwarding &amp; Logistics\",\"Intralogistics\",\"Regions\"],\"inLanguage\":\"pt-PT\",\"potentialAction\":[{\"@type\":\"CommentAction\",\"name\":\"Comment\",\"target\":[\"https:\\\/\\\/loginfo24.com\\\/pt-pt\\\/2020\\\/07\\\/13\\\/alexander-bernhard-torna-se-o-unico-diretor-geral-da-swan-gmbh\\\/#respond\"]}]},{\"@type\":\"WebPage\",\"@id\":\"https:\\\/\\\/loginfo24.com\\\/pt-pt\\\/2020\\\/07\\\/13\\\/alexander-bernhard-torna-se-o-unico-diretor-geral-da-swan-gmbh\\\/\",\"url\":\"https:\\\/\\\/loginfo24.com\\\/pt-pt\\\/2020\\\/07\\\/13\\\/alexander-bernhard-torna-se-o-unico-diretor-geral-da-swan-gmbh\\\/\",\"name\":\"Alexander Bernhard torna-se o \u00fanico diretor-geral da SWAN GmbH - Loginfo24\",\"isPartOf\":{\"@id\":\"https:\\\/\\\/loginfo24.com\\\/pt-pt\\\/#website\"},\"datePublished\":\"2020-07-13T04:57:55+00:00\",\"dateModified\":\"2025-12-15T11:31:28+00:00\",\"breadcrumb\":{\"@id\":\"https:\\\/\\\/loginfo24.com\\\/pt-pt\\\/2020\\\/07\\\/13\\\/alexander-bernhard-torna-se-o-unico-diretor-geral-da-swan-gmbh\\\/#breadcrumb\"},\"inLanguage\":\"pt-PT\",\"potentialAction\":[{\"@type\":\"ReadAction\",\"target\":[\"https:\\\/\\\/loginfo24.com\\\/pt-pt\\\/2020\\\/07\\\/13\\\/alexander-bernhard-torna-se-o-unico-diretor-geral-da-swan-gmbh\\\/\"]}]},{\"@type\":\"BreadcrumbList\",\"@id\":\"https:\\\/\\\/loginfo24.com\\\/pt-pt\\\/2020\\\/07\\\/13\\\/alexander-bernhard-torna-se-o-unico-diretor-geral-da-swan-gmbh\\\/#breadcrumb\",\"itemListElement\":[{\"@type\":\"ListItem\",\"position\":1,\"name\":\"Startseite\",\"item\":\"https:\\\/\\\/loginfo24.com\\\/pt-pt\\\/\"},{\"@type\":\"ListItem\",\"position\":2,\"name\":\"Alexander Bernhard torna-se o \u00fanico diretor-geral da SWAN GmbH\"}]},{\"@type\":\"WebSite\",\"@id\":\"https:\\\/\\\/loginfo24.com\\\/pt-pt\\\/#website\",\"url\":\"https:\\\/\\\/loginfo24.com\\\/pt-pt\\\/\",\"name\":\"Loginfo24\",\"description\":\"Loginfo24 \u00e9 a plataforma dedicada \u00e0 log\u00edstica e \u00e0s cadeias de abastecimento, com informa\u00e7\u00f5es dispon\u00edveis 24 horas por dia.\",\"publisher\":{\"@id\":\"https:\\\/\\\/loginfo24.com\\\/pt-pt\\\/#organization\"},\"potentialAction\":[{\"@type\":\"SearchAction\",\"target\":{\"@type\":\"EntryPoint\",\"urlTemplate\":\"https:\\\/\\\/loginfo24.com\\\/pt-pt\\\/?s={search_term_string}\"},\"query-input\":{\"@type\":\"PropertyValueSpecification\",\"valueRequired\":true,\"valueName\":\"search_term_string\"}}],\"inLanguage\":\"pt-PT\"},{\"@type\":\"Organization\",\"@id\":\"https:\\\/\\\/loginfo24.com\\\/pt-pt\\\/#organization\",\"name\":\"Logismedia Group AG\",\"url\":\"https:\\\/\\\/loginfo24.com\\\/pt-pt\\\/\",\"logo\":{\"@type\":\"ImageObject\",\"inLanguage\":\"pt-PT\",\"@id\":\"https:\\\/\\\/loginfo24.com\\\/pt-pt\\\/#\\\/schema\\\/logo\\\/image\\\/\",\"url\":\"https:\\\/\\\/loginfo24.com\\\/wp-content\\\/uploads\\\/sites\\\/7\\\/2026\\\/01\\\/Logo_LogInfo24.png\",\"contentUrl\":\"https:\\\/\\\/loginfo24.com\\\/wp-content\\\/uploads\\\/sites\\\/7\\\/2026\\\/01\\\/Logo_LogInfo24.png\",\"width\":938,\"height\":351,\"caption\":\"Logismedia Group AG\"},\"image\":{\"@id\":\"https:\\\/\\\/loginfo24.com\\\/pt-pt\\\/#\\\/schema\\\/logo\\\/image\\\/\"},\"sameAs\":[\"https:\\\/\\\/www.facebook.com\\\/people\\\/Loginfo24\\\/100057360583332\\\/\",\"https:\\\/\\\/www.linkedin.com\\\/company\\\/lofinfo24\\\/\"]}]}<\/script>\n<!-- \/ Yoast SEO plugin. -->","yoast_head_json":{"title":"Alexander Bernhard torna-se o \u00fanico diretor-geral da SWAN GmbH - Loginfo24","robots":{"index":"index","follow":"follow","max-snippet":"max-snippet:-1","max-image-preview":"max-image-preview:large","max-video-preview":"max-video-preview:-1"},"canonical":"https:\/\/loginfo24.com\/pt-pt\/2020\/07\/13\/alexander-bernhard-torna-se-o-unico-diretor-geral-da-swan-gmbh\/","og_locale":"pt_PT","og_type":"article","og_title":"Alexander Bernhard torna-se o \u00fanico diretor-geral da SWAN GmbH - Loginfo24","og_description":"Na Swan GmbH, haver\u00e1 uma mudan\u00e7a no final de julho. Alexander Bernhard assume a dire\u00e7\u00e3o \u00fanica. Andr\u00e9 Nowinski deixa a empresa para aceitar um novo desafio. [\u2026]","og_url":"https:\/\/loginfo24.com\/pt-pt\/2020\/07\/13\/alexander-bernhard-torna-se-o-unico-diretor-geral-da-swan-gmbh\/","og_site_name":"Loginfo24","article_publisher":"https:\/\/www.facebook.com\/people\/Loginfo24\/100057360583332\/","article_published_time":"2020-07-13T04:57:55+00:00","article_modified_time":"2025-12-15T11:31:28+00:00","twitter_card":"summary_large_image","twitter_misc":{"Tempo estimado de leitura":"2 minutos"},"schema":{"@context":"https:\/\/schema.org","@graph":[{"@type":"Article","@id":"https:\/\/loginfo24.com\/pt-pt\/2020\/07\/13\/alexander-bernhard-torna-se-o-unico-diretor-geral-da-swan-gmbh\/#article","isPartOf":{"@id":"https:\/\/loginfo24.com\/pt-pt\/2020\/07\/13\/alexander-bernhard-torna-se-o-unico-diretor-geral-da-swan-gmbh\/"},"author":{"name":"","@id":""},"headline":"Alexander Bernhard torna-se o \u00fanico diretor-geral da SWAN GmbH","datePublished":"2020-07-13T04:57:55+00:00","dateModified":"2025-12-15T11:31:28+00:00","mainEntityOfPage":{"@id":"https:\/\/loginfo24.com\/pt-pt\/2020\/07\/13\/alexander-bernhard-torna-se-o-unico-diretor-geral-da-swan-gmbh\/"},"wordCount":362,"commentCount":0,"publisher":{"@id":"https:\/\/loginfo24.com\/pt-pt\/#organization"},"articleSection":["Forwarding &amp; Logistics","Intralogistics","Regions"],"inLanguage":"pt-PT","potentialAction":[{"@type":"CommentAction","name":"Comment","target":["https:\/\/loginfo24.com\/pt-pt\/2020\/07\/13\/alexander-bernhard-torna-se-o-unico-diretor-geral-da-swan-gmbh\/#respond"]}]},{"@type":"WebPage","@id":"https:\/\/loginfo24.com\/pt-pt\/2020\/07\/13\/alexander-bernhard-torna-se-o-unico-diretor-geral-da-swan-gmbh\/","url":"https:\/\/loginfo24.com\/pt-pt\/2020\/07\/13\/alexander-bernhard-torna-se-o-unico-diretor-geral-da-swan-gmbh\/","name":"Alexander Bernhard torna-se o \u00fanico diretor-geral da SWAN GmbH - Loginfo24","isPartOf":{"@id":"https:\/\/loginfo24.com\/pt-pt\/#website"},"datePublished":"2020-07-13T04:57:55+00:00","dateModified":"2025-12-15T11:31:28+00:00","breadcrumb":{"@id":"https:\/\/loginfo24.com\/pt-pt\/2020\/07\/13\/alexander-bernhard-torna-se-o-unico-diretor-geral-da-swan-gmbh\/#breadcrumb"},"inLanguage":"pt-PT","potentialAction":[{"@type":"ReadAction","target":["https:\/\/loginfo24.com\/pt-pt\/2020\/07\/13\/alexander-bernhard-torna-se-o-unico-diretor-geral-da-swan-gmbh\/"]}]},{"@type":"BreadcrumbList","@id":"https:\/\/loginfo24.com\/pt-pt\/2020\/07\/13\/alexander-bernhard-torna-se-o-unico-diretor-geral-da-swan-gmbh\/#breadcrumb","itemListElement":[{"@type":"ListItem","position":1,"name":"Startseite","item":"https:\/\/loginfo24.com\/pt-pt\/"},{"@type":"ListItem","position":2,"name":"Alexander Bernhard torna-se o \u00fanico diretor-geral da SWAN GmbH"}]},{"@type":"WebSite","@id":"https:\/\/loginfo24.com\/pt-pt\/#website","url":"https:\/\/loginfo24.com\/pt-pt\/","name":"Loginfo24","description":"Loginfo24 \u00e9 a plataforma dedicada \u00e0 log\u00edstica e \u00e0s cadeias de abastecimento, com informa\u00e7\u00f5es dispon\u00edveis 24 horas por dia.","publisher":{"@id":"https:\/\/loginfo24.com\/pt-pt\/#organization"},"potentialAction":[{"@type":"SearchAction","target":{"@type":"EntryPoint","urlTemplate":"https:\/\/loginfo24.com\/pt-pt\/?s={search_term_string}"},"query-input":{"@type":"PropertyValueSpecification","valueRequired":true,"valueName":"search_term_string"}}],"inLanguage":"pt-PT"},{"@type":"Organization","@id":"https:\/\/loginfo24.com\/pt-pt\/#organization","name":"Logismedia Group AG","url":"https:\/\/loginfo24.com\/pt-pt\/","logo":{"@type":"ImageObject","inLanguage":"pt-PT","@id":"https:\/\/loginfo24.com\/pt-pt\/#\/schema\/logo\/image\/","url":"https:\/\/loginfo24.com\/wp-content\/uploads\/sites\/7\/2026\/01\/Logo_LogInfo24.png","contentUrl":"https:\/\/loginfo24.com\/wp-content\/uploads\/sites\/7\/2026\/01\/Logo_LogInfo24.png","width":938,"height":351,"caption":"Logismedia Group AG"},"image":{"@id":"https:\/\/loginfo24.com\/pt-pt\/#\/schema\/logo\/image\/"},"sameAs":["https:\/\/www.facebook.com\/people\/Loginfo24\/100057360583332\/","https:\/\/www.linkedin.com\/company\/lofinfo24\/"]}]}},"_links":{"self":[{"href":"https:\/\/loginfo24.com\/pt-pt\/wp-json\/wp\/v2\/posts\/18479","targetHints":{"allow":["GET"]}}],"collection":[{"href":"https:\/\/loginfo24.com\/pt-pt\/wp-json\/wp\/v2\/posts"}],"about":[{"href":"https:\/\/loginfo24.com\/pt-pt\/wp-json\/wp\/v2\/types\/post"}],"replies":[{"embeddable":true,"href":"https:\/\/loginfo24.com\/pt-pt\/wp-json\/wp\/v2\/comments?post=18479"}],"version-history":[{"count":1,"href":"https:\/\/loginfo24.com\/pt-pt\/wp-json\/wp\/v2\/posts\/18479\/revisions"}],"predecessor-version":[{"id":33286,"href":"https:\/\/loginfo24.com\/pt-pt\/wp-json\/wp\/v2\/posts\/18479\/revisions\/33286"}],"wp:attachment":[{"href":"https:\/\/loginfo24.com\/pt-pt\/wp-json\/wp\/v2\/media?parent=18479"}],"wp:term":[{"taxonomy":"category","embeddable":true,"href":"https:\/\/loginfo24.com\/pt-pt\/wp-json\/wp\/v2\/categories?post=18479"},{"taxonomy":"post_tag","embeddable":true,"href":"https:\/\/loginfo24.com\/pt-pt\/wp-json\/wp\/v2\/tags?post=18479"}],"curies":[{"name":"wp","href":"https:\/\/api.w.org\/{rel}","templated":true}]}}