{"id":17832,"date":"2020-06-08T06:59:06","date_gmt":"2020-06-08T04:59:06","guid":{"rendered":"https:\/\/blog.brand-architecture.at\/2020\/06\/08\/dsv-celebra-o-inicio-da-construcao-da-expansao-do-seu-centro-logistico-em-lahr\/"},"modified":"2025-12-15T12:28:48","modified_gmt":"2025-12-15T11:28:48","slug":"dsv-celebra-o-inicio-da-construcao-da-expansao-do-seu-centro-logistico-em-lahr","status":"publish","type":"post","link":"https:\/\/loginfo24.com\/pt-pt\/2020\/06\/08\/dsv-celebra-o-inicio-da-construcao-da-expansao-do-seu-centro-logistico-em-lahr\/","title":{"rendered":"DSV celebra o in\u00edcio da constru\u00e7\u00e3o da expans\u00e3o do seu centro log\u00edstico em Lahr"},"content":{"rendered":"<p>Com o in\u00edcio da constru\u00e7\u00e3o, o grupo log\u00edstico DSV celebrou a expans\u00e3o do centro log\u00edstico em Lahr\/Floresta Negra. Com a amplia\u00e7\u00e3o, as capacidades ser\u00e3o duplicadas, totalizando mais 24.000 m2. A constru\u00e7\u00e3o deve ser conclu\u00edda at\u00e9 o final de novembro de 2020.<\/p>\n<p>(Bremen\/Lahr) Com uma cerim\u00f4nia de in\u00edcio de constru\u00e7\u00e3o, no dia 05 de junho, as obras para a expans\u00e3o do centro log\u00edstico da DSV em Lahr come\u00e7aram oficialmente. Um adicional de 24.000 m\u00b2 de espa\u00e7o de armazenamento deve ser criado at\u00e9 o final de novembro de 2020, com os primeiros 12.000 m\u00b2 j\u00e1 conclu\u00eddos em outubro. Assim, o prestador de servi\u00e7os de transporte e log\u00edstica dinamarqu\u00eas cria espa\u00e7o para novos neg\u00f3cios no local multiusu\u00e1rio da Floresta Negra, duplicando as capacidades de armazenamento.<\/p>\n<p>Representantes do setor econ\u00f4mico, pol\u00edtico e da m\u00eddia aproveitaram o in\u00edcio da constru\u00e7\u00e3o para se informar sobre o planejado centro log\u00edstico, tanto virtualmente via transmiss\u00e3o ao vivo quanto em um pequeno grupo no local. Juntamente com Markus Ibert, presidente da associa\u00e7\u00e3o de interesse &#8220;Parque Industrial e Comercial da Regi\u00e3o de Lahr&#8221; e prefeito da cidade de Lahr, e J\u00f6rg Werder, engenheiro de vendas da construtora Goldbeck, a DSV Solutions explicou as pr\u00f3ximas etapas da constru\u00e7\u00e3o e o futuro uso da amplia\u00e7\u00e3o de 24.000 m\u00b2. &#8220;Devido \u00e0 crescente demanda e \u00e0s exig\u00eancias de servi\u00e7o aumentadas na regi\u00e3o do Sul da Alemanha, em breve atingiremos os limites das capacidades atuais no local existente&#8221;, diz Friedbert Dieterle, gerente do local e gerente s\u00eanior de log\u00edstica da DSV Solutions GmbH. &#8220;Com a expans\u00e3o planejada, j\u00e1 garantimos a viabilidade futura da nossa filial, preparando-nos antecipadamente para os desafios futuros.&#8221; A amplia\u00e7\u00e3o do local n\u00e3o s\u00f3 cria espa\u00e7o para novos neg\u00f3cios, mas tamb\u00e9m empregos na regi\u00e3o \u2013 est\u00e3o planejadas 80 novas vagas.<\/p>\n<p><strong>Sinal positivo para Lahr e a regi\u00e3o<\/strong><\/p>\n<p>Para o presidente da associa\u00e7\u00e3o de interesse e prefeito Markus Ibert, a expans\u00e3o \u00e9 um sinal muito positivo, n\u00e3o apenas para Lahr, mas para toda a regi\u00e3o: &#8220;A DSV atua para in\u00fameras empresas aqui na regi\u00e3o. O fato de que agora uma expans\u00e3o est\u00e1 ocorrendo mostra que nossa economia est\u00e1 muito bem posicionada e \u00e9 vi\u00e1vel para o futuro. Estou feliz com esse desenvolvimento e desejo \u00e0 DSV Solutions muito sucesso e uma boa colabora\u00e7\u00e3o com nossas empresas aqui no local.&#8221;<\/p>\n<p>Atualmente, o centro log\u00edstico da DSV em Lahr abrange uma \u00e1rea de 76.000 m\u00b2 \u2013 mais 44.000 m\u00b2 de terreno devem agora ser constru\u00eddos com duas partes adicionais do armaz\u00e9m, para atender \u00e0 crescente demanda. As obras no local multiusu\u00e1rio devem ser totalmente conclu\u00eddas no outono de 2020. Ser\u00e3o constru\u00eddos dois armaz\u00e9ns de 10.000 m\u00b2 cada e mais 4.000 m\u00b2 de mezanino. Ap\u00f3s a conclus\u00e3o da amplia\u00e7\u00e3o, a DSV Solutions, como inquilina do im\u00f3vel no startkLahr Airport &amp; Business Park da regi\u00e3o de Lahr, ter\u00e1 50.500 m\u00b2 de capacidade de armazenamento e 70.000 vagas. Atualmente, o operador log\u00edstico armazena no local em Lahr produtos t\u00e9cnicos, bens de consumo, alimentos, embalagens e produtos m\u00e9dicos de cerca de 30 clientes. Com a iminente expans\u00e3o, novos neg\u00f3cios j\u00e1 foram adquiridos, que devem ser tratados a partir do outono na nova parte do centro log\u00edstico.<\/p>\n<p><strong>Vantagem de localiza\u00e7\u00e3o no sudoeste<\/strong><\/p>\n<p>Lahr atende, em rela\u00e7\u00e3o \u00e0 execu\u00e7\u00e3o de alta qualidade do neg\u00f3cio de armazenamento, \u00e0s exig\u00eancias do operador log\u00edstico e possibilita rotas de transporte curtas por meio de uma ampla conex\u00e3o: localizado diretamente no terreno do aeroporto, a 30 km do porto do Reno em Kehl e nas proximidades da A5. Para um local multiusu\u00e1rio, a localiza\u00e7\u00e3o desempenha um papel decisivo, pois as capacidades s\u00e3o utilizadas por diferentes clientes, que, por sua vez, atendem a redes individuais. Para poder atender \u00e0s necessidades dos clientes de forma individual, a DSV Solutions em Lahr oferece, al\u00e9m do armazenamento, tamb\u00e9m servi\u00e7os flex\u00edveis de valor agregado, montagem de displays, um armaz\u00e9m aduaneiro, um armaz\u00e9m de alimentos certificado (IFS-HACCP) e um armaz\u00e9m de produtos m\u00e9dicos (ISO-13485).<\/p>\n<p>Foto: \u00a9 startkLahr<\/p>\n<p>Legenda da imagem: <em>(Pessoas retratadas da esquerda para a direita: J\u00f6rg Werder, engenheiro de vendas da construtora Goldbeck; Friedbert Dieterle, gerente do local e gerente s\u00eanior de log\u00edstica da DSV Solutions GmbH; Markus Ibert, presidente da associa\u00e7\u00e3o de interesse &#8220;Parque Industrial e Comercial da Regi\u00e3o de Lahr&#8221; e prefeito da cidade de Lahr; Alexander Schmid, diretor s\u00eanior de desenvolvimento do desenvolvedor de projetos Logicor; Daniel Halter, diretor executivo da startkLahr)<\/em><\/p>\n<p><a href=\"https:\/\/www.de.dsv.com\" target=\"_blank\" rel=\"noopener noreferrer\">www.de.dsv.com<\/a><\/p>\n","protected":false},"excerpt":{"rendered":"<p>Com o in\u00edcio da constru\u00e7\u00e3o, o grupo log\u00edstico DSV celebrou a expans\u00e3o do centro log\u00edstico em Lahr\/Floresta Negra. Com a amplia\u00e7\u00e3o, as capacidades ser\u00e3o duplicadas, totalizando<span class=\"excerpt-hellip\"> [\u2026]<\/span><\/p>\n","protected":false},"author":0,"featured_media":0,"comment_status":"open","ping_status":"open","sticky":false,"template":"","format":"standard","meta":{"_acf_changed":false,"footnotes":""},"categories":[1557,1560,1561],"tags":[],"class_list":["post-17832","post","type-post","status-publish","format-standard","hentry","category-forwarding-logistics","category-intralogistics","category-regions"],"acf":[],"yoast_head":"<!-- This site is optimized with the Yoast SEO plugin v27.3 - https:\/\/yoast.com\/product\/yoast-seo-wordpress\/ -->\n<title>DSV celebra o in\u00edcio da constru\u00e7\u00e3o da expans\u00e3o do seu centro log\u00edstico em Lahr - Loginfo24<\/title>\n<meta name=\"robots\" content=\"index, follow, max-snippet:-1, max-image-preview:large, max-video-preview:-1\" \/>\n<link rel=\"canonical\" href=\"https:\/\/loginfo24.com\/pt-pt\/2020\/06\/08\/dsv-celebra-o-inicio-da-construcao-da-expansao-do-seu-centro-logistico-em-lahr\/\" \/>\n<meta property=\"og:locale\" content=\"pt_PT\" \/>\n<meta property=\"og:type\" content=\"article\" \/>\n<meta property=\"og:title\" content=\"DSV celebra o in\u00edcio da constru\u00e7\u00e3o da expans\u00e3o do seu centro log\u00edstico em Lahr - Loginfo24\" \/>\n<meta property=\"og:description\" content=\"Com o in\u00edcio da constru\u00e7\u00e3o, o grupo log\u00edstico DSV celebrou a expans\u00e3o do centro log\u00edstico em Lahr\/Floresta Negra. Com a amplia\u00e7\u00e3o, as capacidades ser\u00e3o duplicadas, totalizando [\u2026]\" \/>\n<meta property=\"og:url\" content=\"https:\/\/loginfo24.com\/pt-pt\/2020\/06\/08\/dsv-celebra-o-inicio-da-construcao-da-expansao-do-seu-centro-logistico-em-lahr\/\" \/>\n<meta property=\"og:site_name\" content=\"Loginfo24\" \/>\n<meta property=\"article:publisher\" content=\"https:\/\/www.facebook.com\/people\/Loginfo24\/100057360583332\/\" \/>\n<meta property=\"article:published_time\" content=\"2020-06-08T04:59:06+00:00\" \/>\n<meta property=\"article:modified_time\" content=\"2025-12-15T11:28:48+00:00\" \/>\n<meta name=\"twitter:card\" content=\"summary_large_image\" \/>\n<meta name=\"twitter:label1\" content=\"Tempo estimado de leitura\" \/>\n\t<meta name=\"twitter:data1\" content=\"4 minutos\" \/>\n<script type=\"application\/ld+json\" class=\"yoast-schema-graph\">{\"@context\":\"https:\\\/\\\/schema.org\",\"@graph\":[{\"@type\":\"Article\",\"@id\":\"https:\\\/\\\/loginfo24.com\\\/pt-pt\\\/2020\\\/06\\\/08\\\/dsv-celebra-o-inicio-da-construcao-da-expansao-do-seu-centro-logistico-em-lahr\\\/#article\",\"isPartOf\":{\"@id\":\"https:\\\/\\\/loginfo24.com\\\/pt-pt\\\/2020\\\/06\\\/08\\\/dsv-celebra-o-inicio-da-construcao-da-expansao-do-seu-centro-logistico-em-lahr\\\/\"},\"author\":{\"name\":\"\",\"@id\":\"\"},\"headline\":\"DSV celebra o in\u00edcio da constru\u00e7\u00e3o da expans\u00e3o do seu centro log\u00edstico em Lahr\",\"datePublished\":\"2020-06-08T04:59:06+00:00\",\"dateModified\":\"2025-12-15T11:28:48+00:00\",\"mainEntityOfPage\":{\"@id\":\"https:\\\/\\\/loginfo24.com\\\/pt-pt\\\/2020\\\/06\\\/08\\\/dsv-celebra-o-inicio-da-construcao-da-expansao-do-seu-centro-logistico-em-lahr\\\/\"},\"wordCount\":815,\"commentCount\":0,\"publisher\":{\"@id\":\"https:\\\/\\\/loginfo24.com\\\/pt-pt\\\/#organization\"},\"articleSection\":[\"Forwarding &amp; Logistics\",\"Intralogistics\",\"Regions\"],\"inLanguage\":\"pt-PT\",\"potentialAction\":[{\"@type\":\"CommentAction\",\"name\":\"Comment\",\"target\":[\"https:\\\/\\\/loginfo24.com\\\/pt-pt\\\/2020\\\/06\\\/08\\\/dsv-celebra-o-inicio-da-construcao-da-expansao-do-seu-centro-logistico-em-lahr\\\/#respond\"]}]},{\"@type\":\"WebPage\",\"@id\":\"https:\\\/\\\/loginfo24.com\\\/pt-pt\\\/2020\\\/06\\\/08\\\/dsv-celebra-o-inicio-da-construcao-da-expansao-do-seu-centro-logistico-em-lahr\\\/\",\"url\":\"https:\\\/\\\/loginfo24.com\\\/pt-pt\\\/2020\\\/06\\\/08\\\/dsv-celebra-o-inicio-da-construcao-da-expansao-do-seu-centro-logistico-em-lahr\\\/\",\"name\":\"DSV celebra o in\u00edcio da constru\u00e7\u00e3o da expans\u00e3o do seu centro log\u00edstico em Lahr - Loginfo24\",\"isPartOf\":{\"@id\":\"https:\\\/\\\/loginfo24.com\\\/pt-pt\\\/#website\"},\"datePublished\":\"2020-06-08T04:59:06+00:00\",\"dateModified\":\"2025-12-15T11:28:48+00:00\",\"breadcrumb\":{\"@id\":\"https:\\\/\\\/loginfo24.com\\\/pt-pt\\\/2020\\\/06\\\/08\\\/dsv-celebra-o-inicio-da-construcao-da-expansao-do-seu-centro-logistico-em-lahr\\\/#breadcrumb\"},\"inLanguage\":\"pt-PT\",\"potentialAction\":[{\"@type\":\"ReadAction\",\"target\":[\"https:\\\/\\\/loginfo24.com\\\/pt-pt\\\/2020\\\/06\\\/08\\\/dsv-celebra-o-inicio-da-construcao-da-expansao-do-seu-centro-logistico-em-lahr\\\/\"]}]},{\"@type\":\"BreadcrumbList\",\"@id\":\"https:\\\/\\\/loginfo24.com\\\/pt-pt\\\/2020\\\/06\\\/08\\\/dsv-celebra-o-inicio-da-construcao-da-expansao-do-seu-centro-logistico-em-lahr\\\/#breadcrumb\",\"itemListElement\":[{\"@type\":\"ListItem\",\"position\":1,\"name\":\"Startseite\",\"item\":\"https:\\\/\\\/loginfo24.com\\\/pt-pt\\\/\"},{\"@type\":\"ListItem\",\"position\":2,\"name\":\"DSV celebra o in\u00edcio da constru\u00e7\u00e3o da expans\u00e3o do seu centro log\u00edstico em Lahr\"}]},{\"@type\":\"WebSite\",\"@id\":\"https:\\\/\\\/loginfo24.com\\\/pt-pt\\\/#website\",\"url\":\"https:\\\/\\\/loginfo24.com\\\/pt-pt\\\/\",\"name\":\"Loginfo24\",\"description\":\"Loginfo24 \u00e9 a plataforma dedicada \u00e0 log\u00edstica e \u00e0s cadeias de abastecimento, com informa\u00e7\u00f5es dispon\u00edveis 24 horas por dia.\",\"publisher\":{\"@id\":\"https:\\\/\\\/loginfo24.com\\\/pt-pt\\\/#organization\"},\"potentialAction\":[{\"@type\":\"SearchAction\",\"target\":{\"@type\":\"EntryPoint\",\"urlTemplate\":\"https:\\\/\\\/loginfo24.com\\\/pt-pt\\\/?s={search_term_string}\"},\"query-input\":{\"@type\":\"PropertyValueSpecification\",\"valueRequired\":true,\"valueName\":\"search_term_string\"}}],\"inLanguage\":\"pt-PT\"},{\"@type\":\"Organization\",\"@id\":\"https:\\\/\\\/loginfo24.com\\\/pt-pt\\\/#organization\",\"name\":\"Logismedia Group AG\",\"url\":\"https:\\\/\\\/loginfo24.com\\\/pt-pt\\\/\",\"logo\":{\"@type\":\"ImageObject\",\"inLanguage\":\"pt-PT\",\"@id\":\"https:\\\/\\\/loginfo24.com\\\/pt-pt\\\/#\\\/schema\\\/logo\\\/image\\\/\",\"url\":\"https:\\\/\\\/loginfo24.com\\\/wp-content\\\/uploads\\\/sites\\\/7\\\/2026\\\/01\\\/Logo_LogInfo24.png\",\"contentUrl\":\"https:\\\/\\\/loginfo24.com\\\/wp-content\\\/uploads\\\/sites\\\/7\\\/2026\\\/01\\\/Logo_LogInfo24.png\",\"width\":938,\"height\":351,\"caption\":\"Logismedia Group AG\"},\"image\":{\"@id\":\"https:\\\/\\\/loginfo24.com\\\/pt-pt\\\/#\\\/schema\\\/logo\\\/image\\\/\"},\"sameAs\":[\"https:\\\/\\\/www.facebook.com\\\/people\\\/Loginfo24\\\/100057360583332\\\/\",\"https:\\\/\\\/www.linkedin.com\\\/company\\\/lofinfo24\\\/\"]}]}<\/script>\n<!-- \/ Yoast SEO plugin. -->","yoast_head_json":{"title":"DSV celebra o in\u00edcio da constru\u00e7\u00e3o da expans\u00e3o do seu centro log\u00edstico em Lahr - Loginfo24","robots":{"index":"index","follow":"follow","max-snippet":"max-snippet:-1","max-image-preview":"max-image-preview:large","max-video-preview":"max-video-preview:-1"},"canonical":"https:\/\/loginfo24.com\/pt-pt\/2020\/06\/08\/dsv-celebra-o-inicio-da-construcao-da-expansao-do-seu-centro-logistico-em-lahr\/","og_locale":"pt_PT","og_type":"article","og_title":"DSV celebra o in\u00edcio da constru\u00e7\u00e3o da expans\u00e3o do seu centro log\u00edstico em Lahr - Loginfo24","og_description":"Com o in\u00edcio da constru\u00e7\u00e3o, o grupo log\u00edstico DSV celebrou a expans\u00e3o do centro log\u00edstico em Lahr\/Floresta Negra. Com a amplia\u00e7\u00e3o, as capacidades ser\u00e3o duplicadas, totalizando [\u2026]","og_url":"https:\/\/loginfo24.com\/pt-pt\/2020\/06\/08\/dsv-celebra-o-inicio-da-construcao-da-expansao-do-seu-centro-logistico-em-lahr\/","og_site_name":"Loginfo24","article_publisher":"https:\/\/www.facebook.com\/people\/Loginfo24\/100057360583332\/","article_published_time":"2020-06-08T04:59:06+00:00","article_modified_time":"2025-12-15T11:28:48+00:00","twitter_card":"summary_large_image","twitter_misc":{"Tempo estimado de leitura":"4 minutos"},"schema":{"@context":"https:\/\/schema.org","@graph":[{"@type":"Article","@id":"https:\/\/loginfo24.com\/pt-pt\/2020\/06\/08\/dsv-celebra-o-inicio-da-construcao-da-expansao-do-seu-centro-logistico-em-lahr\/#article","isPartOf":{"@id":"https:\/\/loginfo24.com\/pt-pt\/2020\/06\/08\/dsv-celebra-o-inicio-da-construcao-da-expansao-do-seu-centro-logistico-em-lahr\/"},"author":{"name":"","@id":""},"headline":"DSV celebra o in\u00edcio da constru\u00e7\u00e3o da expans\u00e3o do seu centro log\u00edstico em Lahr","datePublished":"2020-06-08T04:59:06+00:00","dateModified":"2025-12-15T11:28:48+00:00","mainEntityOfPage":{"@id":"https:\/\/loginfo24.com\/pt-pt\/2020\/06\/08\/dsv-celebra-o-inicio-da-construcao-da-expansao-do-seu-centro-logistico-em-lahr\/"},"wordCount":815,"commentCount":0,"publisher":{"@id":"https:\/\/loginfo24.com\/pt-pt\/#organization"},"articleSection":["Forwarding &amp; Logistics","Intralogistics","Regions"],"inLanguage":"pt-PT","potentialAction":[{"@type":"CommentAction","name":"Comment","target":["https:\/\/loginfo24.com\/pt-pt\/2020\/06\/08\/dsv-celebra-o-inicio-da-construcao-da-expansao-do-seu-centro-logistico-em-lahr\/#respond"]}]},{"@type":"WebPage","@id":"https:\/\/loginfo24.com\/pt-pt\/2020\/06\/08\/dsv-celebra-o-inicio-da-construcao-da-expansao-do-seu-centro-logistico-em-lahr\/","url":"https:\/\/loginfo24.com\/pt-pt\/2020\/06\/08\/dsv-celebra-o-inicio-da-construcao-da-expansao-do-seu-centro-logistico-em-lahr\/","name":"DSV celebra o in\u00edcio da constru\u00e7\u00e3o da expans\u00e3o do seu centro log\u00edstico em Lahr - Loginfo24","isPartOf":{"@id":"https:\/\/loginfo24.com\/pt-pt\/#website"},"datePublished":"2020-06-08T04:59:06+00:00","dateModified":"2025-12-15T11:28:48+00:00","breadcrumb":{"@id":"https:\/\/loginfo24.com\/pt-pt\/2020\/06\/08\/dsv-celebra-o-inicio-da-construcao-da-expansao-do-seu-centro-logistico-em-lahr\/#breadcrumb"},"inLanguage":"pt-PT","potentialAction":[{"@type":"ReadAction","target":["https:\/\/loginfo24.com\/pt-pt\/2020\/06\/08\/dsv-celebra-o-inicio-da-construcao-da-expansao-do-seu-centro-logistico-em-lahr\/"]}]},{"@type":"BreadcrumbList","@id":"https:\/\/loginfo24.com\/pt-pt\/2020\/06\/08\/dsv-celebra-o-inicio-da-construcao-da-expansao-do-seu-centro-logistico-em-lahr\/#breadcrumb","itemListElement":[{"@type":"ListItem","position":1,"name":"Startseite","item":"https:\/\/loginfo24.com\/pt-pt\/"},{"@type":"ListItem","position":2,"name":"DSV celebra o in\u00edcio da constru\u00e7\u00e3o da expans\u00e3o do seu centro log\u00edstico em Lahr"}]},{"@type":"WebSite","@id":"https:\/\/loginfo24.com\/pt-pt\/#website","url":"https:\/\/loginfo24.com\/pt-pt\/","name":"Loginfo24","description":"Loginfo24 \u00e9 a plataforma dedicada \u00e0 log\u00edstica e \u00e0s cadeias de abastecimento, com informa\u00e7\u00f5es dispon\u00edveis 24 horas por dia.","publisher":{"@id":"https:\/\/loginfo24.com\/pt-pt\/#organization"},"potentialAction":[{"@type":"SearchAction","target":{"@type":"EntryPoint","urlTemplate":"https:\/\/loginfo24.com\/pt-pt\/?s={search_term_string}"},"query-input":{"@type":"PropertyValueSpecification","valueRequired":true,"valueName":"search_term_string"}}],"inLanguage":"pt-PT"},{"@type":"Organization","@id":"https:\/\/loginfo24.com\/pt-pt\/#organization","name":"Logismedia Group AG","url":"https:\/\/loginfo24.com\/pt-pt\/","logo":{"@type":"ImageObject","inLanguage":"pt-PT","@id":"https:\/\/loginfo24.com\/pt-pt\/#\/schema\/logo\/image\/","url":"https:\/\/loginfo24.com\/wp-content\/uploads\/sites\/7\/2026\/01\/Logo_LogInfo24.png","contentUrl":"https:\/\/loginfo24.com\/wp-content\/uploads\/sites\/7\/2026\/01\/Logo_LogInfo24.png","width":938,"height":351,"caption":"Logismedia Group AG"},"image":{"@id":"https:\/\/loginfo24.com\/pt-pt\/#\/schema\/logo\/image\/"},"sameAs":["https:\/\/www.facebook.com\/people\/Loginfo24\/100057360583332\/","https:\/\/www.linkedin.com\/company\/lofinfo24\/"]}]}},"_links":{"self":[{"href":"https:\/\/loginfo24.com\/pt-pt\/wp-json\/wp\/v2\/posts\/17832","targetHints":{"allow":["GET"]}}],"collection":[{"href":"https:\/\/loginfo24.com\/pt-pt\/wp-json\/wp\/v2\/posts"}],"about":[{"href":"https:\/\/loginfo24.com\/pt-pt\/wp-json\/wp\/v2\/types\/post"}],"replies":[{"embeddable":true,"href":"https:\/\/loginfo24.com\/pt-pt\/wp-json\/wp\/v2\/comments?post=17832"}],"version-history":[{"count":1,"href":"https:\/\/loginfo24.com\/pt-pt\/wp-json\/wp\/v2\/posts\/17832\/revisions"}],"predecessor-version":[{"id":32006,"href":"https:\/\/loginfo24.com\/pt-pt\/wp-json\/wp\/v2\/posts\/17832\/revisions\/32006"}],"wp:attachment":[{"href":"https:\/\/loginfo24.com\/pt-pt\/wp-json\/wp\/v2\/media?parent=17832"}],"wp:term":[{"taxonomy":"category","embeddable":true,"href":"https:\/\/loginfo24.com\/pt-pt\/wp-json\/wp\/v2\/categories?post=17832"},{"taxonomy":"post_tag","embeddable":true,"href":"https:\/\/loginfo24.com\/pt-pt\/wp-json\/wp\/v2\/tags?post=17832"}],"curies":[{"name":"wp","href":"https:\/\/api.w.org\/{rel}","templated":true}]}}