{"id":17814,"date":"2020-06-08T06:00:40","date_gmt":"2020-06-08T04:00:40","guid":{"rendered":"https:\/\/blog.brand-architecture.at\/2020\/06\/08\/container-sanitarios-para-motoristas-de-caminhao-instalados-no-gvz-bremen\/"},"modified":"2025-12-15T12:28:46","modified_gmt":"2025-12-15T11:28:46","slug":"container-sanitarios-para-motoristas-de-caminhao-instalados-no-gvz-bremen","status":"publish","type":"post","link":"https:\/\/loginfo24.com\/pt-pt\/2020\/06\/08\/container-sanitarios-para-motoristas-de-caminhao-instalados-no-gvz-bremen\/","title":{"rendered":"Container sanit\u00e1rios para motoristas de caminh\u00e3o instalados no GVZ Bremen"},"content":{"rendered":"<p>No parque de servi\u00e7os do GVZ Bremen, foram instalados na semana passada mais containers sanit\u00e1rios para motoristas profissionais. Na verdade, n\u00e3o \u00e9 um tema para um comunicado de imprensa, mas durante o lockdown da Corona, ficou claro que instala\u00e7\u00f5es sanit\u00e1rias para motoristas estavam faltando em toda a Europa. Muitas vezes, as empresas negavam o acesso \u00e0s instala\u00e7\u00f5es pr\u00f3prias em locais de carga e descarga!<\/p>\n<p>(Bremen) Na semana passada, mais containers sanit\u00e1rios para motoristas de caminh\u00e3o foram colocados em opera\u00e7\u00e3o no parque de servi\u00e7os do GVZ Bremen, como parte da iniciativa do setor #LogistikHilft. A instala\u00e7\u00e3o do container de chuveiro e do container de WC foi organizada em colabora\u00e7\u00e3o com a iniciativa do setor, a GVZ Entwicklungsgesellschaft Bremen (GVZe) e a Backhaus. O aluguel dos containers sanit\u00e1rios \u00e9 coberto por doa\u00e7\u00f5es, incluindo da cidade de Bremen, da cooperativa de transporte rodovi\u00e1rio Bremen eG (SVG), da associa\u00e7\u00e3o estadual de transporte Bremen (LVB) e dos apoiadores da iniciativa. No GVZ Bremen, cerca de 6.000-7.000 caminh\u00f5es s\u00e3o movimentados diariamente. A nova instala\u00e7\u00e3o sanit\u00e1ria complementa a oferta existente e est\u00e1 localizada na propriedade do fornecedor central do GVZ, Backhaus, no parque de servi\u00e7os do GVZ Bremen. Os dois containers est\u00e3o dispon\u00edveis gratuitamente para todos os motoristas de caminh\u00e3o a partir de 4 de junho de 2020. O acesso \u00e9 feito atrav\u00e9s do aplicativo KRAVAG Truck Parking e est\u00e1 dispon\u00edvel na Google Play Store \/ Apple App Store. #Logistikhilft \u00e9 uma iniciativa conjunta do Minist\u00e9rio Federal dos Transportes e Infraestrutura Digital (BMVI), da Associa\u00e7\u00e3o Federal de Transporte de Carga, Log\u00edstica e Descarte (BGL), da organiza\u00e7\u00e3o sem fins lucrativos DocStop \/ SaniStop, bem como de muitos apoiadores \/ doadores da ind\u00fastria de log\u00edstica e da ind\u00fastria relacionada. Os patronos da iniciativa s\u00e3o o Ministro Federal Andreas Scheuer e o coordenador do governo federal para transporte de mercadorias e log\u00edstica, o Secret\u00e1rio de Estado Parlamentar Steffen Bilger. O objetivo da iniciativa \u00e9 apoiar todos os que trabalham operacionalmente em transporte e log\u00edstica, garantindo assim o fornecimento da sociedade e da economia. Isso se aplica especialmente em rela\u00e7\u00e3o a condi\u00e7\u00f5es de trabalho justas e adequadas para motoristas de caminh\u00e3o.<\/p>\n","protected":false},"excerpt":{"rendered":"<p>No parque de servi\u00e7os do GVZ Bremen, foram instalados na semana passada mais containers sanit\u00e1rios para motoristas profissionais. Na verdade, n\u00e3o \u00e9 um tema para um<span class=\"excerpt-hellip\"> [\u2026]<\/span><\/p>\n","protected":false},"author":0,"featured_media":0,"comment_status":"open","ping_status":"open","sticky":false,"template":"","format":"standard","meta":{"_acf_changed":false,"footnotes":""},"categories":[1557,1561],"tags":[],"class_list":["post-17814","post","type-post","status-publish","format-standard","hentry","category-forwarding-logistics","category-regions"],"acf":[],"yoast_head":"<!-- This site is optimized with the Yoast SEO plugin v27.3 - https:\/\/yoast.com\/product\/yoast-seo-wordpress\/ -->\n<title>Container sanit\u00e1rios para motoristas de caminh\u00e3o instalados no GVZ Bremen - Loginfo24<\/title>\n<meta name=\"robots\" content=\"index, follow, max-snippet:-1, max-image-preview:large, max-video-preview:-1\" \/>\n<link rel=\"canonical\" href=\"https:\/\/loginfo24.com\/pt-pt\/2020\/06\/08\/container-sanitarios-para-motoristas-de-caminhao-instalados-no-gvz-bremen\/\" \/>\n<meta property=\"og:locale\" content=\"pt_PT\" \/>\n<meta property=\"og:type\" content=\"article\" \/>\n<meta property=\"og:title\" content=\"Container sanit\u00e1rios para motoristas de caminh\u00e3o instalados no GVZ Bremen - Loginfo24\" \/>\n<meta property=\"og:description\" content=\"No parque de servi\u00e7os do GVZ Bremen, foram instalados na semana passada mais containers sanit\u00e1rios para motoristas profissionais. Na verdade, n\u00e3o \u00e9 um tema para um [\u2026]\" \/>\n<meta property=\"og:url\" content=\"https:\/\/loginfo24.com\/pt-pt\/2020\/06\/08\/container-sanitarios-para-motoristas-de-caminhao-instalados-no-gvz-bremen\/\" \/>\n<meta property=\"og:site_name\" content=\"Loginfo24\" \/>\n<meta property=\"article:publisher\" content=\"https:\/\/www.facebook.com\/people\/Loginfo24\/100057360583332\/\" \/>\n<meta property=\"article:published_time\" content=\"2020-06-08T04:00:40+00:00\" \/>\n<meta property=\"article:modified_time\" content=\"2025-12-15T11:28:46+00:00\" \/>\n<meta name=\"twitter:card\" content=\"summary_large_image\" \/>\n<meta name=\"twitter:label1\" content=\"Tempo estimado de leitura\" \/>\n\t<meta name=\"twitter:data1\" content=\"2 minutos\" \/>\n<script type=\"application\/ld+json\" class=\"yoast-schema-graph\">{\"@context\":\"https:\\\/\\\/schema.org\",\"@graph\":[{\"@type\":\"Article\",\"@id\":\"https:\\\/\\\/loginfo24.com\\\/pt-pt\\\/2020\\\/06\\\/08\\\/container-sanitarios-para-motoristas-de-caminhao-instalados-no-gvz-bremen\\\/#article\",\"isPartOf\":{\"@id\":\"https:\\\/\\\/loginfo24.com\\\/pt-pt\\\/2020\\\/06\\\/08\\\/container-sanitarios-para-motoristas-de-caminhao-instalados-no-gvz-bremen\\\/\"},\"author\":{\"name\":\"\",\"@id\":\"\"},\"headline\":\"Container sanit\u00e1rios para motoristas de caminh\u00e3o instalados no GVZ Bremen\",\"datePublished\":\"2020-06-08T04:00:40+00:00\",\"dateModified\":\"2025-12-15T11:28:46+00:00\",\"mainEntityOfPage\":{\"@id\":\"https:\\\/\\\/loginfo24.com\\\/pt-pt\\\/2020\\\/06\\\/08\\\/container-sanitarios-para-motoristas-de-caminhao-instalados-no-gvz-bremen\\\/\"},\"wordCount\":393,\"commentCount\":0,\"publisher\":{\"@id\":\"https:\\\/\\\/loginfo24.com\\\/pt-pt\\\/#organization\"},\"articleSection\":[\"Forwarding &amp; Logistics\",\"Regions\"],\"inLanguage\":\"pt-PT\",\"potentialAction\":[{\"@type\":\"CommentAction\",\"name\":\"Comment\",\"target\":[\"https:\\\/\\\/loginfo24.com\\\/pt-pt\\\/2020\\\/06\\\/08\\\/container-sanitarios-para-motoristas-de-caminhao-instalados-no-gvz-bremen\\\/#respond\"]}]},{\"@type\":\"WebPage\",\"@id\":\"https:\\\/\\\/loginfo24.com\\\/pt-pt\\\/2020\\\/06\\\/08\\\/container-sanitarios-para-motoristas-de-caminhao-instalados-no-gvz-bremen\\\/\",\"url\":\"https:\\\/\\\/loginfo24.com\\\/pt-pt\\\/2020\\\/06\\\/08\\\/container-sanitarios-para-motoristas-de-caminhao-instalados-no-gvz-bremen\\\/\",\"name\":\"Container sanit\u00e1rios para motoristas de caminh\u00e3o instalados no GVZ Bremen - Loginfo24\",\"isPartOf\":{\"@id\":\"https:\\\/\\\/loginfo24.com\\\/pt-pt\\\/#website\"},\"datePublished\":\"2020-06-08T04:00:40+00:00\",\"dateModified\":\"2025-12-15T11:28:46+00:00\",\"breadcrumb\":{\"@id\":\"https:\\\/\\\/loginfo24.com\\\/pt-pt\\\/2020\\\/06\\\/08\\\/container-sanitarios-para-motoristas-de-caminhao-instalados-no-gvz-bremen\\\/#breadcrumb\"},\"inLanguage\":\"pt-PT\",\"potentialAction\":[{\"@type\":\"ReadAction\",\"target\":[\"https:\\\/\\\/loginfo24.com\\\/pt-pt\\\/2020\\\/06\\\/08\\\/container-sanitarios-para-motoristas-de-caminhao-instalados-no-gvz-bremen\\\/\"]}]},{\"@type\":\"BreadcrumbList\",\"@id\":\"https:\\\/\\\/loginfo24.com\\\/pt-pt\\\/2020\\\/06\\\/08\\\/container-sanitarios-para-motoristas-de-caminhao-instalados-no-gvz-bremen\\\/#breadcrumb\",\"itemListElement\":[{\"@type\":\"ListItem\",\"position\":1,\"name\":\"Startseite\",\"item\":\"https:\\\/\\\/loginfo24.com\\\/pt-pt\\\/\"},{\"@type\":\"ListItem\",\"position\":2,\"name\":\"Container sanit\u00e1rios para motoristas de caminh\u00e3o instalados no GVZ Bremen\"}]},{\"@type\":\"WebSite\",\"@id\":\"https:\\\/\\\/loginfo24.com\\\/pt-pt\\\/#website\",\"url\":\"https:\\\/\\\/loginfo24.com\\\/pt-pt\\\/\",\"name\":\"Loginfo24\",\"description\":\"Loginfo24 \u00e9 a plataforma dedicada \u00e0 log\u00edstica e \u00e0s cadeias de abastecimento, com informa\u00e7\u00f5es dispon\u00edveis 24 horas por dia.\",\"publisher\":{\"@id\":\"https:\\\/\\\/loginfo24.com\\\/pt-pt\\\/#organization\"},\"potentialAction\":[{\"@type\":\"SearchAction\",\"target\":{\"@type\":\"EntryPoint\",\"urlTemplate\":\"https:\\\/\\\/loginfo24.com\\\/pt-pt\\\/?s={search_term_string}\"},\"query-input\":{\"@type\":\"PropertyValueSpecification\",\"valueRequired\":true,\"valueName\":\"search_term_string\"}}],\"inLanguage\":\"pt-PT\"},{\"@type\":\"Organization\",\"@id\":\"https:\\\/\\\/loginfo24.com\\\/pt-pt\\\/#organization\",\"name\":\"Logismedia Group AG\",\"url\":\"https:\\\/\\\/loginfo24.com\\\/pt-pt\\\/\",\"logo\":{\"@type\":\"ImageObject\",\"inLanguage\":\"pt-PT\",\"@id\":\"https:\\\/\\\/loginfo24.com\\\/pt-pt\\\/#\\\/schema\\\/logo\\\/image\\\/\",\"url\":\"https:\\\/\\\/loginfo24.com\\\/wp-content\\\/uploads\\\/sites\\\/7\\\/2026\\\/01\\\/Logo_LogInfo24.png\",\"contentUrl\":\"https:\\\/\\\/loginfo24.com\\\/wp-content\\\/uploads\\\/sites\\\/7\\\/2026\\\/01\\\/Logo_LogInfo24.png\",\"width\":938,\"height\":351,\"caption\":\"Logismedia Group AG\"},\"image\":{\"@id\":\"https:\\\/\\\/loginfo24.com\\\/pt-pt\\\/#\\\/schema\\\/logo\\\/image\\\/\"},\"sameAs\":[\"https:\\\/\\\/www.facebook.com\\\/people\\\/Loginfo24\\\/100057360583332\\\/\",\"https:\\\/\\\/www.linkedin.com\\\/company\\\/lofinfo24\\\/\"]}]}<\/script>\n<!-- \/ Yoast SEO plugin. -->","yoast_head_json":{"title":"Container sanit\u00e1rios para motoristas de caminh\u00e3o instalados no GVZ Bremen - Loginfo24","robots":{"index":"index","follow":"follow","max-snippet":"max-snippet:-1","max-image-preview":"max-image-preview:large","max-video-preview":"max-video-preview:-1"},"canonical":"https:\/\/loginfo24.com\/pt-pt\/2020\/06\/08\/container-sanitarios-para-motoristas-de-caminhao-instalados-no-gvz-bremen\/","og_locale":"pt_PT","og_type":"article","og_title":"Container sanit\u00e1rios para motoristas de caminh\u00e3o instalados no GVZ Bremen - Loginfo24","og_description":"No parque de servi\u00e7os do GVZ Bremen, foram instalados na semana passada mais containers sanit\u00e1rios para motoristas profissionais. Na verdade, n\u00e3o \u00e9 um tema para um [\u2026]","og_url":"https:\/\/loginfo24.com\/pt-pt\/2020\/06\/08\/container-sanitarios-para-motoristas-de-caminhao-instalados-no-gvz-bremen\/","og_site_name":"Loginfo24","article_publisher":"https:\/\/www.facebook.com\/people\/Loginfo24\/100057360583332\/","article_published_time":"2020-06-08T04:00:40+00:00","article_modified_time":"2025-12-15T11:28:46+00:00","twitter_card":"summary_large_image","twitter_misc":{"Tempo estimado de leitura":"2 minutos"},"schema":{"@context":"https:\/\/schema.org","@graph":[{"@type":"Article","@id":"https:\/\/loginfo24.com\/pt-pt\/2020\/06\/08\/container-sanitarios-para-motoristas-de-caminhao-instalados-no-gvz-bremen\/#article","isPartOf":{"@id":"https:\/\/loginfo24.com\/pt-pt\/2020\/06\/08\/container-sanitarios-para-motoristas-de-caminhao-instalados-no-gvz-bremen\/"},"author":{"name":"","@id":""},"headline":"Container sanit\u00e1rios para motoristas de caminh\u00e3o instalados no GVZ Bremen","datePublished":"2020-06-08T04:00:40+00:00","dateModified":"2025-12-15T11:28:46+00:00","mainEntityOfPage":{"@id":"https:\/\/loginfo24.com\/pt-pt\/2020\/06\/08\/container-sanitarios-para-motoristas-de-caminhao-instalados-no-gvz-bremen\/"},"wordCount":393,"commentCount":0,"publisher":{"@id":"https:\/\/loginfo24.com\/pt-pt\/#organization"},"articleSection":["Forwarding &amp; Logistics","Regions"],"inLanguage":"pt-PT","potentialAction":[{"@type":"CommentAction","name":"Comment","target":["https:\/\/loginfo24.com\/pt-pt\/2020\/06\/08\/container-sanitarios-para-motoristas-de-caminhao-instalados-no-gvz-bremen\/#respond"]}]},{"@type":"WebPage","@id":"https:\/\/loginfo24.com\/pt-pt\/2020\/06\/08\/container-sanitarios-para-motoristas-de-caminhao-instalados-no-gvz-bremen\/","url":"https:\/\/loginfo24.com\/pt-pt\/2020\/06\/08\/container-sanitarios-para-motoristas-de-caminhao-instalados-no-gvz-bremen\/","name":"Container sanit\u00e1rios para motoristas de caminh\u00e3o instalados no GVZ Bremen - Loginfo24","isPartOf":{"@id":"https:\/\/loginfo24.com\/pt-pt\/#website"},"datePublished":"2020-06-08T04:00:40+00:00","dateModified":"2025-12-15T11:28:46+00:00","breadcrumb":{"@id":"https:\/\/loginfo24.com\/pt-pt\/2020\/06\/08\/container-sanitarios-para-motoristas-de-caminhao-instalados-no-gvz-bremen\/#breadcrumb"},"inLanguage":"pt-PT","potentialAction":[{"@type":"ReadAction","target":["https:\/\/loginfo24.com\/pt-pt\/2020\/06\/08\/container-sanitarios-para-motoristas-de-caminhao-instalados-no-gvz-bremen\/"]}]},{"@type":"BreadcrumbList","@id":"https:\/\/loginfo24.com\/pt-pt\/2020\/06\/08\/container-sanitarios-para-motoristas-de-caminhao-instalados-no-gvz-bremen\/#breadcrumb","itemListElement":[{"@type":"ListItem","position":1,"name":"Startseite","item":"https:\/\/loginfo24.com\/pt-pt\/"},{"@type":"ListItem","position":2,"name":"Container sanit\u00e1rios para motoristas de caminh\u00e3o instalados no GVZ Bremen"}]},{"@type":"WebSite","@id":"https:\/\/loginfo24.com\/pt-pt\/#website","url":"https:\/\/loginfo24.com\/pt-pt\/","name":"Loginfo24","description":"Loginfo24 \u00e9 a plataforma dedicada \u00e0 log\u00edstica e \u00e0s cadeias de abastecimento, com informa\u00e7\u00f5es dispon\u00edveis 24 horas por dia.","publisher":{"@id":"https:\/\/loginfo24.com\/pt-pt\/#organization"},"potentialAction":[{"@type":"SearchAction","target":{"@type":"EntryPoint","urlTemplate":"https:\/\/loginfo24.com\/pt-pt\/?s={search_term_string}"},"query-input":{"@type":"PropertyValueSpecification","valueRequired":true,"valueName":"search_term_string"}}],"inLanguage":"pt-PT"},{"@type":"Organization","@id":"https:\/\/loginfo24.com\/pt-pt\/#organization","name":"Logismedia Group AG","url":"https:\/\/loginfo24.com\/pt-pt\/","logo":{"@type":"ImageObject","inLanguage":"pt-PT","@id":"https:\/\/loginfo24.com\/pt-pt\/#\/schema\/logo\/image\/","url":"https:\/\/loginfo24.com\/wp-content\/uploads\/sites\/7\/2026\/01\/Logo_LogInfo24.png","contentUrl":"https:\/\/loginfo24.com\/wp-content\/uploads\/sites\/7\/2026\/01\/Logo_LogInfo24.png","width":938,"height":351,"caption":"Logismedia Group AG"},"image":{"@id":"https:\/\/loginfo24.com\/pt-pt\/#\/schema\/logo\/image\/"},"sameAs":["https:\/\/www.facebook.com\/people\/Loginfo24\/100057360583332\/","https:\/\/www.linkedin.com\/company\/lofinfo24\/"]}]}},"_links":{"self":[{"href":"https:\/\/loginfo24.com\/pt-pt\/wp-json\/wp\/v2\/posts\/17814","targetHints":{"allow":["GET"]}}],"collection":[{"href":"https:\/\/loginfo24.com\/pt-pt\/wp-json\/wp\/v2\/posts"}],"about":[{"href":"https:\/\/loginfo24.com\/pt-pt\/wp-json\/wp\/v2\/types\/post"}],"replies":[{"embeddable":true,"href":"https:\/\/loginfo24.com\/pt-pt\/wp-json\/wp\/v2\/comments?post=17814"}],"version-history":[{"count":1,"href":"https:\/\/loginfo24.com\/pt-pt\/wp-json\/wp\/v2\/posts\/17814\/revisions"}],"predecessor-version":[{"id":31970,"href":"https:\/\/loginfo24.com\/pt-pt\/wp-json\/wp\/v2\/posts\/17814\/revisions\/31970"}],"wp:attachment":[{"href":"https:\/\/loginfo24.com\/pt-pt\/wp-json\/wp\/v2\/media?parent=17814"}],"wp:term":[{"taxonomy":"category","embeddable":true,"href":"https:\/\/loginfo24.com\/pt-pt\/wp-json\/wp\/v2\/categories?post=17814"},{"taxonomy":"post_tag","embeddable":true,"href":"https:\/\/loginfo24.com\/pt-pt\/wp-json\/wp\/v2\/tags?post=17814"}],"curies":[{"name":"wp","href":"https:\/\/api.w.org\/{rel}","templated":true}]}}