{"id":17741,"date":"2020-06-03T07:00:50","date_gmt":"2020-06-03T05:00:50","guid":{"rendered":"https:\/\/blog.brand-architecture.at\/2020\/06\/03\/as-vendas-no-comercio-detalhado-suico-caem-cerca-de-20-em-abril\/"},"modified":"2025-12-15T12:28:26","modified_gmt":"2025-12-15T11:28:26","slug":"as-vendas-no-comercio-detalhado-suico-caem-cerca-de-20-em-abril","status":"publish","type":"post","link":"https:\/\/loginfo24.com\/pt-pt\/2020\/06\/03\/as-vendas-no-comercio-detalhado-suico-caem-cerca-de-20-em-abril\/","title":{"rendered":"As vendas no com\u00e9rcio detalhado su\u00ed\u00e7o caem cerca de 20% em abril"},"content":{"rendered":"<p>As vendas no com\u00e9rcio detalhado su\u00ed\u00e7o ca\u00edram 20,6 por cento em abril de 2020 em compara\u00e7\u00e3o com o mesmo m\u00eas do ano anterior. O setor de n\u00e3o alimentos foi o mais afetado, com uma queda m\u00e9dia de 41 por cento. Isso tamb\u00e9m tem consequ\u00eancias diretas e indiretas para a log\u00edstica.<\/p>\n<p>(Berna) As vendas no com\u00e9rcio detalhado, ajustadas para efeitos de vendas e feriados, ca\u00edram nominalmente 20,6% em abril de 2020 em compara\u00e7\u00e3o com o mesmo m\u00eas do ano anterior. Ajustadas sazonalmente, as vendas no com\u00e9rcio detalhado ca\u00edram 14,8% em rela\u00e7\u00e3o ao m\u00eas anterior. Os setores foram afetados de maneira diferente. Isso \u00e9 mostrado pelos resultados provis\u00f3rios do Escrit\u00f3rio Federal de Estat\u00edstica (BFS).<\/p>\n<p>As vendas reais no com\u00e9rcio detalhado, tamb\u00e9m ajustadas para efeitos de vendas e feriados, ca\u00edram 19,9% em abril de 2020 em compara\u00e7\u00e3o com o ano anterior. O desenvolvimento real considera a infla\u00e7\u00e3o. Em rela\u00e7\u00e3o ao m\u00eas anterior, as vendas reais no com\u00e9rcio detalhado, ajustadas sazonalmente, ca\u00edram 14,7%.<\/p>\n<p><strong>Setor de n\u00e3o alimentos com grandes perdas de vendas<\/strong><\/p>\n<p>Ajustadas para efeitos de vendas e feriados, as vendas no com\u00e9rcio detalhado sem postos de gasolina registraram uma queda nominal de 19,5% em abril de 2020 em compara\u00e7\u00e3o com abril de 2019 (real \u201319,0%). Isso resulta em perdas de vendas de 33,8% para os postos de gasolina (real \u201324,1%).<\/p>\n<p><img loading=\"lazy\" decoding=\"async\" class=\"alignnone wp-image-3055 size-full\" src=\"https:\/\/loginfo24.com\/wp-content\/uploads\/sites\/7\/2025\/12\/Detailhandel_2.jpg\" alt=\"\" width=\"1238\" height=\"711\" \/><\/p>\n<p><em>Centros comerciais e lojas vazias foram uma imagem comum em mar\u00e7o e abril de 2020 na Su\u00ed\u00e7a, na Europa e tamb\u00e9m em todo o mundo. Foto: Pixabay Erich Westendarp<\/em><\/p>\n<p>O com\u00e9rcio detalhado de alimentos, bebidas e tabacos registrou um aumento nas vendas nominais de 4,0% (real +3,5%), enquanto o setor de n\u00e3o alimentos registrou uma queda nominal de 41,0% (real \u201340,2%). Os setores &#8220;outros bens (vestu\u00e1rio, farm\u00e1cias, rel\u00f3gios e joias)&#8221; (\u201355,8%; real \u201355,5%) e &#8220;outros eletrodom\u00e9sticos, t\u00eaxteis, bricolagem e artigos de decora\u00e7\u00e3o&#8221; (\u201345,9%; real \u201344,9%) foram os mais afetados pela crise. Por outro lado, os setores &#8220;bancas de mercado, vendas por correspond\u00eancia e com\u00e9rcio eletr\u00f4nico&#8221; (+22,2%; real +23,0%) e &#8220;dispositivos de tecnologia da informa\u00e7\u00e3o e comunica\u00e7\u00e3o&#8221; (+3,9%; real +12,1%) apresentaram n\u00fameros de vendas positivos.<\/p>\n<p>Ajustadas sazonalmente, as vendas no com\u00e9rcio detalhado sem postos de gasolina registraram uma queda nominal de 14,9% em abril em rela\u00e7\u00e3o ao m\u00eas anterior (real \u201314,8%). O com\u00e9rcio detalhado de alimentos, bebidas e tabacos registrou uma queda nominal de 4,5% (real \u20135,0%). O setor de n\u00e3o alimentos registrou uma queda nominal de 28,0% (real \u201327,6%).<\/p>\n<p>Foto: Pixabay Ranjat M<\/p>\n<p><a href=\"https:\/\/www.bfs.admin.ch\" target=\"_blank\" rel=\"noopener noreferrer\">https:\/\/www.bfs.admin.ch<\/a><\/p>\n","protected":false},"excerpt":{"rendered":"<p>As vendas no com\u00e9rcio detalhado su\u00ed\u00e7o ca\u00edram 20,6 por cento em abril de 2020 em compara\u00e7\u00e3o com o mesmo m\u00eas do ano anterior. O setor de<span class=\"excerpt-hellip\"> [\u2026]<\/span><\/p>\n","protected":false},"author":0,"featured_media":0,"comment_status":"open","ping_status":"open","sticky":false,"template":"","format":"standard","meta":{"_acf_changed":false,"footnotes":""},"categories":[1561],"tags":[],"class_list":["post-17741","post","type-post","status-publish","format-standard","hentry","category-regions"],"acf":[],"yoast_head":"<!-- This site is optimized with the Yoast SEO plugin v27.3 - https:\/\/yoast.com\/product\/yoast-seo-wordpress\/ -->\n<title>As vendas no com\u00e9rcio detalhado su\u00ed\u00e7o caem cerca de 20% em abril - Loginfo24<\/title>\n<meta name=\"robots\" content=\"index, follow, max-snippet:-1, max-image-preview:large, max-video-preview:-1\" \/>\n<link rel=\"canonical\" href=\"https:\/\/loginfo24.com\/pt-pt\/2020\/06\/03\/as-vendas-no-comercio-detalhado-suico-caem-cerca-de-20-em-abril\/\" \/>\n<meta property=\"og:locale\" content=\"pt_PT\" \/>\n<meta property=\"og:type\" content=\"article\" \/>\n<meta property=\"og:title\" content=\"As vendas no com\u00e9rcio detalhado su\u00ed\u00e7o caem cerca de 20% em abril - Loginfo24\" \/>\n<meta property=\"og:description\" content=\"As vendas no com\u00e9rcio detalhado su\u00ed\u00e7o ca\u00edram 20,6 por cento em abril de 2020 em compara\u00e7\u00e3o com o mesmo m\u00eas do ano anterior. O setor de [\u2026]\" \/>\n<meta property=\"og:url\" content=\"https:\/\/loginfo24.com\/pt-pt\/2020\/06\/03\/as-vendas-no-comercio-detalhado-suico-caem-cerca-de-20-em-abril\/\" \/>\n<meta property=\"og:site_name\" content=\"Loginfo24\" \/>\n<meta property=\"article:publisher\" content=\"https:\/\/www.facebook.com\/people\/Loginfo24\/100057360583332\/\" \/>\n<meta property=\"article:published_time\" content=\"2020-06-03T05:00:50+00:00\" \/>\n<meta property=\"article:modified_time\" content=\"2025-12-15T11:28:26+00:00\" \/>\n<meta property=\"og:image\" content=\"https:\/\/loginfo24.com\/wp-content\/uploads\/sites\/7\/2025\/12\/Detailhandel_2.jpg\" \/>\n<meta name=\"twitter:card\" content=\"summary_large_image\" \/>\n<meta name=\"twitter:label1\" content=\"Tempo estimado de leitura\" \/>\n\t<meta name=\"twitter:data1\" content=\"2 minutos\" \/>\n<script type=\"application\/ld+json\" class=\"yoast-schema-graph\">{\"@context\":\"https:\\\/\\\/schema.org\",\"@graph\":[{\"@type\":\"Article\",\"@id\":\"https:\\\/\\\/loginfo24.com\\\/pt-pt\\\/2020\\\/06\\\/03\\\/as-vendas-no-comercio-detalhado-suico-caem-cerca-de-20-em-abril\\\/#article\",\"isPartOf\":{\"@id\":\"https:\\\/\\\/loginfo24.com\\\/pt-pt\\\/2020\\\/06\\\/03\\\/as-vendas-no-comercio-detalhado-suico-caem-cerca-de-20-em-abril\\\/\"},\"author\":{\"name\":\"\",\"@id\":\"\"},\"headline\":\"As vendas no com\u00e9rcio detalhado su\u00ed\u00e7o caem cerca de 20% em abril\",\"datePublished\":\"2020-06-03T05:00:50+00:00\",\"dateModified\":\"2025-12-15T11:28:26+00:00\",\"mainEntityOfPage\":{\"@id\":\"https:\\\/\\\/loginfo24.com\\\/pt-pt\\\/2020\\\/06\\\/03\\\/as-vendas-no-comercio-detalhado-suico-caem-cerca-de-20-em-abril\\\/\"},\"wordCount\":438,\"commentCount\":0,\"publisher\":{\"@id\":\"https:\\\/\\\/loginfo24.com\\\/pt-pt\\\/#organization\"},\"image\":{\"@id\":\"https:\\\/\\\/loginfo24.com\\\/pt-pt\\\/2020\\\/06\\\/03\\\/as-vendas-no-comercio-detalhado-suico-caem-cerca-de-20-em-abril\\\/#primaryimage\"},\"thumbnailUrl\":\"https:\\\/\\\/loginfo24.com\\\/wp-content\\\/uploads\\\/sites\\\/7\\\/2025\\\/12\\\/Detailhandel_2.jpg\",\"articleSection\":[\"Regions\"],\"inLanguage\":\"pt-PT\",\"potentialAction\":[{\"@type\":\"CommentAction\",\"name\":\"Comment\",\"target\":[\"https:\\\/\\\/loginfo24.com\\\/pt-pt\\\/2020\\\/06\\\/03\\\/as-vendas-no-comercio-detalhado-suico-caem-cerca-de-20-em-abril\\\/#respond\"]}]},{\"@type\":\"WebPage\",\"@id\":\"https:\\\/\\\/loginfo24.com\\\/pt-pt\\\/2020\\\/06\\\/03\\\/as-vendas-no-comercio-detalhado-suico-caem-cerca-de-20-em-abril\\\/\",\"url\":\"https:\\\/\\\/loginfo24.com\\\/pt-pt\\\/2020\\\/06\\\/03\\\/as-vendas-no-comercio-detalhado-suico-caem-cerca-de-20-em-abril\\\/\",\"name\":\"As vendas no com\u00e9rcio detalhado su\u00ed\u00e7o caem cerca de 20% em abril - Loginfo24\",\"isPartOf\":{\"@id\":\"https:\\\/\\\/loginfo24.com\\\/pt-pt\\\/#website\"},\"primaryImageOfPage\":{\"@id\":\"https:\\\/\\\/loginfo24.com\\\/pt-pt\\\/2020\\\/06\\\/03\\\/as-vendas-no-comercio-detalhado-suico-caem-cerca-de-20-em-abril\\\/#primaryimage\"},\"image\":{\"@id\":\"https:\\\/\\\/loginfo24.com\\\/pt-pt\\\/2020\\\/06\\\/03\\\/as-vendas-no-comercio-detalhado-suico-caem-cerca-de-20-em-abril\\\/#primaryimage\"},\"thumbnailUrl\":\"https:\\\/\\\/loginfo24.com\\\/wp-content\\\/uploads\\\/sites\\\/7\\\/2025\\\/12\\\/Detailhandel_2.jpg\",\"datePublished\":\"2020-06-03T05:00:50+00:00\",\"dateModified\":\"2025-12-15T11:28:26+00:00\",\"breadcrumb\":{\"@id\":\"https:\\\/\\\/loginfo24.com\\\/pt-pt\\\/2020\\\/06\\\/03\\\/as-vendas-no-comercio-detalhado-suico-caem-cerca-de-20-em-abril\\\/#breadcrumb\"},\"inLanguage\":\"pt-PT\",\"potentialAction\":[{\"@type\":\"ReadAction\",\"target\":[\"https:\\\/\\\/loginfo24.com\\\/pt-pt\\\/2020\\\/06\\\/03\\\/as-vendas-no-comercio-detalhado-suico-caem-cerca-de-20-em-abril\\\/\"]}]},{\"@type\":\"ImageObject\",\"inLanguage\":\"pt-PT\",\"@id\":\"https:\\\/\\\/loginfo24.com\\\/pt-pt\\\/2020\\\/06\\\/03\\\/as-vendas-no-comercio-detalhado-suico-caem-cerca-de-20-em-abril\\\/#primaryimage\",\"url\":\"https:\\\/\\\/loginfo24.com\\\/wp-content\\\/uploads\\\/sites\\\/7\\\/2025\\\/12\\\/Detailhandel_2.jpg\",\"contentUrl\":\"https:\\\/\\\/loginfo24.com\\\/wp-content\\\/uploads\\\/sites\\\/7\\\/2025\\\/12\\\/Detailhandel_2.jpg\"},{\"@type\":\"BreadcrumbList\",\"@id\":\"https:\\\/\\\/loginfo24.com\\\/pt-pt\\\/2020\\\/06\\\/03\\\/as-vendas-no-comercio-detalhado-suico-caem-cerca-de-20-em-abril\\\/#breadcrumb\",\"itemListElement\":[{\"@type\":\"ListItem\",\"position\":1,\"name\":\"Startseite\",\"item\":\"https:\\\/\\\/loginfo24.com\\\/pt-pt\\\/\"},{\"@type\":\"ListItem\",\"position\":2,\"name\":\"As vendas no com\u00e9rcio detalhado su\u00ed\u00e7o caem cerca de 20% em abril\"}]},{\"@type\":\"WebSite\",\"@id\":\"https:\\\/\\\/loginfo24.com\\\/pt-pt\\\/#website\",\"url\":\"https:\\\/\\\/loginfo24.com\\\/pt-pt\\\/\",\"name\":\"Loginfo24\",\"description\":\"Loginfo24 \u00e9 a plataforma dedicada \u00e0 log\u00edstica e \u00e0s cadeias de abastecimento, com informa\u00e7\u00f5es dispon\u00edveis 24 horas por dia.\",\"publisher\":{\"@id\":\"https:\\\/\\\/loginfo24.com\\\/pt-pt\\\/#organization\"},\"potentialAction\":[{\"@type\":\"SearchAction\",\"target\":{\"@type\":\"EntryPoint\",\"urlTemplate\":\"https:\\\/\\\/loginfo24.com\\\/pt-pt\\\/?s={search_term_string}\"},\"query-input\":{\"@type\":\"PropertyValueSpecification\",\"valueRequired\":true,\"valueName\":\"search_term_string\"}}],\"inLanguage\":\"pt-PT\"},{\"@type\":\"Organization\",\"@id\":\"https:\\\/\\\/loginfo24.com\\\/pt-pt\\\/#organization\",\"name\":\"Logismedia Group AG\",\"url\":\"https:\\\/\\\/loginfo24.com\\\/pt-pt\\\/\",\"logo\":{\"@type\":\"ImageObject\",\"inLanguage\":\"pt-PT\",\"@id\":\"https:\\\/\\\/loginfo24.com\\\/pt-pt\\\/#\\\/schema\\\/logo\\\/image\\\/\",\"url\":\"https:\\\/\\\/loginfo24.com\\\/wp-content\\\/uploads\\\/sites\\\/7\\\/2026\\\/01\\\/Logo_LogInfo24.png\",\"contentUrl\":\"https:\\\/\\\/loginfo24.com\\\/wp-content\\\/uploads\\\/sites\\\/7\\\/2026\\\/01\\\/Logo_LogInfo24.png\",\"width\":938,\"height\":351,\"caption\":\"Logismedia Group AG\"},\"image\":{\"@id\":\"https:\\\/\\\/loginfo24.com\\\/pt-pt\\\/#\\\/schema\\\/logo\\\/image\\\/\"},\"sameAs\":[\"https:\\\/\\\/www.facebook.com\\\/people\\\/Loginfo24\\\/100057360583332\\\/\",\"https:\\\/\\\/www.linkedin.com\\\/company\\\/lofinfo24\\\/\"]}]}<\/script>\n<!-- \/ Yoast SEO plugin. -->","yoast_head_json":{"title":"As vendas no com\u00e9rcio detalhado su\u00ed\u00e7o caem cerca de 20% em abril - Loginfo24","robots":{"index":"index","follow":"follow","max-snippet":"max-snippet:-1","max-image-preview":"max-image-preview:large","max-video-preview":"max-video-preview:-1"},"canonical":"https:\/\/loginfo24.com\/pt-pt\/2020\/06\/03\/as-vendas-no-comercio-detalhado-suico-caem-cerca-de-20-em-abril\/","og_locale":"pt_PT","og_type":"article","og_title":"As vendas no com\u00e9rcio detalhado su\u00ed\u00e7o caem cerca de 20% em abril - Loginfo24","og_description":"As vendas no com\u00e9rcio detalhado su\u00ed\u00e7o ca\u00edram 20,6 por cento em abril de 2020 em compara\u00e7\u00e3o com o mesmo m\u00eas do ano anterior. O setor de [\u2026]","og_url":"https:\/\/loginfo24.com\/pt-pt\/2020\/06\/03\/as-vendas-no-comercio-detalhado-suico-caem-cerca-de-20-em-abril\/","og_site_name":"Loginfo24","article_publisher":"https:\/\/www.facebook.com\/people\/Loginfo24\/100057360583332\/","article_published_time":"2020-06-03T05:00:50+00:00","article_modified_time":"2025-12-15T11:28:26+00:00","og_image":[{"url":"https:\/\/loginfo24.com\/wp-content\/uploads\/sites\/7\/2025\/12\/Detailhandel_2.jpg","type":"","width":"","height":""}],"twitter_card":"summary_large_image","twitter_misc":{"Tempo estimado de leitura":"2 minutos"},"schema":{"@context":"https:\/\/schema.org","@graph":[{"@type":"Article","@id":"https:\/\/loginfo24.com\/pt-pt\/2020\/06\/03\/as-vendas-no-comercio-detalhado-suico-caem-cerca-de-20-em-abril\/#article","isPartOf":{"@id":"https:\/\/loginfo24.com\/pt-pt\/2020\/06\/03\/as-vendas-no-comercio-detalhado-suico-caem-cerca-de-20-em-abril\/"},"author":{"name":"","@id":""},"headline":"As vendas no com\u00e9rcio detalhado su\u00ed\u00e7o caem cerca de 20% em abril","datePublished":"2020-06-03T05:00:50+00:00","dateModified":"2025-12-15T11:28:26+00:00","mainEntityOfPage":{"@id":"https:\/\/loginfo24.com\/pt-pt\/2020\/06\/03\/as-vendas-no-comercio-detalhado-suico-caem-cerca-de-20-em-abril\/"},"wordCount":438,"commentCount":0,"publisher":{"@id":"https:\/\/loginfo24.com\/pt-pt\/#organization"},"image":{"@id":"https:\/\/loginfo24.com\/pt-pt\/2020\/06\/03\/as-vendas-no-comercio-detalhado-suico-caem-cerca-de-20-em-abril\/#primaryimage"},"thumbnailUrl":"https:\/\/loginfo24.com\/wp-content\/uploads\/sites\/7\/2025\/12\/Detailhandel_2.jpg","articleSection":["Regions"],"inLanguage":"pt-PT","potentialAction":[{"@type":"CommentAction","name":"Comment","target":["https:\/\/loginfo24.com\/pt-pt\/2020\/06\/03\/as-vendas-no-comercio-detalhado-suico-caem-cerca-de-20-em-abril\/#respond"]}]},{"@type":"WebPage","@id":"https:\/\/loginfo24.com\/pt-pt\/2020\/06\/03\/as-vendas-no-comercio-detalhado-suico-caem-cerca-de-20-em-abril\/","url":"https:\/\/loginfo24.com\/pt-pt\/2020\/06\/03\/as-vendas-no-comercio-detalhado-suico-caem-cerca-de-20-em-abril\/","name":"As vendas no com\u00e9rcio detalhado su\u00ed\u00e7o caem cerca de 20% em abril - Loginfo24","isPartOf":{"@id":"https:\/\/loginfo24.com\/pt-pt\/#website"},"primaryImageOfPage":{"@id":"https:\/\/loginfo24.com\/pt-pt\/2020\/06\/03\/as-vendas-no-comercio-detalhado-suico-caem-cerca-de-20-em-abril\/#primaryimage"},"image":{"@id":"https:\/\/loginfo24.com\/pt-pt\/2020\/06\/03\/as-vendas-no-comercio-detalhado-suico-caem-cerca-de-20-em-abril\/#primaryimage"},"thumbnailUrl":"https:\/\/loginfo24.com\/wp-content\/uploads\/sites\/7\/2025\/12\/Detailhandel_2.jpg","datePublished":"2020-06-03T05:00:50+00:00","dateModified":"2025-12-15T11:28:26+00:00","breadcrumb":{"@id":"https:\/\/loginfo24.com\/pt-pt\/2020\/06\/03\/as-vendas-no-comercio-detalhado-suico-caem-cerca-de-20-em-abril\/#breadcrumb"},"inLanguage":"pt-PT","potentialAction":[{"@type":"ReadAction","target":["https:\/\/loginfo24.com\/pt-pt\/2020\/06\/03\/as-vendas-no-comercio-detalhado-suico-caem-cerca-de-20-em-abril\/"]}]},{"@type":"ImageObject","inLanguage":"pt-PT","@id":"https:\/\/loginfo24.com\/pt-pt\/2020\/06\/03\/as-vendas-no-comercio-detalhado-suico-caem-cerca-de-20-em-abril\/#primaryimage","url":"https:\/\/loginfo24.com\/wp-content\/uploads\/sites\/7\/2025\/12\/Detailhandel_2.jpg","contentUrl":"https:\/\/loginfo24.com\/wp-content\/uploads\/sites\/7\/2025\/12\/Detailhandel_2.jpg"},{"@type":"BreadcrumbList","@id":"https:\/\/loginfo24.com\/pt-pt\/2020\/06\/03\/as-vendas-no-comercio-detalhado-suico-caem-cerca-de-20-em-abril\/#breadcrumb","itemListElement":[{"@type":"ListItem","position":1,"name":"Startseite","item":"https:\/\/loginfo24.com\/pt-pt\/"},{"@type":"ListItem","position":2,"name":"As vendas no com\u00e9rcio detalhado su\u00ed\u00e7o caem cerca de 20% em abril"}]},{"@type":"WebSite","@id":"https:\/\/loginfo24.com\/pt-pt\/#website","url":"https:\/\/loginfo24.com\/pt-pt\/","name":"Loginfo24","description":"Loginfo24 \u00e9 a plataforma dedicada \u00e0 log\u00edstica e \u00e0s cadeias de abastecimento, com informa\u00e7\u00f5es dispon\u00edveis 24 horas por dia.","publisher":{"@id":"https:\/\/loginfo24.com\/pt-pt\/#organization"},"potentialAction":[{"@type":"SearchAction","target":{"@type":"EntryPoint","urlTemplate":"https:\/\/loginfo24.com\/pt-pt\/?s={search_term_string}"},"query-input":{"@type":"PropertyValueSpecification","valueRequired":true,"valueName":"search_term_string"}}],"inLanguage":"pt-PT"},{"@type":"Organization","@id":"https:\/\/loginfo24.com\/pt-pt\/#organization","name":"Logismedia Group AG","url":"https:\/\/loginfo24.com\/pt-pt\/","logo":{"@type":"ImageObject","inLanguage":"pt-PT","@id":"https:\/\/loginfo24.com\/pt-pt\/#\/schema\/logo\/image\/","url":"https:\/\/loginfo24.com\/wp-content\/uploads\/sites\/7\/2026\/01\/Logo_LogInfo24.png","contentUrl":"https:\/\/loginfo24.com\/wp-content\/uploads\/sites\/7\/2026\/01\/Logo_LogInfo24.png","width":938,"height":351,"caption":"Logismedia Group AG"},"image":{"@id":"https:\/\/loginfo24.com\/pt-pt\/#\/schema\/logo\/image\/"},"sameAs":["https:\/\/www.facebook.com\/people\/Loginfo24\/100057360583332\/","https:\/\/www.linkedin.com\/company\/lofinfo24\/"]}]}},"_links":{"self":[{"href":"https:\/\/loginfo24.com\/pt-pt\/wp-json\/wp\/v2\/posts\/17741","targetHints":{"allow":["GET"]}}],"collection":[{"href":"https:\/\/loginfo24.com\/pt-pt\/wp-json\/wp\/v2\/posts"}],"about":[{"href":"https:\/\/loginfo24.com\/pt-pt\/wp-json\/wp\/v2\/types\/post"}],"replies":[{"embeddable":true,"href":"https:\/\/loginfo24.com\/pt-pt\/wp-json\/wp\/v2\/comments?post=17741"}],"version-history":[{"count":1,"href":"https:\/\/loginfo24.com\/pt-pt\/wp-json\/wp\/v2\/posts\/17741\/revisions"}],"predecessor-version":[{"id":31824,"href":"https:\/\/loginfo24.com\/pt-pt\/wp-json\/wp\/v2\/posts\/17741\/revisions\/31824"}],"wp:attachment":[{"href":"https:\/\/loginfo24.com\/pt-pt\/wp-json\/wp\/v2\/media?parent=17741"}],"wp:term":[{"taxonomy":"category","embeddable":true,"href":"https:\/\/loginfo24.com\/pt-pt\/wp-json\/wp\/v2\/categories?post=17741"},{"taxonomy":"post_tag","embeddable":true,"href":"https:\/\/loginfo24.com\/pt-pt\/wp-json\/wp\/v2\/tags?post=17741"}],"curies":[{"name":"wp","href":"https:\/\/api.w.org\/{rel}","templated":true}]}}