{"id":17693,"date":"2020-05-29T07:00:47","date_gmt":"2020-05-29T05:00:47","guid":{"rendered":"https:\/\/blog.brand-architecture.at\/2020\/05\/29\/aumento-das-tarifas-de-correio-da-deutsche-post-em-2015-foi-ilegal\/"},"modified":"2025-12-15T12:28:15","modified_gmt":"2025-12-15T11:28:15","slug":"aumento-das-tarifas-de-correio-da-deutsche-post-em-2015-foi-ilegal","status":"publish","type":"post","link":"https:\/\/loginfo24.com\/pt-pt\/2020\/05\/29\/aumento-das-tarifas-de-correio-da-deutsche-post-em-2015-foi-ilegal\/","title":{"rendered":"Aumento das tarifas de correio da Deutsche Post em 2015 foi ilegal"},"content":{"rendered":"<p>A Associa\u00e7\u00e3o Federal de Pacotes e Log\u00edstica Expressa (BIEK) obteve um sucesso significativo contra a Deutsche Post no Tribunal Administrativo Federal de Leipzig. O tribunal decidiu que o aumento das tarifas de correio de 2015, assim como o financiamento cruzado, por exemplo, de servi\u00e7os de pacotes, foi ilegal.<\/p>\n<p>(Berlim) Com seu julgamento de 28.05.2020, o Tribunal Administrativo Federal de Leipzig decidiu, a pedido da BIEK: O aumento das tarifas de correio da Deutsche Post (DPAG) em 2015 foi ilegal.<\/p>\n<p>O Tribunal Administrativo Federal seguiu assim um ponto central de cr\u00edtica da BIEK \u00e0 aprova\u00e7\u00e3o das tarifas de correio da DPAG pela Ag\u00eancia Federal de Redes, ap\u00f3s o Tribunal Administrativo de Col\u00f4nia ter rejeitado a a\u00e7\u00e3o da BIEK.<\/p>\n<p>&#8220;O julgamento de hoje \u00e9 orientador para consumidores e concorr\u00eancia&#8221;, disse Marten Bosselmann, presidente da BIEK. &#8220;Est\u00e1 claro: a legisla\u00e7\u00e3o postal existente precisa ser urgentemente modernizada. O governo deve finalmente cumprir sua promessa e apresentar um projeto para a reforma da legisla\u00e7\u00e3o postal&#8221;, enfatizou Bosselmann. Ao longo de quase 20 anos, a BIEK conquistou decis\u00f5es judiciais de alto n\u00edvel \u2013 anteriormente sobre a aprova\u00e7\u00e3o das tarifas em 2002, depois em 2015. &#8220;\u00c9 realmente hora de a pol\u00edtica federal e o regulador orientarem suas a\u00e7\u00f5es postais em princ\u00edpios claros que favore\u00e7am a concorr\u00eancia. N\u00e3o \u00e9 um bom sinal quando desenvolvimentos err\u00f4neos precisam ser corrigidos repetidamente em longos processos&#8221;, disse Bosselmann.<\/p>\n<p>O Tribunal Administrativo Federal considera especialmente a altera\u00e7\u00e3o do m\u00e9todo de c\u00e1lculo do adicional de lucro de 2015 como inadmiss\u00edvel: na \u00e9poca, o regulamento de regula\u00e7\u00e3o das tarifas postais foi alterado pelo Minist\u00e9rio Federal da Economia e Energia para garantir \u00e0 DPAG um lucro maior com as tarifas de correio. Isso n\u00e3o deveria ter ocorrido. A altera\u00e7\u00e3o do regulamento \u00e9, segundo o Tribunal Administrativo Federal em seu comunicado \u00e0 imprensa de hoje, inv\u00e1lida.<\/p>\n<p>A BIEK processou em 2015 contra a aprova\u00e7\u00e3o do aumento das tarifas de correio da Deutsche Post pela Ag\u00eancia Federal de Redes. A a\u00e7\u00e3o n\u00e3o se referia apenas ao aumento do adicional de lucro, mas tamb\u00e9m \u00e0 possibilidade da DPAG de financiar parte dos custos de seus produtos de pacotes atrav\u00e9s das tarifas de correio no chamado servi\u00e7o universal. Assim, a Deutsche Post pode reduzir os pre\u00e7os dos pacotes e, com isso, distorcer a concorr\u00eancia nos mercados de pacotes.<\/p>\n<p>Marten Bosselmann: &#8220;A verdadeira concorr\u00eancia \u00e9 a garantia de servi\u00e7os amig\u00e1veis ao consumidor. Para isso, precisamos de uma legisla\u00e7\u00e3o postal moderna que elimine os privil\u00e9gios indevidos da Deutsche Post. O mercado de correios e o mercado de pacotes devem finalmente ser estritamente separados e uma proibi\u00e7\u00e3o clara de dumping para envios de pacotes deve ser introduzida.&#8221;  <\/p>\n<p>Foto: Pixabay \/ Gerd Altmann<\/p>\n<p><a href=\"https:\/\/www.biek.de\">www.biek.de<\/a><\/p>\n","protected":false},"excerpt":{"rendered":"<p>A Associa\u00e7\u00e3o Federal de Pacotes e Log\u00edstica Expressa (BIEK) obteve um sucesso significativo contra a Deutsche Post no Tribunal Administrativo Federal de Leipzig. O tribunal decidiu<span class=\"excerpt-hellip\"> [\u2026]<\/span><\/p>\n","protected":false},"author":0,"featured_media":0,"comment_status":"open","ping_status":"open","sticky":false,"template":"","format":"standard","meta":{"_acf_changed":false,"footnotes":""},"categories":[1557,1556,1561],"tags":[],"class_list":["post-17693","post","type-post","status-publish","format-standard","hentry","category-forwarding-logistics","category-intermodal-road","category-regions"],"acf":[],"yoast_head":"<!-- This site is optimized with the Yoast SEO plugin v27.3 - https:\/\/yoast.com\/product\/yoast-seo-wordpress\/ -->\n<title>Aumento das tarifas de correio da Deutsche Post em 2015 foi ilegal - Loginfo24<\/title>\n<meta name=\"robots\" content=\"index, follow, max-snippet:-1, max-image-preview:large, max-video-preview:-1\" \/>\n<link rel=\"canonical\" href=\"https:\/\/loginfo24.com\/pt-pt\/2020\/05\/29\/aumento-das-tarifas-de-correio-da-deutsche-post-em-2015-foi-ilegal\/\" \/>\n<meta property=\"og:locale\" content=\"pt_PT\" \/>\n<meta property=\"og:type\" content=\"article\" \/>\n<meta property=\"og:title\" content=\"Aumento das tarifas de correio da Deutsche Post em 2015 foi ilegal - Loginfo24\" \/>\n<meta property=\"og:description\" content=\"A Associa\u00e7\u00e3o Federal de Pacotes e Log\u00edstica Expressa (BIEK) obteve um sucesso significativo contra a Deutsche Post no Tribunal Administrativo Federal de Leipzig. O tribunal decidiu [\u2026]\" \/>\n<meta property=\"og:url\" content=\"https:\/\/loginfo24.com\/pt-pt\/2020\/05\/29\/aumento-das-tarifas-de-correio-da-deutsche-post-em-2015-foi-ilegal\/\" \/>\n<meta property=\"og:site_name\" content=\"Loginfo24\" \/>\n<meta property=\"article:publisher\" content=\"https:\/\/www.facebook.com\/people\/Loginfo24\/100057360583332\/\" \/>\n<meta property=\"article:published_time\" content=\"2020-05-29T05:00:47+00:00\" \/>\n<meta property=\"article:modified_time\" content=\"2025-12-15T11:28:15+00:00\" \/>\n<meta name=\"twitter:card\" content=\"summary_large_image\" \/>\n<meta name=\"twitter:label1\" content=\"Tempo estimado de leitura\" \/>\n\t<meta name=\"twitter:data1\" content=\"2 minutos\" \/>\n<script type=\"application\/ld+json\" class=\"yoast-schema-graph\">{\"@context\":\"https:\\\/\\\/schema.org\",\"@graph\":[{\"@type\":\"Article\",\"@id\":\"https:\\\/\\\/loginfo24.com\\\/pt-pt\\\/2020\\\/05\\\/29\\\/aumento-das-tarifas-de-correio-da-deutsche-post-em-2015-foi-ilegal\\\/#article\",\"isPartOf\":{\"@id\":\"https:\\\/\\\/loginfo24.com\\\/pt-pt\\\/2020\\\/05\\\/29\\\/aumento-das-tarifas-de-correio-da-deutsche-post-em-2015-foi-ilegal\\\/\"},\"author\":{\"name\":\"\",\"@id\":\"\"},\"headline\":\"Aumento das tarifas de correio da Deutsche Post em 2015 foi ilegal\",\"datePublished\":\"2020-05-29T05:00:47+00:00\",\"dateModified\":\"2025-12-15T11:28:15+00:00\",\"mainEntityOfPage\":{\"@id\":\"https:\\\/\\\/loginfo24.com\\\/pt-pt\\\/2020\\\/05\\\/29\\\/aumento-das-tarifas-de-correio-da-deutsche-post-em-2015-foi-ilegal\\\/\"},\"wordCount\":480,\"commentCount\":0,\"publisher\":{\"@id\":\"https:\\\/\\\/loginfo24.com\\\/pt-pt\\\/#organization\"},\"articleSection\":[\"Forwarding &amp; Logistics\",\"Intermodal \\\/ Road\",\"Regions\"],\"inLanguage\":\"pt-PT\",\"potentialAction\":[{\"@type\":\"CommentAction\",\"name\":\"Comment\",\"target\":[\"https:\\\/\\\/loginfo24.com\\\/pt-pt\\\/2020\\\/05\\\/29\\\/aumento-das-tarifas-de-correio-da-deutsche-post-em-2015-foi-ilegal\\\/#respond\"]}]},{\"@type\":\"WebPage\",\"@id\":\"https:\\\/\\\/loginfo24.com\\\/pt-pt\\\/2020\\\/05\\\/29\\\/aumento-das-tarifas-de-correio-da-deutsche-post-em-2015-foi-ilegal\\\/\",\"url\":\"https:\\\/\\\/loginfo24.com\\\/pt-pt\\\/2020\\\/05\\\/29\\\/aumento-das-tarifas-de-correio-da-deutsche-post-em-2015-foi-ilegal\\\/\",\"name\":\"Aumento das tarifas de correio da Deutsche Post em 2015 foi ilegal - Loginfo24\",\"isPartOf\":{\"@id\":\"https:\\\/\\\/loginfo24.com\\\/pt-pt\\\/#website\"},\"datePublished\":\"2020-05-29T05:00:47+00:00\",\"dateModified\":\"2025-12-15T11:28:15+00:00\",\"breadcrumb\":{\"@id\":\"https:\\\/\\\/loginfo24.com\\\/pt-pt\\\/2020\\\/05\\\/29\\\/aumento-das-tarifas-de-correio-da-deutsche-post-em-2015-foi-ilegal\\\/#breadcrumb\"},\"inLanguage\":\"pt-PT\",\"potentialAction\":[{\"@type\":\"ReadAction\",\"target\":[\"https:\\\/\\\/loginfo24.com\\\/pt-pt\\\/2020\\\/05\\\/29\\\/aumento-das-tarifas-de-correio-da-deutsche-post-em-2015-foi-ilegal\\\/\"]}]},{\"@type\":\"BreadcrumbList\",\"@id\":\"https:\\\/\\\/loginfo24.com\\\/pt-pt\\\/2020\\\/05\\\/29\\\/aumento-das-tarifas-de-correio-da-deutsche-post-em-2015-foi-ilegal\\\/#breadcrumb\",\"itemListElement\":[{\"@type\":\"ListItem\",\"position\":1,\"name\":\"Startseite\",\"item\":\"https:\\\/\\\/loginfo24.com\\\/pt-pt\\\/\"},{\"@type\":\"ListItem\",\"position\":2,\"name\":\"Aumento das tarifas de correio da Deutsche Post em 2015 foi ilegal\"}]},{\"@type\":\"WebSite\",\"@id\":\"https:\\\/\\\/loginfo24.com\\\/pt-pt\\\/#website\",\"url\":\"https:\\\/\\\/loginfo24.com\\\/pt-pt\\\/\",\"name\":\"Loginfo24\",\"description\":\"Loginfo24 \u00e9 a plataforma dedicada \u00e0 log\u00edstica e \u00e0s cadeias de abastecimento, com informa\u00e7\u00f5es dispon\u00edveis 24 horas por dia.\",\"publisher\":{\"@id\":\"https:\\\/\\\/loginfo24.com\\\/pt-pt\\\/#organization\"},\"potentialAction\":[{\"@type\":\"SearchAction\",\"target\":{\"@type\":\"EntryPoint\",\"urlTemplate\":\"https:\\\/\\\/loginfo24.com\\\/pt-pt\\\/?s={search_term_string}\"},\"query-input\":{\"@type\":\"PropertyValueSpecification\",\"valueRequired\":true,\"valueName\":\"search_term_string\"}}],\"inLanguage\":\"pt-PT\"},{\"@type\":\"Organization\",\"@id\":\"https:\\\/\\\/loginfo24.com\\\/pt-pt\\\/#organization\",\"name\":\"Logismedia Group AG\",\"url\":\"https:\\\/\\\/loginfo24.com\\\/pt-pt\\\/\",\"logo\":{\"@type\":\"ImageObject\",\"inLanguage\":\"pt-PT\",\"@id\":\"https:\\\/\\\/loginfo24.com\\\/pt-pt\\\/#\\\/schema\\\/logo\\\/image\\\/\",\"url\":\"https:\\\/\\\/loginfo24.com\\\/wp-content\\\/uploads\\\/sites\\\/7\\\/2026\\\/01\\\/Logo_LogInfo24.png\",\"contentUrl\":\"https:\\\/\\\/loginfo24.com\\\/wp-content\\\/uploads\\\/sites\\\/7\\\/2026\\\/01\\\/Logo_LogInfo24.png\",\"width\":938,\"height\":351,\"caption\":\"Logismedia Group AG\"},\"image\":{\"@id\":\"https:\\\/\\\/loginfo24.com\\\/pt-pt\\\/#\\\/schema\\\/logo\\\/image\\\/\"},\"sameAs\":[\"https:\\\/\\\/www.facebook.com\\\/people\\\/Loginfo24\\\/100057360583332\\\/\",\"https:\\\/\\\/www.linkedin.com\\\/company\\\/lofinfo24\\\/\"]}]}<\/script>\n<!-- \/ Yoast SEO plugin. -->","yoast_head_json":{"title":"Aumento das tarifas de correio da Deutsche Post em 2015 foi ilegal - Loginfo24","robots":{"index":"index","follow":"follow","max-snippet":"max-snippet:-1","max-image-preview":"max-image-preview:large","max-video-preview":"max-video-preview:-1"},"canonical":"https:\/\/loginfo24.com\/pt-pt\/2020\/05\/29\/aumento-das-tarifas-de-correio-da-deutsche-post-em-2015-foi-ilegal\/","og_locale":"pt_PT","og_type":"article","og_title":"Aumento das tarifas de correio da Deutsche Post em 2015 foi ilegal - Loginfo24","og_description":"A Associa\u00e7\u00e3o Federal de Pacotes e Log\u00edstica Expressa (BIEK) obteve um sucesso significativo contra a Deutsche Post no Tribunal Administrativo Federal de Leipzig. O tribunal decidiu [\u2026]","og_url":"https:\/\/loginfo24.com\/pt-pt\/2020\/05\/29\/aumento-das-tarifas-de-correio-da-deutsche-post-em-2015-foi-ilegal\/","og_site_name":"Loginfo24","article_publisher":"https:\/\/www.facebook.com\/people\/Loginfo24\/100057360583332\/","article_published_time":"2020-05-29T05:00:47+00:00","article_modified_time":"2025-12-15T11:28:15+00:00","twitter_card":"summary_large_image","twitter_misc":{"Tempo estimado de leitura":"2 minutos"},"schema":{"@context":"https:\/\/schema.org","@graph":[{"@type":"Article","@id":"https:\/\/loginfo24.com\/pt-pt\/2020\/05\/29\/aumento-das-tarifas-de-correio-da-deutsche-post-em-2015-foi-ilegal\/#article","isPartOf":{"@id":"https:\/\/loginfo24.com\/pt-pt\/2020\/05\/29\/aumento-das-tarifas-de-correio-da-deutsche-post-em-2015-foi-ilegal\/"},"author":{"name":"","@id":""},"headline":"Aumento das tarifas de correio da Deutsche Post em 2015 foi ilegal","datePublished":"2020-05-29T05:00:47+00:00","dateModified":"2025-12-15T11:28:15+00:00","mainEntityOfPage":{"@id":"https:\/\/loginfo24.com\/pt-pt\/2020\/05\/29\/aumento-das-tarifas-de-correio-da-deutsche-post-em-2015-foi-ilegal\/"},"wordCount":480,"commentCount":0,"publisher":{"@id":"https:\/\/loginfo24.com\/pt-pt\/#organization"},"articleSection":["Forwarding &amp; Logistics","Intermodal \/ Road","Regions"],"inLanguage":"pt-PT","potentialAction":[{"@type":"CommentAction","name":"Comment","target":["https:\/\/loginfo24.com\/pt-pt\/2020\/05\/29\/aumento-das-tarifas-de-correio-da-deutsche-post-em-2015-foi-ilegal\/#respond"]}]},{"@type":"WebPage","@id":"https:\/\/loginfo24.com\/pt-pt\/2020\/05\/29\/aumento-das-tarifas-de-correio-da-deutsche-post-em-2015-foi-ilegal\/","url":"https:\/\/loginfo24.com\/pt-pt\/2020\/05\/29\/aumento-das-tarifas-de-correio-da-deutsche-post-em-2015-foi-ilegal\/","name":"Aumento das tarifas de correio da Deutsche Post em 2015 foi ilegal - Loginfo24","isPartOf":{"@id":"https:\/\/loginfo24.com\/pt-pt\/#website"},"datePublished":"2020-05-29T05:00:47+00:00","dateModified":"2025-12-15T11:28:15+00:00","breadcrumb":{"@id":"https:\/\/loginfo24.com\/pt-pt\/2020\/05\/29\/aumento-das-tarifas-de-correio-da-deutsche-post-em-2015-foi-ilegal\/#breadcrumb"},"inLanguage":"pt-PT","potentialAction":[{"@type":"ReadAction","target":["https:\/\/loginfo24.com\/pt-pt\/2020\/05\/29\/aumento-das-tarifas-de-correio-da-deutsche-post-em-2015-foi-ilegal\/"]}]},{"@type":"BreadcrumbList","@id":"https:\/\/loginfo24.com\/pt-pt\/2020\/05\/29\/aumento-das-tarifas-de-correio-da-deutsche-post-em-2015-foi-ilegal\/#breadcrumb","itemListElement":[{"@type":"ListItem","position":1,"name":"Startseite","item":"https:\/\/loginfo24.com\/pt-pt\/"},{"@type":"ListItem","position":2,"name":"Aumento das tarifas de correio da Deutsche Post em 2015 foi ilegal"}]},{"@type":"WebSite","@id":"https:\/\/loginfo24.com\/pt-pt\/#website","url":"https:\/\/loginfo24.com\/pt-pt\/","name":"Loginfo24","description":"Loginfo24 \u00e9 a plataforma dedicada \u00e0 log\u00edstica e \u00e0s cadeias de abastecimento, com informa\u00e7\u00f5es dispon\u00edveis 24 horas por dia.","publisher":{"@id":"https:\/\/loginfo24.com\/pt-pt\/#organization"},"potentialAction":[{"@type":"SearchAction","target":{"@type":"EntryPoint","urlTemplate":"https:\/\/loginfo24.com\/pt-pt\/?s={search_term_string}"},"query-input":{"@type":"PropertyValueSpecification","valueRequired":true,"valueName":"search_term_string"}}],"inLanguage":"pt-PT"},{"@type":"Organization","@id":"https:\/\/loginfo24.com\/pt-pt\/#organization","name":"Logismedia Group AG","url":"https:\/\/loginfo24.com\/pt-pt\/","logo":{"@type":"ImageObject","inLanguage":"pt-PT","@id":"https:\/\/loginfo24.com\/pt-pt\/#\/schema\/logo\/image\/","url":"https:\/\/loginfo24.com\/wp-content\/uploads\/sites\/7\/2026\/01\/Logo_LogInfo24.png","contentUrl":"https:\/\/loginfo24.com\/wp-content\/uploads\/sites\/7\/2026\/01\/Logo_LogInfo24.png","width":938,"height":351,"caption":"Logismedia Group AG"},"image":{"@id":"https:\/\/loginfo24.com\/pt-pt\/#\/schema\/logo\/image\/"},"sameAs":["https:\/\/www.facebook.com\/people\/Loginfo24\/100057360583332\/","https:\/\/www.linkedin.com\/company\/lofinfo24\/"]}]}},"_links":{"self":[{"href":"https:\/\/loginfo24.com\/pt-pt\/wp-json\/wp\/v2\/posts\/17693","targetHints":{"allow":["GET"]}}],"collection":[{"href":"https:\/\/loginfo24.com\/pt-pt\/wp-json\/wp\/v2\/posts"}],"about":[{"href":"https:\/\/loginfo24.com\/pt-pt\/wp-json\/wp\/v2\/types\/post"}],"replies":[{"embeddable":true,"href":"https:\/\/loginfo24.com\/pt-pt\/wp-json\/wp\/v2\/comments?post=17693"}],"version-history":[{"count":1,"href":"https:\/\/loginfo24.com\/pt-pt\/wp-json\/wp\/v2\/posts\/17693\/revisions"}],"predecessor-version":[{"id":31728,"href":"https:\/\/loginfo24.com\/pt-pt\/wp-json\/wp\/v2\/posts\/17693\/revisions\/31728"}],"wp:attachment":[{"href":"https:\/\/loginfo24.com\/pt-pt\/wp-json\/wp\/v2\/media?parent=17693"}],"wp:term":[{"taxonomy":"category","embeddable":true,"href":"https:\/\/loginfo24.com\/pt-pt\/wp-json\/wp\/v2\/categories?post=17693"},{"taxonomy":"post_tag","embeddable":true,"href":"https:\/\/loginfo24.com\/pt-pt\/wp-json\/wp\/v2\/tags?post=17693"}],"curies":[{"name":"wp","href":"https:\/\/api.w.org\/{rel}","templated":true}]}}