{"id":17624,"date":"2020-05-25T08:52:49","date_gmt":"2020-05-25T06:52:49","guid":{"rendered":"https:\/\/blog.brand-architecture.at\/2020\/05\/25\/grupo-sieber-assume-as-operacoes-da-dst-combitrans-ag\/"},"modified":"2025-12-15T12:27:58","modified_gmt":"2025-12-15T11:27:58","slug":"grupo-sieber-assume-as-operacoes-da-dst-combitrans-ag","status":"publish","type":"post","link":"https:\/\/loginfo24.com\/pt-pt\/2020\/05\/25\/grupo-sieber-assume-as-operacoes-da-dst-combitrans-ag\/","title":{"rendered":"Grupo Sieber assume as opera\u00e7\u00f5es da DST Combitrans AG"},"content":{"rendered":"<p>O Grupo Sieber est\u00e1 a expandir a sua posi\u00e7\u00e3o no mercado su\u00ed\u00e7o de log\u00edstica de m\u00f3veis, assumindo as opera\u00e7\u00f5es da DST Combitrans AG. As atividades log\u00edsticas da DST ser\u00e3o totalmente integradas nas instala\u00e7\u00f5es da Sieber Solutions AG. A DST Combitrans AG \u00e9 uma subsidi\u00e1ria da Inderm\u00fchle Holding AG.<\/p>\n<p>(Rekingen\/Berneck) A Sieber Solutions AG, com sede em Berneck, assumiu a partir de 19 de maio de 2020 as opera\u00e7\u00f5es e todo o know-how de processos da DST Combitrans AG em Rekingen. Gra\u00e7as \u00e0 longa experi\u00eancia das duas empresas na \u00e1rea de log\u00edstica de m\u00f3veis, solu\u00e7\u00f5es integradas podem ser oferecidas aos clientes da DST. A maioria dos cerca de 45 colaboradores receber\u00e1 novas contrata\u00e7\u00f5es nas instala\u00e7\u00f5es do Grupo Sieber em Dietikon e Pratteln. A localiza\u00e7\u00e3o anterior da empresa em Rekingen ser\u00e1 encerrada. A ag\u00eancia de alf\u00e2ndega em Waldshut-Tiengen n\u00e3o \u00e9 afetada pela transa\u00e7\u00e3o.<\/p>\n<p>A DST Combitrans AG, fundada em 1988 e com sede em Rekingen, atuava como parceira de servi\u00e7o completo nas \u00e1reas de transporte, armazenamento e desembara\u00e7o aduaneiro. A oferta de servi\u00e7os da DST garantia uma log\u00edstica abrangente de m\u00f3veis, eletrodom\u00e9sticos e acess\u00f3rios para clientes empresariais e particulares em toda a Su\u00ed\u00e7a, Alemanha e \u00c1ustria. A DST era uma subsidi\u00e1ria 100% da Inderm\u00fchle Holding AG desde 2014 e possu\u00eda uma frota de cerca de 20 ve\u00edculos.<\/p>\n<p>As opera\u00e7\u00f5es da DST s\u00e3o um complemento ideal para as atividades do Grupo Sieber, que possui uma rede de distribui\u00e7\u00e3o abrangente com modernos centros log\u00edsticos em toda a Su\u00ed\u00e7a e no exterior.<\/p>\n<p><strong>A transa\u00e7\u00e3o fortalece ainda mais o setor de transporte de m\u00f3veis da Sieber<\/strong><\/p>\n<p>A integra\u00e7\u00e3o do portf\u00f3lio da DST na Sieber Solutions aumentar\u00e1 ainda mais a presen\u00e7a no mercado de transporte de m\u00f3veis e expandir\u00e1 sistematicamente o modelo de neg\u00f3cios do Grupo Sieber. A Sieber Solutions j\u00e1 \u00e9 uma das empresas l\u00edderes na \u00e1rea de entregas com duas pessoas para m\u00f3veis, eletrodom\u00e9sticos e outros grupos de produtos. &#8220;Com a aquisi\u00e7\u00e3o das opera\u00e7\u00f5es da DST, podemos aproveitar oportunidades de mercado atraentes para expandir nossas atividades no setor de transporte de m\u00f3veis&#8221;, diz Christian Sieber, presidente da administra\u00e7\u00e3o do Grupo Sieber. &#8220;Este \u00e9 mais um passo importante na nossa estrat\u00e9gia de desenvolvimento.&#8221;<\/p>\n<p><strong>Grupo Inderm\u00fchle foca no core business<\/strong><\/p>\n<p>Para Sandra Traxler-Inderm\u00fchle, presidente do conselho de administra\u00e7\u00e3o da Inderm\u00fchle Holding AG, a venda da DST \u00e9 um passo importante para um maior aprimoramento estrat\u00e9gico do grupo empresarial. &#8220;Como Grupo Inderm\u00fchle, estamos concentrando nossos esfor\u00e7os na nossa atividade principal, de forma consistente, na atual situa\u00e7\u00e3o econ\u00f4mica desafiadora. Isso com foco na responsabilidade empresarial total, bem como para nos mantermos competitivos e continuarmos a crescer em nosso core business. Com a transfer\u00eancia das opera\u00e7\u00f5es da DST para o Grupo Sieber, encontramos n\u00e3o apenas uma solu\u00e7\u00e3o ideal para os colaboradores e clientes, mas tamb\u00e9m um parceiro que compartilha incondicionalmente nossa longa tradi\u00e7\u00e3o empresarial e nosso compromisso com a qualidade.&#8221;<\/p>\n<p>Sobre o conte\u00fado do contrato de transa\u00e7\u00e3o, as duas partes concordaram em manter sigilo.<\/p>\n<p><strong>Sobre o Grupo Sieber<\/strong><\/p>\n<p>A Sieber Solutions AG \u00e9 uma empresa do Grupo Sieber com sede em Berneck, no cant\u00e3o de St. Galo. O Grupo Sieber \u00e9 um prestador de servi\u00e7os log\u00edsticos de propriedade de Christian Sieber e Michael Sieber, com solu\u00e7\u00f5es trimodais no transporte nacional e internacional de mercadorias. A empresa familiar foi fundada em 1974. Com 17 locais na Su\u00ed\u00e7a, \u00c1ustria, EUA e Vietn\u00e3, o Grupo Sieber conta com cerca de 700 colaboradores.<\/p>\n<p><strong>Sobre a Inderm\u00fchle Holding AG<\/strong><\/p>\n<p>O Grupo Inderm\u00fchle, com sede em Rekingen AG, re\u00fane sob um mesmo teto expertise nas \u00e1reas de log\u00edstica (de mercadorias perigosas), viagens de autocarro e transporte p\u00fablico, bem como repara\u00e7\u00e3o e manuten\u00e7\u00e3o de ve\u00edculos comerciais. A empresa familiar, fundada em 1953, \u00e9 gerida pela terceira gera\u00e7\u00e3o e emprega um total de 230 colaboradores em quatro locais na Su\u00ed\u00e7a.<\/p>\n<p>Foto: Grupo Inderm\u00fchle<\/p>\n<p><a href=\"https:\/\/www.indermuehle.ch\" target=\"_blank\" rel=\"noopener noreferrer\">www.indermuehle.ch<\/a>\u00a0\u00a0 \u2013\u00a0\u00a0 <a href=\"https:\/\/www.sieber.ch\" target=\"_blank\" rel=\"noopener noreferrer\">www.sieber.ch<\/a><\/p>\n","protected":false},"excerpt":{"rendered":"<p>O Grupo Sieber est\u00e1 a expandir a sua posi\u00e7\u00e3o no mercado su\u00ed\u00e7o de log\u00edstica de m\u00f3veis, assumindo as opera\u00e7\u00f5es da DST Combitrans AG. As atividades log\u00edsticas<span class=\"excerpt-hellip\"> [\u2026]<\/span><\/p>\n","protected":false},"author":0,"featured_media":0,"comment_status":"open","ping_status":"open","sticky":false,"template":"","format":"standard","meta":{"_acf_changed":false,"footnotes":""},"categories":[1557,1560,1561],"tags":[],"class_list":["post-17624","post","type-post","status-publish","format-standard","hentry","category-forwarding-logistics","category-intralogistics","category-regions"],"acf":[],"yoast_head":"<!-- This site is optimized with the Yoast SEO plugin v27.3 - https:\/\/yoast.com\/product\/yoast-seo-wordpress\/ -->\n<title>Grupo Sieber assume as opera\u00e7\u00f5es da DST Combitrans AG - Loginfo24<\/title>\n<meta name=\"robots\" content=\"index, follow, max-snippet:-1, max-image-preview:large, max-video-preview:-1\" \/>\n<link rel=\"canonical\" href=\"https:\/\/loginfo24.com\/pt-pt\/2020\/05\/25\/grupo-sieber-assume-as-operacoes-da-dst-combitrans-ag\/\" \/>\n<meta property=\"og:locale\" content=\"pt_PT\" \/>\n<meta property=\"og:type\" content=\"article\" \/>\n<meta property=\"og:title\" content=\"Grupo Sieber assume as opera\u00e7\u00f5es da DST Combitrans AG - Loginfo24\" \/>\n<meta property=\"og:description\" content=\"O Grupo Sieber est\u00e1 a expandir a sua posi\u00e7\u00e3o no mercado su\u00ed\u00e7o de log\u00edstica de m\u00f3veis, assumindo as opera\u00e7\u00f5es da DST Combitrans AG. As atividades log\u00edsticas [\u2026]\" \/>\n<meta property=\"og:url\" content=\"https:\/\/loginfo24.com\/pt-pt\/2020\/05\/25\/grupo-sieber-assume-as-operacoes-da-dst-combitrans-ag\/\" \/>\n<meta property=\"og:site_name\" content=\"Loginfo24\" \/>\n<meta property=\"article:publisher\" content=\"https:\/\/www.facebook.com\/people\/Loginfo24\/100057360583332\/\" \/>\n<meta property=\"article:published_time\" content=\"2020-05-25T06:52:49+00:00\" \/>\n<meta property=\"article:modified_time\" content=\"2025-12-15T11:27:58+00:00\" \/>\n<meta name=\"twitter:card\" content=\"summary_large_image\" \/>\n<meta name=\"twitter:label1\" content=\"Tempo estimado de leitura\" \/>\n\t<meta name=\"twitter:data1\" content=\"4 minutos\" \/>\n<script type=\"application\/ld+json\" class=\"yoast-schema-graph\">{\"@context\":\"https:\\\/\\\/schema.org\",\"@graph\":[{\"@type\":\"Article\",\"@id\":\"https:\\\/\\\/loginfo24.com\\\/pt-pt\\\/2020\\\/05\\\/25\\\/grupo-sieber-assume-as-operacoes-da-dst-combitrans-ag\\\/#article\",\"isPartOf\":{\"@id\":\"https:\\\/\\\/loginfo24.com\\\/pt-pt\\\/2020\\\/05\\\/25\\\/grupo-sieber-assume-as-operacoes-da-dst-combitrans-ag\\\/\"},\"author\":{\"name\":\"\",\"@id\":\"\"},\"headline\":\"Grupo Sieber assume as opera\u00e7\u00f5es da DST Combitrans AG\",\"datePublished\":\"2020-05-25T06:52:49+00:00\",\"dateModified\":\"2025-12-15T11:27:58+00:00\",\"mainEntityOfPage\":{\"@id\":\"https:\\\/\\\/loginfo24.com\\\/pt-pt\\\/2020\\\/05\\\/25\\\/grupo-sieber-assume-as-operacoes-da-dst-combitrans-ag\\\/\"},\"wordCount\":710,\"commentCount\":0,\"publisher\":{\"@id\":\"https:\\\/\\\/loginfo24.com\\\/pt-pt\\\/#organization\"},\"articleSection\":[\"Forwarding &amp; Logistics\",\"Intralogistics\",\"Regions\"],\"inLanguage\":\"pt-PT\",\"potentialAction\":[{\"@type\":\"CommentAction\",\"name\":\"Comment\",\"target\":[\"https:\\\/\\\/loginfo24.com\\\/pt-pt\\\/2020\\\/05\\\/25\\\/grupo-sieber-assume-as-operacoes-da-dst-combitrans-ag\\\/#respond\"]}]},{\"@type\":\"WebPage\",\"@id\":\"https:\\\/\\\/loginfo24.com\\\/pt-pt\\\/2020\\\/05\\\/25\\\/grupo-sieber-assume-as-operacoes-da-dst-combitrans-ag\\\/\",\"url\":\"https:\\\/\\\/loginfo24.com\\\/pt-pt\\\/2020\\\/05\\\/25\\\/grupo-sieber-assume-as-operacoes-da-dst-combitrans-ag\\\/\",\"name\":\"Grupo Sieber assume as opera\u00e7\u00f5es da DST Combitrans AG - Loginfo24\",\"isPartOf\":{\"@id\":\"https:\\\/\\\/loginfo24.com\\\/pt-pt\\\/#website\"},\"datePublished\":\"2020-05-25T06:52:49+00:00\",\"dateModified\":\"2025-12-15T11:27:58+00:00\",\"breadcrumb\":{\"@id\":\"https:\\\/\\\/loginfo24.com\\\/pt-pt\\\/2020\\\/05\\\/25\\\/grupo-sieber-assume-as-operacoes-da-dst-combitrans-ag\\\/#breadcrumb\"},\"inLanguage\":\"pt-PT\",\"potentialAction\":[{\"@type\":\"ReadAction\",\"target\":[\"https:\\\/\\\/loginfo24.com\\\/pt-pt\\\/2020\\\/05\\\/25\\\/grupo-sieber-assume-as-operacoes-da-dst-combitrans-ag\\\/\"]}]},{\"@type\":\"BreadcrumbList\",\"@id\":\"https:\\\/\\\/loginfo24.com\\\/pt-pt\\\/2020\\\/05\\\/25\\\/grupo-sieber-assume-as-operacoes-da-dst-combitrans-ag\\\/#breadcrumb\",\"itemListElement\":[{\"@type\":\"ListItem\",\"position\":1,\"name\":\"Startseite\",\"item\":\"https:\\\/\\\/loginfo24.com\\\/pt-pt\\\/\"},{\"@type\":\"ListItem\",\"position\":2,\"name\":\"Grupo Sieber assume as opera\u00e7\u00f5es da DST Combitrans AG\"}]},{\"@type\":\"WebSite\",\"@id\":\"https:\\\/\\\/loginfo24.com\\\/pt-pt\\\/#website\",\"url\":\"https:\\\/\\\/loginfo24.com\\\/pt-pt\\\/\",\"name\":\"Loginfo24\",\"description\":\"Loginfo24 \u00e9 a plataforma dedicada \u00e0 log\u00edstica e \u00e0s cadeias de abastecimento, com informa\u00e7\u00f5es dispon\u00edveis 24 horas por dia.\",\"publisher\":{\"@id\":\"https:\\\/\\\/loginfo24.com\\\/pt-pt\\\/#organization\"},\"potentialAction\":[{\"@type\":\"SearchAction\",\"target\":{\"@type\":\"EntryPoint\",\"urlTemplate\":\"https:\\\/\\\/loginfo24.com\\\/pt-pt\\\/?s={search_term_string}\"},\"query-input\":{\"@type\":\"PropertyValueSpecification\",\"valueRequired\":true,\"valueName\":\"search_term_string\"}}],\"inLanguage\":\"pt-PT\"},{\"@type\":\"Organization\",\"@id\":\"https:\\\/\\\/loginfo24.com\\\/pt-pt\\\/#organization\",\"name\":\"Logismedia Group AG\",\"url\":\"https:\\\/\\\/loginfo24.com\\\/pt-pt\\\/\",\"logo\":{\"@type\":\"ImageObject\",\"inLanguage\":\"pt-PT\",\"@id\":\"https:\\\/\\\/loginfo24.com\\\/pt-pt\\\/#\\\/schema\\\/logo\\\/image\\\/\",\"url\":\"https:\\\/\\\/loginfo24.com\\\/wp-content\\\/uploads\\\/sites\\\/7\\\/2026\\\/01\\\/Logo_LogInfo24.png\",\"contentUrl\":\"https:\\\/\\\/loginfo24.com\\\/wp-content\\\/uploads\\\/sites\\\/7\\\/2026\\\/01\\\/Logo_LogInfo24.png\",\"width\":938,\"height\":351,\"caption\":\"Logismedia Group AG\"},\"image\":{\"@id\":\"https:\\\/\\\/loginfo24.com\\\/pt-pt\\\/#\\\/schema\\\/logo\\\/image\\\/\"},\"sameAs\":[\"https:\\\/\\\/www.facebook.com\\\/people\\\/Loginfo24\\\/100057360583332\\\/\",\"https:\\\/\\\/www.linkedin.com\\\/company\\\/lofinfo24\\\/\"]}]}<\/script>\n<!-- \/ Yoast SEO plugin. -->","yoast_head_json":{"title":"Grupo Sieber assume as opera\u00e7\u00f5es da DST Combitrans AG - Loginfo24","robots":{"index":"index","follow":"follow","max-snippet":"max-snippet:-1","max-image-preview":"max-image-preview:large","max-video-preview":"max-video-preview:-1"},"canonical":"https:\/\/loginfo24.com\/pt-pt\/2020\/05\/25\/grupo-sieber-assume-as-operacoes-da-dst-combitrans-ag\/","og_locale":"pt_PT","og_type":"article","og_title":"Grupo Sieber assume as opera\u00e7\u00f5es da DST Combitrans AG - Loginfo24","og_description":"O Grupo Sieber est\u00e1 a expandir a sua posi\u00e7\u00e3o no mercado su\u00ed\u00e7o de log\u00edstica de m\u00f3veis, assumindo as opera\u00e7\u00f5es da DST Combitrans AG. As atividades log\u00edsticas [\u2026]","og_url":"https:\/\/loginfo24.com\/pt-pt\/2020\/05\/25\/grupo-sieber-assume-as-operacoes-da-dst-combitrans-ag\/","og_site_name":"Loginfo24","article_publisher":"https:\/\/www.facebook.com\/people\/Loginfo24\/100057360583332\/","article_published_time":"2020-05-25T06:52:49+00:00","article_modified_time":"2025-12-15T11:27:58+00:00","twitter_card":"summary_large_image","twitter_misc":{"Tempo estimado de leitura":"4 minutos"},"schema":{"@context":"https:\/\/schema.org","@graph":[{"@type":"Article","@id":"https:\/\/loginfo24.com\/pt-pt\/2020\/05\/25\/grupo-sieber-assume-as-operacoes-da-dst-combitrans-ag\/#article","isPartOf":{"@id":"https:\/\/loginfo24.com\/pt-pt\/2020\/05\/25\/grupo-sieber-assume-as-operacoes-da-dst-combitrans-ag\/"},"author":{"name":"","@id":""},"headline":"Grupo Sieber assume as opera\u00e7\u00f5es da DST Combitrans AG","datePublished":"2020-05-25T06:52:49+00:00","dateModified":"2025-12-15T11:27:58+00:00","mainEntityOfPage":{"@id":"https:\/\/loginfo24.com\/pt-pt\/2020\/05\/25\/grupo-sieber-assume-as-operacoes-da-dst-combitrans-ag\/"},"wordCount":710,"commentCount":0,"publisher":{"@id":"https:\/\/loginfo24.com\/pt-pt\/#organization"},"articleSection":["Forwarding &amp; Logistics","Intralogistics","Regions"],"inLanguage":"pt-PT","potentialAction":[{"@type":"CommentAction","name":"Comment","target":["https:\/\/loginfo24.com\/pt-pt\/2020\/05\/25\/grupo-sieber-assume-as-operacoes-da-dst-combitrans-ag\/#respond"]}]},{"@type":"WebPage","@id":"https:\/\/loginfo24.com\/pt-pt\/2020\/05\/25\/grupo-sieber-assume-as-operacoes-da-dst-combitrans-ag\/","url":"https:\/\/loginfo24.com\/pt-pt\/2020\/05\/25\/grupo-sieber-assume-as-operacoes-da-dst-combitrans-ag\/","name":"Grupo Sieber assume as opera\u00e7\u00f5es da DST Combitrans AG - Loginfo24","isPartOf":{"@id":"https:\/\/loginfo24.com\/pt-pt\/#website"},"datePublished":"2020-05-25T06:52:49+00:00","dateModified":"2025-12-15T11:27:58+00:00","breadcrumb":{"@id":"https:\/\/loginfo24.com\/pt-pt\/2020\/05\/25\/grupo-sieber-assume-as-operacoes-da-dst-combitrans-ag\/#breadcrumb"},"inLanguage":"pt-PT","potentialAction":[{"@type":"ReadAction","target":["https:\/\/loginfo24.com\/pt-pt\/2020\/05\/25\/grupo-sieber-assume-as-operacoes-da-dst-combitrans-ag\/"]}]},{"@type":"BreadcrumbList","@id":"https:\/\/loginfo24.com\/pt-pt\/2020\/05\/25\/grupo-sieber-assume-as-operacoes-da-dst-combitrans-ag\/#breadcrumb","itemListElement":[{"@type":"ListItem","position":1,"name":"Startseite","item":"https:\/\/loginfo24.com\/pt-pt\/"},{"@type":"ListItem","position":2,"name":"Grupo Sieber assume as opera\u00e7\u00f5es da DST Combitrans AG"}]},{"@type":"WebSite","@id":"https:\/\/loginfo24.com\/pt-pt\/#website","url":"https:\/\/loginfo24.com\/pt-pt\/","name":"Loginfo24","description":"Loginfo24 \u00e9 a plataforma dedicada \u00e0 log\u00edstica e \u00e0s cadeias de abastecimento, com informa\u00e7\u00f5es dispon\u00edveis 24 horas por dia.","publisher":{"@id":"https:\/\/loginfo24.com\/pt-pt\/#organization"},"potentialAction":[{"@type":"SearchAction","target":{"@type":"EntryPoint","urlTemplate":"https:\/\/loginfo24.com\/pt-pt\/?s={search_term_string}"},"query-input":{"@type":"PropertyValueSpecification","valueRequired":true,"valueName":"search_term_string"}}],"inLanguage":"pt-PT"},{"@type":"Organization","@id":"https:\/\/loginfo24.com\/pt-pt\/#organization","name":"Logismedia Group AG","url":"https:\/\/loginfo24.com\/pt-pt\/","logo":{"@type":"ImageObject","inLanguage":"pt-PT","@id":"https:\/\/loginfo24.com\/pt-pt\/#\/schema\/logo\/image\/","url":"https:\/\/loginfo24.com\/wp-content\/uploads\/sites\/7\/2026\/01\/Logo_LogInfo24.png","contentUrl":"https:\/\/loginfo24.com\/wp-content\/uploads\/sites\/7\/2026\/01\/Logo_LogInfo24.png","width":938,"height":351,"caption":"Logismedia Group AG"},"image":{"@id":"https:\/\/loginfo24.com\/pt-pt\/#\/schema\/logo\/image\/"},"sameAs":["https:\/\/www.facebook.com\/people\/Loginfo24\/100057360583332\/","https:\/\/www.linkedin.com\/company\/lofinfo24\/"]}]}},"_links":{"self":[{"href":"https:\/\/loginfo24.com\/pt-pt\/wp-json\/wp\/v2\/posts\/17624","targetHints":{"allow":["GET"]}}],"collection":[{"href":"https:\/\/loginfo24.com\/pt-pt\/wp-json\/wp\/v2\/posts"}],"about":[{"href":"https:\/\/loginfo24.com\/pt-pt\/wp-json\/wp\/v2\/types\/post"}],"replies":[{"embeddable":true,"href":"https:\/\/loginfo24.com\/pt-pt\/wp-json\/wp\/v2\/comments?post=17624"}],"version-history":[{"count":1,"href":"https:\/\/loginfo24.com\/pt-pt\/wp-json\/wp\/v2\/posts\/17624\/revisions"}],"predecessor-version":[{"id":31596,"href":"https:\/\/loginfo24.com\/pt-pt\/wp-json\/wp\/v2\/posts\/17624\/revisions\/31596"}],"wp:attachment":[{"href":"https:\/\/loginfo24.com\/pt-pt\/wp-json\/wp\/v2\/media?parent=17624"}],"wp:term":[{"taxonomy":"category","embeddable":true,"href":"https:\/\/loginfo24.com\/pt-pt\/wp-json\/wp\/v2\/categories?post=17624"},{"taxonomy":"post_tag","embeddable":true,"href":"https:\/\/loginfo24.com\/pt-pt\/wp-json\/wp\/v2\/tags?post=17624"}],"curies":[{"name":"wp","href":"https:\/\/api.w.org\/{rel}","templated":true}]}}