{"id":17408,"date":"2020-04-19T21:11:23","date_gmt":"2020-04-19T19:11:23","guid":{"rendered":"https:\/\/blog.brand-architecture.at\/2020\/04\/19\/volume-de-carga-no-transporte-rodoviario-da-europa-cai-drasticamente\/"},"modified":"2025-12-15T12:27:09","modified_gmt":"2025-12-15T11:27:09","slug":"volume-de-carga-no-transporte-rodoviario-da-europa-cai-drasticamente","status":"publish","type":"post","link":"https:\/\/loginfo24.com\/pt-pt\/2020\/04\/19\/volume-de-carga-no-transporte-rodoviario-da-europa-cai-drasticamente\/","title":{"rendered":"Volume de carga no transporte rodovi\u00e1rio da Europa cai drasticamente"},"content":{"rendered":"<p>O mercado de carga nas estradas da Europa caiu cerca de dois ter\u00e7os no primeiro trimestre de 2020, segundo o bar\u00f4metro de carga da bolsa de fretes Timocom. O ano come\u00e7ou de forma promissora. Foi apenas a meio de mar\u00e7o que ocorreu a grande queda, praticamente com o in\u00edcio do lockdown em quase todos os pa\u00edses europeus.<\/p>\n<p>(Erkrath) A incerteza sobre o desenrolar da crise da Corona levou, em mar\u00e7o, a um aumento repentino das ofertas de carga no mercado de transporte europeu. &#8220;Muitas empresas anteciparam pedidos devido \u00e0 perspectiva de fechamento de fronteiras e outras restri\u00e7\u00f5es em tempos de Corona&#8221;, comenta Tilman Fecke, analista de neg\u00f3cios da TIMOCOM, sobre o aumento incomum das ofertas de carga que foram publicadas at\u00e9 meio de mar\u00e7o na principal bolsa de fretes da Europa.<\/p>\n<p>Assim, a TIMOCOM conseguiu registrar um aumento de 16 por cento nas ofertas de carga no primeiro trimestre de 2020 em compara\u00e7\u00e3o com o mesmo per\u00edodo do ano anterior; os transportes de pa\u00edses da UE em dire\u00e7\u00e3o \u00e0 It\u00e1lia aumentaram em 26 por cento, e para a Pol\u00f4nia, at\u00e9 53 por cento. Ve\u00edculos refrigerados foram especialmente procurados. No pico, a demanda por transportes com controle de temperatura estava 50 por cento acima dos valores do ano anterior, relata o operador da bolsa de fretes.<\/p>\n<p><strong>Volumes de carga caem mais de dois ter\u00e7os a meio de mar\u00e7o<\/strong><\/p>\n<p>O ponto de virada do movimento ascendente foi marcado, a partir de meio de mar\u00e7o, pelo lockdown em toda a Europa, que levou em grande parte \u00e0 paralisa\u00e7\u00e3o das ind\u00fastrias de produ\u00e7\u00e3o e \u2013 com exce\u00e7\u00e3o do com\u00e9rcio de alimentos \u2013 a uma queda nos volumes de entrega. &#8220;Apesar do aumento dos transportes na \u00e1rea alimentar, os volumes de carga ca\u00edram em toda a Europa mais de dois ter\u00e7os de meio a fim de mar\u00e7o&#8221;, relata Fecke. &#8220;Uma evolu\u00e7\u00e3o compar\u00e1vel nunca havia ocorrido antes da P\u00e1scoa.&#8221; Normalmente, at\u00e9 750.000 ofertas de carga e espa\u00e7o de carga s\u00e3o publicadas diariamente na TIMOCOM.<\/p>\n<p>Embora as empresas de transporte estejam desesperadamente \u00e0 procura de pedidos durante o lockdown para utilizar seus caminh\u00f5es, as capacidades de carga colocadas no mercado atrav\u00e9s da TIMOCOM ca\u00edram no primeiro trimestre deste ano. Assim, o n\u00famero de caminh\u00f5es dispon\u00edveis livremente no Q1 caiu em tr\u00eas por cento em compara\u00e7\u00e3o com o trimestre do ano anterior; na Alemanha, o n\u00famero de ofertas de ve\u00edculos caiu at\u00e9 15 por cento. Como isso se explica?<\/p>\n<p>&#8220;Observamos que as empresas de transporte est\u00e3o retirando temporariamente partes de sua frota do mercado devido \u00e0 falta de utiliza\u00e7\u00e3o&#8221;, comenta Gunnar Gburek, porta-voz da TIMOCOM. Assim, devido ao estado de emerg\u00eancia em que o mundo se encontra nessas semanas, ocorrem distor\u00e7\u00f5es no mercado. No entanto, Gburek se mostra otimista: &#8220;Atualmente, est\u00e3o surgindo tend\u00eancias de leve alta nas ofertas de carga. Como a ind\u00fastria de transporte se desenvolver\u00e1 em tempos da pandemia de Corona, s\u00f3 ser\u00e1 poss\u00edvel saber no segundo trimestre.&#8221;<\/p>\n<p>Com o <a href=\"https:\/\/www.timocom.de\/services\/transportbarometer\" target=\"_blank\" rel=\"noopener noreferrer\">bar\u00f4metro de transporte<\/a>, a empresa FreightTech TIMOCOM analisa desde 2009 a evolu\u00e7\u00e3o da oferta e demanda de transporte da bolsa de fretes integrada no sistema Smart Logistics. Mais de 130.000 usu\u00e1rios geram assim diariamente at\u00e9 750.000 ofertas internacionais de espa\u00e7o de carga e carga. O sistema ajuda os mais de 43.000 clientes da TIMOCOM a alcan\u00e7ar seus objetivos log\u00edsticos de forma inteligente, segura e simples.<\/p>\n<p>Gr\u00e1fico: Timocom<\/p>\n<p><a href=\"https:\/\/www.timocom.de\">www.timocom.de<\/a><\/p>\n","protected":false},"excerpt":{"rendered":"<p>O mercado de carga nas estradas da Europa caiu cerca de dois ter\u00e7os no primeiro trimestre de 2020, segundo o bar\u00f4metro de carga da bolsa de<span class=\"excerpt-hellip\"> [\u2026]<\/span><\/p>\n","protected":false},"author":0,"featured_media":0,"comment_status":"open","ping_status":"open","sticky":false,"template":"","format":"standard","meta":{"_acf_changed":false,"footnotes":""},"categories":[1561],"tags":[],"class_list":["post-17408","post","type-post","status-publish","format-standard","hentry","category-regions"],"acf":[],"yoast_head":"<!-- This site is optimized with the Yoast SEO plugin v27.3 - https:\/\/yoast.com\/product\/yoast-seo-wordpress\/ -->\n<title>Volume de carga no transporte rodovi\u00e1rio da Europa cai drasticamente - Loginfo24<\/title>\n<meta name=\"robots\" content=\"index, follow, max-snippet:-1, max-image-preview:large, max-video-preview:-1\" \/>\n<link rel=\"canonical\" href=\"https:\/\/loginfo24.com\/pt-pt\/2020\/04\/19\/volume-de-carga-no-transporte-rodoviario-da-europa-cai-drasticamente\/\" \/>\n<meta property=\"og:locale\" content=\"pt_PT\" \/>\n<meta property=\"og:type\" content=\"article\" \/>\n<meta property=\"og:title\" content=\"Volume de carga no transporte rodovi\u00e1rio da Europa cai drasticamente - Loginfo24\" \/>\n<meta property=\"og:description\" content=\"O mercado de carga nas estradas da Europa caiu cerca de dois ter\u00e7os no primeiro trimestre de 2020, segundo o bar\u00f4metro de carga da bolsa de [\u2026]\" \/>\n<meta property=\"og:url\" content=\"https:\/\/loginfo24.com\/pt-pt\/2020\/04\/19\/volume-de-carga-no-transporte-rodoviario-da-europa-cai-drasticamente\/\" \/>\n<meta property=\"og:site_name\" content=\"Loginfo24\" \/>\n<meta property=\"article:publisher\" content=\"https:\/\/www.facebook.com\/people\/Loginfo24\/100057360583332\/\" \/>\n<meta property=\"article:published_time\" content=\"2020-04-19T19:11:23+00:00\" \/>\n<meta property=\"article:modified_time\" content=\"2025-12-15T11:27:09+00:00\" \/>\n<meta name=\"twitter:card\" content=\"summary_large_image\" \/>\n<meta name=\"twitter:label1\" content=\"Tempo estimado de leitura\" \/>\n\t<meta name=\"twitter:data1\" content=\"3 minutos\" \/>\n<script type=\"application\/ld+json\" class=\"yoast-schema-graph\">{\"@context\":\"https:\\\/\\\/schema.org\",\"@graph\":[{\"@type\":\"Article\",\"@id\":\"https:\\\/\\\/loginfo24.com\\\/pt-pt\\\/2020\\\/04\\\/19\\\/volume-de-carga-no-transporte-rodoviario-da-europa-cai-drasticamente\\\/#article\",\"isPartOf\":{\"@id\":\"https:\\\/\\\/loginfo24.com\\\/pt-pt\\\/2020\\\/04\\\/19\\\/volume-de-carga-no-transporte-rodoviario-da-europa-cai-drasticamente\\\/\"},\"author\":{\"name\":\"\",\"@id\":\"\"},\"headline\":\"Volume de carga no transporte rodovi\u00e1rio da Europa cai drasticamente\",\"datePublished\":\"2020-04-19T19:11:23+00:00\",\"dateModified\":\"2025-12-15T11:27:09+00:00\",\"mainEntityOfPage\":{\"@id\":\"https:\\\/\\\/loginfo24.com\\\/pt-pt\\\/2020\\\/04\\\/19\\\/volume-de-carga-no-transporte-rodoviario-da-europa-cai-drasticamente\\\/\"},\"wordCount\":604,\"commentCount\":0,\"publisher\":{\"@id\":\"https:\\\/\\\/loginfo24.com\\\/pt-pt\\\/#organization\"},\"articleSection\":[\"Regions\"],\"inLanguage\":\"pt-PT\",\"potentialAction\":[{\"@type\":\"CommentAction\",\"name\":\"Comment\",\"target\":[\"https:\\\/\\\/loginfo24.com\\\/pt-pt\\\/2020\\\/04\\\/19\\\/volume-de-carga-no-transporte-rodoviario-da-europa-cai-drasticamente\\\/#respond\"]}]},{\"@type\":\"WebPage\",\"@id\":\"https:\\\/\\\/loginfo24.com\\\/pt-pt\\\/2020\\\/04\\\/19\\\/volume-de-carga-no-transporte-rodoviario-da-europa-cai-drasticamente\\\/\",\"url\":\"https:\\\/\\\/loginfo24.com\\\/pt-pt\\\/2020\\\/04\\\/19\\\/volume-de-carga-no-transporte-rodoviario-da-europa-cai-drasticamente\\\/\",\"name\":\"Volume de carga no transporte rodovi\u00e1rio da Europa cai drasticamente - Loginfo24\",\"isPartOf\":{\"@id\":\"https:\\\/\\\/loginfo24.com\\\/pt-pt\\\/#website\"},\"datePublished\":\"2020-04-19T19:11:23+00:00\",\"dateModified\":\"2025-12-15T11:27:09+00:00\",\"breadcrumb\":{\"@id\":\"https:\\\/\\\/loginfo24.com\\\/pt-pt\\\/2020\\\/04\\\/19\\\/volume-de-carga-no-transporte-rodoviario-da-europa-cai-drasticamente\\\/#breadcrumb\"},\"inLanguage\":\"pt-PT\",\"potentialAction\":[{\"@type\":\"ReadAction\",\"target\":[\"https:\\\/\\\/loginfo24.com\\\/pt-pt\\\/2020\\\/04\\\/19\\\/volume-de-carga-no-transporte-rodoviario-da-europa-cai-drasticamente\\\/\"]}]},{\"@type\":\"BreadcrumbList\",\"@id\":\"https:\\\/\\\/loginfo24.com\\\/pt-pt\\\/2020\\\/04\\\/19\\\/volume-de-carga-no-transporte-rodoviario-da-europa-cai-drasticamente\\\/#breadcrumb\",\"itemListElement\":[{\"@type\":\"ListItem\",\"position\":1,\"name\":\"Startseite\",\"item\":\"https:\\\/\\\/loginfo24.com\\\/pt-pt\\\/\"},{\"@type\":\"ListItem\",\"position\":2,\"name\":\"Volume de carga no transporte rodovi\u00e1rio da Europa cai drasticamente\"}]},{\"@type\":\"WebSite\",\"@id\":\"https:\\\/\\\/loginfo24.com\\\/pt-pt\\\/#website\",\"url\":\"https:\\\/\\\/loginfo24.com\\\/pt-pt\\\/\",\"name\":\"Loginfo24\",\"description\":\"Loginfo24 \u00e9 a plataforma dedicada \u00e0 log\u00edstica e \u00e0s cadeias de abastecimento, com informa\u00e7\u00f5es dispon\u00edveis 24 horas por dia.\",\"publisher\":{\"@id\":\"https:\\\/\\\/loginfo24.com\\\/pt-pt\\\/#organization\"},\"potentialAction\":[{\"@type\":\"SearchAction\",\"target\":{\"@type\":\"EntryPoint\",\"urlTemplate\":\"https:\\\/\\\/loginfo24.com\\\/pt-pt\\\/?s={search_term_string}\"},\"query-input\":{\"@type\":\"PropertyValueSpecification\",\"valueRequired\":true,\"valueName\":\"search_term_string\"}}],\"inLanguage\":\"pt-PT\"},{\"@type\":\"Organization\",\"@id\":\"https:\\\/\\\/loginfo24.com\\\/pt-pt\\\/#organization\",\"name\":\"Logismedia Group AG\",\"url\":\"https:\\\/\\\/loginfo24.com\\\/pt-pt\\\/\",\"logo\":{\"@type\":\"ImageObject\",\"inLanguage\":\"pt-PT\",\"@id\":\"https:\\\/\\\/loginfo24.com\\\/pt-pt\\\/#\\\/schema\\\/logo\\\/image\\\/\",\"url\":\"https:\\\/\\\/loginfo24.com\\\/wp-content\\\/uploads\\\/sites\\\/7\\\/2026\\\/01\\\/Logo_LogInfo24.png\",\"contentUrl\":\"https:\\\/\\\/loginfo24.com\\\/wp-content\\\/uploads\\\/sites\\\/7\\\/2026\\\/01\\\/Logo_LogInfo24.png\",\"width\":938,\"height\":351,\"caption\":\"Logismedia Group AG\"},\"image\":{\"@id\":\"https:\\\/\\\/loginfo24.com\\\/pt-pt\\\/#\\\/schema\\\/logo\\\/image\\\/\"},\"sameAs\":[\"https:\\\/\\\/www.facebook.com\\\/people\\\/Loginfo24\\\/100057360583332\\\/\",\"https:\\\/\\\/www.linkedin.com\\\/company\\\/lofinfo24\\\/\"]}]}<\/script>\n<!-- \/ Yoast SEO plugin. -->","yoast_head_json":{"title":"Volume de carga no transporte rodovi\u00e1rio da Europa cai drasticamente - Loginfo24","robots":{"index":"index","follow":"follow","max-snippet":"max-snippet:-1","max-image-preview":"max-image-preview:large","max-video-preview":"max-video-preview:-1"},"canonical":"https:\/\/loginfo24.com\/pt-pt\/2020\/04\/19\/volume-de-carga-no-transporte-rodoviario-da-europa-cai-drasticamente\/","og_locale":"pt_PT","og_type":"article","og_title":"Volume de carga no transporte rodovi\u00e1rio da Europa cai drasticamente - Loginfo24","og_description":"O mercado de carga nas estradas da Europa caiu cerca de dois ter\u00e7os no primeiro trimestre de 2020, segundo o bar\u00f4metro de carga da bolsa de [\u2026]","og_url":"https:\/\/loginfo24.com\/pt-pt\/2020\/04\/19\/volume-de-carga-no-transporte-rodoviario-da-europa-cai-drasticamente\/","og_site_name":"Loginfo24","article_publisher":"https:\/\/www.facebook.com\/people\/Loginfo24\/100057360583332\/","article_published_time":"2020-04-19T19:11:23+00:00","article_modified_time":"2025-12-15T11:27:09+00:00","twitter_card":"summary_large_image","twitter_misc":{"Tempo estimado de leitura":"3 minutos"},"schema":{"@context":"https:\/\/schema.org","@graph":[{"@type":"Article","@id":"https:\/\/loginfo24.com\/pt-pt\/2020\/04\/19\/volume-de-carga-no-transporte-rodoviario-da-europa-cai-drasticamente\/#article","isPartOf":{"@id":"https:\/\/loginfo24.com\/pt-pt\/2020\/04\/19\/volume-de-carga-no-transporte-rodoviario-da-europa-cai-drasticamente\/"},"author":{"name":"","@id":""},"headline":"Volume de carga no transporte rodovi\u00e1rio da Europa cai drasticamente","datePublished":"2020-04-19T19:11:23+00:00","dateModified":"2025-12-15T11:27:09+00:00","mainEntityOfPage":{"@id":"https:\/\/loginfo24.com\/pt-pt\/2020\/04\/19\/volume-de-carga-no-transporte-rodoviario-da-europa-cai-drasticamente\/"},"wordCount":604,"commentCount":0,"publisher":{"@id":"https:\/\/loginfo24.com\/pt-pt\/#organization"},"articleSection":["Regions"],"inLanguage":"pt-PT","potentialAction":[{"@type":"CommentAction","name":"Comment","target":["https:\/\/loginfo24.com\/pt-pt\/2020\/04\/19\/volume-de-carga-no-transporte-rodoviario-da-europa-cai-drasticamente\/#respond"]}]},{"@type":"WebPage","@id":"https:\/\/loginfo24.com\/pt-pt\/2020\/04\/19\/volume-de-carga-no-transporte-rodoviario-da-europa-cai-drasticamente\/","url":"https:\/\/loginfo24.com\/pt-pt\/2020\/04\/19\/volume-de-carga-no-transporte-rodoviario-da-europa-cai-drasticamente\/","name":"Volume de carga no transporte rodovi\u00e1rio da Europa cai drasticamente - Loginfo24","isPartOf":{"@id":"https:\/\/loginfo24.com\/pt-pt\/#website"},"datePublished":"2020-04-19T19:11:23+00:00","dateModified":"2025-12-15T11:27:09+00:00","breadcrumb":{"@id":"https:\/\/loginfo24.com\/pt-pt\/2020\/04\/19\/volume-de-carga-no-transporte-rodoviario-da-europa-cai-drasticamente\/#breadcrumb"},"inLanguage":"pt-PT","potentialAction":[{"@type":"ReadAction","target":["https:\/\/loginfo24.com\/pt-pt\/2020\/04\/19\/volume-de-carga-no-transporte-rodoviario-da-europa-cai-drasticamente\/"]}]},{"@type":"BreadcrumbList","@id":"https:\/\/loginfo24.com\/pt-pt\/2020\/04\/19\/volume-de-carga-no-transporte-rodoviario-da-europa-cai-drasticamente\/#breadcrumb","itemListElement":[{"@type":"ListItem","position":1,"name":"Startseite","item":"https:\/\/loginfo24.com\/pt-pt\/"},{"@type":"ListItem","position":2,"name":"Volume de carga no transporte rodovi\u00e1rio da Europa cai drasticamente"}]},{"@type":"WebSite","@id":"https:\/\/loginfo24.com\/pt-pt\/#website","url":"https:\/\/loginfo24.com\/pt-pt\/","name":"Loginfo24","description":"Loginfo24 \u00e9 a plataforma dedicada \u00e0 log\u00edstica e \u00e0s cadeias de abastecimento, com informa\u00e7\u00f5es dispon\u00edveis 24 horas por dia.","publisher":{"@id":"https:\/\/loginfo24.com\/pt-pt\/#organization"},"potentialAction":[{"@type":"SearchAction","target":{"@type":"EntryPoint","urlTemplate":"https:\/\/loginfo24.com\/pt-pt\/?s={search_term_string}"},"query-input":{"@type":"PropertyValueSpecification","valueRequired":true,"valueName":"search_term_string"}}],"inLanguage":"pt-PT"},{"@type":"Organization","@id":"https:\/\/loginfo24.com\/pt-pt\/#organization","name":"Logismedia Group AG","url":"https:\/\/loginfo24.com\/pt-pt\/","logo":{"@type":"ImageObject","inLanguage":"pt-PT","@id":"https:\/\/loginfo24.com\/pt-pt\/#\/schema\/logo\/image\/","url":"https:\/\/loginfo24.com\/wp-content\/uploads\/sites\/7\/2026\/01\/Logo_LogInfo24.png","contentUrl":"https:\/\/loginfo24.com\/wp-content\/uploads\/sites\/7\/2026\/01\/Logo_LogInfo24.png","width":938,"height":351,"caption":"Logismedia Group AG"},"image":{"@id":"https:\/\/loginfo24.com\/pt-pt\/#\/schema\/logo\/image\/"},"sameAs":["https:\/\/www.facebook.com\/people\/Loginfo24\/100057360583332\/","https:\/\/www.linkedin.com\/company\/lofinfo24\/"]}]}},"_links":{"self":[{"href":"https:\/\/loginfo24.com\/pt-pt\/wp-json\/wp\/v2\/posts\/17408","targetHints":{"allow":["GET"]}}],"collection":[{"href":"https:\/\/loginfo24.com\/pt-pt\/wp-json\/wp\/v2\/posts"}],"about":[{"href":"https:\/\/loginfo24.com\/pt-pt\/wp-json\/wp\/v2\/types\/post"}],"replies":[{"embeddable":true,"href":"https:\/\/loginfo24.com\/pt-pt\/wp-json\/wp\/v2\/comments?post=17408"}],"version-history":[{"count":1,"href":"https:\/\/loginfo24.com\/pt-pt\/wp-json\/wp\/v2\/posts\/17408\/revisions"}],"predecessor-version":[{"id":31166,"href":"https:\/\/loginfo24.com\/pt-pt\/wp-json\/wp\/v2\/posts\/17408\/revisions\/31166"}],"wp:attachment":[{"href":"https:\/\/loginfo24.com\/pt-pt\/wp-json\/wp\/v2\/media?parent=17408"}],"wp:term":[{"taxonomy":"category","embeddable":true,"href":"https:\/\/loginfo24.com\/pt-pt\/wp-json\/wp\/v2\/categories?post=17408"},{"taxonomy":"post_tag","embeddable":true,"href":"https:\/\/loginfo24.com\/pt-pt\/wp-json\/wp\/v2\/tags?post=17408"}],"curies":[{"name":"wp","href":"https:\/\/api.w.org\/{rel}","templated":true}]}}