{"id":79779,"date":"2026-05-01T15:17:30","date_gmt":"2026-05-01T15:17:30","guid":{"rendered":"https:\/\/loginfo24.com\/2026\/05\/01\/branchenforum-van-de-verband-deutscher-reeder\/"},"modified":"2026-05-01T15:17:30","modified_gmt":"2026-05-01T15:17:30","slug":"branchenforum-van-de-verband-deutscher-reeder","status":"publish","type":"post","link":"https:\/\/loginfo24.com\/nl\/2026\/05\/01\/branchenforum-van-de-verband-deutscher-reeder\/","title":{"rendered":"Branchenforum van de Verband Deutscher Reeder"},"content":{"rendered":"<p>De internationale scheepvaart speelt een cruciale rol voor de economie en de bevoorrading van Duitsland. Ongeveer 90 % van de wereldhandel en ongeveer twee derde van de Duitse buitenlandse handel worden via zee afgehandeld. In tijden van crisis is de scheepvaart bovendien van essentieel belang voor het transport van militaire uitrusting en hulpgoederen. Tegen deze achtergrond bespraken vertegenwoordigers uit politiek, bedrijfsleven en werknemerszijde tijdens het brancheforum van de Verband Deutscher Reeder (VDR) in het kader van de Nationale Maritieme Conferentie (NMK) in Emden de versterking van de maritieme veerkracht en concurrentiekracht in tijden van geopolitieke spanningen.<\/p>\n<h3>Versterking van de maritieme infrastructuur<\/h3>\n<p>Gaby Bornheim, voorzitter van de VDR, benadrukte de noodzaak van een sterke handelsvloot en concurrerende randvoorwaarden om de bevoorradingszekerheid van Duitsland te waarborgen. &#8222;De inzet voor een veilige en vrije scheepvaart is essentieel voor Duitsland. Onze economie en onze bevoorrading hangen in belangrijke mate af van goed functionerende maritieme toeleveringsketens,&#8220; aldus Bornheim. Om de veerkracht van de scheepvaart te vergroten, is een grotere nationale personeelsbasis vereist. Het aantal nieuwkomers in de scheepvaart is in 2023 al gestegen tot 537, wat een stijging van bijna 30 % betekent en het hoogste niveau in meer dan tien jaar vertegenwoordigt. De VDR stelt voor om een vrijwillige zeevaartdienst in te voeren in het kader van de nieuwe militaire dienst, om jonge mensen de instap in de scheepvaart te vergemakkelijken en een civiele maritieme reserve op te bouwen.<\/p>\n<p>Christian Hirte, parlementair staatssecretaris van het Federale Ministerie van Verkeer, wees erop dat de federale regering gericht de veerkracht van maritieme toeleveringsketens versterkt en investeert in de opleiding van maritieme jongeren. &#8222;Presterende havens, moderne waterwegen en een betrouwbare maritieme infrastructuur staan in nauw verband met economische stabiliteit, veiligheid en strategische handelingsbekwaamheid,&#8220; verklaarde Hirte.<\/p>\n<h3>Maritieme veerkracht als locatiebeleid<\/h3>\n<p>Melanie Leonhard, senator voor Economie, Werk en Innovatie van de Vrije en Hanzestad Hamburg, onderstreepte het belang van de haven van Hamburg voor de scheepvaart, vooral in tijden van crisis. Ze benadrukte dat maritieme veerkracht concreet locatiebeleid is, dat bijdraagt aan het stabiliseren van toeleveringsketens en daarmee welvaart en stabiliteit in Duitsland waarborgt. Rolf Habben Jansen, CEO van Hapag-Lloyd, voegde toe dat de scheepvaart vandaag de dag sterker dan ooit staat in het spanningsveld van geopolitieke ontwikkelingen. Een sterke handelsvloot en concurrerende randvoorwaarden zijn cruciaal voor de economische stabiliteit en bevoorradingszekerheid in Duitsland en Europa.<\/p>\n<p>Uwe Schmidt, lid van de Duitse Bondsdag, benadrukte dat investeringen in de opleiding van nautisch personeel essentieel zijn voor de veiligheid. Voorstellen zoals een vrijwillige zeevaartdienst kunnen helpen om de personele diepgang te cre\u00ebren die nodig is voor een betrouwbare scheepvaart. Dennis Dacke, hoofd van de federale vakgroep Luchtverkeer en Maritieme Economie bij ver.di, benadrukte dat zonder goede arbeidsomstandigheden en medezeggenschap geen veerkrachtige scheepvaart mogelijk is. Hij pleitte voor bindende minimumnormen voor arbeids- en rusttijden aan boord, evenals een consequente controle van de vlaggenstaten.<\/p>\n<p>Kapitein Sebastian Die\u00dfner, voorzitter van de Verband Deutscher Kapit\u00e4ne und Schiffsoffiziere (VDKS), wees erop dat een langdurig beroepsperspectief voor vakmensen noodzakelijk is om de expertise in de scheepvaart te waarborgen.<\/p>\n<p>De discussie maakte duidelijk dat de scheepvaart veel verder gaat dan alleen haar economische betekenis en een centraal onderdeel is van de veiligheidsinfrastructuur van Duitsland en Europa. Aanvallen op handelsschepen en hybride bedreigingen zoals cyberaanvallen verhogen de risico&#8217;s voor de sector aanzienlijk.<\/p>\n<h3>Conclusie en vooruitzicht<\/h3>\n<p>Tot slot benadrukte Christoph Plo\u00df, co\u00f6rdinator van de federale regering voor Maritieme Economie en Toerisme, de essenti\u00eble rol van een sterke maritieme economie voor Duitsland. De federale regering werkt eraan om de concurrentiekracht van rederijen te versterken, onder andere door de uitbreiding van de tonnagebelasting. De Nationale Maritieme Conferentie (NMK) fungeert als centraal dialoogplatform van de federale regering met de maritieme sector en brengt regelmatig actoren uit politiek, bedrijfsleven en vakbonden samen om strategische keuzes voor de toekomst van de maritieme economie te maken.<\/p>\n<p><a href=\"http:\/\/www.reederverband.de\" target=\"_blank\" rel=\"noopener noreferrer\">www.reederverband.de<\/a><\/p>\n","protected":false},"excerpt":{"rendered":"<p>De maritieme economie is cruciaal voor de veiligheid en bevoorrading van Duitsland, daarom versterkt de federale regering de concurrentiekracht door gerichte investeringen en dialoogformaten.<\/p>\n","protected":false},"author":7,"featured_media":79773,"comment_status":"open","ping_status":"","sticky":false,"template":"","format":"standard","meta":{"_acf_changed":false,"footnotes":""},"categories":[6656,1595],"tags":[23444,23445,23446,20974,23447,16905,5010,22305,23448,23449,5225,5226,23450,2909,14490,14491,1808,2125,2702,20989,5016,3011,2054,23451,23452,5017,23453,23454,23455,23456,23457,2925,12724,14508,2929,2193,23458,23459,1916,23460,23461,23462,23463,21003,23464,23465,2295,23466,23467,3125,2155,1837,23468,23469,23470],"class_list":["post-79779","post","type-post","status-publish","format-standard","has-post-thumbnail","hentry","category-duitsland","category-scheepvaart-en-havens","tag-association-des-armateurs-allemands","tag-ausbildung-nautisches-personal","tag-base-de-main-doeuvre-nationale","tag-chaines-dapprovisionnement","tag-conference-maritime-nationale","tag-deutsch-schifffahrt","tag-economie-maritime","tag-fachkraeftemangel-schifffahrt","tag-formation-du-personnel-nautique","tag-freiwilliger-seedienst","tag-geopolitical-tensions","tag-geopolitische-spannungen","tag-german-shipowners-association","tag-hafenbetrieb","tag-hamburg-port","tag-hamburger-hafen","tag-hapag-lloyd","tag-industrie-du-transport","tag-infrastructure-maritime","tag-lieferketten","tag-maritime-economy","tag-maritime-infrastructure","tag-maritime-infrastruktur","tag-maritime-resilience","tag-maritime-resilienz","tag-maritime-wirtschaft","tag-national-maritime-conference-francais-navigation","tag-national-workforce-base","tag-nationale-maritime-konferenz-english-shipping","tag-nationale-personalbasis","tag-nautical-personnel-training","tag-operations-portuaires","tag-penurie-de-main-doeuvre-maritime","tag-port-de-hambourg","tag-port-operations","tag-rail-freight-transport","tag-resilience-maritime","tag-resilienz-der-schifffahrt","tag-schienengueterverkehr","tag-securite-dapprovisionnement-allemagne","tag-service-maritime-volontaire","tag-shipping-resilience","tag-skilled-labor-shortage-shipping","tag-supply-chains","tag-supply-security-germany","tag-taxe-sur-le-tonnage","tag-tensions-geopolitiques","tag-tonnage-tax","tag-tonnagesteuer","tag-transport-ferroviaire-de-marchandises","tag-transport-industry","tag-transportwirtschaft","tag-verbands-deutscher-reeder","tag-versorgungssicherheit-deutschland","tag-voluntary-sea-service"],"acf":[],"yoast_head":"<!-- This site is optimized with the Yoast SEO plugin v27.3 - https:\/\/yoast.com\/product\/yoast-seo-wordpress\/ -->\n<title>Branchenforum van de Verband Deutscher Reeder - Loginfo24<\/title>\n<meta name=\"robots\" content=\"index, follow, max-snippet:-1, max-image-preview:large, max-video-preview:-1\" \/>\n<link rel=\"canonical\" href=\"https:\/\/loginfo24.com\/nl\/2026\/05\/01\/branchenforum-van-de-verband-deutscher-reeder\/\" \/>\n<meta property=\"og:locale\" content=\"nl_NL\" \/>\n<meta property=\"og:type\" content=\"article\" \/>\n<meta property=\"og:title\" content=\"Branchenforum van de Verband Deutscher Reeder - Loginfo24\" \/>\n<meta property=\"og:description\" content=\"De maritieme economie is cruciaal voor de veiligheid en bevoorrading van Duitsland, daarom versterkt de federale regering de concurrentiekracht door gerichte investeringen en dialoogformaten.\" \/>\n<meta property=\"og:url\" content=\"https:\/\/loginfo24.com\/nl\/2026\/05\/01\/branchenforum-van-de-verband-deutscher-reeder\/\" \/>\n<meta property=\"og:site_name\" content=\"Loginfo24\" \/>\n<meta property=\"article:publisher\" content=\"https:\/\/www.facebook.com\/people\/Loginfo24\/100057360583332\/\" \/>\n<meta property=\"article:published_time\" content=\"2026-05-01T15:17:30+00:00\" \/>\n<meta property=\"og:image\" content=\"https:\/\/loginfo24.com\/wp-content\/uploads\/sites\/7\/2026\/05\/Pressemitteilung-NMK-2026-aspect-ratio-1400-788.jpg\" \/>\n\t<meta property=\"og:image:width\" content=\"1364\" \/>\n\t<meta property=\"og:image:height\" content=\"768\" \/>\n\t<meta property=\"og:image:type\" content=\"image\/jpeg\" \/>\n<meta name=\"author\" content=\"Andreas M\u00fcller\" \/>\n<meta name=\"twitter:card\" content=\"summary_large_image\" \/>\n<meta name=\"twitter:label1\" content=\"Geschreven door\" \/>\n\t<meta name=\"twitter:data1\" content=\"Andreas M\u00fcller\" \/>\n\t<meta name=\"twitter:label2\" content=\"Geschatte leestijd\" \/>\n\t<meta name=\"twitter:data2\" content=\"3 minuut\" \/>\n<script type=\"application\/ld+json\" class=\"yoast-schema-graph\">{\"@context\":\"https:\\\/\\\/schema.org\",\"@graph\":[{\"@type\":\"Article\",\"@id\":\"https:\\\/\\\/loginfo24.com\\\/nl\\\/2026\\\/05\\\/01\\\/branchenforum-van-de-verband-deutscher-reeder\\\/#article\",\"isPartOf\":{\"@id\":\"https:\\\/\\\/loginfo24.com\\\/nl\\\/2026\\\/05\\\/01\\\/branchenforum-van-de-verband-deutscher-reeder\\\/\"},\"author\":{\"name\":\"Andreas M\u00fcller\",\"@id\":\"https:\\\/\\\/loginfo24.com\\\/nl\\\/#\\\/schema\\\/person\\\/7b1593b33567ba798d300c8a1b0b85b1\"},\"headline\":\"Branchenforum van de Verband Deutscher Reeder\",\"datePublished\":\"2026-05-01T15:17:30+00:00\",\"mainEntityOfPage\":{\"@id\":\"https:\\\/\\\/loginfo24.com\\\/nl\\\/2026\\\/05\\\/01\\\/branchenforum-van-de-verband-deutscher-reeder\\\/\"},\"wordCount\":640,\"commentCount\":0,\"publisher\":{\"@id\":\"https:\\\/\\\/loginfo24.com\\\/nl\\\/#organization\"},\"image\":{\"@id\":\"https:\\\/\\\/loginfo24.com\\\/nl\\\/2026\\\/05\\\/01\\\/branchenforum-van-de-verband-deutscher-reeder\\\/#primaryimage\"},\"thumbnailUrl\":\"https:\\\/\\\/loginfo24.com\\\/wp-content\\\/uploads\\\/sites\\\/7\\\/2026\\\/05\\\/Pressemitteilung-NMK-2026-aspect-ratio-1400-788.jpg\",\"keywords\":[\"Association des armateurs allemands\",\"Ausbildung nautisches Personal\",\"base de main-d'\u0153uvre nationale\",\"cha\u00eenes d'approvisionnement\",\"Conf\u00e9rence maritime nationale\",\"Deutsch Schifffahrt\",\"\u00e9conomie maritime\",\"Fachkr\u00e4ftemangel Schifffahrt\",\"formation du personnel nautique\",\"freiwilliger Seedienst\",\"geopolitical tensions\",\"geopolitische Spannungen\",\"German Shipowners' Association\",\"Hafenbetrieb\",\"Hamburg port\",\"Hamburger Hafen\",\"Hapag-Lloyd\",\"industrie du transport\",\"infrastructure maritime\",\"Lieferketten\",\"maritime economy\",\"maritime infrastructure\",\"maritime Infrastruktur\",\"maritime resilience\",\"maritime Resilienz\",\"maritime Wirtschaft\",\"National Maritime Conference Fran\u00e7ais navigation\",\"national workforce base\",\"Nationale Maritime Konferenz English shipping\",\"nationale Personalbasis\",\"nautical personnel training\",\"op\u00e9rations portuaires\",\"p\u00e9nurie de main-d'\u0153uvre maritime\",\"port de Hambourg\",\"port operations\",\"rail freight transport\",\"r\u00e9silience maritime\",\"Resilienz der Schifffahrt\",\"Schieneng\u00fcterverkehr\",\"s\u00e9curit\u00e9 d'approvisionnement Allemagne\",\"service maritime volontaire\",\"shipping resilience\",\"skilled labor shortage shipping\",\"supply chains\",\"supply security Germany\",\"taxe sur le tonnage\",\"tensions g\u00e9opolitiques\",\"tonnage tax\",\"Tonnagesteuer\",\"transport ferroviaire de marchandises\",\"transport industry\",\"Transportwirtschaft\",\"Verbands Deutscher Reeder\",\"Versorgungssicherheit Deutschland\",\"voluntary sea service\"],\"articleSection\":[\"Duitsland\",\"Scheepvaart en havens\"],\"inLanguage\":\"nl-NL\",\"potentialAction\":[{\"@type\":\"CommentAction\",\"name\":\"Comment\",\"target\":[\"https:\\\/\\\/loginfo24.com\\\/nl\\\/2026\\\/05\\\/01\\\/branchenforum-van-de-verband-deutscher-reeder\\\/#respond\"]}]},{\"@type\":\"WebPage\",\"@id\":\"https:\\\/\\\/loginfo24.com\\\/nl\\\/2026\\\/05\\\/01\\\/branchenforum-van-de-verband-deutscher-reeder\\\/\",\"url\":\"https:\\\/\\\/loginfo24.com\\\/nl\\\/2026\\\/05\\\/01\\\/branchenforum-van-de-verband-deutscher-reeder\\\/\",\"name\":\"Branchenforum van de Verband Deutscher Reeder - Loginfo24\",\"isPartOf\":{\"@id\":\"https:\\\/\\\/loginfo24.com\\\/nl\\\/#website\"},\"primaryImageOfPage\":{\"@id\":\"https:\\\/\\\/loginfo24.com\\\/nl\\\/2026\\\/05\\\/01\\\/branchenforum-van-de-verband-deutscher-reeder\\\/#primaryimage\"},\"image\":{\"@id\":\"https:\\\/\\\/loginfo24.com\\\/nl\\\/2026\\\/05\\\/01\\\/branchenforum-van-de-verband-deutscher-reeder\\\/#primaryimage\"},\"thumbnailUrl\":\"https:\\\/\\\/loginfo24.com\\\/wp-content\\\/uploads\\\/sites\\\/7\\\/2026\\\/05\\\/Pressemitteilung-NMK-2026-aspect-ratio-1400-788.jpg\",\"datePublished\":\"2026-05-01T15:17:30+00:00\",\"breadcrumb\":{\"@id\":\"https:\\\/\\\/loginfo24.com\\\/nl\\\/2026\\\/05\\\/01\\\/branchenforum-van-de-verband-deutscher-reeder\\\/#breadcrumb\"},\"inLanguage\":\"nl-NL\",\"potentialAction\":[{\"@type\":\"ReadAction\",\"target\":[\"https:\\\/\\\/loginfo24.com\\\/nl\\\/2026\\\/05\\\/01\\\/branchenforum-van-de-verband-deutscher-reeder\\\/\"]}]},{\"@type\":\"ImageObject\",\"inLanguage\":\"nl-NL\",\"@id\":\"https:\\\/\\\/loginfo24.com\\\/nl\\\/2026\\\/05\\\/01\\\/branchenforum-van-de-verband-deutscher-reeder\\\/#primaryimage\",\"url\":\"https:\\\/\\\/loginfo24.com\\\/wp-content\\\/uploads\\\/sites\\\/7\\\/2026\\\/05\\\/Pressemitteilung-NMK-2026-aspect-ratio-1400-788.jpg\",\"contentUrl\":\"https:\\\/\\\/loginfo24.com\\\/wp-content\\\/uploads\\\/sites\\\/7\\\/2026\\\/05\\\/Pressemitteilung-NMK-2026-aspect-ratio-1400-788.jpg\",\"width\":1364,\"height\":768},{\"@type\":\"BreadcrumbList\",\"@id\":\"https:\\\/\\\/loginfo24.com\\\/nl\\\/2026\\\/05\\\/01\\\/branchenforum-van-de-verband-deutscher-reeder\\\/#breadcrumb\",\"itemListElement\":[{\"@type\":\"ListItem\",\"position\":1,\"name\":\"Startseite\",\"item\":\"https:\\\/\\\/loginfo24.com\\\/nl\\\/\"},{\"@type\":\"ListItem\",\"position\":2,\"name\":\"Branchenforum van de Verband Deutscher Reeder\"}]},{\"@type\":\"WebSite\",\"@id\":\"https:\\\/\\\/loginfo24.com\\\/nl\\\/#website\",\"url\":\"https:\\\/\\\/loginfo24.com\\\/nl\\\/\",\"name\":\"Loginfo24\",\"description\":\"Loginfo24 is het platform voor logistiek en toeleveringsketens en biedt 24 uur per dag informatie.\",\"publisher\":{\"@id\":\"https:\\\/\\\/loginfo24.com\\\/nl\\\/#organization\"},\"potentialAction\":[{\"@type\":\"SearchAction\",\"target\":{\"@type\":\"EntryPoint\",\"urlTemplate\":\"https:\\\/\\\/loginfo24.com\\\/nl\\\/?s={search_term_string}\"},\"query-input\":{\"@type\":\"PropertyValueSpecification\",\"valueRequired\":true,\"valueName\":\"search_term_string\"}}],\"inLanguage\":\"nl-NL\"},{\"@type\":\"Organization\",\"@id\":\"https:\\\/\\\/loginfo24.com\\\/nl\\\/#organization\",\"name\":\"Logismedia Groep AG\",\"url\":\"https:\\\/\\\/loginfo24.com\\\/nl\\\/\",\"logo\":{\"@type\":\"ImageObject\",\"inLanguage\":\"nl-NL\",\"@id\":\"https:\\\/\\\/loginfo24.com\\\/nl\\\/#\\\/schema\\\/logo\\\/image\\\/\",\"url\":\"https:\\\/\\\/loginfo24.com\\\/wp-content\\\/uploads\\\/sites\\\/7\\\/2026\\\/01\\\/Logo_LogInfo24.png\",\"contentUrl\":\"https:\\\/\\\/loginfo24.com\\\/wp-content\\\/uploads\\\/sites\\\/7\\\/2026\\\/01\\\/Logo_LogInfo24.png\",\"width\":938,\"height\":351,\"caption\":\"Logismedia Groep AG\"},\"image\":{\"@id\":\"https:\\\/\\\/loginfo24.com\\\/nl\\\/#\\\/schema\\\/logo\\\/image\\\/\"},\"sameAs\":[\"https:\\\/\\\/www.facebook.com\\\/people\\\/Loginfo24\\\/100057360583332\\\/\",\"https:\\\/\\\/www.linkedin.com\\\/company\\\/lofinfo24\\\/\"]},{\"@type\":\"Person\",\"@id\":\"https:\\\/\\\/loginfo24.com\\\/nl\\\/#\\\/schema\\\/person\\\/7b1593b33567ba798d300c8a1b0b85b1\",\"name\":\"Andreas M\u00fcller\",\"url\":\"https:\\\/\\\/loginfo24.com\\\/nl\\\/author\\\/logismedia\\\/\"}]}<\/script>\n<!-- \/ Yoast SEO plugin. -->","yoast_head_json":{"title":"Branchenforum van de Verband Deutscher Reeder - Loginfo24","robots":{"index":"index","follow":"follow","max-snippet":"max-snippet:-1","max-image-preview":"max-image-preview:large","max-video-preview":"max-video-preview:-1"},"canonical":"https:\/\/loginfo24.com\/nl\/2026\/05\/01\/branchenforum-van-de-verband-deutscher-reeder\/","og_locale":"nl_NL","og_type":"article","og_title":"Branchenforum van de Verband Deutscher Reeder - Loginfo24","og_description":"De maritieme economie is cruciaal voor de veiligheid en bevoorrading van Duitsland, daarom versterkt de federale regering de concurrentiekracht door gerichte investeringen en dialoogformaten.","og_url":"https:\/\/loginfo24.com\/nl\/2026\/05\/01\/branchenforum-van-de-verband-deutscher-reeder\/","og_site_name":"Loginfo24","article_publisher":"https:\/\/www.facebook.com\/people\/Loginfo24\/100057360583332\/","article_published_time":"2026-05-01T15:17:30+00:00","og_image":[{"width":1364,"height":768,"url":"https:\/\/loginfo24.com\/wp-content\/uploads\/sites\/7\/2026\/05\/Pressemitteilung-NMK-2026-aspect-ratio-1400-788.jpg","type":"image\/jpeg"}],"author":"Andreas M\u00fcller","twitter_card":"summary_large_image","twitter_misc":{"Geschreven door":"Andreas M\u00fcller","Geschatte leestijd":"3 minuut"},"schema":{"@context":"https:\/\/schema.org","@graph":[{"@type":"Article","@id":"https:\/\/loginfo24.com\/nl\/2026\/05\/01\/branchenforum-van-de-verband-deutscher-reeder\/#article","isPartOf":{"@id":"https:\/\/loginfo24.com\/nl\/2026\/05\/01\/branchenforum-van-de-verband-deutscher-reeder\/"},"author":{"name":"Andreas M\u00fcller","@id":"https:\/\/loginfo24.com\/nl\/#\/schema\/person\/7b1593b33567ba798d300c8a1b0b85b1"},"headline":"Branchenforum van de Verband Deutscher Reeder","datePublished":"2026-05-01T15:17:30+00:00","mainEntityOfPage":{"@id":"https:\/\/loginfo24.com\/nl\/2026\/05\/01\/branchenforum-van-de-verband-deutscher-reeder\/"},"wordCount":640,"commentCount":0,"publisher":{"@id":"https:\/\/loginfo24.com\/nl\/#organization"},"image":{"@id":"https:\/\/loginfo24.com\/nl\/2026\/05\/01\/branchenforum-van-de-verband-deutscher-reeder\/#primaryimage"},"thumbnailUrl":"https:\/\/loginfo24.com\/wp-content\/uploads\/sites\/7\/2026\/05\/Pressemitteilung-NMK-2026-aspect-ratio-1400-788.jpg","keywords":["Association des armateurs allemands","Ausbildung nautisches Personal","base de main-d'\u0153uvre nationale","cha\u00eenes d'approvisionnement","Conf\u00e9rence maritime nationale","Deutsch Schifffahrt","\u00e9conomie maritime","Fachkr\u00e4ftemangel Schifffahrt","formation du personnel nautique","freiwilliger Seedienst","geopolitical tensions","geopolitische Spannungen","German Shipowners' Association","Hafenbetrieb","Hamburg port","Hamburger Hafen","Hapag-Lloyd","industrie du transport","infrastructure maritime","Lieferketten","maritime economy","maritime infrastructure","maritime Infrastruktur","maritime resilience","maritime Resilienz","maritime Wirtschaft","National Maritime Conference Fran\u00e7ais navigation","national workforce base","Nationale Maritime Konferenz English shipping","nationale Personalbasis","nautical personnel training","op\u00e9rations portuaires","p\u00e9nurie de main-d'\u0153uvre maritime","port de Hambourg","port operations","rail freight transport","r\u00e9silience maritime","Resilienz der Schifffahrt","Schieneng\u00fcterverkehr","s\u00e9curit\u00e9 d'approvisionnement Allemagne","service maritime volontaire","shipping resilience","skilled labor shortage shipping","supply chains","supply security Germany","taxe sur le tonnage","tensions g\u00e9opolitiques","tonnage tax","Tonnagesteuer","transport ferroviaire de marchandises","transport industry","Transportwirtschaft","Verbands Deutscher Reeder","Versorgungssicherheit Deutschland","voluntary sea service"],"articleSection":["Duitsland","Scheepvaart en havens"],"inLanguage":"nl-NL","potentialAction":[{"@type":"CommentAction","name":"Comment","target":["https:\/\/loginfo24.com\/nl\/2026\/05\/01\/branchenforum-van-de-verband-deutscher-reeder\/#respond"]}]},{"@type":"WebPage","@id":"https:\/\/loginfo24.com\/nl\/2026\/05\/01\/branchenforum-van-de-verband-deutscher-reeder\/","url":"https:\/\/loginfo24.com\/nl\/2026\/05\/01\/branchenforum-van-de-verband-deutscher-reeder\/","name":"Branchenforum van de Verband Deutscher Reeder - Loginfo24","isPartOf":{"@id":"https:\/\/loginfo24.com\/nl\/#website"},"primaryImageOfPage":{"@id":"https:\/\/loginfo24.com\/nl\/2026\/05\/01\/branchenforum-van-de-verband-deutscher-reeder\/#primaryimage"},"image":{"@id":"https:\/\/loginfo24.com\/nl\/2026\/05\/01\/branchenforum-van-de-verband-deutscher-reeder\/#primaryimage"},"thumbnailUrl":"https:\/\/loginfo24.com\/wp-content\/uploads\/sites\/7\/2026\/05\/Pressemitteilung-NMK-2026-aspect-ratio-1400-788.jpg","datePublished":"2026-05-01T15:17:30+00:00","breadcrumb":{"@id":"https:\/\/loginfo24.com\/nl\/2026\/05\/01\/branchenforum-van-de-verband-deutscher-reeder\/#breadcrumb"},"inLanguage":"nl-NL","potentialAction":[{"@type":"ReadAction","target":["https:\/\/loginfo24.com\/nl\/2026\/05\/01\/branchenforum-van-de-verband-deutscher-reeder\/"]}]},{"@type":"ImageObject","inLanguage":"nl-NL","@id":"https:\/\/loginfo24.com\/nl\/2026\/05\/01\/branchenforum-van-de-verband-deutscher-reeder\/#primaryimage","url":"https:\/\/loginfo24.com\/wp-content\/uploads\/sites\/7\/2026\/05\/Pressemitteilung-NMK-2026-aspect-ratio-1400-788.jpg","contentUrl":"https:\/\/loginfo24.com\/wp-content\/uploads\/sites\/7\/2026\/05\/Pressemitteilung-NMK-2026-aspect-ratio-1400-788.jpg","width":1364,"height":768},{"@type":"BreadcrumbList","@id":"https:\/\/loginfo24.com\/nl\/2026\/05\/01\/branchenforum-van-de-verband-deutscher-reeder\/#breadcrumb","itemListElement":[{"@type":"ListItem","position":1,"name":"Startseite","item":"https:\/\/loginfo24.com\/nl\/"},{"@type":"ListItem","position":2,"name":"Branchenforum van de Verband Deutscher Reeder"}]},{"@type":"WebSite","@id":"https:\/\/loginfo24.com\/nl\/#website","url":"https:\/\/loginfo24.com\/nl\/","name":"Loginfo24","description":"Loginfo24 is het platform voor logistiek en toeleveringsketens en biedt 24 uur per dag informatie.","publisher":{"@id":"https:\/\/loginfo24.com\/nl\/#organization"},"potentialAction":[{"@type":"SearchAction","target":{"@type":"EntryPoint","urlTemplate":"https:\/\/loginfo24.com\/nl\/?s={search_term_string}"},"query-input":{"@type":"PropertyValueSpecification","valueRequired":true,"valueName":"search_term_string"}}],"inLanguage":"nl-NL"},{"@type":"Organization","@id":"https:\/\/loginfo24.com\/nl\/#organization","name":"Logismedia Groep AG","url":"https:\/\/loginfo24.com\/nl\/","logo":{"@type":"ImageObject","inLanguage":"nl-NL","@id":"https:\/\/loginfo24.com\/nl\/#\/schema\/logo\/image\/","url":"https:\/\/loginfo24.com\/wp-content\/uploads\/sites\/7\/2026\/01\/Logo_LogInfo24.png","contentUrl":"https:\/\/loginfo24.com\/wp-content\/uploads\/sites\/7\/2026\/01\/Logo_LogInfo24.png","width":938,"height":351,"caption":"Logismedia Groep AG"},"image":{"@id":"https:\/\/loginfo24.com\/nl\/#\/schema\/logo\/image\/"},"sameAs":["https:\/\/www.facebook.com\/people\/Loginfo24\/100057360583332\/","https:\/\/www.linkedin.com\/company\/lofinfo24\/"]},{"@type":"Person","@id":"https:\/\/loginfo24.com\/nl\/#\/schema\/person\/7b1593b33567ba798d300c8a1b0b85b1","name":"Andreas M\u00fcller","url":"https:\/\/loginfo24.com\/nl\/author\/logismedia\/"}]}},"_links":{"self":[{"href":"https:\/\/loginfo24.com\/nl\/wp-json\/wp\/v2\/posts\/79779","targetHints":{"allow":["GET"]}}],"collection":[{"href":"https:\/\/loginfo24.com\/nl\/wp-json\/wp\/v2\/posts"}],"about":[{"href":"https:\/\/loginfo24.com\/nl\/wp-json\/wp\/v2\/types\/post"}],"author":[{"embeddable":true,"href":"https:\/\/loginfo24.com\/nl\/wp-json\/wp\/v2\/users\/7"}],"replies":[{"embeddable":true,"href":"https:\/\/loginfo24.com\/nl\/wp-json\/wp\/v2\/comments?post=79779"}],"version-history":[{"count":0,"href":"https:\/\/loginfo24.com\/nl\/wp-json\/wp\/v2\/posts\/79779\/revisions"}],"wp:featuredmedia":[{"embeddable":true,"href":"https:\/\/loginfo24.com\/nl\/wp-json\/wp\/v2\/media\/79773"}],"wp:attachment":[{"href":"https:\/\/loginfo24.com\/nl\/wp-json\/wp\/v2\/media?parent=79779"}],"wp:term":[{"taxonomy":"category","embeddable":true,"href":"https:\/\/loginfo24.com\/nl\/wp-json\/wp\/v2\/categories?post=79779"},{"taxonomy":"post_tag","embeddable":true,"href":"https:\/\/loginfo24.com\/nl\/wp-json\/wp\/v2\/tags?post=79779"}],"curies":[{"name":"wp","href":"https:\/\/api.w.org\/{rel}","templated":true}]}}