{"id":79750,"date":"2026-04-30T13:04:39","date_gmt":"2026-04-30T13:04:39","guid":{"rendered":"https:\/\/loginfo24.com\/2026\/04\/30\/nieuwe-laadinstallatie-voor-post-bedrijfsvoertuigen\/"},"modified":"2026-04-30T13:04:39","modified_gmt":"2026-04-30T13:04:39","slug":"nieuwe-laadinstallatie-voor-post-bedrijfsvoertuigen","status":"publish","type":"post","link":"https:\/\/loginfo24.com\/nl\/2026\/04\/30\/nieuwe-laadinstallatie-voor-post-bedrijfsvoertuigen\/","title":{"rendered":"Nieuwe laadinstallatie voor Post-bedrijfsvoertuigen"},"content":{"rendered":"<p>Met de ingebruikname van een nieuwe laadinstallatie in Villmergen (AG) zet de Zwitserse Post een verdere stap in de richting van elektrificatie van haar bedrijfsvoertuigen. Deze installatie, die zich op het terrein van het nieuwe logistieke centrum van Swiss Post Cargo bevindt, wordt beschouwd als een van de grootste in zijn soort in Zwitserland en biedt een krachtige infrastructuur voor elektrische vrachtwagens en postauto&#8217;s.<\/p>\n<h3>Effici\u00ebnte laadinfrastructuur voor E-bedrijfsvoertuigen<\/h3>\n<p>De nieuwe laadinstallatie omvat in totaal 16 laadpunten, waaronder snelladers met een vermogen tot 400 kW. Deze capaciteiten maken niet alleen effici\u00ebnt opladen van de eigen zware bedrijfsvoertuigen van de Post mogelijk, maar zijn ook beschikbaar voor logistieke partners en andere derden. Met deze maatregel wil de Post niet alleen voldoen aan haar eigen operationele vereisten, maar ook andere bedrijven helpen bij de overgang naar elektrische aandrijvingen.<\/p>\n<p>Een bijzonder kenmerk van de door Repower gebouwde laadinfrastructuur is de innovatieve kabelgeleiding, die in de hoogte loopt. Deze oplossing stelt de Post in staat om de beschikbare logistieke ruimte optimaal te benutten en tegelijkertijd een krachtige laadinfrastructuur te bieden.<\/p>\n<h3>Bijdrage aan de mobiliteitstransitie in het zware verkeer<\/h3>\n<p>De Post ziet in de nieuwe laadinstallatie een belangrijke bijdrage aan de mobiliteitstransitie in het zware verkeer. Tijdens een recent evenement kregen partners uit de logistiek-, transport- en energiesector de gelegenheid om ter plaatse kennis te maken met de nieuwe infrastructuur. De combinatie van slimme infrastructuur en hoge laadsnelheid moet bijdragen aan de acceptatie en het gebruik van elektrische bedrijfsvoertuigen.<\/p>\n<p>Door deze laadinfrastructuur beschikbaar te stellen, positioneert de Post zich als een actieve speler in de transformatie van de transportsector en ondersteunt de sector bij het vinden van duurzamere oplossingen.<\/p>\n<p>&nbsp;<\/p>\n<p><a href=\"https:\/\/www.swisspost-cargo.com\/\" target=\"_blank\" rel=\"noopener noreferrer\">www.swisspost-cargo.com<\/a><\/p>\n<p>&nbsp;<\/p>\n","protected":false},"excerpt":{"rendered":"<p>De Zwitserse Post heeft in Villmergen een nieuwe laadinstallatie voor elektrische bedrijfsvoertuigen geopend om de elektrificatie van haar vloot en de mobiliteitstransitie in het zware verkeer te bevorderen.<\/p>\n","protected":false},"author":12,"featured_media":79744,"comment_status":"open","ping_status":"","sticky":false,"template":"","format":"standard","meta":{"_acf_changed":false,"footnotes":""},"categories":[6679,1593,1592,6660],"tags":[23197,23198,23199,23200,2115,2116,23201,23202,23203,23204,9534,23205,23206,9537,23207,10957,23208,23209,23210,23211,23212,23213,23214,23215,23216,23217,23218,23219,23220,23221,23222,6379,3157,23223,10972,23224,23225,23226,23227,23228,23229,23230,10206,4268,4269,23231,23232,23233,9559],"class_list":["post-79750","post","type-post","status-publish","format-standard","has-post-thumbnail","hentry","category-europa","category-expeditie-logistiek","category-intermodaal-weg","category-zwitserland","tag-centre-logistique-swiss-post-cargo","tag-chargeurs-rapides-400-kw","tag-charging-infrastructure-switzerland","tag-deutsch-ladeanlage-villmergen","tag-digitalisierung-in-der-logistik","tag-digitalization-in-logistics","tag-e-ladepunkte","tag-efficient-charging-of-commercial-vehicles","tag-effizientes-laden-von-nutzfahrzeugen","tag-electric-charging-points","tag-electric-commercial-vehicles","tag-electric-drives","tag-elektrische-antriebe","tag-elektrische-nutzfahrzeuge","tag-entrainements-electriques","tag-fachkraeftemangel-logistikbranche","tag-fast-chargers-400-kw","tag-gestion-innovante-des-cables","tag-heavy-freight-transport","tag-infrastructure-de-recharge-repower","tag-infrastructure-de-recharge-suisse","tag-innovative-cable-management-francais-station-de-recharge-villmergen","tag-innovative-kabelfuehrung-english-charging-station-villmergen","tag-labor-shortage-logistics-industry","tag-ladeinfrastruktur-schweiz","tag-logistics-center-swiss-post-cargo","tag-logistics-partners-electric-charging","tag-logistikpartner-e-ladung","tag-logistikzentrum-swiss-post-cargo","tag-mobilitaetswende-schwerverkehr","tag-mobility-transition-heavy-transport","tag-nachhaltige-transportloesungen","tag-numerisation-dans-la-logistique","tag-partenaires-logistiques-recharge-electrique","tag-penurie-de-main-doeuvre-secteur-logistique","tag-points-de-recharge-electriques","tag-poste-suisse","tag-recharge-efficace-des-vehicules-utilitaires","tag-repower-charging-infrastructure","tag-repower-ladeinfrastruktur","tag-schnelllader-400-kw","tag-schweizerische-post","tag-schwerlasttransport","tag-solutions-de-transport-durables","tag-sustainable-transport-solutions","tag-swiss-post","tag-transition-de-mobilite-transport-lourd","tag-transport-de-fret-lourd","tag-vehicules-utilitaires-electriques"],"acf":[],"yoast_head":"<!-- This site is optimized with the Yoast SEO plugin v27.3 - https:\/\/yoast.com\/product\/yoast-seo-wordpress\/ -->\n<title>Nieuwe laadinstallatie voor Post-bedrijfsvoertuigen - Loginfo24<\/title>\n<meta name=\"robots\" content=\"index, follow, max-snippet:-1, max-image-preview:large, max-video-preview:-1\" \/>\n<link rel=\"canonical\" href=\"https:\/\/loginfo24.com\/nl\/2026\/04\/30\/nieuwe-laadinstallatie-voor-post-bedrijfsvoertuigen\/\" \/>\n<meta property=\"og:locale\" content=\"nl_NL\" \/>\n<meta property=\"og:type\" content=\"article\" \/>\n<meta property=\"og:title\" content=\"Nieuwe laadinstallatie voor Post-bedrijfsvoertuigen - Loginfo24\" \/>\n<meta property=\"og:description\" content=\"De Zwitserse Post heeft in Villmergen een nieuwe laadinstallatie voor elektrische bedrijfsvoertuigen geopend om de elektrificatie van haar vloot en de mobiliteitstransitie in het zware verkeer te bevorderen.\" \/>\n<meta property=\"og:url\" content=\"https:\/\/loginfo24.com\/nl\/2026\/04\/30\/nieuwe-laadinstallatie-voor-post-bedrijfsvoertuigen\/\" \/>\n<meta property=\"og:site_name\" content=\"Loginfo24\" \/>\n<meta property=\"article:publisher\" content=\"https:\/\/www.facebook.com\/people\/Loginfo24\/100057360583332\/\" \/>\n<meta property=\"article:published_time\" content=\"2026-04-30T13:04:39+00:00\" \/>\n<meta property=\"og:image\" content=\"https:\/\/loginfo24.com\/wp-content\/uploads\/sites\/7\/2026\/04\/Post-CH-1776786129812-aspect-ratio-1400-788.jpg\" \/>\n\t<meta property=\"og:image:width\" content=\"1280\" \/>\n\t<meta property=\"og:image:height\" content=\"721\" \/>\n\t<meta property=\"og:image:type\" content=\"image\/jpeg\" \/>\n<meta name=\"author\" content=\"Andreas Haug\" \/>\n<meta name=\"twitter:card\" content=\"summary_large_image\" \/>\n<meta name=\"twitter:label1\" content=\"Geschreven door\" \/>\n\t<meta name=\"twitter:data1\" content=\"Andreas Haug\" \/>\n\t<meta name=\"twitter:label2\" content=\"Geschatte leestijd\" \/>\n\t<meta name=\"twitter:data2\" content=\"1 minuut\" \/>\n<script type=\"application\/ld+json\" class=\"yoast-schema-graph\">{\"@context\":\"https:\\\/\\\/schema.org\",\"@graph\":[{\"@type\":\"Article\",\"@id\":\"https:\\\/\\\/loginfo24.com\\\/nl\\\/2026\\\/04\\\/30\\\/nieuwe-laadinstallatie-voor-post-bedrijfsvoertuigen\\\/#article\",\"isPartOf\":{\"@id\":\"https:\\\/\\\/loginfo24.com\\\/nl\\\/2026\\\/04\\\/30\\\/nieuwe-laadinstallatie-voor-post-bedrijfsvoertuigen\\\/\"},\"author\":{\"name\":\"Andreas Haug\",\"@id\":\"https:\\\/\\\/loginfo24.com\\\/nl\\\/#\\\/schema\\\/person\\\/cf538b3157f15afd7589245a4b3dbd25\"},\"headline\":\"Nieuwe laadinstallatie voor Post-bedrijfsvoertuigen\",\"datePublished\":\"2026-04-30T13:04:39+00:00\",\"mainEntityOfPage\":{\"@id\":\"https:\\\/\\\/loginfo24.com\\\/nl\\\/2026\\\/04\\\/30\\\/nieuwe-laadinstallatie-voor-post-bedrijfsvoertuigen\\\/\"},\"wordCount\":283,\"commentCount\":0,\"publisher\":{\"@id\":\"https:\\\/\\\/loginfo24.com\\\/nl\\\/#organization\"},\"image\":{\"@id\":\"https:\\\/\\\/loginfo24.com\\\/nl\\\/2026\\\/04\\\/30\\\/nieuwe-laadinstallatie-voor-post-bedrijfsvoertuigen\\\/#primaryimage\"},\"thumbnailUrl\":\"https:\\\/\\\/loginfo24.com\\\/wp-content\\\/uploads\\\/sites\\\/7\\\/2026\\\/04\\\/Post-CH-1776786129812-aspect-ratio-1400-788.jpg\",\"keywords\":[\"centre logistique Swiss Post Cargo\",\"chargeurs rapides 400 kW\",\"charging infrastructure Switzerland\",\"Deutsch Ladeanlage Villmergen\",\"Digitalisierung in der Logistik\",\"digitalization in logistics\",\"E-Ladepunkte\",\"efficient charging of commercial vehicles\",\"effizientes Laden von Nutzfahrzeugen\",\"electric charging points\",\"electric commercial vehicles\",\"electric drives\",\"elektrische Antriebe\",\"elektrische Nutzfahrzeuge\",\"entra\u00eenements \u00e9lectriques\",\"Fachkr\u00e4ftemangel Logistikbranche\",\"fast chargers 400 kW\",\"gestion innovante des c\u00e2bles\",\"heavy freight transport\",\"infrastructure de recharge Repower\",\"infrastructure de recharge Suisse\",\"innovative cable management Fran\u00e7ais station de recharge Villmergen\",\"innovative Kabelf\u00fchrung English charging station Villmergen\",\"labor shortage logistics industry\",\"Ladeinfrastruktur Schweiz\",\"logistics center Swiss Post Cargo\",\"logistics partners electric charging\",\"Logistikpartner E-Ladung\",\"Logistikzentrum Swiss Post Cargo\",\"Mobilit\u00e4tswende Schwerverkehr\",\"mobility transition heavy transport\",\"nachhaltige Transportl\u00f6sungen\",\"num\u00e9risation dans la logistique\",\"partenaires logistiques recharge \u00e9lectrique\",\"p\u00e9nurie de main-d'\u0153uvre secteur logistique\",\"points de recharge \u00e9lectriques\",\"Poste Suisse\",\"recharge efficace des v\u00e9hicules utilitaires\",\"Repower charging infrastructure\",\"Repower Ladeinfrastruktur\",\"Schnelllader 400 kW\",\"Schweizerische Post\",\"Schwerlasttransport\",\"solutions de transport durables\",\"sustainable transport solutions\",\"Swiss Post\",\"transition de mobilit\u00e9 transport lourd\",\"transport de fret lourd\",\"v\u00e9hicules utilitaires \u00e9lectriques\"],\"articleSection\":[\"Europa\",\"Expeditie &amp; Logistiek\",\"Intermodaal \\\/ Weg\",\"Zwitserland\"],\"inLanguage\":\"nl-NL\",\"potentialAction\":[{\"@type\":\"CommentAction\",\"name\":\"Comment\",\"target\":[\"https:\\\/\\\/loginfo24.com\\\/nl\\\/2026\\\/04\\\/30\\\/nieuwe-laadinstallatie-voor-post-bedrijfsvoertuigen\\\/#respond\"]}]},{\"@type\":\"WebPage\",\"@id\":\"https:\\\/\\\/loginfo24.com\\\/nl\\\/2026\\\/04\\\/30\\\/nieuwe-laadinstallatie-voor-post-bedrijfsvoertuigen\\\/\",\"url\":\"https:\\\/\\\/loginfo24.com\\\/nl\\\/2026\\\/04\\\/30\\\/nieuwe-laadinstallatie-voor-post-bedrijfsvoertuigen\\\/\",\"name\":\"Nieuwe laadinstallatie voor Post-bedrijfsvoertuigen - Loginfo24\",\"isPartOf\":{\"@id\":\"https:\\\/\\\/loginfo24.com\\\/nl\\\/#website\"},\"primaryImageOfPage\":{\"@id\":\"https:\\\/\\\/loginfo24.com\\\/nl\\\/2026\\\/04\\\/30\\\/nieuwe-laadinstallatie-voor-post-bedrijfsvoertuigen\\\/#primaryimage\"},\"image\":{\"@id\":\"https:\\\/\\\/loginfo24.com\\\/nl\\\/2026\\\/04\\\/30\\\/nieuwe-laadinstallatie-voor-post-bedrijfsvoertuigen\\\/#primaryimage\"},\"thumbnailUrl\":\"https:\\\/\\\/loginfo24.com\\\/wp-content\\\/uploads\\\/sites\\\/7\\\/2026\\\/04\\\/Post-CH-1776786129812-aspect-ratio-1400-788.jpg\",\"datePublished\":\"2026-04-30T13:04:39+00:00\",\"breadcrumb\":{\"@id\":\"https:\\\/\\\/loginfo24.com\\\/nl\\\/2026\\\/04\\\/30\\\/nieuwe-laadinstallatie-voor-post-bedrijfsvoertuigen\\\/#breadcrumb\"},\"inLanguage\":\"nl-NL\",\"potentialAction\":[{\"@type\":\"ReadAction\",\"target\":[\"https:\\\/\\\/loginfo24.com\\\/nl\\\/2026\\\/04\\\/30\\\/nieuwe-laadinstallatie-voor-post-bedrijfsvoertuigen\\\/\"]}]},{\"@type\":\"ImageObject\",\"inLanguage\":\"nl-NL\",\"@id\":\"https:\\\/\\\/loginfo24.com\\\/nl\\\/2026\\\/04\\\/30\\\/nieuwe-laadinstallatie-voor-post-bedrijfsvoertuigen\\\/#primaryimage\",\"url\":\"https:\\\/\\\/loginfo24.com\\\/wp-content\\\/uploads\\\/sites\\\/7\\\/2026\\\/04\\\/Post-CH-1776786129812-aspect-ratio-1400-788.jpg\",\"contentUrl\":\"https:\\\/\\\/loginfo24.com\\\/wp-content\\\/uploads\\\/sites\\\/7\\\/2026\\\/04\\\/Post-CH-1776786129812-aspect-ratio-1400-788.jpg\",\"width\":1280,\"height\":721},{\"@type\":\"BreadcrumbList\",\"@id\":\"https:\\\/\\\/loginfo24.com\\\/nl\\\/2026\\\/04\\\/30\\\/nieuwe-laadinstallatie-voor-post-bedrijfsvoertuigen\\\/#breadcrumb\",\"itemListElement\":[{\"@type\":\"ListItem\",\"position\":1,\"name\":\"Startseite\",\"item\":\"https:\\\/\\\/loginfo24.com\\\/nl\\\/\"},{\"@type\":\"ListItem\",\"position\":2,\"name\":\"Nieuwe laadinstallatie voor Post-bedrijfsvoertuigen\"}]},{\"@type\":\"WebSite\",\"@id\":\"https:\\\/\\\/loginfo24.com\\\/nl\\\/#website\",\"url\":\"https:\\\/\\\/loginfo24.com\\\/nl\\\/\",\"name\":\"Loginfo24\",\"description\":\"Loginfo24 is het platform voor logistiek en toeleveringsketens en biedt 24 uur per dag informatie.\",\"publisher\":{\"@id\":\"https:\\\/\\\/loginfo24.com\\\/nl\\\/#organization\"},\"potentialAction\":[{\"@type\":\"SearchAction\",\"target\":{\"@type\":\"EntryPoint\",\"urlTemplate\":\"https:\\\/\\\/loginfo24.com\\\/nl\\\/?s={search_term_string}\"},\"query-input\":{\"@type\":\"PropertyValueSpecification\",\"valueRequired\":true,\"valueName\":\"search_term_string\"}}],\"inLanguage\":\"nl-NL\"},{\"@type\":\"Organization\",\"@id\":\"https:\\\/\\\/loginfo24.com\\\/nl\\\/#organization\",\"name\":\"Logismedia Groep AG\",\"url\":\"https:\\\/\\\/loginfo24.com\\\/nl\\\/\",\"logo\":{\"@type\":\"ImageObject\",\"inLanguage\":\"nl-NL\",\"@id\":\"https:\\\/\\\/loginfo24.com\\\/nl\\\/#\\\/schema\\\/logo\\\/image\\\/\",\"url\":\"https:\\\/\\\/loginfo24.com\\\/wp-content\\\/uploads\\\/sites\\\/7\\\/2026\\\/01\\\/Logo_LogInfo24.png\",\"contentUrl\":\"https:\\\/\\\/loginfo24.com\\\/wp-content\\\/uploads\\\/sites\\\/7\\\/2026\\\/01\\\/Logo_LogInfo24.png\",\"width\":938,\"height\":351,\"caption\":\"Logismedia Groep AG\"},\"image\":{\"@id\":\"https:\\\/\\\/loginfo24.com\\\/nl\\\/#\\\/schema\\\/logo\\\/image\\\/\"},\"sameAs\":[\"https:\\\/\\\/www.facebook.com\\\/people\\\/Loginfo24\\\/100057360583332\\\/\",\"https:\\\/\\\/www.linkedin.com\\\/company\\\/lofinfo24\\\/\"]},{\"@type\":\"Person\",\"@id\":\"https:\\\/\\\/loginfo24.com\\\/nl\\\/#\\\/schema\\\/person\\\/cf538b3157f15afd7589245a4b3dbd25\",\"name\":\"Andreas Haug\",\"url\":\"https:\\\/\\\/loginfo24.com\\\/nl\\\/author\\\/andreas\\\/\"}]}<\/script>\n<!-- \/ Yoast SEO plugin. -->","yoast_head_json":{"title":"Nieuwe laadinstallatie voor Post-bedrijfsvoertuigen - Loginfo24","robots":{"index":"index","follow":"follow","max-snippet":"max-snippet:-1","max-image-preview":"max-image-preview:large","max-video-preview":"max-video-preview:-1"},"canonical":"https:\/\/loginfo24.com\/nl\/2026\/04\/30\/nieuwe-laadinstallatie-voor-post-bedrijfsvoertuigen\/","og_locale":"nl_NL","og_type":"article","og_title":"Nieuwe laadinstallatie voor Post-bedrijfsvoertuigen - Loginfo24","og_description":"De Zwitserse Post heeft in Villmergen een nieuwe laadinstallatie voor elektrische bedrijfsvoertuigen geopend om de elektrificatie van haar vloot en de mobiliteitstransitie in het zware verkeer te bevorderen.","og_url":"https:\/\/loginfo24.com\/nl\/2026\/04\/30\/nieuwe-laadinstallatie-voor-post-bedrijfsvoertuigen\/","og_site_name":"Loginfo24","article_publisher":"https:\/\/www.facebook.com\/people\/Loginfo24\/100057360583332\/","article_published_time":"2026-04-30T13:04:39+00:00","og_image":[{"width":1280,"height":721,"url":"https:\/\/loginfo24.com\/wp-content\/uploads\/sites\/7\/2026\/04\/Post-CH-1776786129812-aspect-ratio-1400-788.jpg","type":"image\/jpeg"}],"author":"Andreas Haug","twitter_card":"summary_large_image","twitter_misc":{"Geschreven door":"Andreas Haug","Geschatte leestijd":"1 minuut"},"schema":{"@context":"https:\/\/schema.org","@graph":[{"@type":"Article","@id":"https:\/\/loginfo24.com\/nl\/2026\/04\/30\/nieuwe-laadinstallatie-voor-post-bedrijfsvoertuigen\/#article","isPartOf":{"@id":"https:\/\/loginfo24.com\/nl\/2026\/04\/30\/nieuwe-laadinstallatie-voor-post-bedrijfsvoertuigen\/"},"author":{"name":"Andreas Haug","@id":"https:\/\/loginfo24.com\/nl\/#\/schema\/person\/cf538b3157f15afd7589245a4b3dbd25"},"headline":"Nieuwe laadinstallatie voor Post-bedrijfsvoertuigen","datePublished":"2026-04-30T13:04:39+00:00","mainEntityOfPage":{"@id":"https:\/\/loginfo24.com\/nl\/2026\/04\/30\/nieuwe-laadinstallatie-voor-post-bedrijfsvoertuigen\/"},"wordCount":283,"commentCount":0,"publisher":{"@id":"https:\/\/loginfo24.com\/nl\/#organization"},"image":{"@id":"https:\/\/loginfo24.com\/nl\/2026\/04\/30\/nieuwe-laadinstallatie-voor-post-bedrijfsvoertuigen\/#primaryimage"},"thumbnailUrl":"https:\/\/loginfo24.com\/wp-content\/uploads\/sites\/7\/2026\/04\/Post-CH-1776786129812-aspect-ratio-1400-788.jpg","keywords":["centre logistique Swiss Post Cargo","chargeurs rapides 400 kW","charging infrastructure Switzerland","Deutsch Ladeanlage Villmergen","Digitalisierung in der Logistik","digitalization in logistics","E-Ladepunkte","efficient charging of commercial vehicles","effizientes Laden von Nutzfahrzeugen","electric charging points","electric commercial vehicles","electric drives","elektrische Antriebe","elektrische Nutzfahrzeuge","entra\u00eenements \u00e9lectriques","Fachkr\u00e4ftemangel Logistikbranche","fast chargers 400 kW","gestion innovante des c\u00e2bles","heavy freight transport","infrastructure de recharge Repower","infrastructure de recharge Suisse","innovative cable management Fran\u00e7ais station de recharge Villmergen","innovative Kabelf\u00fchrung English charging station Villmergen","labor shortage logistics industry","Ladeinfrastruktur Schweiz","logistics center Swiss Post Cargo","logistics partners electric charging","Logistikpartner E-Ladung","Logistikzentrum Swiss Post Cargo","Mobilit\u00e4tswende Schwerverkehr","mobility transition heavy transport","nachhaltige Transportl\u00f6sungen","num\u00e9risation dans la logistique","partenaires logistiques recharge \u00e9lectrique","p\u00e9nurie de main-d'\u0153uvre secteur logistique","points de recharge \u00e9lectriques","Poste Suisse","recharge efficace des v\u00e9hicules utilitaires","Repower charging infrastructure","Repower Ladeinfrastruktur","Schnelllader 400 kW","Schweizerische Post","Schwerlasttransport","solutions de transport durables","sustainable transport solutions","Swiss Post","transition de mobilit\u00e9 transport lourd","transport de fret lourd","v\u00e9hicules utilitaires \u00e9lectriques"],"articleSection":["Europa","Expeditie &amp; Logistiek","Intermodaal \/ Weg","Zwitserland"],"inLanguage":"nl-NL","potentialAction":[{"@type":"CommentAction","name":"Comment","target":["https:\/\/loginfo24.com\/nl\/2026\/04\/30\/nieuwe-laadinstallatie-voor-post-bedrijfsvoertuigen\/#respond"]}]},{"@type":"WebPage","@id":"https:\/\/loginfo24.com\/nl\/2026\/04\/30\/nieuwe-laadinstallatie-voor-post-bedrijfsvoertuigen\/","url":"https:\/\/loginfo24.com\/nl\/2026\/04\/30\/nieuwe-laadinstallatie-voor-post-bedrijfsvoertuigen\/","name":"Nieuwe laadinstallatie voor Post-bedrijfsvoertuigen - Loginfo24","isPartOf":{"@id":"https:\/\/loginfo24.com\/nl\/#website"},"primaryImageOfPage":{"@id":"https:\/\/loginfo24.com\/nl\/2026\/04\/30\/nieuwe-laadinstallatie-voor-post-bedrijfsvoertuigen\/#primaryimage"},"image":{"@id":"https:\/\/loginfo24.com\/nl\/2026\/04\/30\/nieuwe-laadinstallatie-voor-post-bedrijfsvoertuigen\/#primaryimage"},"thumbnailUrl":"https:\/\/loginfo24.com\/wp-content\/uploads\/sites\/7\/2026\/04\/Post-CH-1776786129812-aspect-ratio-1400-788.jpg","datePublished":"2026-04-30T13:04:39+00:00","breadcrumb":{"@id":"https:\/\/loginfo24.com\/nl\/2026\/04\/30\/nieuwe-laadinstallatie-voor-post-bedrijfsvoertuigen\/#breadcrumb"},"inLanguage":"nl-NL","potentialAction":[{"@type":"ReadAction","target":["https:\/\/loginfo24.com\/nl\/2026\/04\/30\/nieuwe-laadinstallatie-voor-post-bedrijfsvoertuigen\/"]}]},{"@type":"ImageObject","inLanguage":"nl-NL","@id":"https:\/\/loginfo24.com\/nl\/2026\/04\/30\/nieuwe-laadinstallatie-voor-post-bedrijfsvoertuigen\/#primaryimage","url":"https:\/\/loginfo24.com\/wp-content\/uploads\/sites\/7\/2026\/04\/Post-CH-1776786129812-aspect-ratio-1400-788.jpg","contentUrl":"https:\/\/loginfo24.com\/wp-content\/uploads\/sites\/7\/2026\/04\/Post-CH-1776786129812-aspect-ratio-1400-788.jpg","width":1280,"height":721},{"@type":"BreadcrumbList","@id":"https:\/\/loginfo24.com\/nl\/2026\/04\/30\/nieuwe-laadinstallatie-voor-post-bedrijfsvoertuigen\/#breadcrumb","itemListElement":[{"@type":"ListItem","position":1,"name":"Startseite","item":"https:\/\/loginfo24.com\/nl\/"},{"@type":"ListItem","position":2,"name":"Nieuwe laadinstallatie voor Post-bedrijfsvoertuigen"}]},{"@type":"WebSite","@id":"https:\/\/loginfo24.com\/nl\/#website","url":"https:\/\/loginfo24.com\/nl\/","name":"Loginfo24","description":"Loginfo24 is het platform voor logistiek en toeleveringsketens en biedt 24 uur per dag informatie.","publisher":{"@id":"https:\/\/loginfo24.com\/nl\/#organization"},"potentialAction":[{"@type":"SearchAction","target":{"@type":"EntryPoint","urlTemplate":"https:\/\/loginfo24.com\/nl\/?s={search_term_string}"},"query-input":{"@type":"PropertyValueSpecification","valueRequired":true,"valueName":"search_term_string"}}],"inLanguage":"nl-NL"},{"@type":"Organization","@id":"https:\/\/loginfo24.com\/nl\/#organization","name":"Logismedia Groep AG","url":"https:\/\/loginfo24.com\/nl\/","logo":{"@type":"ImageObject","inLanguage":"nl-NL","@id":"https:\/\/loginfo24.com\/nl\/#\/schema\/logo\/image\/","url":"https:\/\/loginfo24.com\/wp-content\/uploads\/sites\/7\/2026\/01\/Logo_LogInfo24.png","contentUrl":"https:\/\/loginfo24.com\/wp-content\/uploads\/sites\/7\/2026\/01\/Logo_LogInfo24.png","width":938,"height":351,"caption":"Logismedia Groep AG"},"image":{"@id":"https:\/\/loginfo24.com\/nl\/#\/schema\/logo\/image\/"},"sameAs":["https:\/\/www.facebook.com\/people\/Loginfo24\/100057360583332\/","https:\/\/www.linkedin.com\/company\/lofinfo24\/"]},{"@type":"Person","@id":"https:\/\/loginfo24.com\/nl\/#\/schema\/person\/cf538b3157f15afd7589245a4b3dbd25","name":"Andreas Haug","url":"https:\/\/loginfo24.com\/nl\/author\/andreas\/"}]}},"_links":{"self":[{"href":"https:\/\/loginfo24.com\/nl\/wp-json\/wp\/v2\/posts\/79750","targetHints":{"allow":["GET"]}}],"collection":[{"href":"https:\/\/loginfo24.com\/nl\/wp-json\/wp\/v2\/posts"}],"about":[{"href":"https:\/\/loginfo24.com\/nl\/wp-json\/wp\/v2\/types\/post"}],"author":[{"embeddable":true,"href":"https:\/\/loginfo24.com\/nl\/wp-json\/wp\/v2\/users\/12"}],"replies":[{"embeddable":true,"href":"https:\/\/loginfo24.com\/nl\/wp-json\/wp\/v2\/comments?post=79750"}],"version-history":[{"count":0,"href":"https:\/\/loginfo24.com\/nl\/wp-json\/wp\/v2\/posts\/79750\/revisions"}],"wp:featuredmedia":[{"embeddable":true,"href":"https:\/\/loginfo24.com\/nl\/wp-json\/wp\/v2\/media\/79744"}],"wp:attachment":[{"href":"https:\/\/loginfo24.com\/nl\/wp-json\/wp\/v2\/media?parent=79750"}],"wp:term":[{"taxonomy":"category","embeddable":true,"href":"https:\/\/loginfo24.com\/nl\/wp-json\/wp\/v2\/categories?post=79750"},{"taxonomy":"post_tag","embeddable":true,"href":"https:\/\/loginfo24.com\/nl\/wp-json\/wp\/v2\/tags?post=79750"}],"curies":[{"name":"wp","href":"https:\/\/api.w.org\/{rel}","templated":true}]}}