{"id":79517,"date":"2026-04-29T10:32:31","date_gmt":"2026-04-29T10:32:31","guid":{"rendered":"https:\/\/loginfo24.com\/2026\/04\/29\/tijdelijk-nachtverbod-voor-vrachtwagens-bij-de-brenner\/"},"modified":"2026-04-29T14:43:52","modified_gmt":"2026-04-29T12:43:52","slug":"tijdelijk-nachtverbod-voor-vrachtwagens-bij-de-brenner","status":"publish","type":"post","link":"https:\/\/loginfo24.com\/nl\/2026\/04\/29\/tijdelijk-nachtverbod-voor-vrachtwagens-bij-de-brenner\/","title":{"rendered":"Tijdelijk nachtverbod voor vrachtwagens bij de Brenner"},"content":{"rendered":"<p>Auf de Luegbrug van de Brenner Autobahn (A13) zijn er tussen 4 en 9 mei beperkingen. Zoals de Landesverband Bayerischer Transport- und Logistikunternehmen (LBT) en de Verkehrsrundschau melden, is er overdag slechts \u00e9\u00e9n rijstrook per richting beschikbaar. De reden zijn renovatiewerkzaamheden aan het wegdek, die voornamelijk &#8217;s nachts zullen plaatsvinden.<\/p>\n<p>In deze periode gelden aanvullende rijverboden. Voertuigen van meer dan 3,5 ton mogen van maandag tot donderdag tussen 22.00 uur en 5.00 uur het gedeelte tussen Matrei-Steinach en Brenner Nord niet berijden. Daarnaast geldt er een voorafgaand verbod op de A12 Inntal Autobahn en de A13, voor zover de bestemming over het getroffen gedeelte leidt.<\/p>\n<p>De LBT wijst erop dat de regeling voor alle vrachtwagens geldt. Ook transporten met uitzonderingen, zoals voor bederfelijke goederen, zijn in deze periode getroffen.<\/p>\n","protected":false},"excerpt":{"rendered":"<p>Tussen 4 en 9 mei zijn er versmallingen van rijstroken en rijverboden voor vrachtwagens op de Brenner Autobahn.<\/p>\n","protected":false},"author":14,"featured_media":79511,"comment_status":"open","ping_status":"","sticky":false,"template":"","format":"standard","meta":{"_acf_changed":false,"footnotes":""},"categories":[6679,1593,1592],"tags":[22682,22683,22684,22685,22686,22687,22688,22689,22690,22691,22692,22693,22694,22695,22696,22697,22698,22699,22700,22701,22702,22703,22704,22705,2467,2470,22706,22707,22708,22709,22710,22711,22712,22713,22714,22715,22716,22717,22718,22719,22720,22721,2484,22722,22723,22724,22725,22726,22727,22728,6941,22729,22730,22731,22732,22733,22734],"class_list":["post-79517","post","type-post","status-publish","format-standard","has-post-thumbnail","hentry","category-europa","category-expeditie-logistiek","category-intermodaal-weg","tag-a12-inntal-autobahn","tag-a12-inntal-highway","tag-a13-einschraenkungen","tag-a13-restrictions","tag-association-des-transporteurs-bavarois","tag-autoroute-a12-inntal","tag-bavarian-transport-association","tag-bayerischer-transportverband","tag-brenner-infrastructure","tag-deutsch-brenner-autobahn","tag-economie-du-transport-baviere","tag-entreprises-de-transport-et-logistique","tag-fahrbahn-sanierung","tag-fahrspuren-einschraenkungen-english-brenner-highway","tag-fahrverbot-lkw","tag-fermeture-nocturne-poids-lourds","tag-freight-transport-brenner","tag-gueterverkehr-brenner","tag-infrastructure-brenner","tag-infrastruktur-brenner","tag-interdiction-de-circulation-nocturne-brenner","tag-interdiction-de-circulation-poids-lourds","tag-lane-restrictions-francais-autoroute-brenner","tag-lkw-fahrverbot","tag-logistics-industry-germany","tag-logistikbranche-deutschland","tag-lueg-bridge","tag-luegbruecke","tag-nachtfahrverbot-brenner","tag-nachtsperre-lkw","tag-night-closure-trucks","tag-night-driving-ban-brenner","tag-pont-lueg","tag-reglementations-de-circulation-brenner","tag-reparation-de-la-chaussee","tag-restrictions-a13","tag-restrictions-de-voies","tag-restrictions-temporaires-de-circulation","tag-revue-du-trafic","tag-road-maintenance-highway","tag-road-surface-repair","tag-sanierungsarbeiten-autobahn","tag-secteur-logistique-allemagne","tag-temporaere-verkehrseinschraenkungen","tag-temporary-traffic-restrictions","tag-traffic-regulations-brenner","tag-traffic-round-up","tag-transport-and-logistics-companies","tag-transport-de-marchandises-brenner","tag-transport-economy-bavaria","tag-transport-und-logistikunternehmen","tag-transportwirtschaft-bayern","tag-travaux-de-maintenance-autoroute","tag-truck-driving-ban","tag-truck-traffic-ban","tag-verkehrsregelungen-brenner","tag-verkehrsrundschau"],"acf":[],"yoast_head":"<!-- This site is optimized with the Yoast SEO plugin v27.3 - https:\/\/yoast.com\/product\/yoast-seo-wordpress\/ -->\n<title>Tijdelijk nachtverbod voor vrachtwagens bij de Brenner - Loginfo24<\/title>\n<meta name=\"robots\" content=\"index, follow, max-snippet:-1, max-image-preview:large, max-video-preview:-1\" \/>\n<link rel=\"canonical\" href=\"https:\/\/loginfo24.com\/nl\/2026\/04\/29\/tijdelijk-nachtverbod-voor-vrachtwagens-bij-de-brenner\/\" \/>\n<meta property=\"og:locale\" content=\"nl_NL\" \/>\n<meta property=\"og:type\" content=\"article\" \/>\n<meta property=\"og:title\" content=\"Tijdelijk nachtverbod voor vrachtwagens bij de Brenner - Loginfo24\" \/>\n<meta property=\"og:description\" content=\"Tussen 4 en 9 mei zijn er versmallingen van rijstroken en rijverboden voor vrachtwagens op de Brenner Autobahn.\" \/>\n<meta property=\"og:url\" content=\"https:\/\/loginfo24.com\/nl\/2026\/04\/29\/tijdelijk-nachtverbod-voor-vrachtwagens-bij-de-brenner\/\" \/>\n<meta property=\"og:site_name\" content=\"Loginfo24\" \/>\n<meta property=\"article:publisher\" content=\"https:\/\/www.facebook.com\/people\/Loginfo24\/100057360583332\/\" \/>\n<meta property=\"article:published_time\" content=\"2026-04-29T10:32:31+00:00\" \/>\n<meta property=\"article:modified_time\" content=\"2026-04-29T12:43:52+00:00\" \/>\n<meta property=\"og:image\" content=\"https:\/\/loginfo24.com\/wp-content\/uploads\/sites\/7\/2026\/04\/Brenner-Pass-Strasse-Foto-Adobe-Stock-Franke-182_AdobeStock_111222275-scaled-aspect-ratio-1400-788-scaled-1.jpeg\" \/>\n\t<meta property=\"og:image:width\" content=\"2560\" \/>\n\t<meta property=\"og:image:height\" content=\"1441\" \/>\n\t<meta property=\"og:image:type\" content=\"image\/jpeg\" \/>\n<meta name=\"author\" content=\"Gyan Sharan\" \/>\n<meta name=\"twitter:card\" content=\"summary_large_image\" \/>\n<meta name=\"twitter:label1\" content=\"Geschreven door\" \/>\n\t<meta name=\"twitter:data1\" content=\"Gyan Sharan\" \/>\n\t<meta name=\"twitter:label2\" content=\"Geschatte leestijd\" \/>\n\t<meta name=\"twitter:data2\" content=\"1 minuut\" \/>\n<script type=\"application\/ld+json\" class=\"yoast-schema-graph\">{\"@context\":\"https:\\\/\\\/schema.org\",\"@graph\":[{\"@type\":\"Article\",\"@id\":\"https:\\\/\\\/loginfo24.com\\\/nl\\\/2026\\\/04\\\/29\\\/tijdelijk-nachtverbod-voor-vrachtwagens-bij-de-brenner\\\/#article\",\"isPartOf\":{\"@id\":\"https:\\\/\\\/loginfo24.com\\\/nl\\\/2026\\\/04\\\/29\\\/tijdelijk-nachtverbod-voor-vrachtwagens-bij-de-brenner\\\/\"},\"author\":{\"name\":\"Gyan Sharan\",\"@id\":\"https:\\\/\\\/loginfo24.com\\\/nl\\\/#\\\/schema\\\/person\\\/13a9fc605c753db60ef7750a229cd042\"},\"headline\":\"Tijdelijk nachtverbod voor vrachtwagens bij de Brenner\",\"datePublished\":\"2026-04-29T10:32:31+00:00\",\"dateModified\":\"2026-04-29T12:43:52+00:00\",\"mainEntityOfPage\":{\"@id\":\"https:\\\/\\\/loginfo24.com\\\/nl\\\/2026\\\/04\\\/29\\\/tijdelijk-nachtverbod-voor-vrachtwagens-bij-de-brenner\\\/\"},\"wordCount\":131,\"commentCount\":0,\"publisher\":{\"@id\":\"https:\\\/\\\/loginfo24.com\\\/nl\\\/#organization\"},\"image\":{\"@id\":\"https:\\\/\\\/loginfo24.com\\\/nl\\\/2026\\\/04\\\/29\\\/tijdelijk-nachtverbod-voor-vrachtwagens-bij-de-brenner\\\/#primaryimage\"},\"thumbnailUrl\":\"https:\\\/\\\/loginfo24.com\\\/wp-content\\\/uploads\\\/sites\\\/7\\\/2026\\\/04\\\/Brenner-Pass-Strasse-Foto-Adobe-Stock-Franke-182_AdobeStock_111222275-scaled-aspect-ratio-1400-788-scaled-1.jpeg\",\"keywords\":[\"A12 Inntal Autobahn\",\"A12 Inntal Highway\",\"A13 Einschr\u00e4nkungen\",\"A13 restrictions\",\"association des transporteurs bavarois\",\"autoroute A12 Inntal\",\"Bavarian Transport Association\",\"Bayerischer Transportverband\",\"Brenner infrastructure\",\"Deutsch Brenner Autobahn\",\"\u00e9conomie du transport Bavi\u00e8re\",\"entreprises de transport et logistique\",\"Fahrbahn Sanierung\",\"Fahrspuren Einschr\u00e4nkungen English Brenner Highway\",\"Fahrverbot Lkw\",\"fermeture nocturne poids lourds\",\"freight transport Brenner\",\"G\u00fcterverkehr Brenner\",\"infrastructure Brenner\",\"Infrastruktur Brenner\",\"interdiction de circulation nocturne Brenner\",\"interdiction de circulation poids lourds\",\"lane restrictions Fran\u00e7ais Autoroute Brenner\",\"Lkw Fahrverbot\",\"logistics industry Germany\",\"Logistikbranche Deutschland\",\"Lueg Bridge\",\"Luegbr\u00fccke\",\"Nachtfahrverbot Brenner\",\"Nachtsperre Lkw\",\"night closure trucks\",\"night driving ban Brenner\",\"pont Lueg\",\"r\u00e9glementations de circulation Brenner\",\"r\u00e9paration de la chauss\u00e9e\",\"restrictions A13\",\"restrictions de voies\",\"restrictions temporaires de circulation\",\"revue du trafic\",\"road maintenance highway\",\"road surface repair\",\"Sanierungsarbeiten Autobahn\",\"secteur logistique Allemagne\",\"tempor\u00e4re Verkehrseinschr\u00e4nkungen\",\"temporary traffic restrictions\",\"traffic regulations Brenner\",\"traffic round-up\",\"transport and logistics companies\",\"transport de marchandises Brenner\",\"transport economy Bavaria\",\"Transport- und Logistikunternehmen\",\"Transportwirtschaft Bayern\",\"travaux de maintenance autoroute\",\"truck driving ban\",\"truck traffic ban\",\"Verkehrsregelungen Brenner\",\"Verkehrsrundschau\"],\"articleSection\":[\"Europa\",\"Expeditie &amp; Logistiek\",\"Intermodaal \\\/ Weg\"],\"inLanguage\":\"nl-NL\",\"potentialAction\":[{\"@type\":\"CommentAction\",\"name\":\"Comment\",\"target\":[\"https:\\\/\\\/loginfo24.com\\\/nl\\\/2026\\\/04\\\/29\\\/tijdelijk-nachtverbod-voor-vrachtwagens-bij-de-brenner\\\/#respond\"]}]},{\"@type\":\"WebPage\",\"@id\":\"https:\\\/\\\/loginfo24.com\\\/nl\\\/2026\\\/04\\\/29\\\/tijdelijk-nachtverbod-voor-vrachtwagens-bij-de-brenner\\\/\",\"url\":\"https:\\\/\\\/loginfo24.com\\\/nl\\\/2026\\\/04\\\/29\\\/tijdelijk-nachtverbod-voor-vrachtwagens-bij-de-brenner\\\/\",\"name\":\"Tijdelijk nachtverbod voor vrachtwagens bij de Brenner - Loginfo24\",\"isPartOf\":{\"@id\":\"https:\\\/\\\/loginfo24.com\\\/nl\\\/#website\"},\"primaryImageOfPage\":{\"@id\":\"https:\\\/\\\/loginfo24.com\\\/nl\\\/2026\\\/04\\\/29\\\/tijdelijk-nachtverbod-voor-vrachtwagens-bij-de-brenner\\\/#primaryimage\"},\"image\":{\"@id\":\"https:\\\/\\\/loginfo24.com\\\/nl\\\/2026\\\/04\\\/29\\\/tijdelijk-nachtverbod-voor-vrachtwagens-bij-de-brenner\\\/#primaryimage\"},\"thumbnailUrl\":\"https:\\\/\\\/loginfo24.com\\\/wp-content\\\/uploads\\\/sites\\\/7\\\/2026\\\/04\\\/Brenner-Pass-Strasse-Foto-Adobe-Stock-Franke-182_AdobeStock_111222275-scaled-aspect-ratio-1400-788-scaled-1.jpeg\",\"datePublished\":\"2026-04-29T10:32:31+00:00\",\"dateModified\":\"2026-04-29T12:43:52+00:00\",\"breadcrumb\":{\"@id\":\"https:\\\/\\\/loginfo24.com\\\/nl\\\/2026\\\/04\\\/29\\\/tijdelijk-nachtverbod-voor-vrachtwagens-bij-de-brenner\\\/#breadcrumb\"},\"inLanguage\":\"nl-NL\",\"potentialAction\":[{\"@type\":\"ReadAction\",\"target\":[\"https:\\\/\\\/loginfo24.com\\\/nl\\\/2026\\\/04\\\/29\\\/tijdelijk-nachtverbod-voor-vrachtwagens-bij-de-brenner\\\/\"]}]},{\"@type\":\"ImageObject\",\"inLanguage\":\"nl-NL\",\"@id\":\"https:\\\/\\\/loginfo24.com\\\/nl\\\/2026\\\/04\\\/29\\\/tijdelijk-nachtverbod-voor-vrachtwagens-bij-de-brenner\\\/#primaryimage\",\"url\":\"https:\\\/\\\/loginfo24.com\\\/wp-content\\\/uploads\\\/sites\\\/7\\\/2026\\\/04\\\/Brenner-Pass-Strasse-Foto-Adobe-Stock-Franke-182_AdobeStock_111222275-scaled-aspect-ratio-1400-788-scaled-1.jpeg\",\"contentUrl\":\"https:\\\/\\\/loginfo24.com\\\/wp-content\\\/uploads\\\/sites\\\/7\\\/2026\\\/04\\\/Brenner-Pass-Strasse-Foto-Adobe-Stock-Franke-182_AdobeStock_111222275-scaled-aspect-ratio-1400-788-scaled-1.jpeg\",\"width\":2560,\"height\":1441},{\"@type\":\"BreadcrumbList\",\"@id\":\"https:\\\/\\\/loginfo24.com\\\/nl\\\/2026\\\/04\\\/29\\\/tijdelijk-nachtverbod-voor-vrachtwagens-bij-de-brenner\\\/#breadcrumb\",\"itemListElement\":[{\"@type\":\"ListItem\",\"position\":1,\"name\":\"Startseite\",\"item\":\"https:\\\/\\\/loginfo24.com\\\/nl\\\/\"},{\"@type\":\"ListItem\",\"position\":2,\"name\":\"Tijdelijk nachtverbod voor vrachtwagens bij de Brenner\"}]},{\"@type\":\"WebSite\",\"@id\":\"https:\\\/\\\/loginfo24.com\\\/nl\\\/#website\",\"url\":\"https:\\\/\\\/loginfo24.com\\\/nl\\\/\",\"name\":\"Loginfo24\",\"description\":\"Loginfo24 is het platform voor logistiek en toeleveringsketens en biedt 24 uur per dag informatie.\",\"publisher\":{\"@id\":\"https:\\\/\\\/loginfo24.com\\\/nl\\\/#organization\"},\"potentialAction\":[{\"@type\":\"SearchAction\",\"target\":{\"@type\":\"EntryPoint\",\"urlTemplate\":\"https:\\\/\\\/loginfo24.com\\\/nl\\\/?s={search_term_string}\"},\"query-input\":{\"@type\":\"PropertyValueSpecification\",\"valueRequired\":true,\"valueName\":\"search_term_string\"}}],\"inLanguage\":\"nl-NL\"},{\"@type\":\"Organization\",\"@id\":\"https:\\\/\\\/loginfo24.com\\\/nl\\\/#organization\",\"name\":\"Logismedia Groep AG\",\"url\":\"https:\\\/\\\/loginfo24.com\\\/nl\\\/\",\"logo\":{\"@type\":\"ImageObject\",\"inLanguage\":\"nl-NL\",\"@id\":\"https:\\\/\\\/loginfo24.com\\\/nl\\\/#\\\/schema\\\/logo\\\/image\\\/\",\"url\":\"https:\\\/\\\/loginfo24.com\\\/wp-content\\\/uploads\\\/sites\\\/7\\\/2026\\\/01\\\/Logo_LogInfo24.png\",\"contentUrl\":\"https:\\\/\\\/loginfo24.com\\\/wp-content\\\/uploads\\\/sites\\\/7\\\/2026\\\/01\\\/Logo_LogInfo24.png\",\"width\":938,\"height\":351,\"caption\":\"Logismedia Groep AG\"},\"image\":{\"@id\":\"https:\\\/\\\/loginfo24.com\\\/nl\\\/#\\\/schema\\\/logo\\\/image\\\/\"},\"sameAs\":[\"https:\\\/\\\/www.facebook.com\\\/people\\\/Loginfo24\\\/100057360583332\\\/\",\"https:\\\/\\\/www.linkedin.com\\\/company\\\/lofinfo24\\\/\"]},{\"@type\":\"Person\",\"@id\":\"https:\\\/\\\/loginfo24.com\\\/nl\\\/#\\\/schema\\\/person\\\/13a9fc605c753db60ef7750a229cd042\",\"name\":\"Gyan Sharan\",\"url\":\"https:\\\/\\\/loginfo24.com\\\/nl\\\/author\\\/gyan\\\/\"}]}<\/script>\n<!-- \/ Yoast SEO plugin. -->","yoast_head_json":{"title":"Tijdelijk nachtverbod voor vrachtwagens bij de Brenner - Loginfo24","robots":{"index":"index","follow":"follow","max-snippet":"max-snippet:-1","max-image-preview":"max-image-preview:large","max-video-preview":"max-video-preview:-1"},"canonical":"https:\/\/loginfo24.com\/nl\/2026\/04\/29\/tijdelijk-nachtverbod-voor-vrachtwagens-bij-de-brenner\/","og_locale":"nl_NL","og_type":"article","og_title":"Tijdelijk nachtverbod voor vrachtwagens bij de Brenner - Loginfo24","og_description":"Tussen 4 en 9 mei zijn er versmallingen van rijstroken en rijverboden voor vrachtwagens op de Brenner Autobahn.","og_url":"https:\/\/loginfo24.com\/nl\/2026\/04\/29\/tijdelijk-nachtverbod-voor-vrachtwagens-bij-de-brenner\/","og_site_name":"Loginfo24","article_publisher":"https:\/\/www.facebook.com\/people\/Loginfo24\/100057360583332\/","article_published_time":"2026-04-29T10:32:31+00:00","article_modified_time":"2026-04-29T12:43:52+00:00","og_image":[{"width":2560,"height":1441,"url":"https:\/\/loginfo24.com\/wp-content\/uploads\/sites\/7\/2026\/04\/Brenner-Pass-Strasse-Foto-Adobe-Stock-Franke-182_AdobeStock_111222275-scaled-aspect-ratio-1400-788-scaled-1.jpeg","type":"image\/jpeg"}],"author":"Gyan Sharan","twitter_card":"summary_large_image","twitter_misc":{"Geschreven door":"Gyan Sharan","Geschatte leestijd":"1 minuut"},"schema":{"@context":"https:\/\/schema.org","@graph":[{"@type":"Article","@id":"https:\/\/loginfo24.com\/nl\/2026\/04\/29\/tijdelijk-nachtverbod-voor-vrachtwagens-bij-de-brenner\/#article","isPartOf":{"@id":"https:\/\/loginfo24.com\/nl\/2026\/04\/29\/tijdelijk-nachtverbod-voor-vrachtwagens-bij-de-brenner\/"},"author":{"name":"Gyan Sharan","@id":"https:\/\/loginfo24.com\/nl\/#\/schema\/person\/13a9fc605c753db60ef7750a229cd042"},"headline":"Tijdelijk nachtverbod voor vrachtwagens bij de Brenner","datePublished":"2026-04-29T10:32:31+00:00","dateModified":"2026-04-29T12:43:52+00:00","mainEntityOfPage":{"@id":"https:\/\/loginfo24.com\/nl\/2026\/04\/29\/tijdelijk-nachtverbod-voor-vrachtwagens-bij-de-brenner\/"},"wordCount":131,"commentCount":0,"publisher":{"@id":"https:\/\/loginfo24.com\/nl\/#organization"},"image":{"@id":"https:\/\/loginfo24.com\/nl\/2026\/04\/29\/tijdelijk-nachtverbod-voor-vrachtwagens-bij-de-brenner\/#primaryimage"},"thumbnailUrl":"https:\/\/loginfo24.com\/wp-content\/uploads\/sites\/7\/2026\/04\/Brenner-Pass-Strasse-Foto-Adobe-Stock-Franke-182_AdobeStock_111222275-scaled-aspect-ratio-1400-788-scaled-1.jpeg","keywords":["A12 Inntal Autobahn","A12 Inntal Highway","A13 Einschr\u00e4nkungen","A13 restrictions","association des transporteurs bavarois","autoroute A12 Inntal","Bavarian Transport Association","Bayerischer Transportverband","Brenner infrastructure","Deutsch Brenner Autobahn","\u00e9conomie du transport Bavi\u00e8re","entreprises de transport et logistique","Fahrbahn Sanierung","Fahrspuren Einschr\u00e4nkungen English Brenner Highway","Fahrverbot Lkw","fermeture nocturne poids lourds","freight transport Brenner","G\u00fcterverkehr Brenner","infrastructure Brenner","Infrastruktur Brenner","interdiction de circulation nocturne Brenner","interdiction de circulation poids lourds","lane restrictions Fran\u00e7ais Autoroute Brenner","Lkw Fahrverbot","logistics industry Germany","Logistikbranche Deutschland","Lueg Bridge","Luegbr\u00fccke","Nachtfahrverbot Brenner","Nachtsperre Lkw","night closure trucks","night driving ban Brenner","pont Lueg","r\u00e9glementations de circulation Brenner","r\u00e9paration de la chauss\u00e9e","restrictions A13","restrictions de voies","restrictions temporaires de circulation","revue du trafic","road maintenance highway","road surface repair","Sanierungsarbeiten Autobahn","secteur logistique Allemagne","tempor\u00e4re Verkehrseinschr\u00e4nkungen","temporary traffic restrictions","traffic regulations Brenner","traffic round-up","transport and logistics companies","transport de marchandises Brenner","transport economy Bavaria","Transport- und Logistikunternehmen","Transportwirtschaft Bayern","travaux de maintenance autoroute","truck driving ban","truck traffic ban","Verkehrsregelungen Brenner","Verkehrsrundschau"],"articleSection":["Europa","Expeditie &amp; Logistiek","Intermodaal \/ Weg"],"inLanguage":"nl-NL","potentialAction":[{"@type":"CommentAction","name":"Comment","target":["https:\/\/loginfo24.com\/nl\/2026\/04\/29\/tijdelijk-nachtverbod-voor-vrachtwagens-bij-de-brenner\/#respond"]}]},{"@type":"WebPage","@id":"https:\/\/loginfo24.com\/nl\/2026\/04\/29\/tijdelijk-nachtverbod-voor-vrachtwagens-bij-de-brenner\/","url":"https:\/\/loginfo24.com\/nl\/2026\/04\/29\/tijdelijk-nachtverbod-voor-vrachtwagens-bij-de-brenner\/","name":"Tijdelijk nachtverbod voor vrachtwagens bij de Brenner - Loginfo24","isPartOf":{"@id":"https:\/\/loginfo24.com\/nl\/#website"},"primaryImageOfPage":{"@id":"https:\/\/loginfo24.com\/nl\/2026\/04\/29\/tijdelijk-nachtverbod-voor-vrachtwagens-bij-de-brenner\/#primaryimage"},"image":{"@id":"https:\/\/loginfo24.com\/nl\/2026\/04\/29\/tijdelijk-nachtverbod-voor-vrachtwagens-bij-de-brenner\/#primaryimage"},"thumbnailUrl":"https:\/\/loginfo24.com\/wp-content\/uploads\/sites\/7\/2026\/04\/Brenner-Pass-Strasse-Foto-Adobe-Stock-Franke-182_AdobeStock_111222275-scaled-aspect-ratio-1400-788-scaled-1.jpeg","datePublished":"2026-04-29T10:32:31+00:00","dateModified":"2026-04-29T12:43:52+00:00","breadcrumb":{"@id":"https:\/\/loginfo24.com\/nl\/2026\/04\/29\/tijdelijk-nachtverbod-voor-vrachtwagens-bij-de-brenner\/#breadcrumb"},"inLanguage":"nl-NL","potentialAction":[{"@type":"ReadAction","target":["https:\/\/loginfo24.com\/nl\/2026\/04\/29\/tijdelijk-nachtverbod-voor-vrachtwagens-bij-de-brenner\/"]}]},{"@type":"ImageObject","inLanguage":"nl-NL","@id":"https:\/\/loginfo24.com\/nl\/2026\/04\/29\/tijdelijk-nachtverbod-voor-vrachtwagens-bij-de-brenner\/#primaryimage","url":"https:\/\/loginfo24.com\/wp-content\/uploads\/sites\/7\/2026\/04\/Brenner-Pass-Strasse-Foto-Adobe-Stock-Franke-182_AdobeStock_111222275-scaled-aspect-ratio-1400-788-scaled-1.jpeg","contentUrl":"https:\/\/loginfo24.com\/wp-content\/uploads\/sites\/7\/2026\/04\/Brenner-Pass-Strasse-Foto-Adobe-Stock-Franke-182_AdobeStock_111222275-scaled-aspect-ratio-1400-788-scaled-1.jpeg","width":2560,"height":1441},{"@type":"BreadcrumbList","@id":"https:\/\/loginfo24.com\/nl\/2026\/04\/29\/tijdelijk-nachtverbod-voor-vrachtwagens-bij-de-brenner\/#breadcrumb","itemListElement":[{"@type":"ListItem","position":1,"name":"Startseite","item":"https:\/\/loginfo24.com\/nl\/"},{"@type":"ListItem","position":2,"name":"Tijdelijk nachtverbod voor vrachtwagens bij de Brenner"}]},{"@type":"WebSite","@id":"https:\/\/loginfo24.com\/nl\/#website","url":"https:\/\/loginfo24.com\/nl\/","name":"Loginfo24","description":"Loginfo24 is het platform voor logistiek en toeleveringsketens en biedt 24 uur per dag informatie.","publisher":{"@id":"https:\/\/loginfo24.com\/nl\/#organization"},"potentialAction":[{"@type":"SearchAction","target":{"@type":"EntryPoint","urlTemplate":"https:\/\/loginfo24.com\/nl\/?s={search_term_string}"},"query-input":{"@type":"PropertyValueSpecification","valueRequired":true,"valueName":"search_term_string"}}],"inLanguage":"nl-NL"},{"@type":"Organization","@id":"https:\/\/loginfo24.com\/nl\/#organization","name":"Logismedia Groep AG","url":"https:\/\/loginfo24.com\/nl\/","logo":{"@type":"ImageObject","inLanguage":"nl-NL","@id":"https:\/\/loginfo24.com\/nl\/#\/schema\/logo\/image\/","url":"https:\/\/loginfo24.com\/wp-content\/uploads\/sites\/7\/2026\/01\/Logo_LogInfo24.png","contentUrl":"https:\/\/loginfo24.com\/wp-content\/uploads\/sites\/7\/2026\/01\/Logo_LogInfo24.png","width":938,"height":351,"caption":"Logismedia Groep AG"},"image":{"@id":"https:\/\/loginfo24.com\/nl\/#\/schema\/logo\/image\/"},"sameAs":["https:\/\/www.facebook.com\/people\/Loginfo24\/100057360583332\/","https:\/\/www.linkedin.com\/company\/lofinfo24\/"]},{"@type":"Person","@id":"https:\/\/loginfo24.com\/nl\/#\/schema\/person\/13a9fc605c753db60ef7750a229cd042","name":"Gyan Sharan","url":"https:\/\/loginfo24.com\/nl\/author\/gyan\/"}]}},"_links":{"self":[{"href":"https:\/\/loginfo24.com\/nl\/wp-json\/wp\/v2\/posts\/79517","targetHints":{"allow":["GET"]}}],"collection":[{"href":"https:\/\/loginfo24.com\/nl\/wp-json\/wp\/v2\/posts"}],"about":[{"href":"https:\/\/loginfo24.com\/nl\/wp-json\/wp\/v2\/types\/post"}],"author":[{"embeddable":true,"href":"https:\/\/loginfo24.com\/nl\/wp-json\/wp\/v2\/users\/14"}],"replies":[{"embeddable":true,"href":"https:\/\/loginfo24.com\/nl\/wp-json\/wp\/v2\/comments?post=79517"}],"version-history":[{"count":1,"href":"https:\/\/loginfo24.com\/nl\/wp-json\/wp\/v2\/posts\/79517\/revisions"}],"predecessor-version":[{"id":79593,"href":"https:\/\/loginfo24.com\/nl\/wp-json\/wp\/v2\/posts\/79517\/revisions\/79593"}],"wp:featuredmedia":[{"embeddable":true,"href":"https:\/\/loginfo24.com\/nl\/wp-json\/wp\/v2\/media\/79511"}],"wp:attachment":[{"href":"https:\/\/loginfo24.com\/nl\/wp-json\/wp\/v2\/media?parent=79517"}],"wp:term":[{"taxonomy":"category","embeddable":true,"href":"https:\/\/loginfo24.com\/nl\/wp-json\/wp\/v2\/categories?post=79517"},{"taxonomy":"post_tag","embeddable":true,"href":"https:\/\/loginfo24.com\/nl\/wp-json\/wp\/v2\/tags?post=79517"}],"curies":[{"name":"wp","href":"https:\/\/api.w.org\/{rel}","templated":true}]}}