{"id":79471,"date":"2026-04-29T07:22:52","date_gmt":"2026-04-29T07:22:52","guid":{"rendered":"https:\/\/loginfo24.com\/2026\/04\/29\/cargobeamer-neemt-terminal-in-kaldenkirchen-over\/"},"modified":"2026-04-29T07:22:52","modified_gmt":"2026-04-29T07:22:52","slug":"cargobeamer-neemt-terminal-in-kaldenkirchen-over","status":"publish","type":"post","link":"https:\/\/loginfo24.com\/nl\/2026\/04\/29\/cargobeamer-neemt-terminal-in-kaldenkirchen-over\/","title":{"rendered":"CargoBeamer neemt terminal in Kaldenkirchen over"},"content":{"rendered":"<p>CargoBeamer heeft de exploitatie van de bestaande terminal in Kaldenkirchen overgenomen. Hiermee is het bedrijf verantwoordelijk voor de operationele verantwoordelijkheid van de locatie, nadat deze eerder bij een andere exploitant lag. Parallel aan de lopende bedrijfsprocessen vinden de bouwwerkzaamheden voor de uitbreiding van het terrein plaats, die de eerste CargoBeamer-terminal in Duitsland moeten cre\u00ebren. De ingebruikname van de eerste fase van deze uitbreiding is gepland voor begin 2027, aldus het bedrijf.<\/p>\n<p>Het bedrijf biedt al meerdere jaren een intermodale service tussen Kaldenkirchen en Domodossola aan. Deze service maakt het mogelijk om niet-kraanbare opleggers per spoor te vervoeren. Met momenteel 20 wekelijkse heen- en terugritten behoort deze service volgens het bedrijf tot de meest gebruikte in de intermodale sector van Europa. Op de locatie Kaldenkirchen worden de opleggers afgehandeld met Reachstacker-apparatuur.<\/p>\n<h3>Technologische vernieuwingen en capaciteitsuitbreiding<\/h3>\n<p>De introductie van de CargoBeamer-technologie moet een volledig automatische en horizontale handling van alle soorten opleggers mogelijk maken. Deze technologische omschakeling moet de jaarlijkse capaciteit van de terminal vanaf 2027 verdubbelen tot ongeveer 140.000 laadunits. Na de voltooiing van beide uitbreidingsfasen zal de capaciteit van de terminal volgens CargoBeamer naar verwachting meer dan 200.000 laadunits per jaar bedragen, wat meer dan het drievoudige is van de capaciteit v\u00f3\u00f3r de uitbreiding.<\/p>\n<p><a href=\"https:\/\/www.cargobeamer.com\/\" target=\"_blank\" rel=\"noopener noreferrer\">www.cargobeamer.com<\/a><\/p>\n","protected":false},"excerpt":{"rendered":"<p>CargoBeamer heeft de terminaloperatie in Kaldenkirchen overgenomen en plant tot 2027 een capaciteitsuitbreiding naar meer dan 140.000 laadunits per jaar.<\/p>\n","protected":false},"author":10,"featured_media":79465,"comment_status":"open","ping_status":"","sticky":false,"template":"","format":"standard","meta":{"_acf_changed":false,"footnotes":""},"categories":[6656,6679,1592],"tags":[22566,22567,22568,22569,22570,22571,22572,22573,2498,3353,3354,2309,22574,22575,2122,22576,17278,22577,7776,22578,22579,3100,17523,22580,22581,22582,2373,22583,22584,7066,7067,3725,3379,22585,17293,22586,2145,17295,7080,22587,22588,22589,22590,22591,22592,8329,22593,22594,3121,3735,22595,22596,22597,22598,22599,22600,22601],"class_list":["post-79471","post","type-post","status-publish","format-standard","has-post-thumbnail","hentry","category-duitsland","category-europa","category-intermodaal-weg","tag-activite-terminal-cargobeamer","tag-bauarbeiten-terminal-kaldenkirchen","tag-capacite-unites-de-chargement","tag-cargobeamer-technology","tag-cargobeamer-terminal-business","tag-cargobeamer-terminalgeschaeft","tag-cargobeamer-technologie","tag-construction-works-kaldenkirchen-terminal","tag-deutsch-cargobeamer","tag-digitalisierung-logistik","tag-digitalization-logistics","tag-durabilite-dans-le-transport","tag-equipements-reachstacker","tag-expansion-de-capacite-terminal","tag-fachkraeftemangel-logistik","tag-fret-ferroviaire-europe","tag-hafenbetrieb-deutschland","tag-industrie-du-transport-intermodal","tag-infrastructure-terminale","tag-intermodal-service","tag-intermodal-transport-industry","tag-intermodal-transport-solutions","tag-intermodale-transporte","tag-intermodaler-service","tag-kaldenkirchen-terminal","tag-kapazitaetserweiterung-terminal","tag-labor-shortage-logistics","tag-ladeeinheiten-kapazitaet","tag-loading-units-capacity","tag-logistics-service-providers-europe","tag-logistikdienstleister-europa","tag-nachhaltigkeit-im-transport","tag-numerisation-logistique","tag-operational-responsibility-terminal","tag-operations-portuaires-allemagne","tag-operative-verantwortung-terminal","tag-penurie-de-main-doeuvre-logistique","tag-port-operations-germany","tag-prestataires-logistiques-europe","tag-rail-freight-europe","tag-reachstacker-equipment","tag-reachstacker-geraete","tag-remorques-sur-rail","tag-responsabilite-operationnelle-terminal","tag-sattelauflieger-schienen","tag-schienengueterverkehr-europa","tag-semi-trailers-rail","tag-service-intermodal","tag-solutions-de-transport-intermodal","tag-sustainability-in-transport","tag-technologie-cargobeamer","tag-terminal-capacity-expansion","tag-terminal-infrastructure-francais-cargobeamer","tag-terminal-kaldenkirchen","tag-terminalinfrastruktur-english-cargobeamer","tag-transportwirtschaft-intermodal","tag-travaux-de-construction-terminal-kaldenkirchen"],"acf":[],"yoast_head":"<!-- This site is optimized with the Yoast SEO plugin v27.3 - https:\/\/yoast.com\/product\/yoast-seo-wordpress\/ -->\n<title>CargoBeamer neemt terminal in Kaldenkirchen over - Loginfo24<\/title>\n<meta name=\"robots\" content=\"index, follow, max-snippet:-1, max-image-preview:large, max-video-preview:-1\" \/>\n<link rel=\"canonical\" href=\"https:\/\/loginfo24.com\/nl\/2026\/04\/29\/cargobeamer-neemt-terminal-in-kaldenkirchen-over\/\" \/>\n<meta property=\"og:locale\" content=\"nl_NL\" \/>\n<meta property=\"og:type\" content=\"article\" \/>\n<meta property=\"og:title\" content=\"CargoBeamer neemt terminal in Kaldenkirchen over - Loginfo24\" \/>\n<meta property=\"og:description\" content=\"CargoBeamer heeft de terminaloperatie in Kaldenkirchen overgenomen en plant tot 2027 een capaciteitsuitbreiding naar meer dan 140.000 laadunits per jaar.\" \/>\n<meta property=\"og:url\" content=\"https:\/\/loginfo24.com\/nl\/2026\/04\/29\/cargobeamer-neemt-terminal-in-kaldenkirchen-over\/\" \/>\n<meta property=\"og:site_name\" content=\"Loginfo24\" \/>\n<meta property=\"article:publisher\" content=\"https:\/\/www.facebook.com\/people\/Loginfo24\/100057360583332\/\" \/>\n<meta property=\"article:published_time\" content=\"2026-04-29T07:22:52+00:00\" \/>\n<meta property=\"og:image\" content=\"https:\/\/loginfo24.com\/wp-content\/uploads\/sites\/7\/2026\/04\/Kaldenkirchen-Terminal-Construction_Operations_01-1-scaled-aspect-ratio-1400-788-scaled-1.jpg\" \/>\n\t<meta property=\"og:image:width\" content=\"2560\" \/>\n\t<meta property=\"og:image:height\" content=\"1440\" \/>\n\t<meta property=\"og:image:type\" content=\"image\/jpeg\" \/>\n<meta name=\"author\" content=\"Jeremy Soland\" \/>\n<meta name=\"twitter:card\" content=\"summary_large_image\" \/>\n<meta name=\"twitter:label1\" content=\"Geschreven door\" \/>\n\t<meta name=\"twitter:data1\" content=\"Jeremy Soland\" \/>\n\t<meta name=\"twitter:label2\" content=\"Geschatte leestijd\" \/>\n\t<meta name=\"twitter:data2\" content=\"1 minuut\" \/>\n<script type=\"application\/ld+json\" class=\"yoast-schema-graph\">{\"@context\":\"https:\\\/\\\/schema.org\",\"@graph\":[{\"@type\":\"Article\",\"@id\":\"https:\\\/\\\/loginfo24.com\\\/nl\\\/2026\\\/04\\\/29\\\/cargobeamer-neemt-terminal-in-kaldenkirchen-over\\\/#article\",\"isPartOf\":{\"@id\":\"https:\\\/\\\/loginfo24.com\\\/nl\\\/2026\\\/04\\\/29\\\/cargobeamer-neemt-terminal-in-kaldenkirchen-over\\\/\"},\"author\":{\"name\":\"Jeremy Soland\",\"@id\":\"https:\\\/\\\/loginfo24.com\\\/nl\\\/#\\\/schema\\\/person\\\/41d36b5474b623392fa613e97e2363fa\"},\"headline\":\"CargoBeamer neemt terminal in Kaldenkirchen over\",\"datePublished\":\"2026-04-29T07:22:52+00:00\",\"mainEntityOfPage\":{\"@id\":\"https:\\\/\\\/loginfo24.com\\\/nl\\\/2026\\\/04\\\/29\\\/cargobeamer-neemt-terminal-in-kaldenkirchen-over\\\/\"},\"wordCount\":210,\"commentCount\":0,\"publisher\":{\"@id\":\"https:\\\/\\\/loginfo24.com\\\/nl\\\/#organization\"},\"image\":{\"@id\":\"https:\\\/\\\/loginfo24.com\\\/nl\\\/2026\\\/04\\\/29\\\/cargobeamer-neemt-terminal-in-kaldenkirchen-over\\\/#primaryimage\"},\"thumbnailUrl\":\"https:\\\/\\\/loginfo24.com\\\/wp-content\\\/uploads\\\/sites\\\/7\\\/2026\\\/04\\\/Kaldenkirchen-Terminal-Construction_Operations_01-1-scaled-aspect-ratio-1400-788-scaled-1.jpg\",\"keywords\":[\"activit\u00e9 terminal CargoBeamer\",\"Bauarbeiten Terminal Kaldenkirchen\",\"capacit\u00e9 unit\u00e9s de chargement\",\"CargoBeamer technology\",\"CargoBeamer terminal business\",\"CargoBeamer Terminalgesch\u00e4ft\",\"CargoBeamer-Technologie\",\"construction works Kaldenkirchen terminal\",\"Deutsch CargoBeamer\",\"Digitalisierung Logistik\",\"digitalization logistics\",\"durabilit\u00e9 dans le transport\",\"\u00e9quipements reachstacker\",\"expansion de capacit\u00e9 terminal\",\"Fachkr\u00e4ftemangel Logistik\",\"fret ferroviaire Europe\",\"Hafenbetrieb Deutschland\",\"industrie du transport intermodal\",\"infrastructure terminale\",\"intermodal service\",\"intermodal transport industry\",\"intermodal transport solutions\",\"intermodale Transporte\",\"intermodaler Service\",\"Kaldenkirchen terminal\",\"Kapazit\u00e4tserweiterung Terminal\",\"labor shortage logistics\",\"Ladeeinheiten Kapazit\u00e4t\",\"loading units capacity\",\"logistics service providers Europe\",\"Logistikdienstleister Europa\",\"Nachhaltigkeit im Transport\",\"num\u00e9risation logistique\",\"operational responsibility terminal\",\"op\u00e9rations portuaires Allemagne\",\"operative Verantwortung Terminal\",\"p\u00e9nurie de main-d'\u0153uvre logistique\",\"port operations Germany\",\"prestataires logistiques Europe\",\"rail freight Europe\",\"reachstacker equipment\",\"Reachstacker Ger\u00e4te\",\"remorques sur rail\",\"responsabilit\u00e9 op\u00e9rationnelle terminal\",\"Sattelauflieger Schienen\",\"Schieneng\u00fcterverkehr Europa\",\"semi-trailers rail\",\"service intermodal\",\"solutions de transport intermodal\",\"sustainability in transport\",\"technologie CargoBeamer\",\"terminal capacity expansion\",\"terminal infrastructure Fran\u00e7ais CargoBeamer\",\"Terminal Kaldenkirchen\",\"Terminalinfrastruktur English CargoBeamer\",\"Transportwirtschaft intermodal\",\"travaux de construction terminal Kaldenkirchen\"],\"articleSection\":[\"Duitsland\",\"Europa\",\"Intermodaal \\\/ Weg\"],\"inLanguage\":\"nl-NL\",\"potentialAction\":[{\"@type\":\"CommentAction\",\"name\":\"Comment\",\"target\":[\"https:\\\/\\\/loginfo24.com\\\/nl\\\/2026\\\/04\\\/29\\\/cargobeamer-neemt-terminal-in-kaldenkirchen-over\\\/#respond\"]}]},{\"@type\":\"WebPage\",\"@id\":\"https:\\\/\\\/loginfo24.com\\\/nl\\\/2026\\\/04\\\/29\\\/cargobeamer-neemt-terminal-in-kaldenkirchen-over\\\/\",\"url\":\"https:\\\/\\\/loginfo24.com\\\/nl\\\/2026\\\/04\\\/29\\\/cargobeamer-neemt-terminal-in-kaldenkirchen-over\\\/\",\"name\":\"CargoBeamer neemt terminal in Kaldenkirchen over - Loginfo24\",\"isPartOf\":{\"@id\":\"https:\\\/\\\/loginfo24.com\\\/nl\\\/#website\"},\"primaryImageOfPage\":{\"@id\":\"https:\\\/\\\/loginfo24.com\\\/nl\\\/2026\\\/04\\\/29\\\/cargobeamer-neemt-terminal-in-kaldenkirchen-over\\\/#primaryimage\"},\"image\":{\"@id\":\"https:\\\/\\\/loginfo24.com\\\/nl\\\/2026\\\/04\\\/29\\\/cargobeamer-neemt-terminal-in-kaldenkirchen-over\\\/#primaryimage\"},\"thumbnailUrl\":\"https:\\\/\\\/loginfo24.com\\\/wp-content\\\/uploads\\\/sites\\\/7\\\/2026\\\/04\\\/Kaldenkirchen-Terminal-Construction_Operations_01-1-scaled-aspect-ratio-1400-788-scaled-1.jpg\",\"datePublished\":\"2026-04-29T07:22:52+00:00\",\"breadcrumb\":{\"@id\":\"https:\\\/\\\/loginfo24.com\\\/nl\\\/2026\\\/04\\\/29\\\/cargobeamer-neemt-terminal-in-kaldenkirchen-over\\\/#breadcrumb\"},\"inLanguage\":\"nl-NL\",\"potentialAction\":[{\"@type\":\"ReadAction\",\"target\":[\"https:\\\/\\\/loginfo24.com\\\/nl\\\/2026\\\/04\\\/29\\\/cargobeamer-neemt-terminal-in-kaldenkirchen-over\\\/\"]}]},{\"@type\":\"ImageObject\",\"inLanguage\":\"nl-NL\",\"@id\":\"https:\\\/\\\/loginfo24.com\\\/nl\\\/2026\\\/04\\\/29\\\/cargobeamer-neemt-terminal-in-kaldenkirchen-over\\\/#primaryimage\",\"url\":\"https:\\\/\\\/loginfo24.com\\\/wp-content\\\/uploads\\\/sites\\\/7\\\/2026\\\/04\\\/Kaldenkirchen-Terminal-Construction_Operations_01-1-scaled-aspect-ratio-1400-788-scaled-1.jpg\",\"contentUrl\":\"https:\\\/\\\/loginfo24.com\\\/wp-content\\\/uploads\\\/sites\\\/7\\\/2026\\\/04\\\/Kaldenkirchen-Terminal-Construction_Operations_01-1-scaled-aspect-ratio-1400-788-scaled-1.jpg\",\"width\":2560,\"height\":1440},{\"@type\":\"BreadcrumbList\",\"@id\":\"https:\\\/\\\/loginfo24.com\\\/nl\\\/2026\\\/04\\\/29\\\/cargobeamer-neemt-terminal-in-kaldenkirchen-over\\\/#breadcrumb\",\"itemListElement\":[{\"@type\":\"ListItem\",\"position\":1,\"name\":\"Startseite\",\"item\":\"https:\\\/\\\/loginfo24.com\\\/nl\\\/\"},{\"@type\":\"ListItem\",\"position\":2,\"name\":\"CargoBeamer neemt terminal in Kaldenkirchen over\"}]},{\"@type\":\"WebSite\",\"@id\":\"https:\\\/\\\/loginfo24.com\\\/nl\\\/#website\",\"url\":\"https:\\\/\\\/loginfo24.com\\\/nl\\\/\",\"name\":\"Loginfo24\",\"description\":\"Loginfo24 is het platform voor logistiek en toeleveringsketens en biedt 24 uur per dag informatie.\",\"publisher\":{\"@id\":\"https:\\\/\\\/loginfo24.com\\\/nl\\\/#organization\"},\"potentialAction\":[{\"@type\":\"SearchAction\",\"target\":{\"@type\":\"EntryPoint\",\"urlTemplate\":\"https:\\\/\\\/loginfo24.com\\\/nl\\\/?s={search_term_string}\"},\"query-input\":{\"@type\":\"PropertyValueSpecification\",\"valueRequired\":true,\"valueName\":\"search_term_string\"}}],\"inLanguage\":\"nl-NL\"},{\"@type\":\"Organization\",\"@id\":\"https:\\\/\\\/loginfo24.com\\\/nl\\\/#organization\",\"name\":\"Logismedia Groep AG\",\"url\":\"https:\\\/\\\/loginfo24.com\\\/nl\\\/\",\"logo\":{\"@type\":\"ImageObject\",\"inLanguage\":\"nl-NL\",\"@id\":\"https:\\\/\\\/loginfo24.com\\\/nl\\\/#\\\/schema\\\/logo\\\/image\\\/\",\"url\":\"https:\\\/\\\/loginfo24.com\\\/wp-content\\\/uploads\\\/sites\\\/7\\\/2026\\\/01\\\/Logo_LogInfo24.png\",\"contentUrl\":\"https:\\\/\\\/loginfo24.com\\\/wp-content\\\/uploads\\\/sites\\\/7\\\/2026\\\/01\\\/Logo_LogInfo24.png\",\"width\":938,\"height\":351,\"caption\":\"Logismedia Groep AG\"},\"image\":{\"@id\":\"https:\\\/\\\/loginfo24.com\\\/nl\\\/#\\\/schema\\\/logo\\\/image\\\/\"},\"sameAs\":[\"https:\\\/\\\/www.facebook.com\\\/people\\\/Loginfo24\\\/100057360583332\\\/\",\"https:\\\/\\\/www.linkedin.com\\\/company\\\/lofinfo24\\\/\"]},{\"@type\":\"Person\",\"@id\":\"https:\\\/\\\/loginfo24.com\\\/nl\\\/#\\\/schema\\\/person\\\/41d36b5474b623392fa613e97e2363fa\",\"name\":\"Jeremy Soland\",\"url\":\"https:\\\/\\\/loginfo24.com\\\/nl\\\/author\\\/jeremy\\\/\"}]}<\/script>\n<!-- \/ Yoast SEO plugin. -->","yoast_head_json":{"title":"CargoBeamer neemt terminal in Kaldenkirchen over - Loginfo24","robots":{"index":"index","follow":"follow","max-snippet":"max-snippet:-1","max-image-preview":"max-image-preview:large","max-video-preview":"max-video-preview:-1"},"canonical":"https:\/\/loginfo24.com\/nl\/2026\/04\/29\/cargobeamer-neemt-terminal-in-kaldenkirchen-over\/","og_locale":"nl_NL","og_type":"article","og_title":"CargoBeamer neemt terminal in Kaldenkirchen over - Loginfo24","og_description":"CargoBeamer heeft de terminaloperatie in Kaldenkirchen overgenomen en plant tot 2027 een capaciteitsuitbreiding naar meer dan 140.000 laadunits per jaar.","og_url":"https:\/\/loginfo24.com\/nl\/2026\/04\/29\/cargobeamer-neemt-terminal-in-kaldenkirchen-over\/","og_site_name":"Loginfo24","article_publisher":"https:\/\/www.facebook.com\/people\/Loginfo24\/100057360583332\/","article_published_time":"2026-04-29T07:22:52+00:00","og_image":[{"width":2560,"height":1440,"url":"https:\/\/loginfo24.com\/wp-content\/uploads\/sites\/7\/2026\/04\/Kaldenkirchen-Terminal-Construction_Operations_01-1-scaled-aspect-ratio-1400-788-scaled-1.jpg","type":"image\/jpeg"}],"author":"Jeremy Soland","twitter_card":"summary_large_image","twitter_misc":{"Geschreven door":"Jeremy Soland","Geschatte leestijd":"1 minuut"},"schema":{"@context":"https:\/\/schema.org","@graph":[{"@type":"Article","@id":"https:\/\/loginfo24.com\/nl\/2026\/04\/29\/cargobeamer-neemt-terminal-in-kaldenkirchen-over\/#article","isPartOf":{"@id":"https:\/\/loginfo24.com\/nl\/2026\/04\/29\/cargobeamer-neemt-terminal-in-kaldenkirchen-over\/"},"author":{"name":"Jeremy Soland","@id":"https:\/\/loginfo24.com\/nl\/#\/schema\/person\/41d36b5474b623392fa613e97e2363fa"},"headline":"CargoBeamer neemt terminal in Kaldenkirchen over","datePublished":"2026-04-29T07:22:52+00:00","mainEntityOfPage":{"@id":"https:\/\/loginfo24.com\/nl\/2026\/04\/29\/cargobeamer-neemt-terminal-in-kaldenkirchen-over\/"},"wordCount":210,"commentCount":0,"publisher":{"@id":"https:\/\/loginfo24.com\/nl\/#organization"},"image":{"@id":"https:\/\/loginfo24.com\/nl\/2026\/04\/29\/cargobeamer-neemt-terminal-in-kaldenkirchen-over\/#primaryimage"},"thumbnailUrl":"https:\/\/loginfo24.com\/wp-content\/uploads\/sites\/7\/2026\/04\/Kaldenkirchen-Terminal-Construction_Operations_01-1-scaled-aspect-ratio-1400-788-scaled-1.jpg","keywords":["activit\u00e9 terminal CargoBeamer","Bauarbeiten Terminal Kaldenkirchen","capacit\u00e9 unit\u00e9s de chargement","CargoBeamer technology","CargoBeamer terminal business","CargoBeamer Terminalgesch\u00e4ft","CargoBeamer-Technologie","construction works Kaldenkirchen terminal","Deutsch CargoBeamer","Digitalisierung Logistik","digitalization logistics","durabilit\u00e9 dans le transport","\u00e9quipements reachstacker","expansion de capacit\u00e9 terminal","Fachkr\u00e4ftemangel Logistik","fret ferroviaire Europe","Hafenbetrieb Deutschland","industrie du transport intermodal","infrastructure terminale","intermodal service","intermodal transport industry","intermodal transport solutions","intermodale Transporte","intermodaler Service","Kaldenkirchen terminal","Kapazit\u00e4tserweiterung Terminal","labor shortage logistics","Ladeeinheiten Kapazit\u00e4t","loading units capacity","logistics service providers Europe","Logistikdienstleister Europa","Nachhaltigkeit im Transport","num\u00e9risation logistique","operational responsibility terminal","op\u00e9rations portuaires Allemagne","operative Verantwortung Terminal","p\u00e9nurie de main-d'\u0153uvre logistique","port operations Germany","prestataires logistiques Europe","rail freight Europe","reachstacker equipment","Reachstacker Ger\u00e4te","remorques sur rail","responsabilit\u00e9 op\u00e9rationnelle terminal","Sattelauflieger Schienen","Schieneng\u00fcterverkehr Europa","semi-trailers rail","service intermodal","solutions de transport intermodal","sustainability in transport","technologie CargoBeamer","terminal capacity expansion","terminal infrastructure Fran\u00e7ais CargoBeamer","Terminal Kaldenkirchen","Terminalinfrastruktur English CargoBeamer","Transportwirtschaft intermodal","travaux de construction terminal Kaldenkirchen"],"articleSection":["Duitsland","Europa","Intermodaal \/ Weg"],"inLanguage":"nl-NL","potentialAction":[{"@type":"CommentAction","name":"Comment","target":["https:\/\/loginfo24.com\/nl\/2026\/04\/29\/cargobeamer-neemt-terminal-in-kaldenkirchen-over\/#respond"]}]},{"@type":"WebPage","@id":"https:\/\/loginfo24.com\/nl\/2026\/04\/29\/cargobeamer-neemt-terminal-in-kaldenkirchen-over\/","url":"https:\/\/loginfo24.com\/nl\/2026\/04\/29\/cargobeamer-neemt-terminal-in-kaldenkirchen-over\/","name":"CargoBeamer neemt terminal in Kaldenkirchen over - Loginfo24","isPartOf":{"@id":"https:\/\/loginfo24.com\/nl\/#website"},"primaryImageOfPage":{"@id":"https:\/\/loginfo24.com\/nl\/2026\/04\/29\/cargobeamer-neemt-terminal-in-kaldenkirchen-over\/#primaryimage"},"image":{"@id":"https:\/\/loginfo24.com\/nl\/2026\/04\/29\/cargobeamer-neemt-terminal-in-kaldenkirchen-over\/#primaryimage"},"thumbnailUrl":"https:\/\/loginfo24.com\/wp-content\/uploads\/sites\/7\/2026\/04\/Kaldenkirchen-Terminal-Construction_Operations_01-1-scaled-aspect-ratio-1400-788-scaled-1.jpg","datePublished":"2026-04-29T07:22:52+00:00","breadcrumb":{"@id":"https:\/\/loginfo24.com\/nl\/2026\/04\/29\/cargobeamer-neemt-terminal-in-kaldenkirchen-over\/#breadcrumb"},"inLanguage":"nl-NL","potentialAction":[{"@type":"ReadAction","target":["https:\/\/loginfo24.com\/nl\/2026\/04\/29\/cargobeamer-neemt-terminal-in-kaldenkirchen-over\/"]}]},{"@type":"ImageObject","inLanguage":"nl-NL","@id":"https:\/\/loginfo24.com\/nl\/2026\/04\/29\/cargobeamer-neemt-terminal-in-kaldenkirchen-over\/#primaryimage","url":"https:\/\/loginfo24.com\/wp-content\/uploads\/sites\/7\/2026\/04\/Kaldenkirchen-Terminal-Construction_Operations_01-1-scaled-aspect-ratio-1400-788-scaled-1.jpg","contentUrl":"https:\/\/loginfo24.com\/wp-content\/uploads\/sites\/7\/2026\/04\/Kaldenkirchen-Terminal-Construction_Operations_01-1-scaled-aspect-ratio-1400-788-scaled-1.jpg","width":2560,"height":1440},{"@type":"BreadcrumbList","@id":"https:\/\/loginfo24.com\/nl\/2026\/04\/29\/cargobeamer-neemt-terminal-in-kaldenkirchen-over\/#breadcrumb","itemListElement":[{"@type":"ListItem","position":1,"name":"Startseite","item":"https:\/\/loginfo24.com\/nl\/"},{"@type":"ListItem","position":2,"name":"CargoBeamer neemt terminal in Kaldenkirchen over"}]},{"@type":"WebSite","@id":"https:\/\/loginfo24.com\/nl\/#website","url":"https:\/\/loginfo24.com\/nl\/","name":"Loginfo24","description":"Loginfo24 is het platform voor logistiek en toeleveringsketens en biedt 24 uur per dag informatie.","publisher":{"@id":"https:\/\/loginfo24.com\/nl\/#organization"},"potentialAction":[{"@type":"SearchAction","target":{"@type":"EntryPoint","urlTemplate":"https:\/\/loginfo24.com\/nl\/?s={search_term_string}"},"query-input":{"@type":"PropertyValueSpecification","valueRequired":true,"valueName":"search_term_string"}}],"inLanguage":"nl-NL"},{"@type":"Organization","@id":"https:\/\/loginfo24.com\/nl\/#organization","name":"Logismedia Groep AG","url":"https:\/\/loginfo24.com\/nl\/","logo":{"@type":"ImageObject","inLanguage":"nl-NL","@id":"https:\/\/loginfo24.com\/nl\/#\/schema\/logo\/image\/","url":"https:\/\/loginfo24.com\/wp-content\/uploads\/sites\/7\/2026\/01\/Logo_LogInfo24.png","contentUrl":"https:\/\/loginfo24.com\/wp-content\/uploads\/sites\/7\/2026\/01\/Logo_LogInfo24.png","width":938,"height":351,"caption":"Logismedia Groep AG"},"image":{"@id":"https:\/\/loginfo24.com\/nl\/#\/schema\/logo\/image\/"},"sameAs":["https:\/\/www.facebook.com\/people\/Loginfo24\/100057360583332\/","https:\/\/www.linkedin.com\/company\/lofinfo24\/"]},{"@type":"Person","@id":"https:\/\/loginfo24.com\/nl\/#\/schema\/person\/41d36b5474b623392fa613e97e2363fa","name":"Jeremy Soland","url":"https:\/\/loginfo24.com\/nl\/author\/jeremy\/"}]}},"_links":{"self":[{"href":"https:\/\/loginfo24.com\/nl\/wp-json\/wp\/v2\/posts\/79471","targetHints":{"allow":["GET"]}}],"collection":[{"href":"https:\/\/loginfo24.com\/nl\/wp-json\/wp\/v2\/posts"}],"about":[{"href":"https:\/\/loginfo24.com\/nl\/wp-json\/wp\/v2\/types\/post"}],"author":[{"embeddable":true,"href":"https:\/\/loginfo24.com\/nl\/wp-json\/wp\/v2\/users\/10"}],"replies":[{"embeddable":true,"href":"https:\/\/loginfo24.com\/nl\/wp-json\/wp\/v2\/comments?post=79471"}],"version-history":[{"count":0,"href":"https:\/\/loginfo24.com\/nl\/wp-json\/wp\/v2\/posts\/79471\/revisions"}],"wp:featuredmedia":[{"embeddable":true,"href":"https:\/\/loginfo24.com\/nl\/wp-json\/wp\/v2\/media\/79465"}],"wp:attachment":[{"href":"https:\/\/loginfo24.com\/nl\/wp-json\/wp\/v2\/media?parent=79471"}],"wp:term":[{"taxonomy":"category","embeddable":true,"href":"https:\/\/loginfo24.com\/nl\/wp-json\/wp\/v2\/categories?post=79471"},{"taxonomy":"post_tag","embeddable":true,"href":"https:\/\/loginfo24.com\/nl\/wp-json\/wp\/v2\/tags?post=79471"}],"curies":[{"name":"wp","href":"https:\/\/api.w.org\/{rel}","templated":true}]}}