{"id":76138,"date":"2026-03-10T08:15:20","date_gmt":"2026-03-10T08:15:20","guid":{"rendered":"https:\/\/loginfo24.com\/2026\/03\/10\/harder-logistics-organiseert-verhuizing-van-de-ulmer-leerwerkplaatsen\/"},"modified":"2026-03-10T09:31:20","modified_gmt":"2026-03-10T08:31:20","slug":"harder-logistics-organiseert-verhuizing-van-de-ulmer-leerwerkplaatsen","status":"publish","type":"post","link":"https:\/\/loginfo24.com\/nl\/2026\/03\/10\/harder-logistics-organiseert-verhuizing-van-de-ulmer-leerwerkplaatsen\/","title":{"rendered":"Harder Logistics organiseert verhuizing van de Ulmer leerwerkplaatsen"},"content":{"rendered":"<p>De leerwerkplaatsen van de IHK Akademie Schwaben hebben hun klassiek-technische opleiding samengevoegd in een nieuw competentiecentrum Metaal in Neu-Ulm. De verhuizing van de twee eerdere locaties werd uitgevoerd door de dienstverlener HARDER logistics. Een bijzondere uitdaging was de krappe tijdsperiode van slechts tien dagen, waarin de lopende opleidingsactiviteiten moesten worden voortgezet.<\/p>\n<p>Voor de verhuizing was het noodzakelijk om het volledige inventaris van de leerwerkplaatsen te transporteren. Dit omvatte meer dan 30 machines, die elk tussen de \u00e9\u00e9n en vijf ton wogen, evenals materiaalopslagkasten, grondstoffen en kantoorequipment. Wolfgang Gollmann, directeur van de Akademie Campus Neu-Ulm, benadrukt het belang van een soepel verloop: \u201eNaast de veilige en vakkundige handling van de hoogwaardige machines was het cruciaal om de lopende opleidings- en kwalificatiemaatregelen zo min mogelijk te verstoren. We begeleiden momenteel bijna 50 deelnemers.\u201d<\/p>\n<h3>Verhuizing in twee fasen<\/h3>\n<p>De verplaatsing van de leerwerkplaatsen vond plaats in twee fasen. De eerste externe locatie in de Baumgartenstra\u00dfe werd al in december van het afgelopen jaar overgebracht naar het nieuwe competentiecentrum in de Finninger Stra\u00dfe. In de afgelopen tien dagen volgde de verhuizing van de tweede locatie in de Heinz-R\u00fchmann-Stra\u00dfe, waarvan de verplaatsing bijzonder tijdkritisch en logistiek uitdagend was.<\/p>\n<p>Aanvullende uitdagingen deden zich voor door de bouwkundige omstandigheden. De leerwerkplaatsen bevonden zich in een gebouw met drie verdiepingen, waarbij ongeveer 40 procent van de inrichting in de kelder was ondergebracht. Andreas Hermann, projectleider bij HARDER logistics, legt de werkwijze uit: \u201eDit gebied hebben we met een speciale laadkraan vanuit de lichtkoepel direct op het speciaal voertuig geladen. Zo konden we vermijden dat we machines moesten demonteren of meerdere keren moesten overladen. Een gedetailleerd stappenplan en de nauwe samenwerking met de verantwoordelijken van de IHK hebben er aanzienlijk toe bijgedragen dat we het project binnen de strakke tijdslimiet succesvol konden uitvoeren.\u201d Voor de uitvoering waren vijf medewerkers en speciale apparatuur in gebruik.<\/p>\n<p>Sinds 9 maart staat de leerwerkplaats in het nieuwe competentiecentrum Metaal in de Finninger Stra\u00dfe 46 weer ter beschikking van IHK-studenten. Gollmann trekt een positieve conclusie: \u201eMet de bundeling van onze decentrale en historisch gegroeide structuur is het ons gelukt om ons toekomstbestendig en consistent op te stellen. Het nieuwe concept overtuigt met moderne ruimtes, korte wegen en cre\u00ebert optimale voorwaarden voor docenten en deelnemers.\u201d<\/p>\n<p><a href=\"http:\/\/harder-logistics.com\" target=\"_blank\" rel=\"noopener noreferrer\"><span data-olk-copy-source=\"MessageBody\">www.harder-logistics.com <\/span><\/a><\/p>\n","protected":false},"excerpt":{"rendered":"<p>De IHK Akademie Schwaben heeft haar leerwerkplaatsen succesvol verplaatst naar een nieuw competentiecentrum metaal in Neu-Ulm om optimale opleidingsomstandigheden te cre\u00ebren.<\/p>\n","protected":false},"author":7,"featured_media":76132,"comment_status":"open","ping_status":"","sticky":false,"template":"","format":"standard","meta":{"_acf_changed":false,"footnotes":""},"categories":[6656,6679,1593],"tags":[13393,13394,13395,13396,13397,13398,13399,7630,13400,2700,13401,13402,13403,13404,13405,13406,13407,13408,13409,13410,6446,13411,13412,13413,2469,1831,2431,13414,13415,13416,13417,13418,11207,13419,2720,2481,13420,13421,13422,13423,13424,13425,13426,13427,13428,13429,13430,13431,13432,13433,2449,2450,13434,13435],"class_list":["post-76138","post","type-post","status-publish","format-standard","has-post-thumbnail","hentry","category-duitsland","category-europa","category-expeditie-logistiek","tag-academie-ihk-schwaben","tag-ateliers-de-formation","tag-aus-und-qualifizierungsmassnahmen","tag-bauliche-gegebenheiten","tag-centre-de-competences-metalliques","tag-conditions-structurelles","tag-crane-for-machines","tag-defis-logistiques","tag-deutsch-umzug","tag-fachkraeftemangel-in-der-logistik","tag-gestion-de-projet-dans-le-demenagement","tag-gestion-du-temps-dans-le-demenagement","tag-grue-pour-machines","tag-harder-logistics","tag-ihk-academy-schwaben-francais-demenagement","tag-ihk-akademie-schwaben-english-moving","tag-infrastructure-for-educational-institutions","tag-infrastructure-pour-les-etablissements-educatifs","tag-infrastruktur-fuer-bildungseinrichtungen","tag-kompetenzzentrum-metall","tag-labor-shortage-in-logistics","tag-ladekran-fuer-maschinen","tag-lehrwerkstaetten","tag-logistical-challenges","tag-logistics-service-provider","tag-logistikdienstleister","tag-logistique-de-transport","tag-logistische-herausforderungen","tag-machine-transport","tag-maschinentransport","tag-mesures-de-formation-et-de-qualification","tag-metal-competence-center","tag-neu-ulm","tag-operations-de-formation","tag-penurie-de-main-doeuvre-dans-la-logistique","tag-prestataire-logistique","tag-processus-fluide","tag-project-management-in-moving","tag-projektmanagement-im-umzug","tag-reibungsloser-ablauf","tag-schulungsbetrieb","tag-smooth-process","tag-special-vehicle-for-moving","tag-spezialfahrzeug-fuer-umzuege","tag-structural-conditions","tag-time-management-in-moving","tag-training-and-qualification-measures","tag-training-operations","tag-training-workshops","tag-transport-de-machines","tag-transport-logistics","tag-transportlogistik","tag-vehicule-special-pour-le-demenagement","tag-zeitmanagement-im-umzug"],"acf":[],"yoast_head":"<!-- This site is optimized with the Yoast SEO plugin v27.3 - https:\/\/yoast.com\/product\/yoast-seo-wordpress\/ -->\n<title>Harder Logistics organiseert verhuizing van de Ulmer leerwerkplaatsen - Loginfo24<\/title>\n<meta name=\"robots\" content=\"index, follow, max-snippet:-1, max-image-preview:large, max-video-preview:-1\" \/>\n<link rel=\"canonical\" href=\"https:\/\/loginfo24.com\/nl\/2026\/03\/10\/harder-logistics-organiseert-verhuizing-van-de-ulmer-leerwerkplaatsen\/\" \/>\n<meta property=\"og:locale\" content=\"nl_NL\" \/>\n<meta property=\"og:type\" content=\"article\" \/>\n<meta property=\"og:title\" content=\"Harder Logistics organiseert verhuizing van de Ulmer leerwerkplaatsen - Loginfo24\" \/>\n<meta property=\"og:description\" content=\"De IHK Akademie Schwaben heeft haar leerwerkplaatsen succesvol verplaatst naar een nieuw competentiecentrum metaal in Neu-Ulm om optimale opleidingsomstandigheden te cre\u00ebren.\" \/>\n<meta property=\"og:url\" content=\"https:\/\/loginfo24.com\/nl\/2026\/03\/10\/harder-logistics-organiseert-verhuizing-van-de-ulmer-leerwerkplaatsen\/\" \/>\n<meta property=\"og:site_name\" content=\"Loginfo24\" \/>\n<meta property=\"article:publisher\" content=\"https:\/\/www.facebook.com\/people\/Loginfo24\/100057360583332\/\" \/>\n<meta property=\"article:published_time\" content=\"2026-03-10T08:15:20+00:00\" \/>\n<meta property=\"article:modified_time\" content=\"2026-03-10T08:31:20+00:00\" \/>\n<meta property=\"og:image\" content=\"https:\/\/loginfo24.com\/wp-content\/uploads\/sites\/7\/2026\/03\/Harder_10.3.26.png_2-aspect-ratio-1400-788.jpg\" \/>\n\t<meta property=\"og:image:width\" content=\"1114\" \/>\n\t<meta property=\"og:image:height\" content=\"627\" \/>\n\t<meta property=\"og:image:type\" content=\"image\/jpeg\" \/>\n<meta name=\"author\" content=\"Andreas M\u00fcller\" \/>\n<meta name=\"twitter:card\" content=\"summary_large_image\" \/>\n<meta name=\"twitter:label1\" content=\"Geschreven door\" \/>\n\t<meta name=\"twitter:data1\" content=\"Andreas M\u00fcller\" \/>\n\t<meta name=\"twitter:label2\" content=\"Geschatte leestijd\" \/>\n\t<meta name=\"twitter:data2\" content=\"2 minuut\" \/>\n<script type=\"application\/ld+json\" class=\"yoast-schema-graph\">{\"@context\":\"https:\\\/\\\/schema.org\",\"@graph\":[{\"@type\":\"Article\",\"@id\":\"https:\\\/\\\/loginfo24.com\\\/nl\\\/2026\\\/03\\\/10\\\/harder-logistics-organiseert-verhuizing-van-de-ulmer-leerwerkplaatsen\\\/#article\",\"isPartOf\":{\"@id\":\"https:\\\/\\\/loginfo24.com\\\/nl\\\/2026\\\/03\\\/10\\\/harder-logistics-organiseert-verhuizing-van-de-ulmer-leerwerkplaatsen\\\/\"},\"author\":{\"name\":\"Andreas M\u00fcller\",\"@id\":\"https:\\\/\\\/loginfo24.com\\\/nl\\\/#\\\/schema\\\/person\\\/7b1593b33567ba798d300c8a1b0b85b1\"},\"headline\":\"Harder Logistics organiseert verhuizing van de Ulmer leerwerkplaatsen\",\"datePublished\":\"2026-03-10T08:15:20+00:00\",\"dateModified\":\"2026-03-10T08:31:20+00:00\",\"mainEntityOfPage\":{\"@id\":\"https:\\\/\\\/loginfo24.com\\\/nl\\\/2026\\\/03\\\/10\\\/harder-logistics-organiseert-verhuizing-van-de-ulmer-leerwerkplaatsen\\\/\"},\"wordCount\":382,\"commentCount\":0,\"publisher\":{\"@id\":\"https:\\\/\\\/loginfo24.com\\\/nl\\\/#organization\"},\"image\":{\"@id\":\"https:\\\/\\\/loginfo24.com\\\/nl\\\/2026\\\/03\\\/10\\\/harder-logistics-organiseert-verhuizing-van-de-ulmer-leerwerkplaatsen\\\/#primaryimage\"},\"thumbnailUrl\":\"https:\\\/\\\/loginfo24.com\\\/wp-content\\\/uploads\\\/sites\\\/7\\\/2026\\\/03\\\/Harder_10.3.26.png_2-aspect-ratio-1400-788.jpg\",\"keywords\":[\"Acad\u00e9mie IHK Schwaben\",\"ateliers de formation\",\"Aus- und Qualifizierungsma\u00dfnahmen\",\"bauliche Gegebenheiten\",\"centre de comp\u00e9tences m\u00e9talliques\",\"conditions structurelles\",\"crane for machines\",\"d\u00e9fis logistiques\",\"Deutsch Umzug\",\"Fachkr\u00e4ftemangel in der Logistik\",\"gestion de projet dans le d\u00e9m\u00e9nagement\",\"gestion du temps dans le d\u00e9m\u00e9nagement\",\"grue pour machines\",\"HARDER logistics\",\"IHK Academy Schwaben Fran\u00e7ais d\u00e9m\u00e9nagement\",\"IHK Akademie Schwaben English moving\",\"infrastructure for educational institutions\",\"infrastructure pour les \u00e9tablissements \u00e9ducatifs\",\"Infrastruktur f\u00fcr Bildungseinrichtungen\",\"Kompetenzzentrum Metall\",\"labor shortage in logistics\",\"Ladekran f\u00fcr Maschinen\",\"Lehrwerkst\u00e4tten\",\"logistical challenges\",\"logistics service provider\",\"Logistikdienstleister\",\"logistique de transport\",\"logistische Herausforderungen\",\"machine transport\",\"Maschinentransport\",\"mesures de formation et de qualification\",\"metal competence center\",\"Neu-Ulm\",\"op\u00e9rations de formation\",\"p\u00e9nurie de main-d'\u0153uvre dans la logistique\",\"prestataire logistique\",\"processus fluide\",\"project management in moving\",\"Projektmanagement im Umzug\",\"reibungsloser Ablauf\",\"Schulungsbetrieb\",\"smooth process\",\"special vehicle for moving\",\"Spezialfahrzeug f\u00fcr Umz\u00fcge\",\"structural conditions\",\"time management in moving\",\"training and qualification measures\",\"training operations\",\"training workshops\",\"transport de machines\",\"transport logistics\",\"Transportlogistik\",\"v\u00e9hicule sp\u00e9cial pour le d\u00e9m\u00e9nagement\",\"Zeitmanagement im Umzug\"],\"articleSection\":[\"Duitsland\",\"Europa\",\"Expeditie &amp; Logistiek\"],\"inLanguage\":\"nl-NL\",\"potentialAction\":[{\"@type\":\"CommentAction\",\"name\":\"Comment\",\"target\":[\"https:\\\/\\\/loginfo24.com\\\/nl\\\/2026\\\/03\\\/10\\\/harder-logistics-organiseert-verhuizing-van-de-ulmer-leerwerkplaatsen\\\/#respond\"]}]},{\"@type\":\"WebPage\",\"@id\":\"https:\\\/\\\/loginfo24.com\\\/nl\\\/2026\\\/03\\\/10\\\/harder-logistics-organiseert-verhuizing-van-de-ulmer-leerwerkplaatsen\\\/\",\"url\":\"https:\\\/\\\/loginfo24.com\\\/nl\\\/2026\\\/03\\\/10\\\/harder-logistics-organiseert-verhuizing-van-de-ulmer-leerwerkplaatsen\\\/\",\"name\":\"Harder Logistics organiseert verhuizing van de Ulmer leerwerkplaatsen - Loginfo24\",\"isPartOf\":{\"@id\":\"https:\\\/\\\/loginfo24.com\\\/nl\\\/#website\"},\"primaryImageOfPage\":{\"@id\":\"https:\\\/\\\/loginfo24.com\\\/nl\\\/2026\\\/03\\\/10\\\/harder-logistics-organiseert-verhuizing-van-de-ulmer-leerwerkplaatsen\\\/#primaryimage\"},\"image\":{\"@id\":\"https:\\\/\\\/loginfo24.com\\\/nl\\\/2026\\\/03\\\/10\\\/harder-logistics-organiseert-verhuizing-van-de-ulmer-leerwerkplaatsen\\\/#primaryimage\"},\"thumbnailUrl\":\"https:\\\/\\\/loginfo24.com\\\/wp-content\\\/uploads\\\/sites\\\/7\\\/2026\\\/03\\\/Harder_10.3.26.png_2-aspect-ratio-1400-788.jpg\",\"datePublished\":\"2026-03-10T08:15:20+00:00\",\"dateModified\":\"2026-03-10T08:31:20+00:00\",\"breadcrumb\":{\"@id\":\"https:\\\/\\\/loginfo24.com\\\/nl\\\/2026\\\/03\\\/10\\\/harder-logistics-organiseert-verhuizing-van-de-ulmer-leerwerkplaatsen\\\/#breadcrumb\"},\"inLanguage\":\"nl-NL\",\"potentialAction\":[{\"@type\":\"ReadAction\",\"target\":[\"https:\\\/\\\/loginfo24.com\\\/nl\\\/2026\\\/03\\\/10\\\/harder-logistics-organiseert-verhuizing-van-de-ulmer-leerwerkplaatsen\\\/\"]}]},{\"@type\":\"ImageObject\",\"inLanguage\":\"nl-NL\",\"@id\":\"https:\\\/\\\/loginfo24.com\\\/nl\\\/2026\\\/03\\\/10\\\/harder-logistics-organiseert-verhuizing-van-de-ulmer-leerwerkplaatsen\\\/#primaryimage\",\"url\":\"https:\\\/\\\/loginfo24.com\\\/wp-content\\\/uploads\\\/sites\\\/7\\\/2026\\\/03\\\/Harder_10.3.26.png_2-aspect-ratio-1400-788.jpg\",\"contentUrl\":\"https:\\\/\\\/loginfo24.com\\\/wp-content\\\/uploads\\\/sites\\\/7\\\/2026\\\/03\\\/Harder_10.3.26.png_2-aspect-ratio-1400-788.jpg\",\"width\":1114,\"height\":627},{\"@type\":\"BreadcrumbList\",\"@id\":\"https:\\\/\\\/loginfo24.com\\\/nl\\\/2026\\\/03\\\/10\\\/harder-logistics-organiseert-verhuizing-van-de-ulmer-leerwerkplaatsen\\\/#breadcrumb\",\"itemListElement\":[{\"@type\":\"ListItem\",\"position\":1,\"name\":\"Startseite\",\"item\":\"https:\\\/\\\/loginfo24.com\\\/nl\\\/\"},{\"@type\":\"ListItem\",\"position\":2,\"name\":\"Harder Logistics organiseert verhuizing van de Ulmer leerwerkplaatsen\"}]},{\"@type\":\"WebSite\",\"@id\":\"https:\\\/\\\/loginfo24.com\\\/nl\\\/#website\",\"url\":\"https:\\\/\\\/loginfo24.com\\\/nl\\\/\",\"name\":\"Loginfo24\",\"description\":\"Loginfo24 is het platform voor logistiek en toeleveringsketens en biedt 24 uur per dag informatie.\",\"publisher\":{\"@id\":\"https:\\\/\\\/loginfo24.com\\\/nl\\\/#organization\"},\"potentialAction\":[{\"@type\":\"SearchAction\",\"target\":{\"@type\":\"EntryPoint\",\"urlTemplate\":\"https:\\\/\\\/loginfo24.com\\\/nl\\\/?s={search_term_string}\"},\"query-input\":{\"@type\":\"PropertyValueSpecification\",\"valueRequired\":true,\"valueName\":\"search_term_string\"}}],\"inLanguage\":\"nl-NL\"},{\"@type\":\"Organization\",\"@id\":\"https:\\\/\\\/loginfo24.com\\\/nl\\\/#organization\",\"name\":\"Logismedia Groep AG\",\"url\":\"https:\\\/\\\/loginfo24.com\\\/nl\\\/\",\"logo\":{\"@type\":\"ImageObject\",\"inLanguage\":\"nl-NL\",\"@id\":\"https:\\\/\\\/loginfo24.com\\\/nl\\\/#\\\/schema\\\/logo\\\/image\\\/\",\"url\":\"https:\\\/\\\/loginfo24.com\\\/wp-content\\\/uploads\\\/sites\\\/7\\\/2026\\\/01\\\/Logo_LogInfo24.png\",\"contentUrl\":\"https:\\\/\\\/loginfo24.com\\\/wp-content\\\/uploads\\\/sites\\\/7\\\/2026\\\/01\\\/Logo_LogInfo24.png\",\"width\":938,\"height\":351,\"caption\":\"Logismedia Groep AG\"},\"image\":{\"@id\":\"https:\\\/\\\/loginfo24.com\\\/nl\\\/#\\\/schema\\\/logo\\\/image\\\/\"},\"sameAs\":[\"https:\\\/\\\/www.facebook.com\\\/people\\\/Loginfo24\\\/100057360583332\\\/\",\"https:\\\/\\\/www.linkedin.com\\\/company\\\/lofinfo24\\\/\"]},{\"@type\":\"Person\",\"@id\":\"https:\\\/\\\/loginfo24.com\\\/nl\\\/#\\\/schema\\\/person\\\/7b1593b33567ba798d300c8a1b0b85b1\",\"name\":\"Andreas M\u00fcller\",\"url\":\"https:\\\/\\\/loginfo24.com\\\/nl\\\/author\\\/logismedia\\\/\"}]}<\/script>\n<!-- \/ Yoast SEO plugin. -->","yoast_head_json":{"title":"Harder Logistics organiseert verhuizing van de Ulmer leerwerkplaatsen - Loginfo24","robots":{"index":"index","follow":"follow","max-snippet":"max-snippet:-1","max-image-preview":"max-image-preview:large","max-video-preview":"max-video-preview:-1"},"canonical":"https:\/\/loginfo24.com\/nl\/2026\/03\/10\/harder-logistics-organiseert-verhuizing-van-de-ulmer-leerwerkplaatsen\/","og_locale":"nl_NL","og_type":"article","og_title":"Harder Logistics organiseert verhuizing van de Ulmer leerwerkplaatsen - Loginfo24","og_description":"De IHK Akademie Schwaben heeft haar leerwerkplaatsen succesvol verplaatst naar een nieuw competentiecentrum metaal in Neu-Ulm om optimale opleidingsomstandigheden te cre\u00ebren.","og_url":"https:\/\/loginfo24.com\/nl\/2026\/03\/10\/harder-logistics-organiseert-verhuizing-van-de-ulmer-leerwerkplaatsen\/","og_site_name":"Loginfo24","article_publisher":"https:\/\/www.facebook.com\/people\/Loginfo24\/100057360583332\/","article_published_time":"2026-03-10T08:15:20+00:00","article_modified_time":"2026-03-10T08:31:20+00:00","og_image":[{"width":1114,"height":627,"url":"https:\/\/loginfo24.com\/wp-content\/uploads\/sites\/7\/2026\/03\/Harder_10.3.26.png_2-aspect-ratio-1400-788.jpg","type":"image\/jpeg"}],"author":"Andreas M\u00fcller","twitter_card":"summary_large_image","twitter_misc":{"Geschreven door":"Andreas M\u00fcller","Geschatte leestijd":"2 minuut"},"schema":{"@context":"https:\/\/schema.org","@graph":[{"@type":"Article","@id":"https:\/\/loginfo24.com\/nl\/2026\/03\/10\/harder-logistics-organiseert-verhuizing-van-de-ulmer-leerwerkplaatsen\/#article","isPartOf":{"@id":"https:\/\/loginfo24.com\/nl\/2026\/03\/10\/harder-logistics-organiseert-verhuizing-van-de-ulmer-leerwerkplaatsen\/"},"author":{"name":"Andreas M\u00fcller","@id":"https:\/\/loginfo24.com\/nl\/#\/schema\/person\/7b1593b33567ba798d300c8a1b0b85b1"},"headline":"Harder Logistics organiseert verhuizing van de Ulmer leerwerkplaatsen","datePublished":"2026-03-10T08:15:20+00:00","dateModified":"2026-03-10T08:31:20+00:00","mainEntityOfPage":{"@id":"https:\/\/loginfo24.com\/nl\/2026\/03\/10\/harder-logistics-organiseert-verhuizing-van-de-ulmer-leerwerkplaatsen\/"},"wordCount":382,"commentCount":0,"publisher":{"@id":"https:\/\/loginfo24.com\/nl\/#organization"},"image":{"@id":"https:\/\/loginfo24.com\/nl\/2026\/03\/10\/harder-logistics-organiseert-verhuizing-van-de-ulmer-leerwerkplaatsen\/#primaryimage"},"thumbnailUrl":"https:\/\/loginfo24.com\/wp-content\/uploads\/sites\/7\/2026\/03\/Harder_10.3.26.png_2-aspect-ratio-1400-788.jpg","keywords":["Acad\u00e9mie IHK Schwaben","ateliers de formation","Aus- und Qualifizierungsma\u00dfnahmen","bauliche Gegebenheiten","centre de comp\u00e9tences m\u00e9talliques","conditions structurelles","crane for machines","d\u00e9fis logistiques","Deutsch Umzug","Fachkr\u00e4ftemangel in der Logistik","gestion de projet dans le d\u00e9m\u00e9nagement","gestion du temps dans le d\u00e9m\u00e9nagement","grue pour machines","HARDER logistics","IHK Academy Schwaben Fran\u00e7ais d\u00e9m\u00e9nagement","IHK Akademie Schwaben English moving","infrastructure for educational institutions","infrastructure pour les \u00e9tablissements \u00e9ducatifs","Infrastruktur f\u00fcr Bildungseinrichtungen","Kompetenzzentrum Metall","labor shortage in logistics","Ladekran f\u00fcr Maschinen","Lehrwerkst\u00e4tten","logistical challenges","logistics service provider","Logistikdienstleister","logistique de transport","logistische Herausforderungen","machine transport","Maschinentransport","mesures de formation et de qualification","metal competence center","Neu-Ulm","op\u00e9rations de formation","p\u00e9nurie de main-d'\u0153uvre dans la logistique","prestataire logistique","processus fluide","project management in moving","Projektmanagement im Umzug","reibungsloser Ablauf","Schulungsbetrieb","smooth process","special vehicle for moving","Spezialfahrzeug f\u00fcr Umz\u00fcge","structural conditions","time management in moving","training and qualification measures","training operations","training workshops","transport de machines","transport logistics","Transportlogistik","v\u00e9hicule sp\u00e9cial pour le d\u00e9m\u00e9nagement","Zeitmanagement im Umzug"],"articleSection":["Duitsland","Europa","Expeditie &amp; Logistiek"],"inLanguage":"nl-NL","potentialAction":[{"@type":"CommentAction","name":"Comment","target":["https:\/\/loginfo24.com\/nl\/2026\/03\/10\/harder-logistics-organiseert-verhuizing-van-de-ulmer-leerwerkplaatsen\/#respond"]}]},{"@type":"WebPage","@id":"https:\/\/loginfo24.com\/nl\/2026\/03\/10\/harder-logistics-organiseert-verhuizing-van-de-ulmer-leerwerkplaatsen\/","url":"https:\/\/loginfo24.com\/nl\/2026\/03\/10\/harder-logistics-organiseert-verhuizing-van-de-ulmer-leerwerkplaatsen\/","name":"Harder Logistics organiseert verhuizing van de Ulmer leerwerkplaatsen - Loginfo24","isPartOf":{"@id":"https:\/\/loginfo24.com\/nl\/#website"},"primaryImageOfPage":{"@id":"https:\/\/loginfo24.com\/nl\/2026\/03\/10\/harder-logistics-organiseert-verhuizing-van-de-ulmer-leerwerkplaatsen\/#primaryimage"},"image":{"@id":"https:\/\/loginfo24.com\/nl\/2026\/03\/10\/harder-logistics-organiseert-verhuizing-van-de-ulmer-leerwerkplaatsen\/#primaryimage"},"thumbnailUrl":"https:\/\/loginfo24.com\/wp-content\/uploads\/sites\/7\/2026\/03\/Harder_10.3.26.png_2-aspect-ratio-1400-788.jpg","datePublished":"2026-03-10T08:15:20+00:00","dateModified":"2026-03-10T08:31:20+00:00","breadcrumb":{"@id":"https:\/\/loginfo24.com\/nl\/2026\/03\/10\/harder-logistics-organiseert-verhuizing-van-de-ulmer-leerwerkplaatsen\/#breadcrumb"},"inLanguage":"nl-NL","potentialAction":[{"@type":"ReadAction","target":["https:\/\/loginfo24.com\/nl\/2026\/03\/10\/harder-logistics-organiseert-verhuizing-van-de-ulmer-leerwerkplaatsen\/"]}]},{"@type":"ImageObject","inLanguage":"nl-NL","@id":"https:\/\/loginfo24.com\/nl\/2026\/03\/10\/harder-logistics-organiseert-verhuizing-van-de-ulmer-leerwerkplaatsen\/#primaryimage","url":"https:\/\/loginfo24.com\/wp-content\/uploads\/sites\/7\/2026\/03\/Harder_10.3.26.png_2-aspect-ratio-1400-788.jpg","contentUrl":"https:\/\/loginfo24.com\/wp-content\/uploads\/sites\/7\/2026\/03\/Harder_10.3.26.png_2-aspect-ratio-1400-788.jpg","width":1114,"height":627},{"@type":"BreadcrumbList","@id":"https:\/\/loginfo24.com\/nl\/2026\/03\/10\/harder-logistics-organiseert-verhuizing-van-de-ulmer-leerwerkplaatsen\/#breadcrumb","itemListElement":[{"@type":"ListItem","position":1,"name":"Startseite","item":"https:\/\/loginfo24.com\/nl\/"},{"@type":"ListItem","position":2,"name":"Harder Logistics organiseert verhuizing van de Ulmer leerwerkplaatsen"}]},{"@type":"WebSite","@id":"https:\/\/loginfo24.com\/nl\/#website","url":"https:\/\/loginfo24.com\/nl\/","name":"Loginfo24","description":"Loginfo24 is het platform voor logistiek en toeleveringsketens en biedt 24 uur per dag informatie.","publisher":{"@id":"https:\/\/loginfo24.com\/nl\/#organization"},"potentialAction":[{"@type":"SearchAction","target":{"@type":"EntryPoint","urlTemplate":"https:\/\/loginfo24.com\/nl\/?s={search_term_string}"},"query-input":{"@type":"PropertyValueSpecification","valueRequired":true,"valueName":"search_term_string"}}],"inLanguage":"nl-NL"},{"@type":"Organization","@id":"https:\/\/loginfo24.com\/nl\/#organization","name":"Logismedia Groep AG","url":"https:\/\/loginfo24.com\/nl\/","logo":{"@type":"ImageObject","inLanguage":"nl-NL","@id":"https:\/\/loginfo24.com\/nl\/#\/schema\/logo\/image\/","url":"https:\/\/loginfo24.com\/wp-content\/uploads\/sites\/7\/2026\/01\/Logo_LogInfo24.png","contentUrl":"https:\/\/loginfo24.com\/wp-content\/uploads\/sites\/7\/2026\/01\/Logo_LogInfo24.png","width":938,"height":351,"caption":"Logismedia Groep AG"},"image":{"@id":"https:\/\/loginfo24.com\/nl\/#\/schema\/logo\/image\/"},"sameAs":["https:\/\/www.facebook.com\/people\/Loginfo24\/100057360583332\/","https:\/\/www.linkedin.com\/company\/lofinfo24\/"]},{"@type":"Person","@id":"https:\/\/loginfo24.com\/nl\/#\/schema\/person\/7b1593b33567ba798d300c8a1b0b85b1","name":"Andreas M\u00fcller","url":"https:\/\/loginfo24.com\/nl\/author\/logismedia\/"}]}},"_links":{"self":[{"href":"https:\/\/loginfo24.com\/nl\/wp-json\/wp\/v2\/posts\/76138","targetHints":{"allow":["GET"]}}],"collection":[{"href":"https:\/\/loginfo24.com\/nl\/wp-json\/wp\/v2\/posts"}],"about":[{"href":"https:\/\/loginfo24.com\/nl\/wp-json\/wp\/v2\/types\/post"}],"author":[{"embeddable":true,"href":"https:\/\/loginfo24.com\/nl\/wp-json\/wp\/v2\/users\/7"}],"replies":[{"embeddable":true,"href":"https:\/\/loginfo24.com\/nl\/wp-json\/wp\/v2\/comments?post=76138"}],"version-history":[{"count":1,"href":"https:\/\/loginfo24.com\/nl\/wp-json\/wp\/v2\/posts\/76138\/revisions"}],"predecessor-version":[{"id":76145,"href":"https:\/\/loginfo24.com\/nl\/wp-json\/wp\/v2\/posts\/76138\/revisions\/76145"}],"wp:featuredmedia":[{"embeddable":true,"href":"https:\/\/loginfo24.com\/nl\/wp-json\/wp\/v2\/media\/76132"}],"wp:attachment":[{"href":"https:\/\/loginfo24.com\/nl\/wp-json\/wp\/v2\/media?parent=76138"}],"wp:term":[{"taxonomy":"category","embeddable":true,"href":"https:\/\/loginfo24.com\/nl\/wp-json\/wp\/v2\/categories?post=76138"},{"taxonomy":"post_tag","embeddable":true,"href":"https:\/\/loginfo24.com\/nl\/wp-json\/wp\/v2\/tags?post=76138"}],"curies":[{"name":"wp","href":"https:\/\/api.w.org\/{rel}","templated":true}]}}