{"id":74193,"date":"2026-01-29T09:46:54","date_gmt":"2026-01-29T09:46:54","guid":{"rendered":"https:\/\/loginfo24.com\/2026\/01\/29\/peter-ehler-wordt-directeur-van-rheincargo\/"},"modified":"2026-01-29T09:46:54","modified_gmt":"2026-01-29T09:46:54","slug":"peter-ehler-wordt-directeur-van-rheincargo","status":"publish","type":"post","link":"https:\/\/loginfo24.com\/nl\/2026\/01\/29\/peter-ehler-wordt-directeur-van-rheincargo\/","title":{"rendered":"Peter Ehler wordt directeur van RheinCargo"},"content":{"rendered":"<p>Peter Ehler (links) wordt de nieuwe directeur van RheinCargo GmbH &amp; Co. KG. Hij volgt Sascha Odermatt (rechts) op, die zich in de toekomst weer zal concentreren op zijn rol als directeur van Neuss D\u00fcsseldorfer H\u00e4fen GmbH &amp; Co. KG (NDH). Ehler, die tot nu toe woordvoerder van de directie van AWISTA GmbH en AWISTA Kommunal in D\u00fcsseldorf was, neemt op 1 februari 2026 de commerci\u00eble leiding van het bedrijf over.<\/p>\n<p>RheinCargo GmbH &amp; Co. KG is een joint venture van de H\u00e4fen und G\u00fcterverkehr K\u00f6ln AG (HGK) en de NDH. De wisseling in de directie vindt plaats in een uitdagende omgeving voor de logistieke sector, met name in de spoorwegsector. Jan Huth, voorzitter van de raad van toezicht van RheinCargo, benadrukt de noodzaak van een versterkt management om het bedrijf aan te passen aan de huidige marktomstandigheden. &#8222;Een zwakkere industri\u00eble vraag, uitgebreide bouwverstoringen in het netwerk en gestegen trac\u00e9prijzen drukken op het resultaat en de planningsmogelijkheden,&#8220; legt Huth uit.<\/p>\n<h3>Ervaringen en uitdagingen<\/h3>\n<p>Peter Ehler brengt uitgebreide ervaring mee uit zijn eerdere functie. Hij heeft AWISTA Kommunal in D\u00fcsseldorf succesvol geleid in een complexe omgeving en zal nu RheinCargo samen met de operationele directeur G\u00f6tz Jesberg leiden. Huth benadrukt dat Ehlers expertise in de omgang met verschillende belanghebbenden ten goede zal komen aan de economische en operationele prestaties van RheinCargo.<\/p>\n<p>Julien Mounier, voorzitter van de raad van toezicht van AWISTA GmbH, spreekt zijn spijt uit over Ehlers vertrek, maar erkent het belang van de verdere ontwikkeling van RheinCargo voor de regio. &#8222;De verdere ontwikkeling van RheinCargo is van groot belang voor D\u00fcsseldorf en de regio,&#8220; aldus Mounier.<\/p>\n<p>Ehler zelf is optimistisch over de nieuwe uitdagingen. &#8222;Logistiek per spoor en op de Rijn is een essenti\u00eble voorwaarde voor een bloeiende economie en samenleving in onze regio,&#8220; legt hij uit. Tegelijkertijd benadrukt hij dat het hem zwaar valt om afscheid te nemen van AWISTA, maar hij kijkt uit naar de nieuwe taak bij RheinCargo.<\/p>\n<p>De opvolgingsregeling voor Ehler bij AWISTA is al in planning.<\/p>\n<p>&nbsp;<\/p>\n<p><a href=\"https:\/\/www.hgk.de\/\" target=\"_blank\" rel=\"noopener noreferrer\">www.hgk.de<\/a><\/p>\n","protected":false},"excerpt":{"rendered":"<p>Peter Ehler wordt op 1 februari 2026 nieuwe directeur van RheinCargo en volgt daarmee Sascha Odermatt op.<\/p>\n","protected":false},"author":12,"featured_media":74187,"comment_status":"open","ping_status":"open","sticky":false,"template":"","format":"standard","meta":{"_acf_changed":false,"footnotes":""},"categories":[6656,6679,1592,1591],"tags":[7627,7628,7629,7630,7631,7632,3739,7633,7634,7635,7636,7637,7638,2122,7639,7640,7641,7642,2123,7643,7644,7645,7646,7647,3745,2075,7648,2918,7649,2135,7650,5258,7651,7652,7653,7654,7655,2479,7656,7657,7658,7659,5263,7660,7661,7662,7663,7664,2153,2339,2106,7665,7666,7667,7668],"class_list":["post-74193","post","type-post","status-publish","format-standard","has-post-thumbnail","hentry","category-duitsland","category-europa","category-intermodaal-weg","category-mensen-bedrijven","tag-awista-gmbh","tag-baustellensperrungen","tag-construction-site-closures","tag-defis-logistiques","tag-demande-industrielle","tag-deutsch-rheincargo","tag-developpement-des-infrastructures","tag-directeur-general-rheincargo","tag-duesseldorf-logistics","tag-duesseldorf-logistik","tag-economic-performance","tag-eisenbahnbereich","tag-entreprises-logistiques-regionales","tag-fachkraeftemangel-logistik","tag-fermetures-de-chantiers","tag-freight-transport-cologne","tag-geschaeftsfuehrer-rheincargo","tag-gestion-dans-la-logistique","tag-gestion-de-la-chaine-dapprovisionnement","tag-gestion-operationnelle","tag-gueterverkehr-koeln","tag-herausforderungen-in-der-logistik","tag-industrial-demand","tag-industrielle-nachfrage","tag-infrastructure-development","tag-infrastrukturentwicklung","tag-logistics-challenges","tag-logistics-industry","tag-logistik-auf-der-schiene","tag-logistikbranche","tag-logistique-duesseldorf","tag-logistique-ferroviaire","tag-management-in-der-logistik","tag-management-in-logistics","tag-neuss-duesseldorf-ports","tag-neuss-duesseldorfer-haefen","tag-operational-management-francais-rheincargo","tag-penurie-de-competences-logistique","tag-performance-economique","tag-peter-ehler","tag-ports-de-neuss-duesseldorf","tag-prix-des-voies","tag-rail-logistics","tag-railway-sector","tag-regional-logistics-companies","tag-regionale-logistikunternehmen","tag-rheincargo-ceo","tag-secteur-ferroviaire","tag-secteur-logistique","tag-skills-shortage-logistics","tag-supply-chain-management","tag-track-prices","tag-transport-de-marchandises-cologne","tag-trassenpreise","tag-wirtschaftliche-performance-english-rheincargo"],"acf":[],"yoast_head":"<!-- This site is optimized with the Yoast SEO plugin v27.3 - https:\/\/yoast.com\/product\/yoast-seo-wordpress\/ -->\n<title>Peter Ehler wordt directeur van RheinCargo - Loginfo24<\/title>\n<meta name=\"robots\" content=\"index, follow, max-snippet:-1, max-image-preview:large, max-video-preview:-1\" \/>\n<link rel=\"canonical\" href=\"https:\/\/loginfo24.com\/nl\/2026\/01\/29\/peter-ehler-wordt-directeur-van-rheincargo\/\" \/>\n<meta property=\"og:locale\" content=\"nl_NL\" \/>\n<meta property=\"og:type\" content=\"article\" \/>\n<meta property=\"og:title\" content=\"Peter Ehler wordt directeur van RheinCargo - Loginfo24\" \/>\n<meta property=\"og:description\" content=\"Peter Ehler wordt op 1 februari 2026 nieuwe directeur van RheinCargo en volgt daarmee Sascha Odermatt op.\" \/>\n<meta property=\"og:url\" content=\"https:\/\/loginfo24.com\/nl\/2026\/01\/29\/peter-ehler-wordt-directeur-van-rheincargo\/\" \/>\n<meta property=\"og:site_name\" content=\"Loginfo24\" \/>\n<meta property=\"article:publisher\" content=\"https:\/\/www.facebook.com\/people\/Loginfo24\/100057360583332\/\" \/>\n<meta property=\"article:published_time\" content=\"2026-01-29T09:46:54+00:00\" \/>\n<meta property=\"og:image\" content=\"https:\/\/loginfo24.com\/wp-content\/uploads\/sites\/7\/2026\/01\/2026_01_29_V_l_Peter_Ehler_Sascha_Odermatt-scaled-aspect-ratio-1400-788-scaled-1.jpg\" \/>\n\t<meta property=\"og:image:width\" content=\"2560\" \/>\n\t<meta property=\"og:image:height\" content=\"1441\" \/>\n\t<meta property=\"og:image:type\" content=\"image\/jpeg\" \/>\n<meta name=\"author\" content=\"Andreas Haug\" \/>\n<meta name=\"twitter:card\" content=\"summary_large_image\" \/>\n<meta name=\"twitter:label1\" content=\"Geschreven door\" \/>\n\t<meta name=\"twitter:data1\" content=\"Andreas Haug\" \/>\n\t<meta name=\"twitter:label2\" content=\"Geschatte leestijd\" \/>\n\t<meta name=\"twitter:data2\" content=\"2 minuut\" \/>\n<script type=\"application\/ld+json\" class=\"yoast-schema-graph\">{\"@context\":\"https:\\\/\\\/schema.org\",\"@graph\":[{\"@type\":\"Article\",\"@id\":\"https:\\\/\\\/loginfo24.com\\\/nl\\\/2026\\\/01\\\/29\\\/peter-ehler-wordt-directeur-van-rheincargo\\\/#article\",\"isPartOf\":{\"@id\":\"https:\\\/\\\/loginfo24.com\\\/nl\\\/2026\\\/01\\\/29\\\/peter-ehler-wordt-directeur-van-rheincargo\\\/\"},\"author\":{\"name\":\"Andreas Haug\",\"@id\":\"https:\\\/\\\/loginfo24.com\\\/nl\\\/#\\\/schema\\\/person\\\/cf538b3157f15afd7589245a4b3dbd25\"},\"headline\":\"Peter Ehler wordt directeur van RheinCargo\",\"datePublished\":\"2026-01-29T09:46:54+00:00\",\"mainEntityOfPage\":{\"@id\":\"https:\\\/\\\/loginfo24.com\\\/nl\\\/2026\\\/01\\\/29\\\/peter-ehler-wordt-directeur-van-rheincargo\\\/\"},\"wordCount\":353,\"commentCount\":0,\"publisher\":{\"@id\":\"https:\\\/\\\/loginfo24.com\\\/nl\\\/#organization\"},\"image\":{\"@id\":\"https:\\\/\\\/loginfo24.com\\\/nl\\\/2026\\\/01\\\/29\\\/peter-ehler-wordt-directeur-van-rheincargo\\\/#primaryimage\"},\"thumbnailUrl\":\"https:\\\/\\\/loginfo24.com\\\/wp-content\\\/uploads\\\/sites\\\/7\\\/2026\\\/01\\\/2026_01_29_V_l_Peter_Ehler_Sascha_Odermatt-scaled-aspect-ratio-1400-788-scaled-1.jpg\",\"keywords\":[\"AWISTA GmbH\",\"Baustellensperrungen\",\"construction site closures\",\"d\u00e9fis logistiques\",\"demande industrielle\",\"Deutsch RheinCargo\",\"d\u00e9veloppement des infrastructures\",\"directeur g\u00e9n\u00e9ral RheinCargo\",\"D\u00fcsseldorf logistics\",\"D\u00fcsseldorf Logistik\",\"economic performance\",\"Eisenbahnbereich\",\"entreprises logistiques r\u00e9gionales\",\"Fachkr\u00e4ftemangel Logistik\",\"fermetures de chantiers\",\"freight transport Cologne\",\"Gesch\u00e4ftsf\u00fchrer RheinCargo\",\"gestion dans la logistique\",\"gestion de la cha\u00eene d'approvisionnement\",\"gestion op\u00e9rationnelle\",\"G\u00fcterverkehr K\u00f6ln\",\"Herausforderungen in der Logistik\",\"industrial demand\",\"industrielle Nachfrage\",\"infrastructure development\",\"Infrastrukturentwicklung\",\"logistics challenges\",\"logistics industry\",\"Logistik auf der Schiene\",\"Logistikbranche\",\"logistique D\u00fcsseldorf\",\"logistique ferroviaire\",\"Management in der Logistik\",\"management in logistics\",\"Neuss D\u00fcsseldorf ports\",\"Neuss D\u00fcsseldorfer H\u00e4fen\",\"operational management Fran\u00e7ais RheinCargo\",\"p\u00e9nurie de comp\u00e9tences logistique\",\"performance \u00e9conomique\",\"Peter Ehler\",\"ports de Neuss D\u00fcsseldorf\",\"prix des voies\",\"rail logistics\",\"railway sector\",\"regional logistics companies\",\"regionale Logistikunternehmen\",\"RheinCargo CEO\",\"secteur ferroviaire\",\"secteur logistique\",\"skills shortage logistics\",\"Supply Chain Management\",\"track prices\",\"transport de marchandises Cologne\",\"Trassenpreise\",\"wirtschaftliche Performance English RheinCargo\"],\"articleSection\":[\"Duitsland\",\"Europa\",\"Intermodaal \\\/ Weg\",\"Mensen &amp; Bedrijven\"],\"inLanguage\":\"nl-NL\",\"potentialAction\":[{\"@type\":\"CommentAction\",\"name\":\"Comment\",\"target\":[\"https:\\\/\\\/loginfo24.com\\\/nl\\\/2026\\\/01\\\/29\\\/peter-ehler-wordt-directeur-van-rheincargo\\\/#respond\"]}]},{\"@type\":\"WebPage\",\"@id\":\"https:\\\/\\\/loginfo24.com\\\/nl\\\/2026\\\/01\\\/29\\\/peter-ehler-wordt-directeur-van-rheincargo\\\/\",\"url\":\"https:\\\/\\\/loginfo24.com\\\/nl\\\/2026\\\/01\\\/29\\\/peter-ehler-wordt-directeur-van-rheincargo\\\/\",\"name\":\"Peter Ehler wordt directeur van RheinCargo - Loginfo24\",\"isPartOf\":{\"@id\":\"https:\\\/\\\/loginfo24.com\\\/nl\\\/#website\"},\"primaryImageOfPage\":{\"@id\":\"https:\\\/\\\/loginfo24.com\\\/nl\\\/2026\\\/01\\\/29\\\/peter-ehler-wordt-directeur-van-rheincargo\\\/#primaryimage\"},\"image\":{\"@id\":\"https:\\\/\\\/loginfo24.com\\\/nl\\\/2026\\\/01\\\/29\\\/peter-ehler-wordt-directeur-van-rheincargo\\\/#primaryimage\"},\"thumbnailUrl\":\"https:\\\/\\\/loginfo24.com\\\/wp-content\\\/uploads\\\/sites\\\/7\\\/2026\\\/01\\\/2026_01_29_V_l_Peter_Ehler_Sascha_Odermatt-scaled-aspect-ratio-1400-788-scaled-1.jpg\",\"datePublished\":\"2026-01-29T09:46:54+00:00\",\"breadcrumb\":{\"@id\":\"https:\\\/\\\/loginfo24.com\\\/nl\\\/2026\\\/01\\\/29\\\/peter-ehler-wordt-directeur-van-rheincargo\\\/#breadcrumb\"},\"inLanguage\":\"nl-NL\",\"potentialAction\":[{\"@type\":\"ReadAction\",\"target\":[\"https:\\\/\\\/loginfo24.com\\\/nl\\\/2026\\\/01\\\/29\\\/peter-ehler-wordt-directeur-van-rheincargo\\\/\"]}]},{\"@type\":\"ImageObject\",\"inLanguage\":\"nl-NL\",\"@id\":\"https:\\\/\\\/loginfo24.com\\\/nl\\\/2026\\\/01\\\/29\\\/peter-ehler-wordt-directeur-van-rheincargo\\\/#primaryimage\",\"url\":\"https:\\\/\\\/loginfo24.com\\\/wp-content\\\/uploads\\\/sites\\\/7\\\/2026\\\/01\\\/2026_01_29_V_l_Peter_Ehler_Sascha_Odermatt-scaled-aspect-ratio-1400-788-scaled-1.jpg\",\"contentUrl\":\"https:\\\/\\\/loginfo24.com\\\/wp-content\\\/uploads\\\/sites\\\/7\\\/2026\\\/01\\\/2026_01_29_V_l_Peter_Ehler_Sascha_Odermatt-scaled-aspect-ratio-1400-788-scaled-1.jpg\",\"width\":2560,\"height\":1441},{\"@type\":\"BreadcrumbList\",\"@id\":\"https:\\\/\\\/loginfo24.com\\\/nl\\\/2026\\\/01\\\/29\\\/peter-ehler-wordt-directeur-van-rheincargo\\\/#breadcrumb\",\"itemListElement\":[{\"@type\":\"ListItem\",\"position\":1,\"name\":\"Startseite\",\"item\":\"https:\\\/\\\/loginfo24.com\\\/nl\\\/\"},{\"@type\":\"ListItem\",\"position\":2,\"name\":\"Peter Ehler wordt directeur van RheinCargo\"}]},{\"@type\":\"WebSite\",\"@id\":\"https:\\\/\\\/loginfo24.com\\\/nl\\\/#website\",\"url\":\"https:\\\/\\\/loginfo24.com\\\/nl\\\/\",\"name\":\"Loginfo24\",\"description\":\"Loginfo24 is het platform voor logistiek en toeleveringsketens en biedt 24 uur per dag informatie.\",\"publisher\":{\"@id\":\"https:\\\/\\\/loginfo24.com\\\/nl\\\/#organization\"},\"potentialAction\":[{\"@type\":\"SearchAction\",\"target\":{\"@type\":\"EntryPoint\",\"urlTemplate\":\"https:\\\/\\\/loginfo24.com\\\/nl\\\/?s={search_term_string}\"},\"query-input\":{\"@type\":\"PropertyValueSpecification\",\"valueRequired\":true,\"valueName\":\"search_term_string\"}}],\"inLanguage\":\"nl-NL\"},{\"@type\":\"Organization\",\"@id\":\"https:\\\/\\\/loginfo24.com\\\/nl\\\/#organization\",\"name\":\"Logismedia Groep AG\",\"url\":\"https:\\\/\\\/loginfo24.com\\\/nl\\\/\",\"logo\":{\"@type\":\"ImageObject\",\"inLanguage\":\"nl-NL\",\"@id\":\"https:\\\/\\\/loginfo24.com\\\/nl\\\/#\\\/schema\\\/logo\\\/image\\\/\",\"url\":\"https:\\\/\\\/loginfo24.com\\\/wp-content\\\/uploads\\\/sites\\\/7\\\/2026\\\/01\\\/Logo_LogInfo24.png\",\"contentUrl\":\"https:\\\/\\\/loginfo24.com\\\/wp-content\\\/uploads\\\/sites\\\/7\\\/2026\\\/01\\\/Logo_LogInfo24.png\",\"width\":938,\"height\":351,\"caption\":\"Logismedia Groep AG\"},\"image\":{\"@id\":\"https:\\\/\\\/loginfo24.com\\\/nl\\\/#\\\/schema\\\/logo\\\/image\\\/\"},\"sameAs\":[\"https:\\\/\\\/www.facebook.com\\\/people\\\/Loginfo24\\\/100057360583332\\\/\",\"https:\\\/\\\/www.linkedin.com\\\/company\\\/lofinfo24\\\/\"]},{\"@type\":\"Person\",\"@id\":\"https:\\\/\\\/loginfo24.com\\\/nl\\\/#\\\/schema\\\/person\\\/cf538b3157f15afd7589245a4b3dbd25\",\"name\":\"Andreas Haug\",\"url\":\"https:\\\/\\\/loginfo24.com\\\/nl\\\/author\\\/andreas\\\/\"}]}<\/script>\n<!-- \/ Yoast SEO plugin. -->","yoast_head_json":{"title":"Peter Ehler wordt directeur van RheinCargo - Loginfo24","robots":{"index":"index","follow":"follow","max-snippet":"max-snippet:-1","max-image-preview":"max-image-preview:large","max-video-preview":"max-video-preview:-1"},"canonical":"https:\/\/loginfo24.com\/nl\/2026\/01\/29\/peter-ehler-wordt-directeur-van-rheincargo\/","og_locale":"nl_NL","og_type":"article","og_title":"Peter Ehler wordt directeur van RheinCargo - Loginfo24","og_description":"Peter Ehler wordt op 1 februari 2026 nieuwe directeur van RheinCargo en volgt daarmee Sascha Odermatt op.","og_url":"https:\/\/loginfo24.com\/nl\/2026\/01\/29\/peter-ehler-wordt-directeur-van-rheincargo\/","og_site_name":"Loginfo24","article_publisher":"https:\/\/www.facebook.com\/people\/Loginfo24\/100057360583332\/","article_published_time":"2026-01-29T09:46:54+00:00","og_image":[{"width":2560,"height":1441,"url":"https:\/\/loginfo24.com\/wp-content\/uploads\/sites\/7\/2026\/01\/2026_01_29_V_l_Peter_Ehler_Sascha_Odermatt-scaled-aspect-ratio-1400-788-scaled-1.jpg","type":"image\/jpeg"}],"author":"Andreas Haug","twitter_card":"summary_large_image","twitter_misc":{"Geschreven door":"Andreas Haug","Geschatte leestijd":"2 minuut"},"schema":{"@context":"https:\/\/schema.org","@graph":[{"@type":"Article","@id":"https:\/\/loginfo24.com\/nl\/2026\/01\/29\/peter-ehler-wordt-directeur-van-rheincargo\/#article","isPartOf":{"@id":"https:\/\/loginfo24.com\/nl\/2026\/01\/29\/peter-ehler-wordt-directeur-van-rheincargo\/"},"author":{"name":"Andreas Haug","@id":"https:\/\/loginfo24.com\/nl\/#\/schema\/person\/cf538b3157f15afd7589245a4b3dbd25"},"headline":"Peter Ehler wordt directeur van RheinCargo","datePublished":"2026-01-29T09:46:54+00:00","mainEntityOfPage":{"@id":"https:\/\/loginfo24.com\/nl\/2026\/01\/29\/peter-ehler-wordt-directeur-van-rheincargo\/"},"wordCount":353,"commentCount":0,"publisher":{"@id":"https:\/\/loginfo24.com\/nl\/#organization"},"image":{"@id":"https:\/\/loginfo24.com\/nl\/2026\/01\/29\/peter-ehler-wordt-directeur-van-rheincargo\/#primaryimage"},"thumbnailUrl":"https:\/\/loginfo24.com\/wp-content\/uploads\/sites\/7\/2026\/01\/2026_01_29_V_l_Peter_Ehler_Sascha_Odermatt-scaled-aspect-ratio-1400-788-scaled-1.jpg","keywords":["AWISTA GmbH","Baustellensperrungen","construction site closures","d\u00e9fis logistiques","demande industrielle","Deutsch RheinCargo","d\u00e9veloppement des infrastructures","directeur g\u00e9n\u00e9ral RheinCargo","D\u00fcsseldorf logistics","D\u00fcsseldorf Logistik","economic performance","Eisenbahnbereich","entreprises logistiques r\u00e9gionales","Fachkr\u00e4ftemangel Logistik","fermetures de chantiers","freight transport Cologne","Gesch\u00e4ftsf\u00fchrer RheinCargo","gestion dans la logistique","gestion de la cha\u00eene d'approvisionnement","gestion op\u00e9rationnelle","G\u00fcterverkehr K\u00f6ln","Herausforderungen in der Logistik","industrial demand","industrielle Nachfrage","infrastructure development","Infrastrukturentwicklung","logistics challenges","logistics industry","Logistik auf der Schiene","Logistikbranche","logistique D\u00fcsseldorf","logistique ferroviaire","Management in der Logistik","management in logistics","Neuss D\u00fcsseldorf ports","Neuss D\u00fcsseldorfer H\u00e4fen","operational management Fran\u00e7ais RheinCargo","p\u00e9nurie de comp\u00e9tences logistique","performance \u00e9conomique","Peter Ehler","ports de Neuss D\u00fcsseldorf","prix des voies","rail logistics","railway sector","regional logistics companies","regionale Logistikunternehmen","RheinCargo CEO","secteur ferroviaire","secteur logistique","skills shortage logistics","Supply Chain Management","track prices","transport de marchandises Cologne","Trassenpreise","wirtschaftliche Performance English RheinCargo"],"articleSection":["Duitsland","Europa","Intermodaal \/ Weg","Mensen &amp; Bedrijven"],"inLanguage":"nl-NL","potentialAction":[{"@type":"CommentAction","name":"Comment","target":["https:\/\/loginfo24.com\/nl\/2026\/01\/29\/peter-ehler-wordt-directeur-van-rheincargo\/#respond"]}]},{"@type":"WebPage","@id":"https:\/\/loginfo24.com\/nl\/2026\/01\/29\/peter-ehler-wordt-directeur-van-rheincargo\/","url":"https:\/\/loginfo24.com\/nl\/2026\/01\/29\/peter-ehler-wordt-directeur-van-rheincargo\/","name":"Peter Ehler wordt directeur van RheinCargo - Loginfo24","isPartOf":{"@id":"https:\/\/loginfo24.com\/nl\/#website"},"primaryImageOfPage":{"@id":"https:\/\/loginfo24.com\/nl\/2026\/01\/29\/peter-ehler-wordt-directeur-van-rheincargo\/#primaryimage"},"image":{"@id":"https:\/\/loginfo24.com\/nl\/2026\/01\/29\/peter-ehler-wordt-directeur-van-rheincargo\/#primaryimage"},"thumbnailUrl":"https:\/\/loginfo24.com\/wp-content\/uploads\/sites\/7\/2026\/01\/2026_01_29_V_l_Peter_Ehler_Sascha_Odermatt-scaled-aspect-ratio-1400-788-scaled-1.jpg","datePublished":"2026-01-29T09:46:54+00:00","breadcrumb":{"@id":"https:\/\/loginfo24.com\/nl\/2026\/01\/29\/peter-ehler-wordt-directeur-van-rheincargo\/#breadcrumb"},"inLanguage":"nl-NL","potentialAction":[{"@type":"ReadAction","target":["https:\/\/loginfo24.com\/nl\/2026\/01\/29\/peter-ehler-wordt-directeur-van-rheincargo\/"]}]},{"@type":"ImageObject","inLanguage":"nl-NL","@id":"https:\/\/loginfo24.com\/nl\/2026\/01\/29\/peter-ehler-wordt-directeur-van-rheincargo\/#primaryimage","url":"https:\/\/loginfo24.com\/wp-content\/uploads\/sites\/7\/2026\/01\/2026_01_29_V_l_Peter_Ehler_Sascha_Odermatt-scaled-aspect-ratio-1400-788-scaled-1.jpg","contentUrl":"https:\/\/loginfo24.com\/wp-content\/uploads\/sites\/7\/2026\/01\/2026_01_29_V_l_Peter_Ehler_Sascha_Odermatt-scaled-aspect-ratio-1400-788-scaled-1.jpg","width":2560,"height":1441},{"@type":"BreadcrumbList","@id":"https:\/\/loginfo24.com\/nl\/2026\/01\/29\/peter-ehler-wordt-directeur-van-rheincargo\/#breadcrumb","itemListElement":[{"@type":"ListItem","position":1,"name":"Startseite","item":"https:\/\/loginfo24.com\/nl\/"},{"@type":"ListItem","position":2,"name":"Peter Ehler wordt directeur van RheinCargo"}]},{"@type":"WebSite","@id":"https:\/\/loginfo24.com\/nl\/#website","url":"https:\/\/loginfo24.com\/nl\/","name":"Loginfo24","description":"Loginfo24 is het platform voor logistiek en toeleveringsketens en biedt 24 uur per dag informatie.","publisher":{"@id":"https:\/\/loginfo24.com\/nl\/#organization"},"potentialAction":[{"@type":"SearchAction","target":{"@type":"EntryPoint","urlTemplate":"https:\/\/loginfo24.com\/nl\/?s={search_term_string}"},"query-input":{"@type":"PropertyValueSpecification","valueRequired":true,"valueName":"search_term_string"}}],"inLanguage":"nl-NL"},{"@type":"Organization","@id":"https:\/\/loginfo24.com\/nl\/#organization","name":"Logismedia Groep AG","url":"https:\/\/loginfo24.com\/nl\/","logo":{"@type":"ImageObject","inLanguage":"nl-NL","@id":"https:\/\/loginfo24.com\/nl\/#\/schema\/logo\/image\/","url":"https:\/\/loginfo24.com\/wp-content\/uploads\/sites\/7\/2026\/01\/Logo_LogInfo24.png","contentUrl":"https:\/\/loginfo24.com\/wp-content\/uploads\/sites\/7\/2026\/01\/Logo_LogInfo24.png","width":938,"height":351,"caption":"Logismedia Groep AG"},"image":{"@id":"https:\/\/loginfo24.com\/nl\/#\/schema\/logo\/image\/"},"sameAs":["https:\/\/www.facebook.com\/people\/Loginfo24\/100057360583332\/","https:\/\/www.linkedin.com\/company\/lofinfo24\/"]},{"@type":"Person","@id":"https:\/\/loginfo24.com\/nl\/#\/schema\/person\/cf538b3157f15afd7589245a4b3dbd25","name":"Andreas Haug","url":"https:\/\/loginfo24.com\/nl\/author\/andreas\/"}]}},"_links":{"self":[{"href":"https:\/\/loginfo24.com\/nl\/wp-json\/wp\/v2\/posts\/74193","targetHints":{"allow":["GET"]}}],"collection":[{"href":"https:\/\/loginfo24.com\/nl\/wp-json\/wp\/v2\/posts"}],"about":[{"href":"https:\/\/loginfo24.com\/nl\/wp-json\/wp\/v2\/types\/post"}],"author":[{"embeddable":true,"href":"https:\/\/loginfo24.com\/nl\/wp-json\/wp\/v2\/users\/12"}],"replies":[{"embeddable":true,"href":"https:\/\/loginfo24.com\/nl\/wp-json\/wp\/v2\/comments?post=74193"}],"version-history":[{"count":0,"href":"https:\/\/loginfo24.com\/nl\/wp-json\/wp\/v2\/posts\/74193\/revisions"}],"wp:featuredmedia":[{"embeddable":true,"href":"https:\/\/loginfo24.com\/nl\/wp-json\/wp\/v2\/media\/74187"}],"wp:attachment":[{"href":"https:\/\/loginfo24.com\/nl\/wp-json\/wp\/v2\/media?parent=74193"}],"wp:term":[{"taxonomy":"category","embeddable":true,"href":"https:\/\/loginfo24.com\/nl\/wp-json\/wp\/v2\/categories?post=74193"},{"taxonomy":"post_tag","embeddable":true,"href":"https:\/\/loginfo24.com\/nl\/wp-json\/wp\/v2\/tags?post=74193"}],"curies":[{"name":"wp","href":"https:\/\/api.w.org\/{rel}","templated":true}]}}